{"id":4692,"date":"2023-10-11T16:30:21","date_gmt":"2023-10-11T19:30:21","guid":{"rendered":"https:\/\/mulheresacesta.com.br\/?p=4692"},"modified":"2023-10-11T16:30:23","modified_gmt":"2023-10-11T19:30:23","slug":"a-selecao-brasileira-feminina-de-basquete-iniciara-sua-preparacao-para-os-jogos-pan-americanos-de-santiago-no-chile-no-proximo-dia-13-sexta-feira","status":"publish","type":"post","link":"https:\/\/mulheresacesta.com.br\/en\/2023\/10\/a-selecao-brasileira-feminina-de-basquete-iniciara-sua-preparacao-para-os-jogos-pan-americanos-de-santiago-no-chile-no-proximo-dia-13-sexta-feira\/","title":{"rendered":"A Sele\u00e7\u00e3o Brasileira feminina de basquete iniciar\u00e1 sua prepara\u00e7\u00e3o para os Jogos Pan-Americanos de Santiago, no Chile, no pr\u00f3ximo dia 13, sexta-feira."},"content":{"rendered":"\n<p> Sob a orienta\u00e7\u00e3o de Jo\u00e3o Camargo durante o Pan, o grupo realizar\u00e1 seus treinamentos em Araraquara at\u00e9 20 de outubro, data da viagem para o torneio no Chile. O Brasil ostenta o t\u00edtulo de campe\u00e3o do Pan, conquistado em 2019 em Lima, e est\u00e1 determinado a buscar o bicampeonato.<\/p>\n\n\n\n<p>Participar\u00e3o dos Jogos Pan-Americanos as seguintes equipes:<br>Brasil, Cuba, M\u00e9xico, Porto Rico, Argentina, Col\u00f4mbia, Chile e Venezuela.<br>O Brasil foi sorteado no Grupo B ao lado de Col\u00f4mbia, Venezuela e M\u00e9xico.<\/p>\n\n\n\n<p>Convoca\u00e7\u00e3o Pan do Chile<br>Armadoras<br>D\u00e9bora Costa &#8211; SESI Araraquara<br>Maria Albiero &#8211; Ituano<br>Ana Beatriz Oliveira &#8211; Unimed\/Campinas<\/p>\n\n\n\n<p>Alas<br>Carina dos Santos &#8211; Unimed\/Campinas<br>Gabriella Soares &#8211; SESI\/Araraquara<br>Leila Zabani &#8211; Ituano<br>Emanuely de Oliveira &#8211; SESI\/Araraquara<\/p>\n\n\n\n<p>Piv\u00f4s<br>Vanessa Sass\u00e1 &#8211; Santo Andr\u00e9<br>Aline Moura &#8211; SESI\/Araraquara<br>Licinara Bispo &#8211; Unimed\/Campinas<br>\u00c9rika de Souza<br>Mariana Dias &#8211; Ituano<\/p>\n\n\n\n<p>T\u00e9cnico<br>Jo\u00e3o Camargo<\/p>\n\n\n\n<p>Assistente<br>Virgil Lopez<\/p>\n\n\n\n<p>Fonte:\u00a0Assessoria <a href=\"https:\/\/www.cbb.com.br\/noticia\/4234\/selecao-brasileira-feminina-se-apresenta-para-os-treinos-visando-os-jogos-pan-americanos-de-santiago\">CBB<\/a><\/p>\n","protected":false},"excerpt":{"rendered":"<p>Sob a orienta\u00e7\u00e3o de Jo\u00e3o Camargo durante o Pan, o grupo realizar\u00e1 seus treinamentos em Araraquara at\u00e9 20 de outubro, data da viagem para o torneio no Chile. O Brasil ostenta o t\u00edtulo de campe\u00e3o do Pan, conquistado em 2019 em Lima, e est\u00e1 determinado a buscar o bicampeonato. Participar\u00e3o dos Jogos Pan-Americanos as seguintes [&hellip;]<\/p>\n","protected":false},"author":1,"featured_media":4693,"comment_status":"open","ping_status":"open","sticky":false,"template":"","format":"standard","meta":{"footnotes":""},"categories":[12],"tags":[],"class_list":["post-4692","post","type-post","status-publish","format-standard","has-post-thumbnail","hentry","category-blog"],"acf":[],"yoast_head":"<!-- This site is optimized with the Yoast SEO plugin v26.4 - https:\/\/yoast.com\/wordpress\/plugins\/seo\/ -->\n<title>A Sele\u00e7\u00e3o Brasileira feminina de basquete iniciar\u00e1 sua prepara\u00e7\u00e3o para os Jogos Pan-Americanos de Santiago, no Chile, no pr\u00f3ximo dia 13, sexta-feira.<\/title>\n<meta name=\"description\" content=\"Sob a orienta\u00e7\u00e3o de Jo\u00e3o Camargo durante o Pan, o grupo realizar\u00e1 seus treinamentos em Araraquara at\u00e9 20 de outubro, data da viagem para o torneio no\" \/>\n<meta name=\"robots\" content=\"index, follow, max-snippet:-1, max-image-preview:large, max-video-preview:-1\" \/>\n<link rel=\"canonical\" href=\"https:\/\/mulheresacesta.com.br\/en\/2023\/10\/a-selecao-brasileira-feminina-de-basquete-iniciara-sua-preparacao-para-os-jogos-pan-americanos-de-santiago-no-chile-no-proximo-dia-13-sexta-feira\/\" \/>\n<meta property=\"og:locale\" content=\"en_US\" \/>\n<meta property=\"og:locale:alternate\" content=\"pt_BR\" \/>\n<meta property=\"og:type\" content=\"article\" \/>\n<meta property=\"og:title\" content=\"A Sele\u00e7\u00e3o Brasileira feminina de basquete iniciar\u00e1 sua prepara\u00e7\u00e3o para os Jogos Pan-Americanos de Santiago, no Chile, no pr\u00f3ximo dia 13, sexta-feira.\" \/>\n<meta property=\"og:description\" content=\"Sob a orienta\u00e7\u00e3o de Jo\u00e3o Camargo durante o Pan, o grupo realizar\u00e1 seus treinamentos em Araraquara at\u00e9 20 de outubro, data da viagem para o torneio no\" \/>\n<meta property=\"og:url\" content=\"https:\/\/mulheresacesta.com.br\/en\/2023\/10\/a-selecao-brasileira-feminina-de-basquete-iniciara-sua-preparacao-para-os-jogos-pan-americanos-de-santiago-no-chile-no-proximo-dia-13-sexta-feira\/\" \/>\n<meta property=\"og:site_name\" content=\"Mulheres \u00e0 Cesta\" \/>\n<meta property=\"article:published_time\" content=\"2023-10-11T19:30:21+00:00\" \/>\n<meta property=\"article:modified_time\" content=\"2023-10-11T19:30:23+00:00\" \/>\n<meta property=\"og:image\" content=\"https:\/\/mulheresacesta.com.br\/wp-content\/uploads\/2023\/10\/Adventure-1080-\u00d7-1350-px-1580-x-890-px.png\" \/>\n\t<meta property=\"og:image:width\" content=\"1580\" \/>\n\t<meta property=\"og:image:height\" content=\"890\" \/>\n\t<meta property=\"og:image:type\" content=\"image\/png\" \/>\n<meta name=\"author\" content=\"mulheres\" \/>\n<meta name=\"twitter:card\" content=\"summary_large_image\" \/>\n<meta name=\"twitter:label1\" content=\"Written by\" \/>\n\t<meta name=\"twitter:data1\" content=\"mulheres\" \/>\n\t<meta name=\"twitter:label2\" content=\"Est. reading time\" \/>\n\t<meta name=\"twitter:data2\" content=\"1 minute\" \/>\n<script type=\"application\/ld+json\" class=\"yoast-schema-graph\">{\"@context\":\"https:\/\/schema.org\",\"@graph\":[{\"@type\":\"Article\",\"@id\":\"https:\/\/mulheresacesta.com.br\/2023\/10\/a-selecao-brasileira-feminina-de-basquete-iniciara-sua-preparacao-para-os-jogos-pan-americanos-de-santiago-no-chile-no-proximo-dia-13-sexta-feira\/#article\",\"isPartOf\":{\"@id\":\"https:\/\/mulheresacesta.com.br\/2023\/10\/a-selecao-brasileira-feminina-de-basquete-iniciara-sua-preparacao-para-os-jogos-pan-americanos-de-santiago-no-chile-no-proximo-dia-13-sexta-feira\/\"},\"author\":{\"name\":\"mulheres\",\"@id\":\"https:\/\/mulheresacesta.com.br\/en\/#\/schema\/person\/11ebd3af76a9fcb3d26c815924faac42\"},\"headline\":\"A Sele\u00e7\u00e3o Brasileira feminina de basquete iniciar\u00e1 sua prepara\u00e7\u00e3o para os Jogos Pan-Americanos de Santiago, no Chile, no pr\u00f3ximo dia 13, sexta-feira.\",\"datePublished\":\"2023-10-11T19:30:21+00:00\",\"dateModified\":\"2023-10-11T19:30:23+00:00\",\"mainEntityOfPage\":{\"@id\":\"https:\/\/mulheresacesta.com.br\/2023\/10\/a-selecao-brasileira-feminina-de-basquete-iniciara-sua-preparacao-para-os-jogos-pan-americanos-de-santiago-no-chile-no-proximo-dia-13-sexta-feira\/\"},\"wordCount\":179,\"commentCount\":0,\"publisher\":{\"@id\":\"https:\/\/mulheresacesta.com.br\/en\/#organization\"},\"image\":{\"@id\":\"https:\/\/mulheresacesta.com.br\/2023\/10\/a-selecao-brasileira-feminina-de-basquete-iniciara-sua-preparacao-para-os-jogos-pan-americanos-de-santiago-no-chile-no-proximo-dia-13-sexta-feira\/#primaryimage\"},\"thumbnailUrl\":\"https:\/\/mulheresacesta.com.br\/wp-content\/uploads\/2023\/10\/Adventure-1080-\u00d7-1350-px-1580-x-890-px.png\",\"articleSection\":[\"Blog\"],\"inLanguage\":\"en-US\",\"potentialAction\":[{\"@type\":\"CommentAction\",\"name\":\"Comment\",\"target\":[\"https:\/\/mulheresacesta.com.br\/2023\/10\/a-selecao-brasileira-feminina-de-basquete-iniciara-sua-preparacao-para-os-jogos-pan-americanos-de-santiago-no-chile-no-proximo-dia-13-sexta-feira\/#respond\"]}]},{\"@type\":\"WebPage\",\"@id\":\"https:\/\/mulheresacesta.com.br\/2023\/10\/a-selecao-brasileira-feminina-de-basquete-iniciara-sua-preparacao-para-os-jogos-pan-americanos-de-santiago-no-chile-no-proximo-dia-13-sexta-feira\/\",\"url\":\"https:\/\/mulheresacesta.com.br\/2023\/10\/a-selecao-brasileira-feminina-de-basquete-iniciara-sua-preparacao-para-os-jogos-pan-americanos-de-santiago-no-chile-no-proximo-dia-13-sexta-feira\/\",\"name\":\"A Sele\u00e7\u00e3o Brasileira feminina de basquete iniciar\u00e1 sua prepara\u00e7\u00e3o para os Jogos Pan-Americanos de Santiago, no Chile, no pr\u00f3ximo dia 13, sexta-feira.\",\"isPartOf\":{\"@id\":\"https:\/\/mulheresacesta.com.br\/en\/#website\"},\"primaryImageOfPage\":{\"@id\":\"https:\/\/mulheresacesta.com.br\/2023\/10\/a-selecao-brasileira-feminina-de-basquete-iniciara-sua-preparacao-para-os-jogos-pan-americanos-de-santiago-no-chile-no-proximo-dia-13-sexta-feira\/#primaryimage\"},\"image\":{\"@id\":\"https:\/\/mulheresacesta.com.br\/2023\/10\/a-selecao-brasileira-feminina-de-basquete-iniciara-sua-preparacao-para-os-jogos-pan-americanos-de-santiago-no-chile-no-proximo-dia-13-sexta-feira\/#primaryimage\"},\"thumbnailUrl\":\"https:\/\/mulheresacesta.com.br\/wp-content\/uploads\/2023\/10\/Adventure-1080-\u00d7-1350-px-1580-x-890-px.png\",\"datePublished\":\"2023-10-11T19:30:21+00:00\",\"dateModified\":\"2023-10-11T19:30:23+00:00\",\"description\":\"Sob a orienta\u00e7\u00e3o de Jo\u00e3o Camargo durante o Pan, o grupo realizar\u00e1 seus treinamentos em Araraquara at\u00e9 20 de outubro, data da viagem para o torneio no\",\"breadcrumb\":{\"@id\":\"https:\/\/mulheresacesta.com.br\/2023\/10\/a-selecao-brasileira-feminina-de-basquete-iniciara-sua-preparacao-para-os-jogos-pan-americanos-de-santiago-no-chile-no-proximo-dia-13-sexta-feira\/#breadcrumb\"},\"inLanguage\":\"en-US\",\"potentialAction\":[{\"@type\":\"ReadAction\",\"target\":[\"https:\/\/mulheresacesta.com.br\/2023\/10\/a-selecao-brasileira-feminina-de-basquete-iniciara-sua-preparacao-para-os-jogos-pan-americanos-de-santiago-no-chile-no-proximo-dia-13-sexta-feira\/\"]}]},{\"@type\":\"ImageObject\",\"inLanguage\":\"en-US\",\"@id\":\"https:\/\/mulheresacesta.com.br\/2023\/10\/a-selecao-brasileira-feminina-de-basquete-iniciara-sua-preparacao-para-os-jogos-pan-americanos-de-santiago-no-chile-no-proximo-dia-13-sexta-feira\/#primaryimage\",\"url\":\"https:\/\/mulheresacesta.com.br\/wp-content\/uploads\/2023\/10\/Adventure-1080-\u00d7-1350-px-1580-x-890-px.png\",\"contentUrl\":\"https:\/\/mulheresacesta.com.br\/wp-content\/uploads\/2023\/10\/Adventure-1080-\u00d7-1350-px-1580-x-890-px.png\",\"width\":1580,\"height\":890},{\"@type\":\"BreadcrumbList\",\"@id\":\"https:\/\/mulheresacesta.com.br\/2023\/10\/a-selecao-brasileira-feminina-de-basquete-iniciara-sua-preparacao-para-os-jogos-pan-americanos-de-santiago-no-chile-no-proximo-dia-13-sexta-feira\/#breadcrumb\",\"itemListElement\":[{\"@type\":\"ListItem\",\"position\":1,\"name\":\"In\u00edcio\",\"item\":\"https:\/\/mulheresacesta.com.br\/\"},{\"@type\":\"ListItem\",\"position\":2,\"name\":\"A Sele\u00e7\u00e3o Brasileira feminina de basquete iniciar\u00e1 sua prepara\u00e7\u00e3o para os Jogos Pan-Americanos de Santiago, no Chile, no pr\u00f3ximo dia 13, sexta-feira.\"}]},{\"@type\":\"WebSite\",\"@id\":\"https:\/\/mulheresacesta.com.br\/en\/#website\",\"url\":\"https:\/\/mulheresacesta.com.br\/en\/\",\"name\":\"Mulheres \u00e0 Cesta\",\"description\":\"\",\"publisher\":{\"@id\":\"https:\/\/mulheresacesta.com.br\/en\/#organization\"},\"potentialAction\":[{\"@type\":\"SearchAction\",\"target\":{\"@type\":\"EntryPoint\",\"urlTemplate\":\"https:\/\/mulheresacesta.com.br\/en\/?s={search_term_string}\"},\"query-input\":{\"@type\":\"PropertyValueSpecification\",\"valueRequired\":true,\"valueName\":\"search_term_string\"}}],\"inLanguage\":\"en-US\"},{\"@type\":\"Organization\",\"@id\":\"https:\/\/mulheresacesta.com.br\/en\/#organization\",\"name\":\"Mulheres \u00e0 Cesta\",\"url\":\"https:\/\/mulheresacesta.com.br\/en\/\",\"logo\":{\"@type\":\"ImageObject\",\"inLanguage\":\"en-US\",\"@id\":\"https:\/\/mulheresacesta.com.br\/en\/#\/schema\/logo\/image\/\",\"url\":\"https:\/\/mulheresacesta.com.br\/wp-content\/uploads\/2020\/10\/mulheres-a-cesta.jpg\",\"contentUrl\":\"https:\/\/mulheresacesta.com.br\/wp-content\/uploads\/2020\/10\/mulheres-a-cesta.jpg\",\"width\":400,\"height\":300,\"caption\":\"Mulheres \u00e0 Cesta\"},\"image\":{\"@id\":\"https:\/\/mulheresacesta.com.br\/en\/#\/schema\/logo\/image\/\"}},{\"@type\":\"Person\",\"@id\":\"https:\/\/mulheresacesta.com.br\/en\/#\/schema\/person\/11ebd3af76a9fcb3d26c815924faac42\",\"name\":\"mulheres\",\"sameAs\":[\"http:\/\/localhost\/mulheresacesta\"],\"url\":\"https:\/\/mulheresacesta.com.br\/en\/author\/mulheres\/\"}]}<\/script>\n<!-- \/ Yoast SEO plugin. -->","yoast_head_json":{"title":"A Sele\u00e7\u00e3o Brasileira feminina de basquete iniciar\u00e1 sua prepara\u00e7\u00e3o para os Jogos Pan-Americanos de Santiago, no Chile, no pr\u00f3ximo dia 13, sexta-feira.","description":"Sob a orienta\u00e7\u00e3o de Jo\u00e3o Camargo durante o Pan, o grupo realizar\u00e1 seus treinamentos em Araraquara at\u00e9 20 de outubro, data da viagem para o torneio no","robots":{"index":"index","follow":"follow","max-snippet":"max-snippet:-1","max-image-preview":"max-image-preview:large","max-video-preview":"max-video-preview:-1"},"canonical":"https:\/\/mulheresacesta.com.br\/en\/2023\/10\/a-selecao-brasileira-feminina-de-basquete-iniciara-sua-preparacao-para-os-jogos-pan-americanos-de-santiago-no-chile-no-proximo-dia-13-sexta-feira\/","og_locale":"en_US","og_type":"article","og_title":"[:pt]A Sele\u00e7\u00e3o Brasileira feminina de basquete iniciar\u00e1 sua prepara\u00e7\u00e3o para os Jogos Pan-Americanos de Santiago, no Chile, no pr\u00f3ximo dia 13, sexta-feira.[:] - Mulheres \u00e0 Cesta","og_description":"Sob a orienta\u00e7\u00e3o de Jo\u00e3o Camargo durante o Pan, o grupo realizar\u00e1 seus treinamentos em Araraquara at\u00e9 20 de outubro, data da viagem para o torneio no","og_url":"https:\/\/mulheresacesta.com.br\/en\/2023\/10\/a-selecao-brasileira-feminina-de-basquete-iniciara-sua-preparacao-para-os-jogos-pan-americanos-de-santiago-no-chile-no-proximo-dia-13-sexta-feira\/","og_site_name":"Mulheres \u00e0 Cesta","article_published_time":"2023-10-11T19:30:21+00:00","article_modified_time":"2023-10-11T19:30:23+00:00","og_image":[{"width":1580,"height":890,"url":"https:\/\/mulheresacesta.com.br\/wp-content\/uploads\/2023\/10\/Adventure-1080-\u00d7-1350-px-1580-x-890-px.png","type":"image\/png"}],"author":"mulheres","twitter_card":"summary_large_image","twitter_misc":{"Written by":"mulheres","Est. reading time":"1 minute"},"schema":{"@context":"https:\/\/schema.org","@graph":[{"@type":"Article","@id":"https:\/\/mulheresacesta.com.br\/2023\/10\/a-selecao-brasileira-feminina-de-basquete-iniciara-sua-preparacao-para-os-jogos-pan-americanos-de-santiago-no-chile-no-proximo-dia-13-sexta-feira\/#article","isPartOf":{"@id":"https:\/\/mulheresacesta.com.br\/2023\/10\/a-selecao-brasileira-feminina-de-basquete-iniciara-sua-preparacao-para-os-jogos-pan-americanos-de-santiago-no-chile-no-proximo-dia-13-sexta-feira\/"},"author":{"name":"mulheres","@id":"https:\/\/mulheresacesta.com.br\/en\/#\/schema\/person\/11ebd3af76a9fcb3d26c815924faac42"},"headline":"A Sele\u00e7\u00e3o Brasileira feminina de basquete iniciar\u00e1 sua prepara\u00e7\u00e3o para os Jogos Pan-Americanos de Santiago, no Chile, no pr\u00f3ximo dia 13, sexta-feira.","datePublished":"2023-10-11T19:30:21+00:00","dateModified":"2023-10-11T19:30:23+00:00","mainEntityOfPage":{"@id":"https:\/\/mulheresacesta.com.br\/2023\/10\/a-selecao-brasileira-feminina-de-basquete-iniciara-sua-preparacao-para-os-jogos-pan-americanos-de-santiago-no-chile-no-proximo-dia-13-sexta-feira\/"},"wordCount":179,"commentCount":0,"publisher":{"@id":"https:\/\/mulheresacesta.com.br\/en\/#organization"},"image":{"@id":"https:\/\/mulheresacesta.com.br\/2023\/10\/a-selecao-brasileira-feminina-de-basquete-iniciara-sua-preparacao-para-os-jogos-pan-americanos-de-santiago-no-chile-no-proximo-dia-13-sexta-feira\/#primaryimage"},"thumbnailUrl":"https:\/\/mulheresacesta.com.br\/wp-content\/uploads\/2023\/10\/Adventure-1080-\u00d7-1350-px-1580-x-890-px.png","articleSection":["Blog"],"inLanguage":"en-US","potentialAction":[{"@type":"CommentAction","name":"Comment","target":["https:\/\/mulheresacesta.com.br\/2023\/10\/a-selecao-brasileira-feminina-de-basquete-iniciara-sua-preparacao-para-os-jogos-pan-americanos-de-santiago-no-chile-no-proximo-dia-13-sexta-feira\/#respond"]}]},{"@type":"WebPage","@id":"https:\/\/mulheresacesta.com.br\/2023\/10\/a-selecao-brasileira-feminina-de-basquete-iniciara-sua-preparacao-para-os-jogos-pan-americanos-de-santiago-no-chile-no-proximo-dia-13-sexta-feira\/","url":"https:\/\/mulheresacesta.com.br\/2023\/10\/a-selecao-brasileira-feminina-de-basquete-iniciara-sua-preparacao-para-os-jogos-pan-americanos-de-santiago-no-chile-no-proximo-dia-13-sexta-feira\/","name":"A Sele\u00e7\u00e3o Brasileira feminina de basquete iniciar\u00e1 sua prepara\u00e7\u00e3o para os Jogos Pan-Americanos de Santiago, no Chile, no pr\u00f3ximo dia 13, sexta-feira.","isPartOf":{"@id":"https:\/\/mulheresacesta.com.br\/en\/#website"},"primaryImageOfPage":{"@id":"https:\/\/mulheresacesta.com.br\/2023\/10\/a-selecao-brasileira-feminina-de-basquete-iniciara-sua-preparacao-para-os-jogos-pan-americanos-de-santiago-no-chile-no-proximo-dia-13-sexta-feira\/#primaryimage"},"image":{"@id":"https:\/\/mulheresacesta.com.br\/2023\/10\/a-selecao-brasileira-feminina-de-basquete-iniciara-sua-preparacao-para-os-jogos-pan-americanos-de-santiago-no-chile-no-proximo-dia-13-sexta-feira\/#primaryimage"},"thumbnailUrl":"https:\/\/mulheresacesta.com.br\/wp-content\/uploads\/2023\/10\/Adventure-1080-\u00d7-1350-px-1580-x-890-px.png","datePublished":"2023-10-11T19:30:21+00:00","dateModified":"2023-10-11T19:30:23+00:00","description":"Sob a orienta\u00e7\u00e3o de Jo\u00e3o Camargo durante o Pan, o grupo realizar\u00e1 seus treinamentos em Araraquara at\u00e9 20 de outubro, data da viagem para o torneio no","breadcrumb":{"@id":"https:\/\/mulheresacesta.com.br\/2023\/10\/a-selecao-brasileira-feminina-de-basquete-iniciara-sua-preparacao-para-os-jogos-pan-americanos-de-santiago-no-chile-no-proximo-dia-13-sexta-feira\/#breadcrumb"},"inLanguage":"en-US","potentialAction":[{"@type":"ReadAction","target":["https:\/\/mulheresacesta.com.br\/2023\/10\/a-selecao-brasileira-feminina-de-basquete-iniciara-sua-preparacao-para-os-jogos-pan-americanos-de-santiago-no-chile-no-proximo-dia-13-sexta-feira\/"]}]},{"@type":"ImageObject","inLanguage":"en-US","@id":"https:\/\/mulheresacesta.com.br\/2023\/10\/a-selecao-brasileira-feminina-de-basquete-iniciara-sua-preparacao-para-os-jogos-pan-americanos-de-santiago-no-chile-no-proximo-dia-13-sexta-feira\/#primaryimage","url":"https:\/\/mulheresacesta.com.br\/wp-content\/uploads\/2023\/10\/Adventure-1080-\u00d7-1350-px-1580-x-890-px.png","contentUrl":"https:\/\/mulheresacesta.com.br\/wp-content\/uploads\/2023\/10\/Adventure-1080-\u00d7-1350-px-1580-x-890-px.png","width":1580,"height":890},{"@type":"BreadcrumbList","@id":"https:\/\/mulheresacesta.com.br\/2023\/10\/a-selecao-brasileira-feminina-de-basquete-iniciara-sua-preparacao-para-os-jogos-pan-americanos-de-santiago-no-chile-no-proximo-dia-13-sexta-feira\/#breadcrumb","itemListElement":[{"@type":"ListItem","position":1,"name":"In\u00edcio","item":"https:\/\/mulheresacesta.com.br\/"},{"@type":"ListItem","position":2,"name":"A Sele\u00e7\u00e3o Brasileira feminina de basquete iniciar\u00e1 sua prepara\u00e7\u00e3o para os Jogos Pan-Americanos de Santiago, no Chile, no pr\u00f3ximo dia 13, sexta-feira."}]},{"@type":"WebSite","@id":"https:\/\/mulheresacesta.com.br\/en\/#website","url":"https:\/\/mulheresacesta.com.br\/en\/","name":"Mulheres \u00e0 Cesta","description":"","publisher":{"@id":"https:\/\/mulheresacesta.com.br\/en\/#organization"},"potentialAction":[{"@type":"SearchAction","target":{"@type":"EntryPoint","urlTemplate":"https:\/\/mulheresacesta.com.br\/en\/?s={search_term_string}"},"query-input":{"@type":"PropertyValueSpecification","valueRequired":true,"valueName":"search_term_string"}}],"inLanguage":"en-US"},{"@type":"Organization","@id":"https:\/\/mulheresacesta.com.br\/en\/#organization","name":"Mulheres \u00e0 Cesta","url":"https:\/\/mulheresacesta.com.br\/en\/","logo":{"@type":"ImageObject","inLanguage":"en-US","@id":"https:\/\/mulheresacesta.com.br\/en\/#\/schema\/logo\/image\/","url":"https:\/\/mulheresacesta.com.br\/wp-content\/uploads\/2020\/10\/mulheres-a-cesta.jpg","contentUrl":"https:\/\/mulheresacesta.com.br\/wp-content\/uploads\/2020\/10\/mulheres-a-cesta.jpg","width":400,"height":300,"caption":"Mulheres \u00e0 Cesta"},"image":{"@id":"https:\/\/mulheresacesta.com.br\/en\/#\/schema\/logo\/image\/"}},{"@type":"Person","@id":"https:\/\/mulheresacesta.com.br\/en\/#\/schema\/person\/11ebd3af76a9fcb3d26c815924faac42","name":"mulheres","sameAs":["http:\/\/localhost\/mulheresacesta"],"url":"https:\/\/mulheresacesta.com.br\/en\/author\/mulheres\/"}]}},"_links":{"self":[{"href":"https:\/\/mulheresacesta.com.br\/en\/wp-json\/wp\/v2\/posts\/4692","targetHints":{"allow":["GET"]}}],"collection":[{"href":"https:\/\/mulheresacesta.com.br\/en\/wp-json\/wp\/v2\/posts"}],"about":[{"href":"https:\/\/mulheresacesta.com.br\/en\/wp-json\/wp\/v2\/types\/post"}],"author":[{"embeddable":true,"href":"https:\/\/mulheresacesta.com.br\/en\/wp-json\/wp\/v2\/users\/1"}],"replies":[{"embeddable":true,"href":"https:\/\/mulheresacesta.com.br\/en\/wp-json\/wp\/v2\/comments?post=4692"}],"version-history":[{"count":1,"href":"https:\/\/mulheresacesta.com.br\/en\/wp-json\/wp\/v2\/posts\/4692\/revisions"}],"predecessor-version":[{"id":4694,"href":"https:\/\/mulheresacesta.com.br\/en\/wp-json\/wp\/v2\/posts\/4692\/revisions\/4694"}],"wp:featuredmedia":[{"embeddable":true,"href":"https:\/\/mulheresacesta.com.br\/en\/wp-json\/wp\/v2\/media\/4693"}],"wp:attachment":[{"href":"https:\/\/mulheresacesta.com.br\/en\/wp-json\/wp\/v2\/media?parent=4692"}],"wp:term":[{"taxonomy":"category","embeddable":true,"href":"https:\/\/mulheresacesta.com.br\/en\/wp-json\/wp\/v2\/categories?post=4692"},{"taxonomy":"post_tag","embeddable":true,"href":"https:\/\/mulheresacesta.com.br\/en\/wp-json\/wp\/v2\/tags?post=4692"}],"curies":[{"name":"wp","href":"https:\/\/api.w.org\/{rel}","templated":true}]}}