{"id":4704,"date":"2023-10-20T17:05:49","date_gmt":"2023-10-20T20:05:49","guid":{"rendered":"https:\/\/mulheresacesta.com.br\/?p=4704"},"modified":"2023-10-20T17:06:46","modified_gmt":"2023-10-20T20:06:46","slug":"a-selecao-brasileira-feminina-de-basquete-esta-a-caminho-de-santiago","status":"publish","type":"post","link":"https:\/\/mulheresacesta.com.br\/en\/2023\/10\/a-selecao-brasileira-feminina-de-basquete-esta-a-caminho-de-santiago\/","title":{"rendered":"A Sele\u00e7\u00e3o Brasileira feminina de basquete est\u00e1 a caminho de Santiago."},"content":{"rendered":"\n<p>Ap\u00f3s uma semana de intensos treinamentos em Araraquara &#8211; SP, nossa Sele\u00e7\u00e3o embarcou em dire\u00e7\u00e3o ao desafio da competi\u00e7\u00e3o continental, com a estreia marcada para o pr\u00f3ximo dia 25 contra o M\u00e9xico.<\/p>\n\n\n\n<p>O t\u00e9cnico Jo\u00e3o Camargo compartilhou suas expectativas: &#8220;Agrade\u00e7o a confian\u00e7a do Neto, que me concedeu a honra de liderar a equipe nos Jogos Pan-Americanos. Tenho plena confian\u00e7a de que eu, Virgil, Diego e os demais membros da comiss\u00e3o t\u00e9cnica realizaremos um trabalho excepcional. Estamos determinados a conquistar esse bicampeonato, cientes de qu\u00e3o desafiador \u00e9, mas isso tem um significado imenso para n\u00f3s. Nossa motiva\u00e7\u00e3o est\u00e1 no auge, com a Sele\u00e7\u00e3o ocupando o oitavo lugar no ranking mundial, o que reflete a nossa evolu\u00e7\u00e3o. Estamos com as melhores expectativas para trazer o t\u00edtulo de Santiago.&#8221;<\/p>\n\n\n\n<p>O Brasil det\u00e9m o t\u00edtulo de campe\u00e3o do Pan conquistado em 2019, em Lima, e agora se lan\u00e7a na busca pelo bicampeonato, relembrando tamb\u00e9m as vit\u00f3rias nas edi\u00e7\u00f5es de 1967, 1971 e 1991. <\/p>\n\n\n\n<p>Fonte: <a href=\"https:\/\/www.cbb.com.br\/noticia\/4245\/selecao-brasileira-feminina-embarca-para-o-pan-de-santiago\" target=\"_blank\" aria-label=\"undefined (opens in a new tab)\" rel=\"noreferrer noopener\">CBB<\/a><\/p>\n","protected":false},"excerpt":{"rendered":"<p>Ap\u00f3s uma semana de intensos treinamentos em Araraquara &#8211; SP, nossa Sele\u00e7\u00e3o embarcou em dire\u00e7\u00e3o ao desafio da competi\u00e7\u00e3o continental, com a estreia marcada para o pr\u00f3ximo dia 25 contra o M\u00e9xico. O t\u00e9cnico Jo\u00e3o Camargo compartilhou suas expectativas: &#8220;Agrade\u00e7o a confian\u00e7a do Neto, que me concedeu a honra de liderar a equipe nos Jogos [&hellip;]<\/p>\n","protected":false},"author":1,"featured_media":4706,"comment_status":"open","ping_status":"open","sticky":false,"template":"","format":"standard","meta":{"footnotes":""},"categories":[12],"tags":[],"class_list":["post-4704","post","type-post","status-publish","format-standard","has-post-thumbnail","hentry","category-blog"],"acf":[],"yoast_head":"<!-- This site is optimized with the Yoast SEO plugin v26.4 - https:\/\/yoast.com\/wordpress\/plugins\/seo\/ -->\n<title>A Sele\u00e7\u00e3o Brasileira feminina de basquete est\u00e1 a caminho de Santiago.<\/title>\n<meta name=\"description\" content=\"Ap\u00f3s uma semana de intensos treinamentos em Araraquara - SP, nossa Sele\u00e7\u00e3o embarcou em dire\u00e7\u00e3o ao desafio da competi\u00e7\u00e3o continental, com a estreia marcada\" \/>\n<meta name=\"robots\" content=\"index, follow, max-snippet:-1, max-image-preview:large, max-video-preview:-1\" \/>\n<link rel=\"canonical\" href=\"https:\/\/mulheresacesta.com.br\/en\/2023\/10\/a-selecao-brasileira-feminina-de-basquete-esta-a-caminho-de-santiago\/\" \/>\n<meta property=\"og:locale\" content=\"en_US\" \/>\n<meta property=\"og:locale:alternate\" content=\"pt_BR\" \/>\n<meta property=\"og:type\" content=\"article\" \/>\n<meta property=\"og:title\" content=\"A Sele\u00e7\u00e3o Brasileira feminina de basquete est\u00e1 a caminho de Santiago.\" \/>\n<meta property=\"og:description\" content=\"Ap\u00f3s uma semana de intensos treinamentos em Araraquara - SP, nossa Sele\u00e7\u00e3o embarcou em dire\u00e7\u00e3o ao desafio da competi\u00e7\u00e3o continental, com a estreia marcada\" \/>\n<meta property=\"og:url\" content=\"https:\/\/mulheresacesta.com.br\/en\/2023\/10\/a-selecao-brasileira-feminina-de-basquete-esta-a-caminho-de-santiago\/\" \/>\n<meta property=\"og:site_name\" content=\"Mulheres \u00e0 Cesta\" \/>\n<meta property=\"article:published_time\" content=\"2023-10-20T20:05:49+00:00\" \/>\n<meta property=\"article:modified_time\" content=\"2023-10-20T20:06:46+00:00\" \/>\n<meta property=\"og:image\" content=\"https:\/\/mulheresacesta.com.br\/wp-content\/uploads\/2023\/10\/MULHERES.png\" \/>\n\t<meta property=\"og:image:width\" content=\"1580\" \/>\n\t<meta property=\"og:image:height\" content=\"890\" \/>\n\t<meta property=\"og:image:type\" content=\"image\/png\" \/>\n<meta name=\"author\" content=\"mulheres\" \/>\n<meta name=\"twitter:card\" content=\"summary_large_image\" \/>\n<meta name=\"twitter:label1\" content=\"Written by\" \/>\n\t<meta name=\"twitter:data1\" content=\"mulheres\" \/>\n\t<meta name=\"twitter:label2\" content=\"Est. reading time\" \/>\n\t<meta name=\"twitter:data2\" content=\"1 minute\" \/>\n<script type=\"application\/ld+json\" class=\"yoast-schema-graph\">{\"@context\":\"https:\/\/schema.org\",\"@graph\":[{\"@type\":\"Article\",\"@id\":\"https:\/\/mulheresacesta.com.br\/en\/2023\/10\/a-selecao-brasileira-feminina-de-basquete-esta-a-caminho-de-santiago\/#article\",\"isPartOf\":{\"@id\":\"https:\/\/mulheresacesta.com.br\/en\/2023\/10\/a-selecao-brasileira-feminina-de-basquete-esta-a-caminho-de-santiago\/\"},\"author\":{\"name\":\"mulheres\",\"@id\":\"https:\/\/mulheresacesta.com.br\/en\/#\/schema\/person\/11ebd3af76a9fcb3d26c815924faac42\"},\"headline\":\"A Sele\u00e7\u00e3o Brasileira feminina de basquete est\u00e1 a caminho de Santiago.\",\"datePublished\":\"2023-10-20T20:05:49+00:00\",\"dateModified\":\"2023-10-20T20:06:46+00:00\",\"mainEntityOfPage\":{\"@id\":\"https:\/\/mulheresacesta.com.br\/en\/2023\/10\/a-selecao-brasileira-feminina-de-basquete-esta-a-caminho-de-santiago\/\"},\"wordCount\":195,\"commentCount\":0,\"publisher\":{\"@id\":\"https:\/\/mulheresacesta.com.br\/en\/#organization\"},\"image\":{\"@id\":\"https:\/\/mulheresacesta.com.br\/en\/2023\/10\/a-selecao-brasileira-feminina-de-basquete-esta-a-caminho-de-santiago\/#primaryimage\"},\"thumbnailUrl\":\"https:\/\/mulheresacesta.com.br\/wp-content\/uploads\/2023\/10\/MULHERES.png\",\"articleSection\":[\"Blog\"],\"inLanguage\":\"en-US\",\"potentialAction\":[{\"@type\":\"CommentAction\",\"name\":\"Comment\",\"target\":[\"https:\/\/mulheresacesta.com.br\/en\/2023\/10\/a-selecao-brasileira-feminina-de-basquete-esta-a-caminho-de-santiago\/#respond\"]}]},{\"@type\":\"WebPage\",\"@id\":\"https:\/\/mulheresacesta.com.br\/en\/2023\/10\/a-selecao-brasileira-feminina-de-basquete-esta-a-caminho-de-santiago\/\",\"url\":\"https:\/\/mulheresacesta.com.br\/en\/2023\/10\/a-selecao-brasileira-feminina-de-basquete-esta-a-caminho-de-santiago\/\",\"name\":\"A Sele\u00e7\u00e3o Brasileira feminina de basquete est\u00e1 a caminho de Santiago.\",\"isPartOf\":{\"@id\":\"https:\/\/mulheresacesta.com.br\/en\/#website\"},\"primaryImageOfPage\":{\"@id\":\"https:\/\/mulheresacesta.com.br\/en\/2023\/10\/a-selecao-brasileira-feminina-de-basquete-esta-a-caminho-de-santiago\/#primaryimage\"},\"image\":{\"@id\":\"https:\/\/mulheresacesta.com.br\/en\/2023\/10\/a-selecao-brasileira-feminina-de-basquete-esta-a-caminho-de-santiago\/#primaryimage\"},\"thumbnailUrl\":\"https:\/\/mulheresacesta.com.br\/wp-content\/uploads\/2023\/10\/MULHERES.png\",\"datePublished\":\"2023-10-20T20:05:49+00:00\",\"dateModified\":\"2023-10-20T20:06:46+00:00\",\"description\":\"Ap\u00f3s uma semana de intensos treinamentos em Araraquara - SP, nossa Sele\u00e7\u00e3o embarcou em dire\u00e7\u00e3o ao desafio da competi\u00e7\u00e3o continental, com a estreia marcada\",\"breadcrumb\":{\"@id\":\"https:\/\/mulheresacesta.com.br\/en\/2023\/10\/a-selecao-brasileira-feminina-de-basquete-esta-a-caminho-de-santiago\/#breadcrumb\"},\"inLanguage\":\"en-US\",\"potentialAction\":[{\"@type\":\"ReadAction\",\"target\":[\"https:\/\/mulheresacesta.com.br\/en\/2023\/10\/a-selecao-brasileira-feminina-de-basquete-esta-a-caminho-de-santiago\/\"]}]},{\"@type\":\"ImageObject\",\"inLanguage\":\"en-US\",\"@id\":\"https:\/\/mulheresacesta.com.br\/en\/2023\/10\/a-selecao-brasileira-feminina-de-basquete-esta-a-caminho-de-santiago\/#primaryimage\",\"url\":\"https:\/\/mulheresacesta.com.br\/wp-content\/uploads\/2023\/10\/MULHERES.png\",\"contentUrl\":\"https:\/\/mulheresacesta.com.br\/wp-content\/uploads\/2023\/10\/MULHERES.png\",\"width\":1580,\"height\":890},{\"@type\":\"BreadcrumbList\",\"@id\":\"https:\/\/mulheresacesta.com.br\/en\/2023\/10\/a-selecao-brasileira-feminina-de-basquete-esta-a-caminho-de-santiago\/#breadcrumb\",\"itemListElement\":[{\"@type\":\"ListItem\",\"position\":1,\"name\":\"In\u00edcio\",\"item\":\"https:\/\/mulheresacesta.com.br\/\"},{\"@type\":\"ListItem\",\"position\":2,\"name\":\"A Sele\u00e7\u00e3o Brasileira feminina de basquete est\u00e1 a caminho de Santiago.\"}]},{\"@type\":\"WebSite\",\"@id\":\"https:\/\/mulheresacesta.com.br\/en\/#website\",\"url\":\"https:\/\/mulheresacesta.com.br\/en\/\",\"name\":\"Mulheres \u00e0 Cesta\",\"description\":\"\",\"publisher\":{\"@id\":\"https:\/\/mulheresacesta.com.br\/en\/#organization\"},\"potentialAction\":[{\"@type\":\"SearchAction\",\"target\":{\"@type\":\"EntryPoint\",\"urlTemplate\":\"https:\/\/mulheresacesta.com.br\/en\/?s={search_term_string}\"},\"query-input\":{\"@type\":\"PropertyValueSpecification\",\"valueRequired\":true,\"valueName\":\"search_term_string\"}}],\"inLanguage\":\"en-US\"},{\"@type\":\"Organization\",\"@id\":\"https:\/\/mulheresacesta.com.br\/en\/#organization\",\"name\":\"Mulheres \u00e0 Cesta\",\"url\":\"https:\/\/mulheresacesta.com.br\/en\/\",\"logo\":{\"@type\":\"ImageObject\",\"inLanguage\":\"en-US\",\"@id\":\"https:\/\/mulheresacesta.com.br\/en\/#\/schema\/logo\/image\/\",\"url\":\"https:\/\/mulheresacesta.com.br\/wp-content\/uploads\/2020\/10\/mulheres-a-cesta.jpg\",\"contentUrl\":\"https:\/\/mulheresacesta.com.br\/wp-content\/uploads\/2020\/10\/mulheres-a-cesta.jpg\",\"width\":400,\"height\":300,\"caption\":\"Mulheres \u00e0 Cesta\"},\"image\":{\"@id\":\"https:\/\/mulheresacesta.com.br\/en\/#\/schema\/logo\/image\/\"}},{\"@type\":\"Person\",\"@id\":\"https:\/\/mulheresacesta.com.br\/en\/#\/schema\/person\/11ebd3af76a9fcb3d26c815924faac42\",\"name\":\"mulheres\",\"sameAs\":[\"http:\/\/localhost\/mulheresacesta\"],\"url\":\"https:\/\/mulheresacesta.com.br\/en\/author\/mulheres\/\"}]}<\/script>\n<!-- \/ Yoast SEO plugin. -->","yoast_head_json":{"title":"A Sele\u00e7\u00e3o Brasileira feminina de basquete est\u00e1 a caminho de Santiago.","description":"Ap\u00f3s uma semana de intensos treinamentos em Araraquara - SP, nossa Sele\u00e7\u00e3o embarcou em dire\u00e7\u00e3o ao desafio da competi\u00e7\u00e3o continental, com a estreia marcada","robots":{"index":"index","follow":"follow","max-snippet":"max-snippet:-1","max-image-preview":"max-image-preview:large","max-video-preview":"max-video-preview:-1"},"canonical":"https:\/\/mulheresacesta.com.br\/en\/2023\/10\/a-selecao-brasileira-feminina-de-basquete-esta-a-caminho-de-santiago\/","og_locale":"en_US","og_type":"article","og_title":"[:pt]A Sele\u00e7\u00e3o Brasileira feminina de basquete est\u00e1 a caminho de Santiago.[:] - Mulheres \u00e0 Cesta","og_description":"Ap\u00f3s uma semana de intensos treinamentos em Araraquara - SP, nossa Sele\u00e7\u00e3o embarcou em dire\u00e7\u00e3o ao desafio da competi\u00e7\u00e3o continental, com a estreia marcada","og_url":"https:\/\/mulheresacesta.com.br\/en\/2023\/10\/a-selecao-brasileira-feminina-de-basquete-esta-a-caminho-de-santiago\/","og_site_name":"Mulheres \u00e0 Cesta","article_published_time":"2023-10-20T20:05:49+00:00","article_modified_time":"2023-10-20T20:06:46+00:00","og_image":[{"width":1580,"height":890,"url":"https:\/\/mulheresacesta.com.br\/wp-content\/uploads\/2023\/10\/MULHERES.png","type":"image\/png"}],"author":"mulheres","twitter_card":"summary_large_image","twitter_misc":{"Written by":"mulheres","Est. reading time":"1 minute"},"schema":{"@context":"https:\/\/schema.org","@graph":[{"@type":"Article","@id":"https:\/\/mulheresacesta.com.br\/en\/2023\/10\/a-selecao-brasileira-feminina-de-basquete-esta-a-caminho-de-santiago\/#article","isPartOf":{"@id":"https:\/\/mulheresacesta.com.br\/en\/2023\/10\/a-selecao-brasileira-feminina-de-basquete-esta-a-caminho-de-santiago\/"},"author":{"name":"mulheres","@id":"https:\/\/mulheresacesta.com.br\/en\/#\/schema\/person\/11ebd3af76a9fcb3d26c815924faac42"},"headline":"A Sele\u00e7\u00e3o Brasileira feminina de basquete est\u00e1 a caminho de Santiago.","datePublished":"2023-10-20T20:05:49+00:00","dateModified":"2023-10-20T20:06:46+00:00","mainEntityOfPage":{"@id":"https:\/\/mulheresacesta.com.br\/en\/2023\/10\/a-selecao-brasileira-feminina-de-basquete-esta-a-caminho-de-santiago\/"},"wordCount":195,"commentCount":0,"publisher":{"@id":"https:\/\/mulheresacesta.com.br\/en\/#organization"},"image":{"@id":"https:\/\/mulheresacesta.com.br\/en\/2023\/10\/a-selecao-brasileira-feminina-de-basquete-esta-a-caminho-de-santiago\/#primaryimage"},"thumbnailUrl":"https:\/\/mulheresacesta.com.br\/wp-content\/uploads\/2023\/10\/MULHERES.png","articleSection":["Blog"],"inLanguage":"en-US","potentialAction":[{"@type":"CommentAction","name":"Comment","target":["https:\/\/mulheresacesta.com.br\/en\/2023\/10\/a-selecao-brasileira-feminina-de-basquete-esta-a-caminho-de-santiago\/#respond"]}]},{"@type":"WebPage","@id":"https:\/\/mulheresacesta.com.br\/en\/2023\/10\/a-selecao-brasileira-feminina-de-basquete-esta-a-caminho-de-santiago\/","url":"https:\/\/mulheresacesta.com.br\/en\/2023\/10\/a-selecao-brasileira-feminina-de-basquete-esta-a-caminho-de-santiago\/","name":"A Sele\u00e7\u00e3o Brasileira feminina de basquete est\u00e1 a caminho de Santiago.","isPartOf":{"@id":"https:\/\/mulheresacesta.com.br\/en\/#website"},"primaryImageOfPage":{"@id":"https:\/\/mulheresacesta.com.br\/en\/2023\/10\/a-selecao-brasileira-feminina-de-basquete-esta-a-caminho-de-santiago\/#primaryimage"},"image":{"@id":"https:\/\/mulheresacesta.com.br\/en\/2023\/10\/a-selecao-brasileira-feminina-de-basquete-esta-a-caminho-de-santiago\/#primaryimage"},"thumbnailUrl":"https:\/\/mulheresacesta.com.br\/wp-content\/uploads\/2023\/10\/MULHERES.png","datePublished":"2023-10-20T20:05:49+00:00","dateModified":"2023-10-20T20:06:46+00:00","description":"Ap\u00f3s uma semana de intensos treinamentos em Araraquara - SP, nossa Sele\u00e7\u00e3o embarcou em dire\u00e7\u00e3o ao desafio da competi\u00e7\u00e3o continental, com a estreia marcada","breadcrumb":{"@id":"https:\/\/mulheresacesta.com.br\/en\/2023\/10\/a-selecao-brasileira-feminina-de-basquete-esta-a-caminho-de-santiago\/#breadcrumb"},"inLanguage":"en-US","potentialAction":[{"@type":"ReadAction","target":["https:\/\/mulheresacesta.com.br\/en\/2023\/10\/a-selecao-brasileira-feminina-de-basquete-esta-a-caminho-de-santiago\/"]}]},{"@type":"ImageObject","inLanguage":"en-US","@id":"https:\/\/mulheresacesta.com.br\/en\/2023\/10\/a-selecao-brasileira-feminina-de-basquete-esta-a-caminho-de-santiago\/#primaryimage","url":"https:\/\/mulheresacesta.com.br\/wp-content\/uploads\/2023\/10\/MULHERES.png","contentUrl":"https:\/\/mulheresacesta.com.br\/wp-content\/uploads\/2023\/10\/MULHERES.png","width":1580,"height":890},{"@type":"BreadcrumbList","@id":"https:\/\/mulheresacesta.com.br\/en\/2023\/10\/a-selecao-brasileira-feminina-de-basquete-esta-a-caminho-de-santiago\/#breadcrumb","itemListElement":[{"@type":"ListItem","position":1,"name":"In\u00edcio","item":"https:\/\/mulheresacesta.com.br\/"},{"@type":"ListItem","position":2,"name":"A Sele\u00e7\u00e3o Brasileira feminina de basquete est\u00e1 a caminho de Santiago."}]},{"@type":"WebSite","@id":"https:\/\/mulheresacesta.com.br\/en\/#website","url":"https:\/\/mulheresacesta.com.br\/en\/","name":"Mulheres \u00e0 Cesta","description":"","publisher":{"@id":"https:\/\/mulheresacesta.com.br\/en\/#organization"},"potentialAction":[{"@type":"SearchAction","target":{"@type":"EntryPoint","urlTemplate":"https:\/\/mulheresacesta.com.br\/en\/?s={search_term_string}"},"query-input":{"@type":"PropertyValueSpecification","valueRequired":true,"valueName":"search_term_string"}}],"inLanguage":"en-US"},{"@type":"Organization","@id":"https:\/\/mulheresacesta.com.br\/en\/#organization","name":"Mulheres \u00e0 Cesta","url":"https:\/\/mulheresacesta.com.br\/en\/","logo":{"@type":"ImageObject","inLanguage":"en-US","@id":"https:\/\/mulheresacesta.com.br\/en\/#\/schema\/logo\/image\/","url":"https:\/\/mulheresacesta.com.br\/wp-content\/uploads\/2020\/10\/mulheres-a-cesta.jpg","contentUrl":"https:\/\/mulheresacesta.com.br\/wp-content\/uploads\/2020\/10\/mulheres-a-cesta.jpg","width":400,"height":300,"caption":"Mulheres \u00e0 Cesta"},"image":{"@id":"https:\/\/mulheresacesta.com.br\/en\/#\/schema\/logo\/image\/"}},{"@type":"Person","@id":"https:\/\/mulheresacesta.com.br\/en\/#\/schema\/person\/11ebd3af76a9fcb3d26c815924faac42","name":"mulheres","sameAs":["http:\/\/localhost\/mulheresacesta"],"url":"https:\/\/mulheresacesta.com.br\/en\/author\/mulheres\/"}]}},"_links":{"self":[{"href":"https:\/\/mulheresacesta.com.br\/en\/wp-json\/wp\/v2\/posts\/4704","targetHints":{"allow":["GET"]}}],"collection":[{"href":"https:\/\/mulheresacesta.com.br\/en\/wp-json\/wp\/v2\/posts"}],"about":[{"href":"https:\/\/mulheresacesta.com.br\/en\/wp-json\/wp\/v2\/types\/post"}],"author":[{"embeddable":true,"href":"https:\/\/mulheresacesta.com.br\/en\/wp-json\/wp\/v2\/users\/1"}],"replies":[{"embeddable":true,"href":"https:\/\/mulheresacesta.com.br\/en\/wp-json\/wp\/v2\/comments?post=4704"}],"version-history":[{"count":2,"href":"https:\/\/mulheresacesta.com.br\/en\/wp-json\/wp\/v2\/posts\/4704\/revisions"}],"predecessor-version":[{"id":4708,"href":"https:\/\/mulheresacesta.com.br\/en\/wp-json\/wp\/v2\/posts\/4704\/revisions\/4708"}],"wp:featuredmedia":[{"embeddable":true,"href":"https:\/\/mulheresacesta.com.br\/en\/wp-json\/wp\/v2\/media\/4706"}],"wp:attachment":[{"href":"https:\/\/mulheresacesta.com.br\/en\/wp-json\/wp\/v2\/media?parent=4704"}],"wp:term":[{"taxonomy":"category","embeddable":true,"href":"https:\/\/mulheresacesta.com.br\/en\/wp-json\/wp\/v2\/categories?post=4704"},{"taxonomy":"post_tag","embeddable":true,"href":"https:\/\/mulheresacesta.com.br\/en\/wp-json\/wp\/v2\/tags?post=4704"}],"curies":[{"name":"wp","href":"https:\/\/api.w.org\/{rel}","templated":true}]}}