{"id":4719,"date":"2023-11-01T11:56:41","date_gmt":"2023-11-01T14:56:41","guid":{"rendered":"https:\/\/mulheresacesta.com.br\/?p=4719"},"modified":"2023-11-01T11:56:47","modified_gmt":"2023-11-01T14:56:47","slug":"a-selecao-brasileira-feminina-segue-em-acao-apos-o-bicampeonato-nos-jogos-pan-americanos","status":"publish","type":"post","link":"https:\/\/mulheresacesta.com.br\/en\/2023\/11\/a-selecao-brasileira-feminina-segue-em-acao-apos-o-bicampeonato-nos-jogos-pan-americanos\/","title":{"rendered":"A Sele\u00e7\u00e3o Brasileira feminina segue em a\u00e7\u00e3o ap\u00f3s o bicampeonato nos Jogos Pan-Americanos."},"content":{"rendered":"\n<p>Em parceria com o COB, as atletas treinar\u00e3o no CT de RioMaior durante a janela FIBA.<\/p>\n\n\n\n<p>Esse treinamento em Portugal \u00e9 crucial na prepara\u00e7\u00e3o da Sele\u00e7\u00e3o para o Pr\u00e9-Ol\u00edmpico de Paris 2024. O presidente da CBB, Guy Peixoto Jr., enfatiza a import\u00e2ncia dessa oportunidade para a equipe.<\/p>\n\n\n\n<p>O compromisso da CBB com a classifica\u00e7\u00e3o ol\u00edmpica \u00e9 not\u00e1vel, considerando o sucesso recente do time, que saltou do 15\u00ba para o 8\u00ba lugar no ranking mundial ap\u00f3s vit\u00f3rias nos Jogos Pan-Americanos, Sul-Americano e AmeriCupW. S\u00e3o convocadas 15 atletas para sess\u00f5es t\u00e1ticas, t\u00e9cnicas, f\u00edsicas e psicol\u00f3gicas.<\/p>\n\n\n\n<p>O t\u00e9cnico Jos\u00e9 Neto destaca a import\u00e2ncia desse treinamento para o Pr\u00e9-Ol\u00edmpico em fevereiro, aproveitando a vaga garantida no Pr\u00e9 Mundial. Diretora do Basquete Feminino na CBB, Roseli Gustavo enfatiza a motiva\u00e7\u00e3o e a import\u00e2ncia de reunir a equipe para treinar, dada a curta janela de tempo para o Pr\u00e9-Ol\u00edmpico.<\/p>\n\n\n\n<p>As jogadoras convocadas s\u00e3o:<\/p>\n\n\n\n<p><strong>Armadoras:<\/strong><\/p>\n\n\n\n<ul class=\"wp-block-list\"><li>D\u00e9bora Costa &#8211; SESI Araraquara<\/li><li>Carina dos Santos &#8211; Unimed Campinas<\/li><li>Alana Gon\u00e7alo &#8211; S\u00e3o Jos\u00e9 Basketball<\/li><li>Ana Beatriz Ferreira &#8211; Unimed Campinas<\/li><\/ul>\n\n\n\n<p><strong>Ala\/Armadora:<\/strong><\/p>\n\n\n\n<ul class=\"wp-block-list\"><li>Tain\u00e1 Paix\u00e3o &#8211; Samara-RUS<\/li><\/ul>\n\n\n\n<p><strong>Alas:<\/strong><\/p>\n\n\n\n<ul class=\"wp-block-list\"><li>Isabela Ramona &#8211; Samara-RUS<\/li><li>Gabriella Soss\u00f4 &#8211; SESI Araraquara<\/li><li>Thayn\u00e1 Silva &#8211; Celje-SLO<\/li><li>Leila Zabani &#8211; Ituano<\/li><li>Vit\u00f3ria Marcelino &#8211; SESI\/Araraquara<\/li><\/ul>\n\n\n\n<p><strong>Alas\/Piv\u00f4s:<\/strong><\/p>\n\n\n\n<ul class=\"wp-block-list\"><li>Damiris Dantas &#8211; Ormanspor-TUR<\/li><li>Vanessa Sass\u00e1 &#8211; Santo Andr\u00e9<\/li><\/ul>\n\n\n\n<p><strong>Piv\u00f4s:<\/strong><\/p>\n\n\n\n<ul class=\"wp-block-list\"><li>Licinara Bispo &#8211; Unimed Campinas<\/li><li>\u00c9rika Souza &#8211; Ituano<\/li><li>Stephanie Soares &#8211; Dallas Wings-EUA<\/li><\/ul>\n\n\n\n<p>Comiss\u00e3o t\u00e9cnica:<\/p>\n\n\n\n<ul class=\"wp-block-list\"><li>Diretora: Roseli Gustavo<\/li><li>L\u00edder Operacional: Monica At\u00edlio<\/li><li>Apoio t\u00e9cnico: Giovanna Romano<\/li><li>T\u00e9cnico: Jos\u00e9 Neto<\/li><li>Auxiliar: Virgil Lopez<\/li><li>Preparador f\u00edsico: Diego Falc\u00e3o<\/li><li>Fisioterapeutas: Isabel Castro e Ariane Lopes<\/li><li>M\u00e9dico: Paulo Szeles<\/li><li>Psic\u00f3loga: Manoella Marques<\/li><\/ul>\n\n\n\n<p>Fonte: <a href=\"https:\/\/www.cbb.com.br\/noticia\/4268\/selecao-brasileira-feminina-e-convocada-para-camp-de-treinos-na-europa\" target=\"_blank\" aria-label=\"undefined (opens in a new tab)\" rel=\"noreferrer noopener\">Site CBB<\/a><\/p>\n","protected":false},"excerpt":{"rendered":"<p>Em parceria com o COB, as atletas treinar\u00e3o no CT de RioMaior durante a janela FIBA. Esse treinamento em Portugal \u00e9 crucial na prepara\u00e7\u00e3o da Sele\u00e7\u00e3o para o Pr\u00e9-Ol\u00edmpico de Paris 2024. O presidente da CBB, Guy Peixoto Jr., enfatiza a import\u00e2ncia dessa oportunidade para a equipe. O compromisso da CBB com a classifica\u00e7\u00e3o ol\u00edmpica [&hellip;]<\/p>\n","protected":false},"author":1,"featured_media":4721,"comment_status":"open","ping_status":"open","sticky":false,"template":"","format":"standard","meta":{"footnotes":""},"categories":[12],"tags":[],"class_list":["post-4719","post","type-post","status-publish","format-standard","has-post-thumbnail","hentry","category-blog"],"acf":[],"yoast_head":"<!-- This site is optimized with the Yoast SEO plugin v26.4 - https:\/\/yoast.com\/wordpress\/plugins\/seo\/ -->\n<title>A Sele\u00e7\u00e3o Brasileira feminina segue em a\u00e7\u00e3o ap\u00f3s o bicampeonato nos Jogos Pan-Americanos.<\/title>\n<meta name=\"description\" content=\"Em parceria com o COB, as atletas treinar\u00e3o no CT de RioMaior durante a janela FIBA. Esse treinamento em Portugal \u00e9 crucial na prepara\u00e7\u00e3o da Sele\u00e7\u00e3o para\" \/>\n<meta name=\"robots\" content=\"index, follow, max-snippet:-1, max-image-preview:large, max-video-preview:-1\" \/>\n<link rel=\"canonical\" href=\"https:\/\/mulheresacesta.com.br\/en\/2023\/11\/a-selecao-brasileira-feminina-segue-em-acao-apos-o-bicampeonato-nos-jogos-pan-americanos\/\" \/>\n<meta property=\"og:locale\" content=\"en_US\" \/>\n<meta property=\"og:locale:alternate\" content=\"pt_BR\" \/>\n<meta property=\"og:type\" content=\"article\" \/>\n<meta property=\"og:title\" content=\"A Sele\u00e7\u00e3o Brasileira feminina segue em a\u00e7\u00e3o ap\u00f3s o bicampeonato nos Jogos Pan-Americanos.\" \/>\n<meta property=\"og:description\" content=\"Em parceria com o COB, as atletas treinar\u00e3o no CT de RioMaior durante a janela FIBA. Esse treinamento em Portugal \u00e9 crucial na prepara\u00e7\u00e3o da Sele\u00e7\u00e3o para\" \/>\n<meta property=\"og:url\" content=\"https:\/\/mulheresacesta.com.br\/en\/2023\/11\/a-selecao-brasileira-feminina-segue-em-acao-apos-o-bicampeonato-nos-jogos-pan-americanos\/\" \/>\n<meta property=\"og:site_name\" content=\"Mulheres \u00e0 Cesta\" \/>\n<meta property=\"article:published_time\" content=\"2023-11-01T14:56:41+00:00\" \/>\n<meta property=\"article:modified_time\" content=\"2023-11-01T14:56:47+00:00\" \/>\n<meta property=\"og:image\" content=\"https:\/\/mulheresacesta.com.br\/wp-content\/uploads\/2023\/11\/Untitled-1.jpg\" \/>\n\t<meta property=\"og:image:width\" content=\"1580\" \/>\n\t<meta property=\"og:image:height\" content=\"890\" \/>\n\t<meta property=\"og:image:type\" content=\"image\/jpeg\" \/>\n<meta name=\"author\" content=\"mulheres\" \/>\n<meta name=\"twitter:card\" content=\"summary_large_image\" \/>\n<meta name=\"twitter:label1\" content=\"Written by\" \/>\n\t<meta name=\"twitter:data1\" content=\"mulheres\" \/>\n\t<meta name=\"twitter:label2\" content=\"Est. reading time\" \/>\n\t<meta name=\"twitter:data2\" content=\"1 minute\" \/>\n<script type=\"application\/ld+json\" class=\"yoast-schema-graph\">{\"@context\":\"https:\/\/schema.org\",\"@graph\":[{\"@type\":\"Article\",\"@id\":\"https:\/\/mulheresacesta.com.br\/en\/2023\/11\/a-selecao-brasileira-feminina-segue-em-acao-apos-o-bicampeonato-nos-jogos-pan-americanos\/#article\",\"isPartOf\":{\"@id\":\"https:\/\/mulheresacesta.com.br\/en\/2023\/11\/a-selecao-brasileira-feminina-segue-em-acao-apos-o-bicampeonato-nos-jogos-pan-americanos\/\"},\"author\":{\"name\":\"mulheres\",\"@id\":\"https:\/\/mulheresacesta.com.br\/en\/#\/schema\/person\/11ebd3af76a9fcb3d26c815924faac42\"},\"headline\":\"A Sele\u00e7\u00e3o Brasileira feminina segue em a\u00e7\u00e3o ap\u00f3s o bicampeonato nos Jogos Pan-Americanos.\",\"datePublished\":\"2023-11-01T14:56:41+00:00\",\"dateModified\":\"2023-11-01T14:56:47+00:00\",\"mainEntityOfPage\":{\"@id\":\"https:\/\/mulheresacesta.com.br\/en\/2023\/11\/a-selecao-brasileira-feminina-segue-em-acao-apos-o-bicampeonato-nos-jogos-pan-americanos\/\"},\"wordCount\":319,\"commentCount\":0,\"publisher\":{\"@id\":\"https:\/\/mulheresacesta.com.br\/en\/#organization\"},\"image\":{\"@id\":\"https:\/\/mulheresacesta.com.br\/en\/2023\/11\/a-selecao-brasileira-feminina-segue-em-acao-apos-o-bicampeonato-nos-jogos-pan-americanos\/#primaryimage\"},\"thumbnailUrl\":\"https:\/\/mulheresacesta.com.br\/wp-content\/uploads\/2023\/11\/Untitled-1.jpg\",\"articleSection\":[\"Blog\"],\"inLanguage\":\"en-US\",\"potentialAction\":[{\"@type\":\"CommentAction\",\"name\":\"Comment\",\"target\":[\"https:\/\/mulheresacesta.com.br\/en\/2023\/11\/a-selecao-brasileira-feminina-segue-em-acao-apos-o-bicampeonato-nos-jogos-pan-americanos\/#respond\"]}]},{\"@type\":\"WebPage\",\"@id\":\"https:\/\/mulheresacesta.com.br\/en\/2023\/11\/a-selecao-brasileira-feminina-segue-em-acao-apos-o-bicampeonato-nos-jogos-pan-americanos\/\",\"url\":\"https:\/\/mulheresacesta.com.br\/en\/2023\/11\/a-selecao-brasileira-feminina-segue-em-acao-apos-o-bicampeonato-nos-jogos-pan-americanos\/\",\"name\":\"A Sele\u00e7\u00e3o Brasileira feminina segue em a\u00e7\u00e3o ap\u00f3s o bicampeonato nos Jogos Pan-Americanos.\",\"isPartOf\":{\"@id\":\"https:\/\/mulheresacesta.com.br\/en\/#website\"},\"primaryImageOfPage\":{\"@id\":\"https:\/\/mulheresacesta.com.br\/en\/2023\/11\/a-selecao-brasileira-feminina-segue-em-acao-apos-o-bicampeonato-nos-jogos-pan-americanos\/#primaryimage\"},\"image\":{\"@id\":\"https:\/\/mulheresacesta.com.br\/en\/2023\/11\/a-selecao-brasileira-feminina-segue-em-acao-apos-o-bicampeonato-nos-jogos-pan-americanos\/#primaryimage\"},\"thumbnailUrl\":\"https:\/\/mulheresacesta.com.br\/wp-content\/uploads\/2023\/11\/Untitled-1.jpg\",\"datePublished\":\"2023-11-01T14:56:41+00:00\",\"dateModified\":\"2023-11-01T14:56:47+00:00\",\"description\":\"Em parceria com o COB, as atletas treinar\u00e3o no CT de RioMaior durante a janela FIBA. Esse treinamento em Portugal \u00e9 crucial na prepara\u00e7\u00e3o da Sele\u00e7\u00e3o para\",\"breadcrumb\":{\"@id\":\"https:\/\/mulheresacesta.com.br\/en\/2023\/11\/a-selecao-brasileira-feminina-segue-em-acao-apos-o-bicampeonato-nos-jogos-pan-americanos\/#breadcrumb\"},\"inLanguage\":\"en-US\",\"potentialAction\":[{\"@type\":\"ReadAction\",\"target\":[\"https:\/\/mulheresacesta.com.br\/en\/2023\/11\/a-selecao-brasileira-feminina-segue-em-acao-apos-o-bicampeonato-nos-jogos-pan-americanos\/\"]}]},{\"@type\":\"ImageObject\",\"inLanguage\":\"en-US\",\"@id\":\"https:\/\/mulheresacesta.com.br\/en\/2023\/11\/a-selecao-brasileira-feminina-segue-em-acao-apos-o-bicampeonato-nos-jogos-pan-americanos\/#primaryimage\",\"url\":\"https:\/\/mulheresacesta.com.br\/wp-content\/uploads\/2023\/11\/Untitled-1.jpg\",\"contentUrl\":\"https:\/\/mulheresacesta.com.br\/wp-content\/uploads\/2023\/11\/Untitled-1.jpg\",\"width\":1580,\"height\":890},{\"@type\":\"BreadcrumbList\",\"@id\":\"https:\/\/mulheresacesta.com.br\/en\/2023\/11\/a-selecao-brasileira-feminina-segue-em-acao-apos-o-bicampeonato-nos-jogos-pan-americanos\/#breadcrumb\",\"itemListElement\":[{\"@type\":\"ListItem\",\"position\":1,\"name\":\"In\u00edcio\",\"item\":\"https:\/\/mulheresacesta.com.br\/\"},{\"@type\":\"ListItem\",\"position\":2,\"name\":\"A Sele\u00e7\u00e3o Brasileira feminina segue em a\u00e7\u00e3o ap\u00f3s o bicampeonato nos Jogos Pan-Americanos.\"}]},{\"@type\":\"WebSite\",\"@id\":\"https:\/\/mulheresacesta.com.br\/en\/#website\",\"url\":\"https:\/\/mulheresacesta.com.br\/en\/\",\"name\":\"Mulheres \u00e0 Cesta\",\"description\":\"\",\"publisher\":{\"@id\":\"https:\/\/mulheresacesta.com.br\/en\/#organization\"},\"potentialAction\":[{\"@type\":\"SearchAction\",\"target\":{\"@type\":\"EntryPoint\",\"urlTemplate\":\"https:\/\/mulheresacesta.com.br\/en\/?s={search_term_string}\"},\"query-input\":{\"@type\":\"PropertyValueSpecification\",\"valueRequired\":true,\"valueName\":\"search_term_string\"}}],\"inLanguage\":\"en-US\"},{\"@type\":\"Organization\",\"@id\":\"https:\/\/mulheresacesta.com.br\/en\/#organization\",\"name\":\"Mulheres \u00e0 Cesta\",\"url\":\"https:\/\/mulheresacesta.com.br\/en\/\",\"logo\":{\"@type\":\"ImageObject\",\"inLanguage\":\"en-US\",\"@id\":\"https:\/\/mulheresacesta.com.br\/en\/#\/schema\/logo\/image\/\",\"url\":\"https:\/\/mulheresacesta.com.br\/wp-content\/uploads\/2020\/10\/mulheres-a-cesta.jpg\",\"contentUrl\":\"https:\/\/mulheresacesta.com.br\/wp-content\/uploads\/2020\/10\/mulheres-a-cesta.jpg\",\"width\":400,\"height\":300,\"caption\":\"Mulheres \u00e0 Cesta\"},\"image\":{\"@id\":\"https:\/\/mulheresacesta.com.br\/en\/#\/schema\/logo\/image\/\"}},{\"@type\":\"Person\",\"@id\":\"https:\/\/mulheresacesta.com.br\/en\/#\/schema\/person\/11ebd3af76a9fcb3d26c815924faac42\",\"name\":\"mulheres\",\"sameAs\":[\"http:\/\/localhost\/mulheresacesta\"],\"url\":\"https:\/\/mulheresacesta.com.br\/en\/author\/mulheres\/\"}]}<\/script>\n<!-- \/ Yoast SEO plugin. -->","yoast_head_json":{"title":"A Sele\u00e7\u00e3o Brasileira feminina segue em a\u00e7\u00e3o ap\u00f3s o bicampeonato nos Jogos Pan-Americanos.","description":"Em parceria com o COB, as atletas treinar\u00e3o no CT de RioMaior durante a janela FIBA. Esse treinamento em Portugal \u00e9 crucial na prepara\u00e7\u00e3o da Sele\u00e7\u00e3o para","robots":{"index":"index","follow":"follow","max-snippet":"max-snippet:-1","max-image-preview":"max-image-preview:large","max-video-preview":"max-video-preview:-1"},"canonical":"https:\/\/mulheresacesta.com.br\/en\/2023\/11\/a-selecao-brasileira-feminina-segue-em-acao-apos-o-bicampeonato-nos-jogos-pan-americanos\/","og_locale":"en_US","og_type":"article","og_title":"[:pt]A Sele\u00e7\u00e3o Brasileira feminina segue em a\u00e7\u00e3o ap\u00f3s o bicampeonato nos Jogos Pan-Americanos.[:] - Mulheres \u00e0 Cesta","og_description":"Em parceria com o COB, as atletas treinar\u00e3o no CT de RioMaior durante a janela FIBA. Esse treinamento em Portugal \u00e9 crucial na prepara\u00e7\u00e3o da Sele\u00e7\u00e3o para","og_url":"https:\/\/mulheresacesta.com.br\/en\/2023\/11\/a-selecao-brasileira-feminina-segue-em-acao-apos-o-bicampeonato-nos-jogos-pan-americanos\/","og_site_name":"Mulheres \u00e0 Cesta","article_published_time":"2023-11-01T14:56:41+00:00","article_modified_time":"2023-11-01T14:56:47+00:00","og_image":[{"width":1580,"height":890,"url":"https:\/\/mulheresacesta.com.br\/wp-content\/uploads\/2023\/11\/Untitled-1.jpg","type":"image\/jpeg"}],"author":"mulheres","twitter_card":"summary_large_image","twitter_misc":{"Written by":"mulheres","Est. reading time":"1 minute"},"schema":{"@context":"https:\/\/schema.org","@graph":[{"@type":"Article","@id":"https:\/\/mulheresacesta.com.br\/en\/2023\/11\/a-selecao-brasileira-feminina-segue-em-acao-apos-o-bicampeonato-nos-jogos-pan-americanos\/#article","isPartOf":{"@id":"https:\/\/mulheresacesta.com.br\/en\/2023\/11\/a-selecao-brasileira-feminina-segue-em-acao-apos-o-bicampeonato-nos-jogos-pan-americanos\/"},"author":{"name":"mulheres","@id":"https:\/\/mulheresacesta.com.br\/en\/#\/schema\/person\/11ebd3af76a9fcb3d26c815924faac42"},"headline":"A Sele\u00e7\u00e3o Brasileira feminina segue em a\u00e7\u00e3o ap\u00f3s o bicampeonato nos Jogos Pan-Americanos.","datePublished":"2023-11-01T14:56:41+00:00","dateModified":"2023-11-01T14:56:47+00:00","mainEntityOfPage":{"@id":"https:\/\/mulheresacesta.com.br\/en\/2023\/11\/a-selecao-brasileira-feminina-segue-em-acao-apos-o-bicampeonato-nos-jogos-pan-americanos\/"},"wordCount":319,"commentCount":0,"publisher":{"@id":"https:\/\/mulheresacesta.com.br\/en\/#organization"},"image":{"@id":"https:\/\/mulheresacesta.com.br\/en\/2023\/11\/a-selecao-brasileira-feminina-segue-em-acao-apos-o-bicampeonato-nos-jogos-pan-americanos\/#primaryimage"},"thumbnailUrl":"https:\/\/mulheresacesta.com.br\/wp-content\/uploads\/2023\/11\/Untitled-1.jpg","articleSection":["Blog"],"inLanguage":"en-US","potentialAction":[{"@type":"CommentAction","name":"Comment","target":["https:\/\/mulheresacesta.com.br\/en\/2023\/11\/a-selecao-brasileira-feminina-segue-em-acao-apos-o-bicampeonato-nos-jogos-pan-americanos\/#respond"]}]},{"@type":"WebPage","@id":"https:\/\/mulheresacesta.com.br\/en\/2023\/11\/a-selecao-brasileira-feminina-segue-em-acao-apos-o-bicampeonato-nos-jogos-pan-americanos\/","url":"https:\/\/mulheresacesta.com.br\/en\/2023\/11\/a-selecao-brasileira-feminina-segue-em-acao-apos-o-bicampeonato-nos-jogos-pan-americanos\/","name":"A Sele\u00e7\u00e3o Brasileira feminina segue em a\u00e7\u00e3o ap\u00f3s o bicampeonato nos Jogos Pan-Americanos.","isPartOf":{"@id":"https:\/\/mulheresacesta.com.br\/en\/#website"},"primaryImageOfPage":{"@id":"https:\/\/mulheresacesta.com.br\/en\/2023\/11\/a-selecao-brasileira-feminina-segue-em-acao-apos-o-bicampeonato-nos-jogos-pan-americanos\/#primaryimage"},"image":{"@id":"https:\/\/mulheresacesta.com.br\/en\/2023\/11\/a-selecao-brasileira-feminina-segue-em-acao-apos-o-bicampeonato-nos-jogos-pan-americanos\/#primaryimage"},"thumbnailUrl":"https:\/\/mulheresacesta.com.br\/wp-content\/uploads\/2023\/11\/Untitled-1.jpg","datePublished":"2023-11-01T14:56:41+00:00","dateModified":"2023-11-01T14:56:47+00:00","description":"Em parceria com o COB, as atletas treinar\u00e3o no CT de RioMaior durante a janela FIBA. Esse treinamento em Portugal \u00e9 crucial na prepara\u00e7\u00e3o da Sele\u00e7\u00e3o para","breadcrumb":{"@id":"https:\/\/mulheresacesta.com.br\/en\/2023\/11\/a-selecao-brasileira-feminina-segue-em-acao-apos-o-bicampeonato-nos-jogos-pan-americanos\/#breadcrumb"},"inLanguage":"en-US","potentialAction":[{"@type":"ReadAction","target":["https:\/\/mulheresacesta.com.br\/en\/2023\/11\/a-selecao-brasileira-feminina-segue-em-acao-apos-o-bicampeonato-nos-jogos-pan-americanos\/"]}]},{"@type":"ImageObject","inLanguage":"en-US","@id":"https:\/\/mulheresacesta.com.br\/en\/2023\/11\/a-selecao-brasileira-feminina-segue-em-acao-apos-o-bicampeonato-nos-jogos-pan-americanos\/#primaryimage","url":"https:\/\/mulheresacesta.com.br\/wp-content\/uploads\/2023\/11\/Untitled-1.jpg","contentUrl":"https:\/\/mulheresacesta.com.br\/wp-content\/uploads\/2023\/11\/Untitled-1.jpg","width":1580,"height":890},{"@type":"BreadcrumbList","@id":"https:\/\/mulheresacesta.com.br\/en\/2023\/11\/a-selecao-brasileira-feminina-segue-em-acao-apos-o-bicampeonato-nos-jogos-pan-americanos\/#breadcrumb","itemListElement":[{"@type":"ListItem","position":1,"name":"In\u00edcio","item":"https:\/\/mulheresacesta.com.br\/"},{"@type":"ListItem","position":2,"name":"A Sele\u00e7\u00e3o Brasileira feminina segue em a\u00e7\u00e3o ap\u00f3s o bicampeonato nos Jogos Pan-Americanos."}]},{"@type":"WebSite","@id":"https:\/\/mulheresacesta.com.br\/en\/#website","url":"https:\/\/mulheresacesta.com.br\/en\/","name":"Mulheres \u00e0 Cesta","description":"","publisher":{"@id":"https:\/\/mulheresacesta.com.br\/en\/#organization"},"potentialAction":[{"@type":"SearchAction","target":{"@type":"EntryPoint","urlTemplate":"https:\/\/mulheresacesta.com.br\/en\/?s={search_term_string}"},"query-input":{"@type":"PropertyValueSpecification","valueRequired":true,"valueName":"search_term_string"}}],"inLanguage":"en-US"},{"@type":"Organization","@id":"https:\/\/mulheresacesta.com.br\/en\/#organization","name":"Mulheres \u00e0 Cesta","url":"https:\/\/mulheresacesta.com.br\/en\/","logo":{"@type":"ImageObject","inLanguage":"en-US","@id":"https:\/\/mulheresacesta.com.br\/en\/#\/schema\/logo\/image\/","url":"https:\/\/mulheresacesta.com.br\/wp-content\/uploads\/2020\/10\/mulheres-a-cesta.jpg","contentUrl":"https:\/\/mulheresacesta.com.br\/wp-content\/uploads\/2020\/10\/mulheres-a-cesta.jpg","width":400,"height":300,"caption":"Mulheres \u00e0 Cesta"},"image":{"@id":"https:\/\/mulheresacesta.com.br\/en\/#\/schema\/logo\/image\/"}},{"@type":"Person","@id":"https:\/\/mulheresacesta.com.br\/en\/#\/schema\/person\/11ebd3af76a9fcb3d26c815924faac42","name":"mulheres","sameAs":["http:\/\/localhost\/mulheresacesta"],"url":"https:\/\/mulheresacesta.com.br\/en\/author\/mulheres\/"}]}},"_links":{"self":[{"href":"https:\/\/mulheresacesta.com.br\/en\/wp-json\/wp\/v2\/posts\/4719","targetHints":{"allow":["GET"]}}],"collection":[{"href":"https:\/\/mulheresacesta.com.br\/en\/wp-json\/wp\/v2\/posts"}],"about":[{"href":"https:\/\/mulheresacesta.com.br\/en\/wp-json\/wp\/v2\/types\/post"}],"author":[{"embeddable":true,"href":"https:\/\/mulheresacesta.com.br\/en\/wp-json\/wp\/v2\/users\/1"}],"replies":[{"embeddable":true,"href":"https:\/\/mulheresacesta.com.br\/en\/wp-json\/wp\/v2\/comments?post=4719"}],"version-history":[{"count":3,"href":"https:\/\/mulheresacesta.com.br\/en\/wp-json\/wp\/v2\/posts\/4719\/revisions"}],"predecessor-version":[{"id":4723,"href":"https:\/\/mulheresacesta.com.br\/en\/wp-json\/wp\/v2\/posts\/4719\/revisions\/4723"}],"wp:featuredmedia":[{"embeddable":true,"href":"https:\/\/mulheresacesta.com.br\/en\/wp-json\/wp\/v2\/media\/4721"}],"wp:attachment":[{"href":"https:\/\/mulheresacesta.com.br\/en\/wp-json\/wp\/v2\/media?parent=4719"}],"wp:term":[{"taxonomy":"category","embeddable":true,"href":"https:\/\/mulheresacesta.com.br\/en\/wp-json\/wp\/v2\/categories?post=4719"},{"taxonomy":"post_tag","embeddable":true,"href":"https:\/\/mulheresacesta.com.br\/en\/wp-json\/wp\/v2\/tags?post=4719"}],"curies":[{"name":"wp","href":"https:\/\/api.w.org\/{rel}","templated":true}]}}