{"id":4738,"date":"2023-11-16T09:00:00","date_gmt":"2023-11-16T12:00:00","guid":{"rendered":"https:\/\/mulheresacesta.com.br\/?p=4738"},"modified":"2023-11-14T10:02:50","modified_gmt":"2023-11-14T13:02:50","slug":"a-luta-contra-o-racismo-no-basquete","status":"publish","type":"post","link":"https:\/\/mulheresacesta.com.br\/en\/2023\/11\/a-luta-contra-o-racismo-no-basquete\/","title":{"rendered":"A Luta Contra o Racismo no Basquete"},"content":{"rendered":"\n<p>Em quadra, as atletas tamb\u00e9m se tornam vozes influentes na conscientiza\u00e7\u00e3o e combate a discrimina\u00e7\u00e3o racial. Jogadoras como Maya Moore s\u00e3o exemplos do impacto que atletas podem ter na promo\u00e7\u00e3o da justi\u00e7a social. Moore, estrela da WNBA, interrompeu sua carreira para se dedicar \u00e0 reforma da justi\u00e7a criminal nos Estados Unidos e se tornou um s\u00edmbolo dentro e fora das quadras.<\/p>\n\n\n\n<p>O basquete de rua tamb\u00e9m desempenha um papel significativo nessa luta. Ao manter um di\u00e1logo forte com a cultura negra, o streetball transcende as fronteiras esportivas e incorpora elementos que refletem a diversidade. Mais do que um jogo nas ruas,&nbsp; \u00e9 um movimento que se alinha com a milit\u00e2ncia contra as desigualdades raciais e proporciona um espa\u00e7o em que as atletas podem reafirmar a import\u00e2ncia da igualdade e inclus\u00e3o no mundo do esporte.<\/p>\n\n\n\n<p>Seja nas quadras tradicionais ou nos espa\u00e7os urbanos, lutar contra o racismo \u00e9 fundamental para a promo\u00e7\u00e3o de um ambiente esportivo verdadeiramente igualit\u00e1rio.<\/p>\n","protected":false},"excerpt":{"rendered":"<p>Em quadra, as atletas tamb\u00e9m se tornam vozes influentes na conscientiza\u00e7\u00e3o e combate a discrimina\u00e7\u00e3o racial. Jogadoras como Maya Moore s\u00e3o exemplos do impacto que atletas podem ter na promo\u00e7\u00e3o da justi\u00e7a social. Moore, estrela da WNBA, interrompeu sua carreira para se dedicar \u00e0 reforma da justi\u00e7a criminal nos Estados Unidos e se tornou um [&hellip;]<\/p>\n","protected":false},"author":1,"featured_media":4745,"comment_status":"open","ping_status":"open","sticky":false,"template":"","format":"standard","meta":{"footnotes":""},"categories":[12],"tags":[],"class_list":["post-4738","post","type-post","status-publish","format-standard","has-post-thumbnail","hentry","category-blog"],"acf":[],"yoast_head":"<!-- This site is optimized with the Yoast SEO plugin v26.4 - https:\/\/yoast.com\/wordpress\/plugins\/seo\/ -->\n<title>A Luta Contra o Racismo no Basquete<\/title>\n<meta name=\"description\" content=\"Em quadra, as atletas tamb\u00e9m se tornam vozes influentes na conscientiza\u00e7\u00e3o e combate a discrimina\u00e7\u00e3o racial. Jogadoras como Maya Moore s\u00e3o exemplos do\" \/>\n<meta name=\"robots\" content=\"index, follow, max-snippet:-1, max-image-preview:large, max-video-preview:-1\" \/>\n<link rel=\"canonical\" href=\"https:\/\/mulheresacesta.com.br\/en\/2023\/11\/a-luta-contra-o-racismo-no-basquete\/\" \/>\n<meta property=\"og:locale\" content=\"en_US\" \/>\n<meta property=\"og:locale:alternate\" content=\"pt_BR\" \/>\n<meta property=\"og:type\" content=\"article\" \/>\n<meta property=\"og:title\" content=\"A Luta Contra o Racismo no Basquete\" \/>\n<meta property=\"og:description\" content=\"Em quadra, as atletas tamb\u00e9m se tornam vozes influentes na conscientiza\u00e7\u00e3o e combate a discrimina\u00e7\u00e3o racial. Jogadoras como Maya Moore s\u00e3o exemplos do\" \/>\n<meta property=\"og:url\" content=\"https:\/\/mulheresacesta.com.br\/en\/2023\/11\/a-luta-contra-o-racismo-no-basquete\/\" \/>\n<meta property=\"og:site_name\" content=\"Mulheres \u00e0 Cesta\" \/>\n<meta property=\"article:published_time\" content=\"2023-11-16T12:00:00+00:00\" \/>\n<meta property=\"og:image\" content=\"https:\/\/mulheresacesta.com.br\/wp-content\/uploads\/2023\/11\/O-projeto-Mulheres-a\u0300-Cesta-idealizado-por-Claudia-Guedes-historiadora-do-esporte-conta-com-a-edic\u0327a\u0303o-de-livro-e-book-e-do-documenta\u0301rio.-1080-x-1920-px-1080-x-1080-px-1580-x-890-px.png\" \/>\n\t<meta property=\"og:image:width\" content=\"1580\" \/>\n\t<meta property=\"og:image:height\" content=\"890\" \/>\n\t<meta property=\"og:image:type\" content=\"image\/png\" \/>\n<meta name=\"author\" content=\"mulheres\" \/>\n<meta name=\"twitter:card\" content=\"summary_large_image\" \/>\n<meta name=\"twitter:label1\" content=\"Written by\" \/>\n\t<meta name=\"twitter:data1\" content=\"mulheres\" \/>\n\t<meta name=\"twitter:label2\" content=\"Est. reading time\" \/>\n\t<meta name=\"twitter:data2\" content=\"1 minute\" \/>\n<script type=\"application\/ld+json\" class=\"yoast-schema-graph\">{\"@context\":\"https:\/\/schema.org\",\"@graph\":[{\"@type\":\"Article\",\"@id\":\"https:\/\/mulheresacesta.com.br\/en\/2023\/11\/a-luta-contra-o-racismo-no-basquete\/#article\",\"isPartOf\":{\"@id\":\"https:\/\/mulheresacesta.com.br\/en\/2023\/11\/a-luta-contra-o-racismo-no-basquete\/\"},\"author\":{\"name\":\"mulheres\",\"@id\":\"https:\/\/mulheresacesta.com.br\/en\/#\/schema\/person\/11ebd3af76a9fcb3d26c815924faac42\"},\"headline\":\"A Luta Contra o Racismo no Basquete\",\"datePublished\":\"2023-11-16T12:00:00+00:00\",\"mainEntityOfPage\":{\"@id\":\"https:\/\/mulheresacesta.com.br\/en\/2023\/11\/a-luta-contra-o-racismo-no-basquete\/\"},\"wordCount\":181,\"commentCount\":0,\"publisher\":{\"@id\":\"https:\/\/mulheresacesta.com.br\/en\/#organization\"},\"image\":{\"@id\":\"https:\/\/mulheresacesta.com.br\/en\/2023\/11\/a-luta-contra-o-racismo-no-basquete\/#primaryimage\"},\"thumbnailUrl\":\"https:\/\/mulheresacesta.com.br\/wp-content\/uploads\/2023\/11\/O-projeto-Mulheres-a\u0300-Cesta-idealizado-por-Claudia-Guedes-historiadora-do-esporte-conta-com-a-edic\u0327a\u0303o-de-livro-e-book-e-do-documenta\u0301rio.-1080-x-1920-px-1080-x-1080-px-1580-x-890-px.png\",\"articleSection\":[\"Blog\"],\"inLanguage\":\"en-US\",\"potentialAction\":[{\"@type\":\"CommentAction\",\"name\":\"Comment\",\"target\":[\"https:\/\/mulheresacesta.com.br\/en\/2023\/11\/a-luta-contra-o-racismo-no-basquete\/#respond\"]}]},{\"@type\":\"WebPage\",\"@id\":\"https:\/\/mulheresacesta.com.br\/en\/2023\/11\/a-luta-contra-o-racismo-no-basquete\/\",\"url\":\"https:\/\/mulheresacesta.com.br\/en\/2023\/11\/a-luta-contra-o-racismo-no-basquete\/\",\"name\":\"A Luta Contra o Racismo no Basquete\",\"isPartOf\":{\"@id\":\"https:\/\/mulheresacesta.com.br\/en\/#website\"},\"primaryImageOfPage\":{\"@id\":\"https:\/\/mulheresacesta.com.br\/en\/2023\/11\/a-luta-contra-o-racismo-no-basquete\/#primaryimage\"},\"image\":{\"@id\":\"https:\/\/mulheresacesta.com.br\/en\/2023\/11\/a-luta-contra-o-racismo-no-basquete\/#primaryimage\"},\"thumbnailUrl\":\"https:\/\/mulheresacesta.com.br\/wp-content\/uploads\/2023\/11\/O-projeto-Mulheres-a\u0300-Cesta-idealizado-por-Claudia-Guedes-historiadora-do-esporte-conta-com-a-edic\u0327a\u0303o-de-livro-e-book-e-do-documenta\u0301rio.-1080-x-1920-px-1080-x-1080-px-1580-x-890-px.png\",\"datePublished\":\"2023-11-16T12:00:00+00:00\",\"description\":\"Em quadra, as atletas tamb\u00e9m se tornam vozes influentes na conscientiza\u00e7\u00e3o e combate a discrimina\u00e7\u00e3o racial. Jogadoras como Maya Moore s\u00e3o exemplos do\",\"breadcrumb\":{\"@id\":\"https:\/\/mulheresacesta.com.br\/en\/2023\/11\/a-luta-contra-o-racismo-no-basquete\/#breadcrumb\"},\"inLanguage\":\"en-US\",\"potentialAction\":[{\"@type\":\"ReadAction\",\"target\":[\"https:\/\/mulheresacesta.com.br\/en\/2023\/11\/a-luta-contra-o-racismo-no-basquete\/\"]}]},{\"@type\":\"ImageObject\",\"inLanguage\":\"en-US\",\"@id\":\"https:\/\/mulheresacesta.com.br\/en\/2023\/11\/a-luta-contra-o-racismo-no-basquete\/#primaryimage\",\"url\":\"https:\/\/mulheresacesta.com.br\/wp-content\/uploads\/2023\/11\/O-projeto-Mulheres-a\u0300-Cesta-idealizado-por-Claudia-Guedes-historiadora-do-esporte-conta-com-a-edic\u0327a\u0303o-de-livro-e-book-e-do-documenta\u0301rio.-1080-x-1920-px-1080-x-1080-px-1580-x-890-px.png\",\"contentUrl\":\"https:\/\/mulheresacesta.com.br\/wp-content\/uploads\/2023\/11\/O-projeto-Mulheres-a\u0300-Cesta-idealizado-por-Claudia-Guedes-historiadora-do-esporte-conta-com-a-edic\u0327a\u0303o-de-livro-e-book-e-do-documenta\u0301rio.-1080-x-1920-px-1080-x-1080-px-1580-x-890-px.png\",\"width\":1580,\"height\":890},{\"@type\":\"BreadcrumbList\",\"@id\":\"https:\/\/mulheresacesta.com.br\/en\/2023\/11\/a-luta-contra-o-racismo-no-basquete\/#breadcrumb\",\"itemListElement\":[{\"@type\":\"ListItem\",\"position\":1,\"name\":\"In\u00edcio\",\"item\":\"https:\/\/mulheresacesta.com.br\/\"},{\"@type\":\"ListItem\",\"position\":2,\"name\":\"A Luta Contra o Racismo no Basquete\"}]},{\"@type\":\"WebSite\",\"@id\":\"https:\/\/mulheresacesta.com.br\/en\/#website\",\"url\":\"https:\/\/mulheresacesta.com.br\/en\/\",\"name\":\"Mulheres \u00e0 Cesta\",\"description\":\"\",\"publisher\":{\"@id\":\"https:\/\/mulheresacesta.com.br\/en\/#organization\"},\"potentialAction\":[{\"@type\":\"SearchAction\",\"target\":{\"@type\":\"EntryPoint\",\"urlTemplate\":\"https:\/\/mulheresacesta.com.br\/en\/?s={search_term_string}\"},\"query-input\":{\"@type\":\"PropertyValueSpecification\",\"valueRequired\":true,\"valueName\":\"search_term_string\"}}],\"inLanguage\":\"en-US\"},{\"@type\":\"Organization\",\"@id\":\"https:\/\/mulheresacesta.com.br\/en\/#organization\",\"name\":\"Mulheres \u00e0 Cesta\",\"url\":\"https:\/\/mulheresacesta.com.br\/en\/\",\"logo\":{\"@type\":\"ImageObject\",\"inLanguage\":\"en-US\",\"@id\":\"https:\/\/mulheresacesta.com.br\/en\/#\/schema\/logo\/image\/\",\"url\":\"https:\/\/mulheresacesta.com.br\/wp-content\/uploads\/2020\/10\/mulheres-a-cesta.jpg\",\"contentUrl\":\"https:\/\/mulheresacesta.com.br\/wp-content\/uploads\/2020\/10\/mulheres-a-cesta.jpg\",\"width\":400,\"height\":300,\"caption\":\"Mulheres \u00e0 Cesta\"},\"image\":{\"@id\":\"https:\/\/mulheresacesta.com.br\/en\/#\/schema\/logo\/image\/\"}},{\"@type\":\"Person\",\"@id\":\"https:\/\/mulheresacesta.com.br\/en\/#\/schema\/person\/11ebd3af76a9fcb3d26c815924faac42\",\"name\":\"mulheres\",\"sameAs\":[\"http:\/\/localhost\/mulheresacesta\"],\"url\":\"https:\/\/mulheresacesta.com.br\/en\/author\/mulheres\/\"}]}<\/script>\n<!-- \/ Yoast SEO plugin. -->","yoast_head_json":{"title":"A Luta Contra o Racismo no Basquete","description":"Em quadra, as atletas tamb\u00e9m se tornam vozes influentes na conscientiza\u00e7\u00e3o e combate a discrimina\u00e7\u00e3o racial. Jogadoras como Maya Moore s\u00e3o exemplos do","robots":{"index":"index","follow":"follow","max-snippet":"max-snippet:-1","max-image-preview":"max-image-preview:large","max-video-preview":"max-video-preview:-1"},"canonical":"https:\/\/mulheresacesta.com.br\/en\/2023\/11\/a-luta-contra-o-racismo-no-basquete\/","og_locale":"en_US","og_type":"article","og_title":"[:pt]A Luta Contra o Racismo no Basquete[:] - Mulheres \u00e0 Cesta","og_description":"Em quadra, as atletas tamb\u00e9m se tornam vozes influentes na conscientiza\u00e7\u00e3o e combate a discrimina\u00e7\u00e3o racial. Jogadoras como Maya Moore s\u00e3o exemplos do","og_url":"https:\/\/mulheresacesta.com.br\/en\/2023\/11\/a-luta-contra-o-racismo-no-basquete\/","og_site_name":"Mulheres \u00e0 Cesta","article_published_time":"2023-11-16T12:00:00+00:00","og_image":[{"width":1580,"height":890,"url":"https:\/\/mulheresacesta.com.br\/wp-content\/uploads\/2023\/11\/O-projeto-Mulheres-a\u0300-Cesta-idealizado-por-Claudia-Guedes-historiadora-do-esporte-conta-com-a-edic\u0327a\u0303o-de-livro-e-book-e-do-documenta\u0301rio.-1080-x-1920-px-1080-x-1080-px-1580-x-890-px.png","type":"image\/png"}],"author":"mulheres","twitter_card":"summary_large_image","twitter_misc":{"Written by":"mulheres","Est. reading time":"1 minute"},"schema":{"@context":"https:\/\/schema.org","@graph":[{"@type":"Article","@id":"https:\/\/mulheresacesta.com.br\/en\/2023\/11\/a-luta-contra-o-racismo-no-basquete\/#article","isPartOf":{"@id":"https:\/\/mulheresacesta.com.br\/en\/2023\/11\/a-luta-contra-o-racismo-no-basquete\/"},"author":{"name":"mulheres","@id":"https:\/\/mulheresacesta.com.br\/en\/#\/schema\/person\/11ebd3af76a9fcb3d26c815924faac42"},"headline":"A Luta Contra o Racismo no Basquete","datePublished":"2023-11-16T12:00:00+00:00","mainEntityOfPage":{"@id":"https:\/\/mulheresacesta.com.br\/en\/2023\/11\/a-luta-contra-o-racismo-no-basquete\/"},"wordCount":181,"commentCount":0,"publisher":{"@id":"https:\/\/mulheresacesta.com.br\/en\/#organization"},"image":{"@id":"https:\/\/mulheresacesta.com.br\/en\/2023\/11\/a-luta-contra-o-racismo-no-basquete\/#primaryimage"},"thumbnailUrl":"https:\/\/mulheresacesta.com.br\/wp-content\/uploads\/2023\/11\/O-projeto-Mulheres-a\u0300-Cesta-idealizado-por-Claudia-Guedes-historiadora-do-esporte-conta-com-a-edic\u0327a\u0303o-de-livro-e-book-e-do-documenta\u0301rio.-1080-x-1920-px-1080-x-1080-px-1580-x-890-px.png","articleSection":["Blog"],"inLanguage":"en-US","potentialAction":[{"@type":"CommentAction","name":"Comment","target":["https:\/\/mulheresacesta.com.br\/en\/2023\/11\/a-luta-contra-o-racismo-no-basquete\/#respond"]}]},{"@type":"WebPage","@id":"https:\/\/mulheresacesta.com.br\/en\/2023\/11\/a-luta-contra-o-racismo-no-basquete\/","url":"https:\/\/mulheresacesta.com.br\/en\/2023\/11\/a-luta-contra-o-racismo-no-basquete\/","name":"A Luta Contra o Racismo no Basquete","isPartOf":{"@id":"https:\/\/mulheresacesta.com.br\/en\/#website"},"primaryImageOfPage":{"@id":"https:\/\/mulheresacesta.com.br\/en\/2023\/11\/a-luta-contra-o-racismo-no-basquete\/#primaryimage"},"image":{"@id":"https:\/\/mulheresacesta.com.br\/en\/2023\/11\/a-luta-contra-o-racismo-no-basquete\/#primaryimage"},"thumbnailUrl":"https:\/\/mulheresacesta.com.br\/wp-content\/uploads\/2023\/11\/O-projeto-Mulheres-a\u0300-Cesta-idealizado-por-Claudia-Guedes-historiadora-do-esporte-conta-com-a-edic\u0327a\u0303o-de-livro-e-book-e-do-documenta\u0301rio.-1080-x-1920-px-1080-x-1080-px-1580-x-890-px.png","datePublished":"2023-11-16T12:00:00+00:00","description":"Em quadra, as atletas tamb\u00e9m se tornam vozes influentes na conscientiza\u00e7\u00e3o e combate a discrimina\u00e7\u00e3o racial. Jogadoras como Maya Moore s\u00e3o exemplos do","breadcrumb":{"@id":"https:\/\/mulheresacesta.com.br\/en\/2023\/11\/a-luta-contra-o-racismo-no-basquete\/#breadcrumb"},"inLanguage":"en-US","potentialAction":[{"@type":"ReadAction","target":["https:\/\/mulheresacesta.com.br\/en\/2023\/11\/a-luta-contra-o-racismo-no-basquete\/"]}]},{"@type":"ImageObject","inLanguage":"en-US","@id":"https:\/\/mulheresacesta.com.br\/en\/2023\/11\/a-luta-contra-o-racismo-no-basquete\/#primaryimage","url":"https:\/\/mulheresacesta.com.br\/wp-content\/uploads\/2023\/11\/O-projeto-Mulheres-a\u0300-Cesta-idealizado-por-Claudia-Guedes-historiadora-do-esporte-conta-com-a-edic\u0327a\u0303o-de-livro-e-book-e-do-documenta\u0301rio.-1080-x-1920-px-1080-x-1080-px-1580-x-890-px.png","contentUrl":"https:\/\/mulheresacesta.com.br\/wp-content\/uploads\/2023\/11\/O-projeto-Mulheres-a\u0300-Cesta-idealizado-por-Claudia-Guedes-historiadora-do-esporte-conta-com-a-edic\u0327a\u0303o-de-livro-e-book-e-do-documenta\u0301rio.-1080-x-1920-px-1080-x-1080-px-1580-x-890-px.png","width":1580,"height":890},{"@type":"BreadcrumbList","@id":"https:\/\/mulheresacesta.com.br\/en\/2023\/11\/a-luta-contra-o-racismo-no-basquete\/#breadcrumb","itemListElement":[{"@type":"ListItem","position":1,"name":"In\u00edcio","item":"https:\/\/mulheresacesta.com.br\/"},{"@type":"ListItem","position":2,"name":"A Luta Contra o Racismo no Basquete"}]},{"@type":"WebSite","@id":"https:\/\/mulheresacesta.com.br\/en\/#website","url":"https:\/\/mulheresacesta.com.br\/en\/","name":"Mulheres \u00e0 Cesta","description":"","publisher":{"@id":"https:\/\/mulheresacesta.com.br\/en\/#organization"},"potentialAction":[{"@type":"SearchAction","target":{"@type":"EntryPoint","urlTemplate":"https:\/\/mulheresacesta.com.br\/en\/?s={search_term_string}"},"query-input":{"@type":"PropertyValueSpecification","valueRequired":true,"valueName":"search_term_string"}}],"inLanguage":"en-US"},{"@type":"Organization","@id":"https:\/\/mulheresacesta.com.br\/en\/#organization","name":"Mulheres \u00e0 Cesta","url":"https:\/\/mulheresacesta.com.br\/en\/","logo":{"@type":"ImageObject","inLanguage":"en-US","@id":"https:\/\/mulheresacesta.com.br\/en\/#\/schema\/logo\/image\/","url":"https:\/\/mulheresacesta.com.br\/wp-content\/uploads\/2020\/10\/mulheres-a-cesta.jpg","contentUrl":"https:\/\/mulheresacesta.com.br\/wp-content\/uploads\/2020\/10\/mulheres-a-cesta.jpg","width":400,"height":300,"caption":"Mulheres \u00e0 Cesta"},"image":{"@id":"https:\/\/mulheresacesta.com.br\/en\/#\/schema\/logo\/image\/"}},{"@type":"Person","@id":"https:\/\/mulheresacesta.com.br\/en\/#\/schema\/person\/11ebd3af76a9fcb3d26c815924faac42","name":"mulheres","sameAs":["http:\/\/localhost\/mulheresacesta"],"url":"https:\/\/mulheresacesta.com.br\/en\/author\/mulheres\/"}]}},"_links":{"self":[{"href":"https:\/\/mulheresacesta.com.br\/en\/wp-json\/wp\/v2\/posts\/4738","targetHints":{"allow":["GET"]}}],"collection":[{"href":"https:\/\/mulheresacesta.com.br\/en\/wp-json\/wp\/v2\/posts"}],"about":[{"href":"https:\/\/mulheresacesta.com.br\/en\/wp-json\/wp\/v2\/types\/post"}],"author":[{"embeddable":true,"href":"https:\/\/mulheresacesta.com.br\/en\/wp-json\/wp\/v2\/users\/1"}],"replies":[{"embeddable":true,"href":"https:\/\/mulheresacesta.com.br\/en\/wp-json\/wp\/v2\/comments?post=4738"}],"version-history":[{"count":3,"href":"https:\/\/mulheresacesta.com.br\/en\/wp-json\/wp\/v2\/posts\/4738\/revisions"}],"predecessor-version":[{"id":4747,"href":"https:\/\/mulheresacesta.com.br\/en\/wp-json\/wp\/v2\/posts\/4738\/revisions\/4747"}],"wp:featuredmedia":[{"embeddable":true,"href":"https:\/\/mulheresacesta.com.br\/en\/wp-json\/wp\/v2\/media\/4745"}],"wp:attachment":[{"href":"https:\/\/mulheresacesta.com.br\/en\/wp-json\/wp\/v2\/media?parent=4738"}],"wp:term":[{"taxonomy":"category","embeddable":true,"href":"https:\/\/mulheresacesta.com.br\/en\/wp-json\/wp\/v2\/categories?post=4738"},{"taxonomy":"post_tag","embeddable":true,"href":"https:\/\/mulheresacesta.com.br\/en\/wp-json\/wp\/v2\/tags?post=4738"}],"curies":[{"name":"wp","href":"https:\/\/api.w.org\/{rel}","templated":true}]}}