{"id":4759,"date":"2023-11-24T09:00:00","date_gmt":"2023-11-24T12:00:00","guid":{"rendered":"https:\/\/mulheresacesta.com.br\/?p=4759"},"modified":"2023-11-21T17:24:43","modified_gmt":"2023-11-21T20:24:43","slug":"a-equipe-da-selecao-brasileira-feminina-sub-17-esta-confirmada-para-o-sul-americano-da-categoria-em-bucaramanga-colombia","status":"publish","type":"post","link":"https:\/\/mulheresacesta.com.br\/en\/2023\/11\/a-equipe-da-selecao-brasileira-feminina-sub-17-esta-confirmada-para-o-sul-americano-da-categoria-em-bucaramanga-colombia\/","title":{"rendered":"A equipe da Sele\u00e7\u00e3o Brasileira Feminina Sub-17 est\u00e1 confirmada para o Sul-Americano da categoria em Bucaramanga, Col\u00f4mbia"},"content":{"rendered":"\n<p>O Sul-Americano acontece de 26 de novembro a 2 de dezembro. Al\u00e9m da busca pelo t\u00edtulo, o torneio oferece tr\u00eas vagas para a Copa Am\u00e9rica Sub-18 de 2024. A lideran\u00e7a t\u00e9cnica ser\u00e1 do treinador Jo\u00e3o Camargo, campe\u00e3o da LBF e respons\u00e1vel pelo ouro do Pan de Santiago 2023.<\/p>\n\n\n\n<p>O Brasil integra o Grupo B, competindo com Uruguai, Paraguai e Argentina. Do outro lado, est\u00e3o Equador, Chile, Col\u00f4mbia, Venezuela e Bol\u00edvia. As equipes enfrentam advers\u00e1rios dentro de seus grupos, com as duas melhores avan\u00e7ando para as semifinais.<\/p>\n\n\n\n<p>Todos os jogos ser\u00e3o transmitidos ao vivo no YouTube da FIBA. A estreia do Brasil acontece em 27 de novembro contra o Uruguai, \u00e0s 15h30. No dia 29, enfrentam o Paraguai \u00e0s 13h, e encerram a primeira fase em 30 de novembro contra a Argentina, \u00e0s 15h30.<\/p>\n\n\n\n<p><strong>Convoca\u00e7\u00e3o &#8211; Sele\u00e7\u00e3o Feminina Sub-17<\/strong><\/p>\n\n\n\n<p>Alexia Dagba &#8211; SESI Araraquara<br>Clara Pestilho &#8211; Bax Catanduva<br>Izabella Chamorro &#8211; Bax Catanduva<br>Manuella Alves &#8211; Central Pointe Academy<br>Maria Clara Soares &#8211; Mampituba<br>Maria Vit\u00f3ria da Silva &#8211; Mampituba<br>Micaela Cavalcanti &#8211; Bradesco Esportes e Educa\u00e7\u00e3o<br>Mikaelly Iasmin &#8211; Bax Catanduva<br>Nicolly Sanches &#8211; ABAPI Itatiba<br>Sara Martins &#8211; Indians Tup\u00e3<br>Sofia Moschen &#8211; Bradesco Esportes e Educa\u00e7\u00e3o<br>Sther Ubaka &#8211; Bradesco Esportes e Educa\u00e7\u00e3o<\/p>\n\n\n\n<p><strong>Comiss\u00e3o T\u00e9cnica<\/strong><br>Jo\u00e3o Camargo &#8211; Treinador<br>Luciana Thomazini &#8211; Auxiliar t\u00e9cnica<br>Giovana Romano &#8211; L\u00edder Operacional<br>F\u00e1bio Miliquini &#8211; Preparador F\u00edsico<br>Gabriela Frangi &#8211; M\u00e9dica<br>Joana Ribeiro &#8211; Fisioterapeuta<br>Manoella Marques &#8211; Psic\u00f3loga<\/p>\n\n\n\n<p><strong>Fonte:&nbsp;<\/strong><a>Assessoria CBB<\/a><\/p>\n","protected":false},"excerpt":{"rendered":"<p>O Sul-Americano acontece de 26 de novembro a 2 de dezembro. Al\u00e9m da busca pelo t\u00edtulo, o torneio oferece tr\u00eas vagas para a Copa Am\u00e9rica Sub-18 de 2024. A lideran\u00e7a t\u00e9cnica ser\u00e1 do treinador Jo\u00e3o Camargo, campe\u00e3o da LBF e respons\u00e1vel pelo ouro do Pan de Santiago 2023. O Brasil integra o Grupo B, competindo [&hellip;]<\/p>\n","protected":false},"author":1,"featured_media":4760,"comment_status":"open","ping_status":"open","sticky":false,"template":"","format":"standard","meta":{"footnotes":""},"categories":[12],"tags":[],"class_list":["post-4759","post","type-post","status-publish","format-standard","has-post-thumbnail","hentry","category-blog"],"acf":[],"yoast_head":"<!-- This site is optimized with the Yoast SEO plugin v26.4 - https:\/\/yoast.com\/wordpress\/plugins\/seo\/ -->\n<title>A equipe da Sele\u00e7\u00e3o Brasileira Feminina Sub-17 est\u00e1 confirmada para o Sul-Americano da categoria em Bucaramanga, Col\u00f4mbia<\/title>\n<meta name=\"description\" content=\"O Sul-Americano acontece de 26 de novembro a 2 de dezembro. Al\u00e9m da busca pelo t\u00edtulo, o torneio oferece tr\u00eas vagas para a Copa Am\u00e9rica Sub-18 de 2024. A\" \/>\n<meta name=\"robots\" content=\"index, follow, max-snippet:-1, max-image-preview:large, max-video-preview:-1\" \/>\n<link rel=\"canonical\" href=\"https:\/\/mulheresacesta.com.br\/en\/2023\/11\/a-equipe-da-selecao-brasileira-feminina-sub-17-esta-confirmada-para-o-sul-americano-da-categoria-em-bucaramanga-colombia\/\" \/>\n<meta property=\"og:locale\" content=\"en_US\" \/>\n<meta property=\"og:locale:alternate\" content=\"pt_BR\" \/>\n<meta property=\"og:type\" content=\"article\" \/>\n<meta property=\"og:title\" content=\"A equipe da Sele\u00e7\u00e3o Brasileira Feminina Sub-17 est\u00e1 confirmada para o Sul-Americano da categoria em Bucaramanga, Col\u00f4mbia\" \/>\n<meta property=\"og:description\" content=\"O Sul-Americano acontece de 26 de novembro a 2 de dezembro. Al\u00e9m da busca pelo t\u00edtulo, o torneio oferece tr\u00eas vagas para a Copa Am\u00e9rica Sub-18 de 2024. A\" \/>\n<meta property=\"og:url\" content=\"https:\/\/mulheresacesta.com.br\/en\/2023\/11\/a-equipe-da-selecao-brasileira-feminina-sub-17-esta-confirmada-para-o-sul-americano-da-categoria-em-bucaramanga-colombia\/\" \/>\n<meta property=\"og:site_name\" content=\"Mulheres \u00e0 Cesta\" \/>\n<meta property=\"article:published_time\" content=\"2023-11-24T12:00:00+00:00\" \/>\n<meta property=\"og:image\" content=\"https:\/\/mulheresacesta.com.br\/wp-content\/uploads\/2023\/11\/noti\u0301cias-CBB-1580-x-890-px-4.png\" \/>\n\t<meta property=\"og:image:width\" content=\"1580\" \/>\n\t<meta property=\"og:image:height\" content=\"890\" \/>\n\t<meta property=\"og:image:type\" content=\"image\/png\" \/>\n<meta name=\"author\" content=\"mulheres\" \/>\n<meta name=\"twitter:card\" content=\"summary_large_image\" \/>\n<meta name=\"twitter:label1\" content=\"Written by\" \/>\n\t<meta name=\"twitter:data1\" content=\"mulheres\" \/>\n\t<meta name=\"twitter:label2\" content=\"Est. reading time\" \/>\n\t<meta name=\"twitter:data2\" content=\"1 minute\" \/>\n<script type=\"application\/ld+json\" class=\"yoast-schema-graph\">{\"@context\":\"https:\/\/schema.org\",\"@graph\":[{\"@type\":\"Article\",\"@id\":\"https:\/\/mulheresacesta.com.br\/en\/2023\/11\/a-equipe-da-selecao-brasileira-feminina-sub-17-esta-confirmada-para-o-sul-americano-da-categoria-em-bucaramanga-colombia\/#article\",\"isPartOf\":{\"@id\":\"https:\/\/mulheresacesta.com.br\/en\/2023\/11\/a-equipe-da-selecao-brasileira-feminina-sub-17-esta-confirmada-para-o-sul-americano-da-categoria-em-bucaramanga-colombia\/\"},\"author\":{\"name\":\"mulheres\",\"@id\":\"https:\/\/mulheresacesta.com.br\/en\/#\/schema\/person\/11ebd3af76a9fcb3d26c815924faac42\"},\"headline\":\"A equipe da Sele\u00e7\u00e3o Brasileira Feminina Sub-17 est\u00e1 confirmada para o Sul-Americano da categoria em Bucaramanga, Col\u00f4mbia\",\"datePublished\":\"2023-11-24T12:00:00+00:00\",\"mainEntityOfPage\":{\"@id\":\"https:\/\/mulheresacesta.com.br\/en\/2023\/11\/a-equipe-da-selecao-brasileira-feminina-sub-17-esta-confirmada-para-o-sul-americano-da-categoria-em-bucaramanga-colombia\/\"},\"wordCount\":271,\"commentCount\":0,\"publisher\":{\"@id\":\"https:\/\/mulheresacesta.com.br\/en\/#organization\"},\"image\":{\"@id\":\"https:\/\/mulheresacesta.com.br\/en\/2023\/11\/a-equipe-da-selecao-brasileira-feminina-sub-17-esta-confirmada-para-o-sul-americano-da-categoria-em-bucaramanga-colombia\/#primaryimage\"},\"thumbnailUrl\":\"https:\/\/mulheresacesta.com.br\/wp-content\/uploads\/2023\/11\/noti\u0301cias-CBB-1580-x-890-px-4.png\",\"articleSection\":[\"Blog\"],\"inLanguage\":\"en-US\",\"potentialAction\":[{\"@type\":\"CommentAction\",\"name\":\"Comment\",\"target\":[\"https:\/\/mulheresacesta.com.br\/en\/2023\/11\/a-equipe-da-selecao-brasileira-feminina-sub-17-esta-confirmada-para-o-sul-americano-da-categoria-em-bucaramanga-colombia\/#respond\"]}]},{\"@type\":\"WebPage\",\"@id\":\"https:\/\/mulheresacesta.com.br\/en\/2023\/11\/a-equipe-da-selecao-brasileira-feminina-sub-17-esta-confirmada-para-o-sul-americano-da-categoria-em-bucaramanga-colombia\/\",\"url\":\"https:\/\/mulheresacesta.com.br\/en\/2023\/11\/a-equipe-da-selecao-brasileira-feminina-sub-17-esta-confirmada-para-o-sul-americano-da-categoria-em-bucaramanga-colombia\/\",\"name\":\"A equipe da Sele\u00e7\u00e3o Brasileira Feminina Sub-17 est\u00e1 confirmada para o Sul-Americano da categoria em Bucaramanga, Col\u00f4mbia\",\"isPartOf\":{\"@id\":\"https:\/\/mulheresacesta.com.br\/en\/#website\"},\"primaryImageOfPage\":{\"@id\":\"https:\/\/mulheresacesta.com.br\/en\/2023\/11\/a-equipe-da-selecao-brasileira-feminina-sub-17-esta-confirmada-para-o-sul-americano-da-categoria-em-bucaramanga-colombia\/#primaryimage\"},\"image\":{\"@id\":\"https:\/\/mulheresacesta.com.br\/en\/2023\/11\/a-equipe-da-selecao-brasileira-feminina-sub-17-esta-confirmada-para-o-sul-americano-da-categoria-em-bucaramanga-colombia\/#primaryimage\"},\"thumbnailUrl\":\"https:\/\/mulheresacesta.com.br\/wp-content\/uploads\/2023\/11\/noti\u0301cias-CBB-1580-x-890-px-4.png\",\"datePublished\":\"2023-11-24T12:00:00+00:00\",\"description\":\"O Sul-Americano acontece de 26 de novembro a 2 de dezembro. Al\u00e9m da busca pelo t\u00edtulo, o torneio oferece tr\u00eas vagas para a Copa Am\u00e9rica Sub-18 de 2024. A\",\"breadcrumb\":{\"@id\":\"https:\/\/mulheresacesta.com.br\/en\/2023\/11\/a-equipe-da-selecao-brasileira-feminina-sub-17-esta-confirmada-para-o-sul-americano-da-categoria-em-bucaramanga-colombia\/#breadcrumb\"},\"inLanguage\":\"en-US\",\"potentialAction\":[{\"@type\":\"ReadAction\",\"target\":[\"https:\/\/mulheresacesta.com.br\/en\/2023\/11\/a-equipe-da-selecao-brasileira-feminina-sub-17-esta-confirmada-para-o-sul-americano-da-categoria-em-bucaramanga-colombia\/\"]}]},{\"@type\":\"ImageObject\",\"inLanguage\":\"en-US\",\"@id\":\"https:\/\/mulheresacesta.com.br\/en\/2023\/11\/a-equipe-da-selecao-brasileira-feminina-sub-17-esta-confirmada-para-o-sul-americano-da-categoria-em-bucaramanga-colombia\/#primaryimage\",\"url\":\"https:\/\/mulheresacesta.com.br\/wp-content\/uploads\/2023\/11\/noti\u0301cias-CBB-1580-x-890-px-4.png\",\"contentUrl\":\"https:\/\/mulheresacesta.com.br\/wp-content\/uploads\/2023\/11\/noti\u0301cias-CBB-1580-x-890-px-4.png\",\"width\":1580,\"height\":890},{\"@type\":\"BreadcrumbList\",\"@id\":\"https:\/\/mulheresacesta.com.br\/en\/2023\/11\/a-equipe-da-selecao-brasileira-feminina-sub-17-esta-confirmada-para-o-sul-americano-da-categoria-em-bucaramanga-colombia\/#breadcrumb\",\"itemListElement\":[{\"@type\":\"ListItem\",\"position\":1,\"name\":\"In\u00edcio\",\"item\":\"https:\/\/mulheresacesta.com.br\/\"},{\"@type\":\"ListItem\",\"position\":2,\"name\":\"A equipe da Sele\u00e7\u00e3o Brasileira Feminina Sub-17 est\u00e1 confirmada para o Sul-Americano da categoria em Bucaramanga, Col\u00f4mbia\"}]},{\"@type\":\"WebSite\",\"@id\":\"https:\/\/mulheresacesta.com.br\/en\/#website\",\"url\":\"https:\/\/mulheresacesta.com.br\/en\/\",\"name\":\"Mulheres \u00e0 Cesta\",\"description\":\"\",\"publisher\":{\"@id\":\"https:\/\/mulheresacesta.com.br\/en\/#organization\"},\"potentialAction\":[{\"@type\":\"SearchAction\",\"target\":{\"@type\":\"EntryPoint\",\"urlTemplate\":\"https:\/\/mulheresacesta.com.br\/en\/?s={search_term_string}\"},\"query-input\":{\"@type\":\"PropertyValueSpecification\",\"valueRequired\":true,\"valueName\":\"search_term_string\"}}],\"inLanguage\":\"en-US\"},{\"@type\":\"Organization\",\"@id\":\"https:\/\/mulheresacesta.com.br\/en\/#organization\",\"name\":\"Mulheres \u00e0 Cesta\",\"url\":\"https:\/\/mulheresacesta.com.br\/en\/\",\"logo\":{\"@type\":\"ImageObject\",\"inLanguage\":\"en-US\",\"@id\":\"https:\/\/mulheresacesta.com.br\/en\/#\/schema\/logo\/image\/\",\"url\":\"https:\/\/mulheresacesta.com.br\/wp-content\/uploads\/2020\/10\/mulheres-a-cesta.jpg\",\"contentUrl\":\"https:\/\/mulheresacesta.com.br\/wp-content\/uploads\/2020\/10\/mulheres-a-cesta.jpg\",\"width\":400,\"height\":300,\"caption\":\"Mulheres \u00e0 Cesta\"},\"image\":{\"@id\":\"https:\/\/mulheresacesta.com.br\/en\/#\/schema\/logo\/image\/\"}},{\"@type\":\"Person\",\"@id\":\"https:\/\/mulheresacesta.com.br\/en\/#\/schema\/person\/11ebd3af76a9fcb3d26c815924faac42\",\"name\":\"mulheres\",\"sameAs\":[\"http:\/\/localhost\/mulheresacesta\"],\"url\":\"https:\/\/mulheresacesta.com.br\/en\/author\/mulheres\/\"}]}<\/script>\n<!-- \/ Yoast SEO plugin. -->","yoast_head_json":{"title":"A equipe da Sele\u00e7\u00e3o Brasileira Feminina Sub-17 est\u00e1 confirmada para o Sul-Americano da categoria em Bucaramanga, Col\u00f4mbia","description":"O Sul-Americano acontece de 26 de novembro a 2 de dezembro. Al\u00e9m da busca pelo t\u00edtulo, o torneio oferece tr\u00eas vagas para a Copa Am\u00e9rica Sub-18 de 2024. A","robots":{"index":"index","follow":"follow","max-snippet":"max-snippet:-1","max-image-preview":"max-image-preview:large","max-video-preview":"max-video-preview:-1"},"canonical":"https:\/\/mulheresacesta.com.br\/en\/2023\/11\/a-equipe-da-selecao-brasileira-feminina-sub-17-esta-confirmada-para-o-sul-americano-da-categoria-em-bucaramanga-colombia\/","og_locale":"en_US","og_type":"article","og_title":"[:pt]A equipe da Sele\u00e7\u00e3o Brasileira Feminina Sub-17 est\u00e1 confirmada para o Sul-Americano da categoria em Bucaramanga, Col\u00f4mbia[:] - Mulheres \u00e0 Cesta","og_description":"O Sul-Americano acontece de 26 de novembro a 2 de dezembro. Al\u00e9m da busca pelo t\u00edtulo, o torneio oferece tr\u00eas vagas para a Copa Am\u00e9rica Sub-18 de 2024. A","og_url":"https:\/\/mulheresacesta.com.br\/en\/2023\/11\/a-equipe-da-selecao-brasileira-feminina-sub-17-esta-confirmada-para-o-sul-americano-da-categoria-em-bucaramanga-colombia\/","og_site_name":"Mulheres \u00e0 Cesta","article_published_time":"2023-11-24T12:00:00+00:00","og_image":[{"width":1580,"height":890,"url":"https:\/\/mulheresacesta.com.br\/wp-content\/uploads\/2023\/11\/noti\u0301cias-CBB-1580-x-890-px-4.png","type":"image\/png"}],"author":"mulheres","twitter_card":"summary_large_image","twitter_misc":{"Written by":"mulheres","Est. reading time":"1 minute"},"schema":{"@context":"https:\/\/schema.org","@graph":[{"@type":"Article","@id":"https:\/\/mulheresacesta.com.br\/en\/2023\/11\/a-equipe-da-selecao-brasileira-feminina-sub-17-esta-confirmada-para-o-sul-americano-da-categoria-em-bucaramanga-colombia\/#article","isPartOf":{"@id":"https:\/\/mulheresacesta.com.br\/en\/2023\/11\/a-equipe-da-selecao-brasileira-feminina-sub-17-esta-confirmada-para-o-sul-americano-da-categoria-em-bucaramanga-colombia\/"},"author":{"name":"mulheres","@id":"https:\/\/mulheresacesta.com.br\/en\/#\/schema\/person\/11ebd3af76a9fcb3d26c815924faac42"},"headline":"A equipe da Sele\u00e7\u00e3o Brasileira Feminina Sub-17 est\u00e1 confirmada para o Sul-Americano da categoria em Bucaramanga, Col\u00f4mbia","datePublished":"2023-11-24T12:00:00+00:00","mainEntityOfPage":{"@id":"https:\/\/mulheresacesta.com.br\/en\/2023\/11\/a-equipe-da-selecao-brasileira-feminina-sub-17-esta-confirmada-para-o-sul-americano-da-categoria-em-bucaramanga-colombia\/"},"wordCount":271,"commentCount":0,"publisher":{"@id":"https:\/\/mulheresacesta.com.br\/en\/#organization"},"image":{"@id":"https:\/\/mulheresacesta.com.br\/en\/2023\/11\/a-equipe-da-selecao-brasileira-feminina-sub-17-esta-confirmada-para-o-sul-americano-da-categoria-em-bucaramanga-colombia\/#primaryimage"},"thumbnailUrl":"https:\/\/mulheresacesta.com.br\/wp-content\/uploads\/2023\/11\/noti\u0301cias-CBB-1580-x-890-px-4.png","articleSection":["Blog"],"inLanguage":"en-US","potentialAction":[{"@type":"CommentAction","name":"Comment","target":["https:\/\/mulheresacesta.com.br\/en\/2023\/11\/a-equipe-da-selecao-brasileira-feminina-sub-17-esta-confirmada-para-o-sul-americano-da-categoria-em-bucaramanga-colombia\/#respond"]}]},{"@type":"WebPage","@id":"https:\/\/mulheresacesta.com.br\/en\/2023\/11\/a-equipe-da-selecao-brasileira-feminina-sub-17-esta-confirmada-para-o-sul-americano-da-categoria-em-bucaramanga-colombia\/","url":"https:\/\/mulheresacesta.com.br\/en\/2023\/11\/a-equipe-da-selecao-brasileira-feminina-sub-17-esta-confirmada-para-o-sul-americano-da-categoria-em-bucaramanga-colombia\/","name":"A equipe da Sele\u00e7\u00e3o Brasileira Feminina Sub-17 est\u00e1 confirmada para o Sul-Americano da categoria em Bucaramanga, Col\u00f4mbia","isPartOf":{"@id":"https:\/\/mulheresacesta.com.br\/en\/#website"},"primaryImageOfPage":{"@id":"https:\/\/mulheresacesta.com.br\/en\/2023\/11\/a-equipe-da-selecao-brasileira-feminina-sub-17-esta-confirmada-para-o-sul-americano-da-categoria-em-bucaramanga-colombia\/#primaryimage"},"image":{"@id":"https:\/\/mulheresacesta.com.br\/en\/2023\/11\/a-equipe-da-selecao-brasileira-feminina-sub-17-esta-confirmada-para-o-sul-americano-da-categoria-em-bucaramanga-colombia\/#primaryimage"},"thumbnailUrl":"https:\/\/mulheresacesta.com.br\/wp-content\/uploads\/2023\/11\/noti\u0301cias-CBB-1580-x-890-px-4.png","datePublished":"2023-11-24T12:00:00+00:00","description":"O Sul-Americano acontece de 26 de novembro a 2 de dezembro. Al\u00e9m da busca pelo t\u00edtulo, o torneio oferece tr\u00eas vagas para a Copa Am\u00e9rica Sub-18 de 2024. A","breadcrumb":{"@id":"https:\/\/mulheresacesta.com.br\/en\/2023\/11\/a-equipe-da-selecao-brasileira-feminina-sub-17-esta-confirmada-para-o-sul-americano-da-categoria-em-bucaramanga-colombia\/#breadcrumb"},"inLanguage":"en-US","potentialAction":[{"@type":"ReadAction","target":["https:\/\/mulheresacesta.com.br\/en\/2023\/11\/a-equipe-da-selecao-brasileira-feminina-sub-17-esta-confirmada-para-o-sul-americano-da-categoria-em-bucaramanga-colombia\/"]}]},{"@type":"ImageObject","inLanguage":"en-US","@id":"https:\/\/mulheresacesta.com.br\/en\/2023\/11\/a-equipe-da-selecao-brasileira-feminina-sub-17-esta-confirmada-para-o-sul-americano-da-categoria-em-bucaramanga-colombia\/#primaryimage","url":"https:\/\/mulheresacesta.com.br\/wp-content\/uploads\/2023\/11\/noti\u0301cias-CBB-1580-x-890-px-4.png","contentUrl":"https:\/\/mulheresacesta.com.br\/wp-content\/uploads\/2023\/11\/noti\u0301cias-CBB-1580-x-890-px-4.png","width":1580,"height":890},{"@type":"BreadcrumbList","@id":"https:\/\/mulheresacesta.com.br\/en\/2023\/11\/a-equipe-da-selecao-brasileira-feminina-sub-17-esta-confirmada-para-o-sul-americano-da-categoria-em-bucaramanga-colombia\/#breadcrumb","itemListElement":[{"@type":"ListItem","position":1,"name":"In\u00edcio","item":"https:\/\/mulheresacesta.com.br\/"},{"@type":"ListItem","position":2,"name":"A equipe da Sele\u00e7\u00e3o Brasileira Feminina Sub-17 est\u00e1 confirmada para o Sul-Americano da categoria em Bucaramanga, Col\u00f4mbia"}]},{"@type":"WebSite","@id":"https:\/\/mulheresacesta.com.br\/en\/#website","url":"https:\/\/mulheresacesta.com.br\/en\/","name":"Mulheres \u00e0 Cesta","description":"","publisher":{"@id":"https:\/\/mulheresacesta.com.br\/en\/#organization"},"potentialAction":[{"@type":"SearchAction","target":{"@type":"EntryPoint","urlTemplate":"https:\/\/mulheresacesta.com.br\/en\/?s={search_term_string}"},"query-input":{"@type":"PropertyValueSpecification","valueRequired":true,"valueName":"search_term_string"}}],"inLanguage":"en-US"},{"@type":"Organization","@id":"https:\/\/mulheresacesta.com.br\/en\/#organization","name":"Mulheres \u00e0 Cesta","url":"https:\/\/mulheresacesta.com.br\/en\/","logo":{"@type":"ImageObject","inLanguage":"en-US","@id":"https:\/\/mulheresacesta.com.br\/en\/#\/schema\/logo\/image\/","url":"https:\/\/mulheresacesta.com.br\/wp-content\/uploads\/2020\/10\/mulheres-a-cesta.jpg","contentUrl":"https:\/\/mulheresacesta.com.br\/wp-content\/uploads\/2020\/10\/mulheres-a-cesta.jpg","width":400,"height":300,"caption":"Mulheres \u00e0 Cesta"},"image":{"@id":"https:\/\/mulheresacesta.com.br\/en\/#\/schema\/logo\/image\/"}},{"@type":"Person","@id":"https:\/\/mulheresacesta.com.br\/en\/#\/schema\/person\/11ebd3af76a9fcb3d26c815924faac42","name":"mulheres","sameAs":["http:\/\/localhost\/mulheresacesta"],"url":"https:\/\/mulheresacesta.com.br\/en\/author\/mulheres\/"}]}},"_links":{"self":[{"href":"https:\/\/mulheresacesta.com.br\/en\/wp-json\/wp\/v2\/posts\/4759","targetHints":{"allow":["GET"]}}],"collection":[{"href":"https:\/\/mulheresacesta.com.br\/en\/wp-json\/wp\/v2\/posts"}],"about":[{"href":"https:\/\/mulheresacesta.com.br\/en\/wp-json\/wp\/v2\/types\/post"}],"author":[{"embeddable":true,"href":"https:\/\/mulheresacesta.com.br\/en\/wp-json\/wp\/v2\/users\/1"}],"replies":[{"embeddable":true,"href":"https:\/\/mulheresacesta.com.br\/en\/wp-json\/wp\/v2\/comments?post=4759"}],"version-history":[{"count":1,"href":"https:\/\/mulheresacesta.com.br\/en\/wp-json\/wp\/v2\/posts\/4759\/revisions"}],"predecessor-version":[{"id":4761,"href":"https:\/\/mulheresacesta.com.br\/en\/wp-json\/wp\/v2\/posts\/4759\/revisions\/4761"}],"wp:featuredmedia":[{"embeddable":true,"href":"https:\/\/mulheresacesta.com.br\/en\/wp-json\/wp\/v2\/media\/4760"}],"wp:attachment":[{"href":"https:\/\/mulheresacesta.com.br\/en\/wp-json\/wp\/v2\/media?parent=4759"}],"wp:term":[{"taxonomy":"category","embeddable":true,"href":"https:\/\/mulheresacesta.com.br\/en\/wp-json\/wp\/v2\/categories?post=4759"},{"taxonomy":"post_tag","embeddable":true,"href":"https:\/\/mulheresacesta.com.br\/en\/wp-json\/wp\/v2\/tags?post=4759"}],"curies":[{"name":"wp","href":"https:\/\/api.w.org\/{rel}","templated":true}]}}