{"id":4816,"date":"2023-12-19T18:30:39","date_gmt":"2023-12-19T21:30:39","guid":{"rendered":"https:\/\/mulheresacesta.com.br\/?p=4816"},"modified":"2023-12-19T18:34:59","modified_gmt":"2023-12-19T21:34:59","slug":"a-selecao-brasileira-feminina-de-basquete-brilhou-na-noite-de-gala-do-esporte-olimpico-brasileiro","status":"publish","type":"post","link":"https:\/\/mulheresacesta.com.br\/en\/2023\/12\/a-selecao-brasileira-feminina-de-basquete-brilhou-na-noite-de-gala-do-esporte-olimpico-brasileiro\/","title":{"rendered":"A Sele\u00e7\u00e3o Brasileira Feminina de basquete brilhou na noite de gala do esporte ol\u00edmpico brasileiro"},"content":{"rendered":"\n<p>A noite de destaque no cen\u00e1rio esportivo brasileiro foi protagonizada pela Sele\u00e7\u00e3o Brasileira Feminina de basquete durante o Pr\u00eamio Brasil Ol\u00edmpico do Comit\u00ea Ol\u00edmpico Brasileiro. A equipe conquistou a honra de estar entre as indicadas ao trof\u00e9u de Equipe do Ano, alcan\u00e7ando a not\u00e1vel terceira posi\u00e7\u00e3o no veredito do j\u00fari. O t\u00edtulo, contudo, foi atribu\u00eddo ao v\u00f4lei feminino.<\/p>\n\n\n\n<p>No decorrer de 2023, a Sele\u00e7\u00e3o feminina de basquete demonstrou seu brilhantismo ao conquistar o t\u00edtulo da AmeriCupW no M\u00e9xico. Este feito proporcionou sua participa\u00e7\u00e3o direta no Pr\u00e9-Ol\u00edmpico Mundial. Al\u00e9m disso, a equipe sagrou-se novamente medalhista de ouro nos Jogos Pan-Americanos, desta vez em Santiago.<\/p>\n\n\n\n<p>A indica\u00e7\u00e3o ao trof\u00e9u \u00e9 um reflexo do not\u00e1vel trabalho realizado pela diretoria, atletas e comiss\u00e3o t\u00e9cnica do basquete feminino, conduzindo o Brasil ao Pr\u00e9-Ol\u00edmpico programado para ocorrer em Bel\u00e9m, em fevereiro do pr\u00f3ximo ano, com perspectivas promissoras de classifica\u00e7\u00e3o.<\/p>\n\n\n\n<p>Fonte: Assessoria CBB<\/p>\n","protected":false},"excerpt":{"rendered":"<p>A noite de destaque no cen\u00e1rio esportivo brasileiro foi protagonizada pela Sele\u00e7\u00e3o Brasileira Feminina de basquete durante o Pr\u00eamio Brasil Ol\u00edmpico do Comit\u00ea Ol\u00edmpico Brasileiro. A equipe conquistou a honra de estar entre as indicadas ao trof\u00e9u de Equipe do Ano, alcan\u00e7ando a not\u00e1vel terceira posi\u00e7\u00e3o no veredito do j\u00fari. O t\u00edtulo, contudo, foi atribu\u00eddo [&hellip;]<\/p>\n","protected":false},"author":1,"featured_media":4817,"comment_status":"open","ping_status":"open","sticky":false,"template":"","format":"standard","meta":{"footnotes":""},"categories":[12],"tags":[],"class_list":["post-4816","post","type-post","status-publish","format-standard","has-post-thumbnail","hentry","category-blog"],"acf":[],"yoast_head":"<!-- This site is optimized with the Yoast SEO plugin v26.4 - https:\/\/yoast.com\/wordpress\/plugins\/seo\/ -->\n<title>A Sele\u00e7\u00e3o Brasileira Feminina de basquete brilhou na noite de gala do esporte ol\u00edmpico brasileiro<\/title>\n<meta name=\"description\" content=\"A noite de destaque no cen\u00e1rio esportivo brasileiro foi protagonizada pela Sele\u00e7\u00e3o Brasileira Feminina de basquete durante o Pr\u00eamio Brasil Ol\u00edmpico do\" \/>\n<meta name=\"robots\" content=\"index, follow, max-snippet:-1, max-image-preview:large, max-video-preview:-1\" \/>\n<link rel=\"canonical\" href=\"https:\/\/mulheresacesta.com.br\/en\/2023\/12\/a-selecao-brasileira-feminina-de-basquete-brilhou-na-noite-de-gala-do-esporte-olimpico-brasileiro\/\" \/>\n<meta property=\"og:locale\" content=\"en_US\" \/>\n<meta property=\"og:locale:alternate\" content=\"pt_BR\" \/>\n<meta property=\"og:type\" content=\"article\" \/>\n<meta property=\"og:title\" content=\"A Sele\u00e7\u00e3o Brasileira Feminina de basquete brilhou na noite de gala do esporte ol\u00edmpico brasileiro\" \/>\n<meta property=\"og:description\" content=\"A noite de destaque no cen\u00e1rio esportivo brasileiro foi protagonizada pela Sele\u00e7\u00e3o Brasileira Feminina de basquete durante o Pr\u00eamio Brasil Ol\u00edmpico do\" \/>\n<meta property=\"og:url\" content=\"https:\/\/mulheresacesta.com.br\/en\/2023\/12\/a-selecao-brasileira-feminina-de-basquete-brilhou-na-noite-de-gala-do-esporte-olimpico-brasileiro\/\" \/>\n<meta property=\"og:site_name\" content=\"Mulheres \u00e0 Cesta\" \/>\n<meta property=\"article:published_time\" content=\"2023-12-19T21:30:39+00:00\" \/>\n<meta property=\"article:modified_time\" content=\"2023-12-19T21:34:59+00:00\" \/>\n<meta property=\"og:image\" content=\"https:\/\/mulheresacesta.com.br\/wp-content\/uploads\/2023\/12\/Conhec\u0327a-a-LDB-1580-x-890-px-1024x577.png\" \/>\n\t<meta property=\"og:image:width\" content=\"1024\" \/>\n\t<meta property=\"og:image:height\" content=\"577\" \/>\n\t<meta property=\"og:image:type\" content=\"image\/png\" \/>\n<meta name=\"author\" content=\"mulheres\" \/>\n<meta name=\"twitter:card\" content=\"summary_large_image\" \/>\n<meta name=\"twitter:label1\" content=\"Written by\" \/>\n\t<meta name=\"twitter:data1\" content=\"mulheres\" \/>\n\t<meta name=\"twitter:label2\" content=\"Est. reading time\" \/>\n\t<meta name=\"twitter:data2\" content=\"1 minute\" \/>\n<script type=\"application\/ld+json\" class=\"yoast-schema-graph\">{\"@context\":\"https:\/\/schema.org\",\"@graph\":[{\"@type\":\"Article\",\"@id\":\"https:\/\/mulheresacesta.com.br\/en\/2023\/12\/a-selecao-brasileira-feminina-de-basquete-brilhou-na-noite-de-gala-do-esporte-olimpico-brasileiro\/#article\",\"isPartOf\":{\"@id\":\"https:\/\/mulheresacesta.com.br\/en\/2023\/12\/a-selecao-brasileira-feminina-de-basquete-brilhou-na-noite-de-gala-do-esporte-olimpico-brasileiro\/\"},\"author\":{\"name\":\"mulheres\",\"@id\":\"https:\/\/mulheresacesta.com.br\/en\/#\/schema\/person\/11ebd3af76a9fcb3d26c815924faac42\"},\"headline\":\"A Sele\u00e7\u00e3o Brasileira Feminina de basquete brilhou na noite de gala do esporte ol\u00edmpico brasileiro\",\"datePublished\":\"2023-12-19T21:30:39+00:00\",\"dateModified\":\"2023-12-19T21:34:59+00:00\",\"mainEntityOfPage\":{\"@id\":\"https:\/\/mulheresacesta.com.br\/en\/2023\/12\/a-selecao-brasileira-feminina-de-basquete-brilhou-na-noite-de-gala-do-esporte-olimpico-brasileiro\/\"},\"wordCount\":193,\"commentCount\":0,\"publisher\":{\"@id\":\"https:\/\/mulheresacesta.com.br\/en\/#organization\"},\"image\":{\"@id\":\"https:\/\/mulheresacesta.com.br\/en\/2023\/12\/a-selecao-brasileira-feminina-de-basquete-brilhou-na-noite-de-gala-do-esporte-olimpico-brasileiro\/#primaryimage\"},\"thumbnailUrl\":\"https:\/\/mulheresacesta.com.br\/wp-content\/uploads\/2023\/12\/Conhec\u0327a-a-LDB-1580-x-890-px.png\",\"articleSection\":[\"Blog\"],\"inLanguage\":\"en-US\",\"potentialAction\":[{\"@type\":\"CommentAction\",\"name\":\"Comment\",\"target\":[\"https:\/\/mulheresacesta.com.br\/en\/2023\/12\/a-selecao-brasileira-feminina-de-basquete-brilhou-na-noite-de-gala-do-esporte-olimpico-brasileiro\/#respond\"]}]},{\"@type\":\"WebPage\",\"@id\":\"https:\/\/mulheresacesta.com.br\/en\/2023\/12\/a-selecao-brasileira-feminina-de-basquete-brilhou-na-noite-de-gala-do-esporte-olimpico-brasileiro\/\",\"url\":\"https:\/\/mulheresacesta.com.br\/en\/2023\/12\/a-selecao-brasileira-feminina-de-basquete-brilhou-na-noite-de-gala-do-esporte-olimpico-brasileiro\/\",\"name\":\"A Sele\u00e7\u00e3o Brasileira Feminina de basquete brilhou na noite de gala do esporte ol\u00edmpico brasileiro\",\"isPartOf\":{\"@id\":\"https:\/\/mulheresacesta.com.br\/en\/#website\"},\"primaryImageOfPage\":{\"@id\":\"https:\/\/mulheresacesta.com.br\/en\/2023\/12\/a-selecao-brasileira-feminina-de-basquete-brilhou-na-noite-de-gala-do-esporte-olimpico-brasileiro\/#primaryimage\"},\"image\":{\"@id\":\"https:\/\/mulheresacesta.com.br\/en\/2023\/12\/a-selecao-brasileira-feminina-de-basquete-brilhou-na-noite-de-gala-do-esporte-olimpico-brasileiro\/#primaryimage\"},\"thumbnailUrl\":\"https:\/\/mulheresacesta.com.br\/wp-content\/uploads\/2023\/12\/Conhec\u0327a-a-LDB-1580-x-890-px.png\",\"datePublished\":\"2023-12-19T21:30:39+00:00\",\"dateModified\":\"2023-12-19T21:34:59+00:00\",\"description\":\"A noite de destaque no cen\u00e1rio esportivo brasileiro foi protagonizada pela Sele\u00e7\u00e3o Brasileira Feminina de basquete durante o Pr\u00eamio Brasil Ol\u00edmpico do\",\"breadcrumb\":{\"@id\":\"https:\/\/mulheresacesta.com.br\/en\/2023\/12\/a-selecao-brasileira-feminina-de-basquete-brilhou-na-noite-de-gala-do-esporte-olimpico-brasileiro\/#breadcrumb\"},\"inLanguage\":\"en-US\",\"potentialAction\":[{\"@type\":\"ReadAction\",\"target\":[\"https:\/\/mulheresacesta.com.br\/en\/2023\/12\/a-selecao-brasileira-feminina-de-basquete-brilhou-na-noite-de-gala-do-esporte-olimpico-brasileiro\/\"]}]},{\"@type\":\"ImageObject\",\"inLanguage\":\"en-US\",\"@id\":\"https:\/\/mulheresacesta.com.br\/en\/2023\/12\/a-selecao-brasileira-feminina-de-basquete-brilhou-na-noite-de-gala-do-esporte-olimpico-brasileiro\/#primaryimage\",\"url\":\"https:\/\/mulheresacesta.com.br\/wp-content\/uploads\/2023\/12\/Conhec\u0327a-a-LDB-1580-x-890-px.png\",\"contentUrl\":\"https:\/\/mulheresacesta.com.br\/wp-content\/uploads\/2023\/12\/Conhec\u0327a-a-LDB-1580-x-890-px.png\",\"width\":1580,\"height\":890},{\"@type\":\"BreadcrumbList\",\"@id\":\"https:\/\/mulheresacesta.com.br\/en\/2023\/12\/a-selecao-brasileira-feminina-de-basquete-brilhou-na-noite-de-gala-do-esporte-olimpico-brasileiro\/#breadcrumb\",\"itemListElement\":[{\"@type\":\"ListItem\",\"position\":1,\"name\":\"In\u00edcio\",\"item\":\"https:\/\/mulheresacesta.com.br\/\"},{\"@type\":\"ListItem\",\"position\":2,\"name\":\"A Sele\u00e7\u00e3o Brasileira Feminina de basquete brilhou na noite de gala do esporte ol\u00edmpico brasileiro\"}]},{\"@type\":\"WebSite\",\"@id\":\"https:\/\/mulheresacesta.com.br\/en\/#website\",\"url\":\"https:\/\/mulheresacesta.com.br\/en\/\",\"name\":\"Mulheres \u00e0 Cesta\",\"description\":\"\",\"publisher\":{\"@id\":\"https:\/\/mulheresacesta.com.br\/en\/#organization\"},\"potentialAction\":[{\"@type\":\"SearchAction\",\"target\":{\"@type\":\"EntryPoint\",\"urlTemplate\":\"https:\/\/mulheresacesta.com.br\/en\/?s={search_term_string}\"},\"query-input\":{\"@type\":\"PropertyValueSpecification\",\"valueRequired\":true,\"valueName\":\"search_term_string\"}}],\"inLanguage\":\"en-US\"},{\"@type\":\"Organization\",\"@id\":\"https:\/\/mulheresacesta.com.br\/en\/#organization\",\"name\":\"Mulheres \u00e0 Cesta\",\"url\":\"https:\/\/mulheresacesta.com.br\/en\/\",\"logo\":{\"@type\":\"ImageObject\",\"inLanguage\":\"en-US\",\"@id\":\"https:\/\/mulheresacesta.com.br\/en\/#\/schema\/logo\/image\/\",\"url\":\"https:\/\/mulheresacesta.com.br\/wp-content\/uploads\/2020\/10\/mulheres-a-cesta.jpg\",\"contentUrl\":\"https:\/\/mulheresacesta.com.br\/wp-content\/uploads\/2020\/10\/mulheres-a-cesta.jpg\",\"width\":400,\"height\":300,\"caption\":\"Mulheres \u00e0 Cesta\"},\"image\":{\"@id\":\"https:\/\/mulheresacesta.com.br\/en\/#\/schema\/logo\/image\/\"}},{\"@type\":\"Person\",\"@id\":\"https:\/\/mulheresacesta.com.br\/en\/#\/schema\/person\/11ebd3af76a9fcb3d26c815924faac42\",\"name\":\"mulheres\",\"sameAs\":[\"http:\/\/localhost\/mulheresacesta\"],\"url\":\"https:\/\/mulheresacesta.com.br\/en\/author\/mulheres\/\"}]}<\/script>\n<!-- \/ Yoast SEO plugin. -->","yoast_head_json":{"title":"A Sele\u00e7\u00e3o Brasileira Feminina de basquete brilhou na noite de gala do esporte ol\u00edmpico brasileiro","description":"A noite de destaque no cen\u00e1rio esportivo brasileiro foi protagonizada pela Sele\u00e7\u00e3o Brasileira Feminina de basquete durante o Pr\u00eamio Brasil Ol\u00edmpico do","robots":{"index":"index","follow":"follow","max-snippet":"max-snippet:-1","max-image-preview":"max-image-preview:large","max-video-preview":"max-video-preview:-1"},"canonical":"https:\/\/mulheresacesta.com.br\/en\/2023\/12\/a-selecao-brasileira-feminina-de-basquete-brilhou-na-noite-de-gala-do-esporte-olimpico-brasileiro\/","og_locale":"en_US","og_type":"article","og_title":"[:pt]A Sele\u00e7\u00e3o Brasileira Feminina de basquete brilhou na noite de gala do esporte ol\u00edmpico brasileiro[:] - Mulheres \u00e0 Cesta","og_description":"A noite de destaque no cen\u00e1rio esportivo brasileiro foi protagonizada pela Sele\u00e7\u00e3o Brasileira Feminina de basquete durante o Pr\u00eamio Brasil Ol\u00edmpico do","og_url":"https:\/\/mulheresacesta.com.br\/en\/2023\/12\/a-selecao-brasileira-feminina-de-basquete-brilhou-na-noite-de-gala-do-esporte-olimpico-brasileiro\/","og_site_name":"Mulheres \u00e0 Cesta","article_published_time":"2023-12-19T21:30:39+00:00","article_modified_time":"2023-12-19T21:34:59+00:00","og_image":[{"width":1024,"height":577,"url":"https:\/\/mulheresacesta.com.br\/wp-content\/uploads\/2023\/12\/Conhec\u0327a-a-LDB-1580-x-890-px-1024x577.png","type":"image\/png"}],"author":"mulheres","twitter_card":"summary_large_image","twitter_misc":{"Written by":"mulheres","Est. reading time":"1 minute"},"schema":{"@context":"https:\/\/schema.org","@graph":[{"@type":"Article","@id":"https:\/\/mulheresacesta.com.br\/en\/2023\/12\/a-selecao-brasileira-feminina-de-basquete-brilhou-na-noite-de-gala-do-esporte-olimpico-brasileiro\/#article","isPartOf":{"@id":"https:\/\/mulheresacesta.com.br\/en\/2023\/12\/a-selecao-brasileira-feminina-de-basquete-brilhou-na-noite-de-gala-do-esporte-olimpico-brasileiro\/"},"author":{"name":"mulheres","@id":"https:\/\/mulheresacesta.com.br\/en\/#\/schema\/person\/11ebd3af76a9fcb3d26c815924faac42"},"headline":"A Sele\u00e7\u00e3o Brasileira Feminina de basquete brilhou na noite de gala do esporte ol\u00edmpico brasileiro","datePublished":"2023-12-19T21:30:39+00:00","dateModified":"2023-12-19T21:34:59+00:00","mainEntityOfPage":{"@id":"https:\/\/mulheresacesta.com.br\/en\/2023\/12\/a-selecao-brasileira-feminina-de-basquete-brilhou-na-noite-de-gala-do-esporte-olimpico-brasileiro\/"},"wordCount":193,"commentCount":0,"publisher":{"@id":"https:\/\/mulheresacesta.com.br\/en\/#organization"},"image":{"@id":"https:\/\/mulheresacesta.com.br\/en\/2023\/12\/a-selecao-brasileira-feminina-de-basquete-brilhou-na-noite-de-gala-do-esporte-olimpico-brasileiro\/#primaryimage"},"thumbnailUrl":"https:\/\/mulheresacesta.com.br\/wp-content\/uploads\/2023\/12\/Conhec\u0327a-a-LDB-1580-x-890-px.png","articleSection":["Blog"],"inLanguage":"en-US","potentialAction":[{"@type":"CommentAction","name":"Comment","target":["https:\/\/mulheresacesta.com.br\/en\/2023\/12\/a-selecao-brasileira-feminina-de-basquete-brilhou-na-noite-de-gala-do-esporte-olimpico-brasileiro\/#respond"]}]},{"@type":"WebPage","@id":"https:\/\/mulheresacesta.com.br\/en\/2023\/12\/a-selecao-brasileira-feminina-de-basquete-brilhou-na-noite-de-gala-do-esporte-olimpico-brasileiro\/","url":"https:\/\/mulheresacesta.com.br\/en\/2023\/12\/a-selecao-brasileira-feminina-de-basquete-brilhou-na-noite-de-gala-do-esporte-olimpico-brasileiro\/","name":"A Sele\u00e7\u00e3o Brasileira Feminina de basquete brilhou na noite de gala do esporte ol\u00edmpico brasileiro","isPartOf":{"@id":"https:\/\/mulheresacesta.com.br\/en\/#website"},"primaryImageOfPage":{"@id":"https:\/\/mulheresacesta.com.br\/en\/2023\/12\/a-selecao-brasileira-feminina-de-basquete-brilhou-na-noite-de-gala-do-esporte-olimpico-brasileiro\/#primaryimage"},"image":{"@id":"https:\/\/mulheresacesta.com.br\/en\/2023\/12\/a-selecao-brasileira-feminina-de-basquete-brilhou-na-noite-de-gala-do-esporte-olimpico-brasileiro\/#primaryimage"},"thumbnailUrl":"https:\/\/mulheresacesta.com.br\/wp-content\/uploads\/2023\/12\/Conhec\u0327a-a-LDB-1580-x-890-px.png","datePublished":"2023-12-19T21:30:39+00:00","dateModified":"2023-12-19T21:34:59+00:00","description":"A noite de destaque no cen\u00e1rio esportivo brasileiro foi protagonizada pela Sele\u00e7\u00e3o Brasileira Feminina de basquete durante o Pr\u00eamio Brasil Ol\u00edmpico do","breadcrumb":{"@id":"https:\/\/mulheresacesta.com.br\/en\/2023\/12\/a-selecao-brasileira-feminina-de-basquete-brilhou-na-noite-de-gala-do-esporte-olimpico-brasileiro\/#breadcrumb"},"inLanguage":"en-US","potentialAction":[{"@type":"ReadAction","target":["https:\/\/mulheresacesta.com.br\/en\/2023\/12\/a-selecao-brasileira-feminina-de-basquete-brilhou-na-noite-de-gala-do-esporte-olimpico-brasileiro\/"]}]},{"@type":"ImageObject","inLanguage":"en-US","@id":"https:\/\/mulheresacesta.com.br\/en\/2023\/12\/a-selecao-brasileira-feminina-de-basquete-brilhou-na-noite-de-gala-do-esporte-olimpico-brasileiro\/#primaryimage","url":"https:\/\/mulheresacesta.com.br\/wp-content\/uploads\/2023\/12\/Conhec\u0327a-a-LDB-1580-x-890-px.png","contentUrl":"https:\/\/mulheresacesta.com.br\/wp-content\/uploads\/2023\/12\/Conhec\u0327a-a-LDB-1580-x-890-px.png","width":1580,"height":890},{"@type":"BreadcrumbList","@id":"https:\/\/mulheresacesta.com.br\/en\/2023\/12\/a-selecao-brasileira-feminina-de-basquete-brilhou-na-noite-de-gala-do-esporte-olimpico-brasileiro\/#breadcrumb","itemListElement":[{"@type":"ListItem","position":1,"name":"In\u00edcio","item":"https:\/\/mulheresacesta.com.br\/"},{"@type":"ListItem","position":2,"name":"A Sele\u00e7\u00e3o Brasileira Feminina de basquete brilhou na noite de gala do esporte ol\u00edmpico brasileiro"}]},{"@type":"WebSite","@id":"https:\/\/mulheresacesta.com.br\/en\/#website","url":"https:\/\/mulheresacesta.com.br\/en\/","name":"Mulheres \u00e0 Cesta","description":"","publisher":{"@id":"https:\/\/mulheresacesta.com.br\/en\/#organization"},"potentialAction":[{"@type":"SearchAction","target":{"@type":"EntryPoint","urlTemplate":"https:\/\/mulheresacesta.com.br\/en\/?s={search_term_string}"},"query-input":{"@type":"PropertyValueSpecification","valueRequired":true,"valueName":"search_term_string"}}],"inLanguage":"en-US"},{"@type":"Organization","@id":"https:\/\/mulheresacesta.com.br\/en\/#organization","name":"Mulheres \u00e0 Cesta","url":"https:\/\/mulheresacesta.com.br\/en\/","logo":{"@type":"ImageObject","inLanguage":"en-US","@id":"https:\/\/mulheresacesta.com.br\/en\/#\/schema\/logo\/image\/","url":"https:\/\/mulheresacesta.com.br\/wp-content\/uploads\/2020\/10\/mulheres-a-cesta.jpg","contentUrl":"https:\/\/mulheresacesta.com.br\/wp-content\/uploads\/2020\/10\/mulheres-a-cesta.jpg","width":400,"height":300,"caption":"Mulheres \u00e0 Cesta"},"image":{"@id":"https:\/\/mulheresacesta.com.br\/en\/#\/schema\/logo\/image\/"}},{"@type":"Person","@id":"https:\/\/mulheresacesta.com.br\/en\/#\/schema\/person\/11ebd3af76a9fcb3d26c815924faac42","name":"mulheres","sameAs":["http:\/\/localhost\/mulheresacesta"],"url":"https:\/\/mulheresacesta.com.br\/en\/author\/mulheres\/"}]}},"_links":{"self":[{"href":"https:\/\/mulheresacesta.com.br\/en\/wp-json\/wp\/v2\/posts\/4816","targetHints":{"allow":["GET"]}}],"collection":[{"href":"https:\/\/mulheresacesta.com.br\/en\/wp-json\/wp\/v2\/posts"}],"about":[{"href":"https:\/\/mulheresacesta.com.br\/en\/wp-json\/wp\/v2\/types\/post"}],"author":[{"embeddable":true,"href":"https:\/\/mulheresacesta.com.br\/en\/wp-json\/wp\/v2\/users\/1"}],"replies":[{"embeddable":true,"href":"https:\/\/mulheresacesta.com.br\/en\/wp-json\/wp\/v2\/comments?post=4816"}],"version-history":[{"count":2,"href":"https:\/\/mulheresacesta.com.br\/en\/wp-json\/wp\/v2\/posts\/4816\/revisions"}],"predecessor-version":[{"id":4819,"href":"https:\/\/mulheresacesta.com.br\/en\/wp-json\/wp\/v2\/posts\/4816\/revisions\/4819"}],"wp:featuredmedia":[{"embeddable":true,"href":"https:\/\/mulheresacesta.com.br\/en\/wp-json\/wp\/v2\/media\/4817"}],"wp:attachment":[{"href":"https:\/\/mulheresacesta.com.br\/en\/wp-json\/wp\/v2\/media?parent=4816"}],"wp:term":[{"taxonomy":"category","embeddable":true,"href":"https:\/\/mulheresacesta.com.br\/en\/wp-json\/wp\/v2\/categories?post=4816"},{"taxonomy":"post_tag","embeddable":true,"href":"https:\/\/mulheresacesta.com.br\/en\/wp-json\/wp\/v2\/tags?post=4816"}],"curies":[{"name":"wp","href":"https:\/\/api.w.org\/{rel}","templated":true}]}}