{"id":4853,"date":"2024-01-08T15:30:00","date_gmt":"2024-01-08T18:30:00","guid":{"rendered":"https:\/\/mulheresacesta.com.br\/?p=4853"},"modified":"2024-01-08T15:59:03","modified_gmt":"2024-01-08T18:59:03","slug":"a-selecao-brasileira-feminina-ja-esta-convocada-para-participar-do-pre-olimpico-que-ocorrera-em-belem-do-para-de-8-a-11-de-fevereiro","status":"publish","type":"post","link":"https:\/\/mulheresacesta.com.br\/en\/2024\/01\/a-selecao-brasileira-feminina-ja-esta-convocada-para-participar-do-pre-olimpico-que-ocorrera-em-belem-do-para-de-8-a-11-de-fevereiro\/","title":{"rendered":"A Sele\u00e7\u00e3o Brasileira feminina j\u00e1 est\u00e1 convocada para participar do Pr\u00e9-Ol\u00edmpico que ocorrer\u00e1 em Bel\u00e9m do Par\u00e1, de 8 a 11 de fevereiro."},"content":{"rendered":"\n<p>Durante essa competi\u00e7\u00e3o, que inclui partidas contra Alemanha, S\u00e9rvia e Austr\u00e1lia, o objetivo \u00e9 conquistar uma das tr\u00eas vagas dispon\u00edveis para representar o grupo na Olimp\u00edada de Paris 2024.<\/p>\n\n\n\n<p>O t\u00e9cnico Jos\u00e9 Neto anunciou a convoca\u00e7\u00e3o de 15 atletas, que iniciar\u00e3o a prepara\u00e7\u00e3o em Araraquara, S\u00e3o Paulo, a partir do pr\u00f3ximo dia 15. A estreia no Pr\u00e9-Ol\u00edmpico est\u00e1 marcada para o dia 8 de fevereiro, \u00e0s 20h, contra a equipe da Austr\u00e1lia.<\/p>\n\n\n\n<p>Jos\u00e9 Neto, expressou sua confian\u00e7a na equipe, destacando as conquistas recentes, como o t\u00edtulo Sul-Americano em 2022 e o AmeriCupW em 2023, que garantiram a participa\u00e7\u00e3o nesta fase crucial. Ele tamb\u00e9m enfatizou a import\u00e2ncia do apoio da torcida local em Bel\u00e9m do Par\u00e1.<\/p>\n\n\n\n<p>Uma particularidade desta convoca\u00e7\u00e3o \u00e9 a presen\u00e7a de tr\u00eas atletas da Sele\u00e7\u00e3o Brasileira Sub-17, que foram campe\u00e3s Sul-Americanas e foram convidadas para integrar o grupo como parte de um programa de interc\u00e2mbio.<\/p>\n\n\n\n<p>O Brasil ser\u00e1 anfitri\u00e3o de um dos quatro torneios Pr\u00e9-Ol\u00edmpicos, com Austr\u00e1lia, S\u00e9rvia e Alemanha no mesmo grupo. A competi\u00e7\u00e3o seguir\u00e1 um formato em que as equipes se enfrentam no grupo, e os tr\u00eas melhores garantem vaga nas Olimp\u00edadas de Paris 2024.<\/p>\n\n\n\n<p><strong>Convoca\u00e7\u00e3o Sele\u00e7\u00e3o Brasileira<\/strong><br>D\u00e9bora Costa &#8211; SESI Araraquara<br>Alana Gon\u00e7alo &#8211; Sampaio Basquete<br>Carina Martins &#8211; Sampaio Basquete<br>Tain\u00e1 Paix\u00e3o &#8211; Samara-RUS<br>Isabela Ramona &#8211; Samara-RUS<br>Leila Zabani &#8211; Ituano<br>Vit\u00f3ria Marcelino &#8211; SESI Araraquara<br>Emanuely Oliveira &#8211; SESI Araraquara<br>Vanessa Sass\u00e1 &#8211; Sampaio Basquete<br>Gabriela Soss\u00f4 &#8211; SESI Araraquara<br>Damiris Dantas &#8211; Omanspor-TUR<br>\u00c9rika Souza<br>Stephanie Soares &#8211; Dallas Wings-EUA<br>Licinara Bispo &#8211; Unimed Campinas<br>Kamilla Soares &#8211; South Carolina-EUA<\/p>\n\n\n\n<p><strong>Convidadas Sub-17<\/strong><br>Micaela Cavalcanti<br>Sther Ubaka<br>Alexia Dagba<\/p>\n\n\n\n<p><strong>Comiss\u00e3o T\u00e9cnica<\/strong><br>Roseli Gustavo &#8211; Diretora de Basquete<br>L\u00edder Operacional &#8211; Monica At\u00edlio<br>Treinador &#8211; Jos\u00e9 Neto<br>Assistentes t\u00e9cnicos &#8211; Jo\u00e3o Camargo e Virgil Lopez<br>Preparador f\u00edsico &#8211; Diego Falc\u00e3o<br>Fisioterapeutas &#8211; Isabel Cristina, Ariane Lopes e Jordana Reis<br>M\u00e9dicos &#8211; Paulo Szeles e Cristina Teixeira<br>Psic\u00f3loga &#8211; Manoella Marques<br>Massoterapeuta &#8211; Juliana Bouvie<br>Analista de desempenho &#8211; Bruno Pena Couto<br>Preparador mental &#8211; Ricardo Borin<br>Gerente de Comunica\u00e7\u00e3o &#8211; Thierry Gozzer<br><\/p>\n\n\n\n<p>Fonte: <a href=\"https:\/\/www.cbb.com.br\/noticia\/4359\/selecao-brasileira-feminina-e-convocada-para-o-pre-olimpico-de-belem\" target=\"_blank\" aria-label=\"undefined (opens in a new tab)\" rel=\"noreferrer noopener\">Site CBB<\/a><\/p>\n","protected":false},"excerpt":{"rendered":"<p>Durante essa competi\u00e7\u00e3o, que inclui partidas contra Alemanha, S\u00e9rvia e Austr\u00e1lia, o objetivo \u00e9 conquistar uma das tr\u00eas vagas dispon\u00edveis para representar o grupo na Olimp\u00edada de Paris 2024. O t\u00e9cnico Jos\u00e9 Neto anunciou a convoca\u00e7\u00e3o de 15 atletas, que iniciar\u00e3o a prepara\u00e7\u00e3o em Araraquara, S\u00e3o Paulo, a partir do pr\u00f3ximo dia 15. A estreia [&hellip;]<\/p>\n","protected":false},"author":1,"featured_media":4851,"comment_status":"open","ping_status":"open","sticky":false,"template":"","format":"standard","meta":{"footnotes":""},"categories":[12],"tags":[],"class_list":["post-4853","post","type-post","status-publish","format-standard","has-post-thumbnail","hentry","category-blog"],"acf":[],"yoast_head":"<!-- This site is optimized with the Yoast SEO plugin v26.4 - https:\/\/yoast.com\/wordpress\/plugins\/seo\/ -->\n<title>A Sele\u00e7\u00e3o Brasileira feminina j\u00e1 est\u00e1 convocada para participar do Pr\u00e9-Ol\u00edmpico que ocorrer\u00e1 em Bel\u00e9m do Par\u00e1, de 8 a 11 de fevereiro.<\/title>\n<meta name=\"description\" content=\"Durante essa competi\u00e7\u00e3o, que inclui partidas contra Alemanha, S\u00e9rvia e Austr\u00e1lia, o objetivo \u00e9 conquistar uma das tr\u00eas vagas dispon\u00edveis para representar\" \/>\n<meta name=\"robots\" content=\"index, follow, max-snippet:-1, max-image-preview:large, max-video-preview:-1\" \/>\n<link rel=\"canonical\" href=\"https:\/\/mulheresacesta.com.br\/en\/2024\/01\/a-selecao-brasileira-feminina-ja-esta-convocada-para-participar-do-pre-olimpico-que-ocorrera-em-belem-do-para-de-8-a-11-de-fevereiro\/\" \/>\n<meta property=\"og:locale\" content=\"en_US\" \/>\n<meta property=\"og:locale:alternate\" content=\"pt_BR\" \/>\n<meta property=\"og:type\" content=\"article\" \/>\n<meta property=\"og:title\" content=\"A Sele\u00e7\u00e3o Brasileira feminina j\u00e1 est\u00e1 convocada para participar do Pr\u00e9-Ol\u00edmpico que ocorrer\u00e1 em Bel\u00e9m do Par\u00e1, de 8 a 11 de fevereiro.\" \/>\n<meta property=\"og:description\" content=\"Durante essa competi\u00e7\u00e3o, que inclui partidas contra Alemanha, S\u00e9rvia e Austr\u00e1lia, o objetivo \u00e9 conquistar uma das tr\u00eas vagas dispon\u00edveis para representar\" \/>\n<meta property=\"og:url\" content=\"https:\/\/mulheresacesta.com.br\/en\/2024\/01\/a-selecao-brasileira-feminina-ja-esta-convocada-para-participar-do-pre-olimpico-que-ocorrera-em-belem-do-para-de-8-a-11-de-fevereiro\/\" \/>\n<meta property=\"og:site_name\" content=\"Mulheres \u00e0 Cesta\" \/>\n<meta property=\"article:published_time\" content=\"2024-01-08T18:30:00+00:00\" \/>\n<meta property=\"article:modified_time\" content=\"2024-01-08T18:59:03+00:00\" \/>\n<meta property=\"og:image\" content=\"https:\/\/mulheresacesta.com.br\/wp-content\/uploads\/2024\/01\/sau\u0301de-mental-em-primeiro-lugar.png\" \/>\n\t<meta property=\"og:image:width\" content=\"1580\" \/>\n\t<meta property=\"og:image:height\" content=\"890\" \/>\n\t<meta property=\"og:image:type\" content=\"image\/png\" \/>\n<meta name=\"author\" content=\"mulheres\" \/>\n<meta name=\"twitter:card\" content=\"summary_large_image\" \/>\n<meta name=\"twitter:label1\" content=\"Written by\" \/>\n\t<meta name=\"twitter:data1\" content=\"mulheres\" \/>\n\t<meta name=\"twitter:label2\" content=\"Est. reading time\" \/>\n\t<meta name=\"twitter:data2\" content=\"2 minutes\" \/>\n<script type=\"application\/ld+json\" class=\"yoast-schema-graph\">{\"@context\":\"https:\/\/schema.org\",\"@graph\":[{\"@type\":\"Article\",\"@id\":\"https:\/\/mulheresacesta.com.br\/en\/2024\/01\/a-selecao-brasileira-feminina-ja-esta-convocada-para-participar-do-pre-olimpico-que-ocorrera-em-belem-do-para-de-8-a-11-de-fevereiro\/#article\",\"isPartOf\":{\"@id\":\"https:\/\/mulheresacesta.com.br\/en\/2024\/01\/a-selecao-brasileira-feminina-ja-esta-convocada-para-participar-do-pre-olimpico-que-ocorrera-em-belem-do-para-de-8-a-11-de-fevereiro\/\"},\"author\":{\"name\":\"mulheres\",\"@id\":\"https:\/\/mulheresacesta.com.br\/en\/#\/schema\/person\/11ebd3af76a9fcb3d26c815924faac42\"},\"headline\":\"A Sele\u00e7\u00e3o Brasileira feminina j\u00e1 est\u00e1 convocada para participar do Pr\u00e9-Ol\u00edmpico que ocorrer\u00e1 em Bel\u00e9m do Par\u00e1, de 8 a 11 de fevereiro.\",\"datePublished\":\"2024-01-08T18:30:00+00:00\",\"dateModified\":\"2024-01-08T18:59:03+00:00\",\"mainEntityOfPage\":{\"@id\":\"https:\/\/mulheresacesta.com.br\/en\/2024\/01\/a-selecao-brasileira-feminina-ja-esta-convocada-para-participar-do-pre-olimpico-que-ocorrera-em-belem-do-para-de-8-a-11-de-fevereiro\/\"},\"wordCount\":387,\"commentCount\":0,\"publisher\":{\"@id\":\"https:\/\/mulheresacesta.com.br\/en\/#organization\"},\"image\":{\"@id\":\"https:\/\/mulheresacesta.com.br\/en\/2024\/01\/a-selecao-brasileira-feminina-ja-esta-convocada-para-participar-do-pre-olimpico-que-ocorrera-em-belem-do-para-de-8-a-11-de-fevereiro\/#primaryimage\"},\"thumbnailUrl\":\"https:\/\/mulheresacesta.com.br\/wp-content\/uploads\/2024\/01\/sau\u0301de-mental-em-primeiro-lugar.png\",\"articleSection\":[\"Blog\"],\"inLanguage\":\"en-US\",\"potentialAction\":[{\"@type\":\"CommentAction\",\"name\":\"Comment\",\"target\":[\"https:\/\/mulheresacesta.com.br\/en\/2024\/01\/a-selecao-brasileira-feminina-ja-esta-convocada-para-participar-do-pre-olimpico-que-ocorrera-em-belem-do-para-de-8-a-11-de-fevereiro\/#respond\"]}]},{\"@type\":\"WebPage\",\"@id\":\"https:\/\/mulheresacesta.com.br\/en\/2024\/01\/a-selecao-brasileira-feminina-ja-esta-convocada-para-participar-do-pre-olimpico-que-ocorrera-em-belem-do-para-de-8-a-11-de-fevereiro\/\",\"url\":\"https:\/\/mulheresacesta.com.br\/en\/2024\/01\/a-selecao-brasileira-feminina-ja-esta-convocada-para-participar-do-pre-olimpico-que-ocorrera-em-belem-do-para-de-8-a-11-de-fevereiro\/\",\"name\":\"A Sele\u00e7\u00e3o Brasileira feminina j\u00e1 est\u00e1 convocada para participar do Pr\u00e9-Ol\u00edmpico que ocorrer\u00e1 em Bel\u00e9m do Par\u00e1, de 8 a 11 de fevereiro.\",\"isPartOf\":{\"@id\":\"https:\/\/mulheresacesta.com.br\/en\/#website\"},\"primaryImageOfPage\":{\"@id\":\"https:\/\/mulheresacesta.com.br\/en\/2024\/01\/a-selecao-brasileira-feminina-ja-esta-convocada-para-participar-do-pre-olimpico-que-ocorrera-em-belem-do-para-de-8-a-11-de-fevereiro\/#primaryimage\"},\"image\":{\"@id\":\"https:\/\/mulheresacesta.com.br\/en\/2024\/01\/a-selecao-brasileira-feminina-ja-esta-convocada-para-participar-do-pre-olimpico-que-ocorrera-em-belem-do-para-de-8-a-11-de-fevereiro\/#primaryimage\"},\"thumbnailUrl\":\"https:\/\/mulheresacesta.com.br\/wp-content\/uploads\/2024\/01\/sau\u0301de-mental-em-primeiro-lugar.png\",\"datePublished\":\"2024-01-08T18:30:00+00:00\",\"dateModified\":\"2024-01-08T18:59:03+00:00\",\"description\":\"Durante essa competi\u00e7\u00e3o, que inclui partidas contra Alemanha, S\u00e9rvia e Austr\u00e1lia, o objetivo \u00e9 conquistar uma das tr\u00eas vagas dispon\u00edveis para representar\",\"breadcrumb\":{\"@id\":\"https:\/\/mulheresacesta.com.br\/en\/2024\/01\/a-selecao-brasileira-feminina-ja-esta-convocada-para-participar-do-pre-olimpico-que-ocorrera-em-belem-do-para-de-8-a-11-de-fevereiro\/#breadcrumb\"},\"inLanguage\":\"en-US\",\"potentialAction\":[{\"@type\":\"ReadAction\",\"target\":[\"https:\/\/mulheresacesta.com.br\/en\/2024\/01\/a-selecao-brasileira-feminina-ja-esta-convocada-para-participar-do-pre-olimpico-que-ocorrera-em-belem-do-para-de-8-a-11-de-fevereiro\/\"]}]},{\"@type\":\"ImageObject\",\"inLanguage\":\"en-US\",\"@id\":\"https:\/\/mulheresacesta.com.br\/en\/2024\/01\/a-selecao-brasileira-feminina-ja-esta-convocada-para-participar-do-pre-olimpico-que-ocorrera-em-belem-do-para-de-8-a-11-de-fevereiro\/#primaryimage\",\"url\":\"https:\/\/mulheresacesta.com.br\/wp-content\/uploads\/2024\/01\/sau\u0301de-mental-em-primeiro-lugar.png\",\"contentUrl\":\"https:\/\/mulheresacesta.com.br\/wp-content\/uploads\/2024\/01\/sau\u0301de-mental-em-primeiro-lugar.png\",\"width\":1580,\"height\":890},{\"@type\":\"BreadcrumbList\",\"@id\":\"https:\/\/mulheresacesta.com.br\/en\/2024\/01\/a-selecao-brasileira-feminina-ja-esta-convocada-para-participar-do-pre-olimpico-que-ocorrera-em-belem-do-para-de-8-a-11-de-fevereiro\/#breadcrumb\",\"itemListElement\":[{\"@type\":\"ListItem\",\"position\":1,\"name\":\"In\u00edcio\",\"item\":\"https:\/\/mulheresacesta.com.br\/\"},{\"@type\":\"ListItem\",\"position\":2,\"name\":\"A Sele\u00e7\u00e3o Brasileira feminina j\u00e1 est\u00e1 convocada para participar do Pr\u00e9-Ol\u00edmpico que ocorrer\u00e1 em Bel\u00e9m do Par\u00e1, de 8 a 11 de fevereiro.\"}]},{\"@type\":\"WebSite\",\"@id\":\"https:\/\/mulheresacesta.com.br\/en\/#website\",\"url\":\"https:\/\/mulheresacesta.com.br\/en\/\",\"name\":\"Mulheres \u00e0 Cesta\",\"description\":\"\",\"publisher\":{\"@id\":\"https:\/\/mulheresacesta.com.br\/en\/#organization\"},\"potentialAction\":[{\"@type\":\"SearchAction\",\"target\":{\"@type\":\"EntryPoint\",\"urlTemplate\":\"https:\/\/mulheresacesta.com.br\/en\/?s={search_term_string}\"},\"query-input\":{\"@type\":\"PropertyValueSpecification\",\"valueRequired\":true,\"valueName\":\"search_term_string\"}}],\"inLanguage\":\"en-US\"},{\"@type\":\"Organization\",\"@id\":\"https:\/\/mulheresacesta.com.br\/en\/#organization\",\"name\":\"Mulheres \u00e0 Cesta\",\"url\":\"https:\/\/mulheresacesta.com.br\/en\/\",\"logo\":{\"@type\":\"ImageObject\",\"inLanguage\":\"en-US\",\"@id\":\"https:\/\/mulheresacesta.com.br\/en\/#\/schema\/logo\/image\/\",\"url\":\"https:\/\/mulheresacesta.com.br\/wp-content\/uploads\/2020\/10\/mulheres-a-cesta.jpg\",\"contentUrl\":\"https:\/\/mulheresacesta.com.br\/wp-content\/uploads\/2020\/10\/mulheres-a-cesta.jpg\",\"width\":400,\"height\":300,\"caption\":\"Mulheres \u00e0 Cesta\"},\"image\":{\"@id\":\"https:\/\/mulheresacesta.com.br\/en\/#\/schema\/logo\/image\/\"}},{\"@type\":\"Person\",\"@id\":\"https:\/\/mulheresacesta.com.br\/en\/#\/schema\/person\/11ebd3af76a9fcb3d26c815924faac42\",\"name\":\"mulheres\",\"sameAs\":[\"http:\/\/localhost\/mulheresacesta\"],\"url\":\"https:\/\/mulheresacesta.com.br\/en\/author\/mulheres\/\"}]}<\/script>\n<!-- \/ Yoast SEO plugin. -->","yoast_head_json":{"title":"A Sele\u00e7\u00e3o Brasileira feminina j\u00e1 est\u00e1 convocada para participar do Pr\u00e9-Ol\u00edmpico que ocorrer\u00e1 em Bel\u00e9m do Par\u00e1, de 8 a 11 de fevereiro.","description":"Durante essa competi\u00e7\u00e3o, que inclui partidas contra Alemanha, S\u00e9rvia e Austr\u00e1lia, o objetivo \u00e9 conquistar uma das tr\u00eas vagas dispon\u00edveis para representar","robots":{"index":"index","follow":"follow","max-snippet":"max-snippet:-1","max-image-preview":"max-image-preview:large","max-video-preview":"max-video-preview:-1"},"canonical":"https:\/\/mulheresacesta.com.br\/en\/2024\/01\/a-selecao-brasileira-feminina-ja-esta-convocada-para-participar-do-pre-olimpico-que-ocorrera-em-belem-do-para-de-8-a-11-de-fevereiro\/","og_locale":"en_US","og_type":"article","og_title":"[:pt]A Sele\u00e7\u00e3o Brasileira feminina j\u00e1 est\u00e1 convocada para participar do Pr\u00e9-Ol\u00edmpico que ocorrer\u00e1 em Bel\u00e9m do Par\u00e1, de 8 a 11 de fevereiro.[:] - Mulheres \u00e0 Cesta","og_description":"Durante essa competi\u00e7\u00e3o, que inclui partidas contra Alemanha, S\u00e9rvia e Austr\u00e1lia, o objetivo \u00e9 conquistar uma das tr\u00eas vagas dispon\u00edveis para representar","og_url":"https:\/\/mulheresacesta.com.br\/en\/2024\/01\/a-selecao-brasileira-feminina-ja-esta-convocada-para-participar-do-pre-olimpico-que-ocorrera-em-belem-do-para-de-8-a-11-de-fevereiro\/","og_site_name":"Mulheres \u00e0 Cesta","article_published_time":"2024-01-08T18:30:00+00:00","article_modified_time":"2024-01-08T18:59:03+00:00","og_image":[{"width":1580,"height":890,"url":"https:\/\/mulheresacesta.com.br\/wp-content\/uploads\/2024\/01\/sau\u0301de-mental-em-primeiro-lugar.png","type":"image\/png"}],"author":"mulheres","twitter_card":"summary_large_image","twitter_misc":{"Written by":"mulheres","Est. reading time":"2 minutes"},"schema":{"@context":"https:\/\/schema.org","@graph":[{"@type":"Article","@id":"https:\/\/mulheresacesta.com.br\/en\/2024\/01\/a-selecao-brasileira-feminina-ja-esta-convocada-para-participar-do-pre-olimpico-que-ocorrera-em-belem-do-para-de-8-a-11-de-fevereiro\/#article","isPartOf":{"@id":"https:\/\/mulheresacesta.com.br\/en\/2024\/01\/a-selecao-brasileira-feminina-ja-esta-convocada-para-participar-do-pre-olimpico-que-ocorrera-em-belem-do-para-de-8-a-11-de-fevereiro\/"},"author":{"name":"mulheres","@id":"https:\/\/mulheresacesta.com.br\/en\/#\/schema\/person\/11ebd3af76a9fcb3d26c815924faac42"},"headline":"A Sele\u00e7\u00e3o Brasileira feminina j\u00e1 est\u00e1 convocada para participar do Pr\u00e9-Ol\u00edmpico que ocorrer\u00e1 em Bel\u00e9m do Par\u00e1, de 8 a 11 de fevereiro.","datePublished":"2024-01-08T18:30:00+00:00","dateModified":"2024-01-08T18:59:03+00:00","mainEntityOfPage":{"@id":"https:\/\/mulheresacesta.com.br\/en\/2024\/01\/a-selecao-brasileira-feminina-ja-esta-convocada-para-participar-do-pre-olimpico-que-ocorrera-em-belem-do-para-de-8-a-11-de-fevereiro\/"},"wordCount":387,"commentCount":0,"publisher":{"@id":"https:\/\/mulheresacesta.com.br\/en\/#organization"},"image":{"@id":"https:\/\/mulheresacesta.com.br\/en\/2024\/01\/a-selecao-brasileira-feminina-ja-esta-convocada-para-participar-do-pre-olimpico-que-ocorrera-em-belem-do-para-de-8-a-11-de-fevereiro\/#primaryimage"},"thumbnailUrl":"https:\/\/mulheresacesta.com.br\/wp-content\/uploads\/2024\/01\/sau\u0301de-mental-em-primeiro-lugar.png","articleSection":["Blog"],"inLanguage":"en-US","potentialAction":[{"@type":"CommentAction","name":"Comment","target":["https:\/\/mulheresacesta.com.br\/en\/2024\/01\/a-selecao-brasileira-feminina-ja-esta-convocada-para-participar-do-pre-olimpico-que-ocorrera-em-belem-do-para-de-8-a-11-de-fevereiro\/#respond"]}]},{"@type":"WebPage","@id":"https:\/\/mulheresacesta.com.br\/en\/2024\/01\/a-selecao-brasileira-feminina-ja-esta-convocada-para-participar-do-pre-olimpico-que-ocorrera-em-belem-do-para-de-8-a-11-de-fevereiro\/","url":"https:\/\/mulheresacesta.com.br\/en\/2024\/01\/a-selecao-brasileira-feminina-ja-esta-convocada-para-participar-do-pre-olimpico-que-ocorrera-em-belem-do-para-de-8-a-11-de-fevereiro\/","name":"A Sele\u00e7\u00e3o Brasileira feminina j\u00e1 est\u00e1 convocada para participar do Pr\u00e9-Ol\u00edmpico que ocorrer\u00e1 em Bel\u00e9m do Par\u00e1, de 8 a 11 de fevereiro.","isPartOf":{"@id":"https:\/\/mulheresacesta.com.br\/en\/#website"},"primaryImageOfPage":{"@id":"https:\/\/mulheresacesta.com.br\/en\/2024\/01\/a-selecao-brasileira-feminina-ja-esta-convocada-para-participar-do-pre-olimpico-que-ocorrera-em-belem-do-para-de-8-a-11-de-fevereiro\/#primaryimage"},"image":{"@id":"https:\/\/mulheresacesta.com.br\/en\/2024\/01\/a-selecao-brasileira-feminina-ja-esta-convocada-para-participar-do-pre-olimpico-que-ocorrera-em-belem-do-para-de-8-a-11-de-fevereiro\/#primaryimage"},"thumbnailUrl":"https:\/\/mulheresacesta.com.br\/wp-content\/uploads\/2024\/01\/sau\u0301de-mental-em-primeiro-lugar.png","datePublished":"2024-01-08T18:30:00+00:00","dateModified":"2024-01-08T18:59:03+00:00","description":"Durante essa competi\u00e7\u00e3o, que inclui partidas contra Alemanha, S\u00e9rvia e Austr\u00e1lia, o objetivo \u00e9 conquistar uma das tr\u00eas vagas dispon\u00edveis para representar","breadcrumb":{"@id":"https:\/\/mulheresacesta.com.br\/en\/2024\/01\/a-selecao-brasileira-feminina-ja-esta-convocada-para-participar-do-pre-olimpico-que-ocorrera-em-belem-do-para-de-8-a-11-de-fevereiro\/#breadcrumb"},"inLanguage":"en-US","potentialAction":[{"@type":"ReadAction","target":["https:\/\/mulheresacesta.com.br\/en\/2024\/01\/a-selecao-brasileira-feminina-ja-esta-convocada-para-participar-do-pre-olimpico-que-ocorrera-em-belem-do-para-de-8-a-11-de-fevereiro\/"]}]},{"@type":"ImageObject","inLanguage":"en-US","@id":"https:\/\/mulheresacesta.com.br\/en\/2024\/01\/a-selecao-brasileira-feminina-ja-esta-convocada-para-participar-do-pre-olimpico-que-ocorrera-em-belem-do-para-de-8-a-11-de-fevereiro\/#primaryimage","url":"https:\/\/mulheresacesta.com.br\/wp-content\/uploads\/2024\/01\/sau\u0301de-mental-em-primeiro-lugar.png","contentUrl":"https:\/\/mulheresacesta.com.br\/wp-content\/uploads\/2024\/01\/sau\u0301de-mental-em-primeiro-lugar.png","width":1580,"height":890},{"@type":"BreadcrumbList","@id":"https:\/\/mulheresacesta.com.br\/en\/2024\/01\/a-selecao-brasileira-feminina-ja-esta-convocada-para-participar-do-pre-olimpico-que-ocorrera-em-belem-do-para-de-8-a-11-de-fevereiro\/#breadcrumb","itemListElement":[{"@type":"ListItem","position":1,"name":"In\u00edcio","item":"https:\/\/mulheresacesta.com.br\/"},{"@type":"ListItem","position":2,"name":"A Sele\u00e7\u00e3o Brasileira feminina j\u00e1 est\u00e1 convocada para participar do Pr\u00e9-Ol\u00edmpico que ocorrer\u00e1 em Bel\u00e9m do Par\u00e1, de 8 a 11 de fevereiro."}]},{"@type":"WebSite","@id":"https:\/\/mulheresacesta.com.br\/en\/#website","url":"https:\/\/mulheresacesta.com.br\/en\/","name":"Mulheres \u00e0 Cesta","description":"","publisher":{"@id":"https:\/\/mulheresacesta.com.br\/en\/#organization"},"potentialAction":[{"@type":"SearchAction","target":{"@type":"EntryPoint","urlTemplate":"https:\/\/mulheresacesta.com.br\/en\/?s={search_term_string}"},"query-input":{"@type":"PropertyValueSpecification","valueRequired":true,"valueName":"search_term_string"}}],"inLanguage":"en-US"},{"@type":"Organization","@id":"https:\/\/mulheresacesta.com.br\/en\/#organization","name":"Mulheres \u00e0 Cesta","url":"https:\/\/mulheresacesta.com.br\/en\/","logo":{"@type":"ImageObject","inLanguage":"en-US","@id":"https:\/\/mulheresacesta.com.br\/en\/#\/schema\/logo\/image\/","url":"https:\/\/mulheresacesta.com.br\/wp-content\/uploads\/2020\/10\/mulheres-a-cesta.jpg","contentUrl":"https:\/\/mulheresacesta.com.br\/wp-content\/uploads\/2020\/10\/mulheres-a-cesta.jpg","width":400,"height":300,"caption":"Mulheres \u00e0 Cesta"},"image":{"@id":"https:\/\/mulheresacesta.com.br\/en\/#\/schema\/logo\/image\/"}},{"@type":"Person","@id":"https:\/\/mulheresacesta.com.br\/en\/#\/schema\/person\/11ebd3af76a9fcb3d26c815924faac42","name":"mulheres","sameAs":["http:\/\/localhost\/mulheresacesta"],"url":"https:\/\/mulheresacesta.com.br\/en\/author\/mulheres\/"}]}},"_links":{"self":[{"href":"https:\/\/mulheresacesta.com.br\/en\/wp-json\/wp\/v2\/posts\/4853","targetHints":{"allow":["GET"]}}],"collection":[{"href":"https:\/\/mulheresacesta.com.br\/en\/wp-json\/wp\/v2\/posts"}],"about":[{"href":"https:\/\/mulheresacesta.com.br\/en\/wp-json\/wp\/v2\/types\/post"}],"author":[{"embeddable":true,"href":"https:\/\/mulheresacesta.com.br\/en\/wp-json\/wp\/v2\/users\/1"}],"replies":[{"embeddable":true,"href":"https:\/\/mulheresacesta.com.br\/en\/wp-json\/wp\/v2\/comments?post=4853"}],"version-history":[{"count":2,"href":"https:\/\/mulheresacesta.com.br\/en\/wp-json\/wp\/v2\/posts\/4853\/revisions"}],"predecessor-version":[{"id":4856,"href":"https:\/\/mulheresacesta.com.br\/en\/wp-json\/wp\/v2\/posts\/4853\/revisions\/4856"}],"wp:featuredmedia":[{"embeddable":true,"href":"https:\/\/mulheresacesta.com.br\/en\/wp-json\/wp\/v2\/media\/4851"}],"wp:attachment":[{"href":"https:\/\/mulheresacesta.com.br\/en\/wp-json\/wp\/v2\/media?parent=4853"}],"wp:term":[{"taxonomy":"category","embeddable":true,"href":"https:\/\/mulheresacesta.com.br\/en\/wp-json\/wp\/v2\/categories?post=4853"},{"taxonomy":"post_tag","embeddable":true,"href":"https:\/\/mulheresacesta.com.br\/en\/wp-json\/wp\/v2\/tags?post=4853"}],"curies":[{"name":"wp","href":"https:\/\/api.w.org\/{rel}","templated":true}]}}