{"id":4860,"date":"2024-01-10T09:00:00","date_gmt":"2024-01-10T12:00:00","guid":{"rendered":"https:\/\/mulheresacesta.com.br\/?p=4860"},"modified":"2024-01-09T17:38:43","modified_gmt":"2024-01-09T20:38:43","slug":"convocada-para-o-pre-olimpico-alana-goncalo","status":"publish","type":"post","link":"https:\/\/mulheresacesta.com.br\/en\/2024\/01\/convocada-para-o-pre-olimpico-alana-goncalo\/","title":{"rendered":"Convocada para o Pr\u00e9-Ol\u00edmpico: Alana Gon\u00e7alo"},"content":{"rendered":"\n<p>Alana construiu sua base no basquete nos Estados Unidos, atuou no cen\u00e1rio espanhol e participou de quatro temporadas na LBF: em 2019 pelo Santo Andr\u00e9, em 2021 pelo Ituano Basquete e, desde 2022, pelo Sampaio Basquete. Conquistou a medalha de bronze na AmeriCup 2019 e a medalha de ouro em 2023, ambos com a Sele\u00e7\u00e3o Brasileira. Atualmente, integra a equipe que disputar\u00e1 o Pr\u00e9-Ol\u00edmpico de basquete feminino em Bel\u00e9m, no Par\u00e1.<\/p>\n\n\n\n<p>Altura: 1,66m<br>Equipe: Sampaio Basquete<br>Posi\u00e7\u00e3o: Armadora<br>Instagram: @alanagoncalo_\/<\/p>\n\n\n\n<p>Foto de capa: CBB<\/p>\n","protected":false},"excerpt":{"rendered":"<p>Alana construiu sua base no basquete nos Estados Unidos, atuou no cen\u00e1rio espanhol e participou de quatro temporadas na LBF: em 2019 pelo Santo Andr\u00e9, em 2021 pelo Ituano Basquete e, desde 2022, pelo Sampaio Basquete. Conquistou a medalha de bronze na AmeriCup 2019 e a medalha de ouro em 2023, ambos com a Sele\u00e7\u00e3o [&hellip;]<\/p>\n","protected":false},"author":1,"featured_media":4861,"comment_status":"open","ping_status":"open","sticky":false,"template":"","format":"standard","meta":{"footnotes":""},"categories":[12],"tags":[],"class_list":["post-4860","post","type-post","status-publish","format-standard","has-post-thumbnail","hentry","category-blog"],"acf":[],"yoast_head":"<!-- This site is optimized with the Yoast SEO plugin v26.4 - https:\/\/yoast.com\/wordpress\/plugins\/seo\/ -->\n<title>Convocada para o Pr\u00e9-Ol\u00edmpico: Alana Gon\u00e7alo<\/title>\n<meta name=\"description\" content=\"Alana construiu sua base no basquete nos Estados Unidos, atuou no cen\u00e1rio espanhol e participou de quatro temporadas na LBF: em 2019 pelo Santo Andr\u00e9, em\" \/>\n<meta name=\"robots\" content=\"index, follow, max-snippet:-1, max-image-preview:large, max-video-preview:-1\" \/>\n<link rel=\"canonical\" href=\"https:\/\/mulheresacesta.com.br\/en\/2024\/01\/convocada-para-o-pre-olimpico-alana-goncalo\/\" \/>\n<meta property=\"og:locale\" content=\"en_US\" \/>\n<meta property=\"og:locale:alternate\" content=\"pt_BR\" \/>\n<meta property=\"og:type\" content=\"article\" \/>\n<meta property=\"og:title\" content=\"Convocada para o Pr\u00e9-Ol\u00edmpico: Alana Gon\u00e7alo\" \/>\n<meta property=\"og:description\" content=\"Alana construiu sua base no basquete nos Estados Unidos, atuou no cen\u00e1rio espanhol e participou de quatro temporadas na LBF: em 2019 pelo Santo Andr\u00e9, em\" \/>\n<meta property=\"og:url\" content=\"https:\/\/mulheresacesta.com.br\/en\/2024\/01\/convocada-para-o-pre-olimpico-alana-goncalo\/\" \/>\n<meta property=\"og:site_name\" content=\"Mulheres \u00e0 Cesta\" \/>\n<meta property=\"article:published_time\" content=\"2024-01-10T12:00:00+00:00\" \/>\n<meta property=\"og:image\" content=\"https:\/\/mulheresacesta.com.br\/wp-content\/uploads\/2024\/01\/2.png\" \/>\n\t<meta property=\"og:image:width\" content=\"1580\" \/>\n\t<meta property=\"og:image:height\" content=\"890\" \/>\n\t<meta property=\"og:image:type\" content=\"image\/png\" \/>\n<meta name=\"author\" content=\"mulheres\" \/>\n<meta name=\"twitter:card\" content=\"summary_large_image\" \/>\n<meta name=\"twitter:label1\" content=\"Written by\" \/>\n\t<meta name=\"twitter:data1\" content=\"mulheres\" \/>\n<script type=\"application\/ld+json\" class=\"yoast-schema-graph\">{\"@context\":\"https:\/\/schema.org\",\"@graph\":[{\"@type\":\"Article\",\"@id\":\"https:\/\/mulheresacesta.com.br\/en\/2024\/01\/convocada-para-o-pre-olimpico-alana-goncalo\/#article\",\"isPartOf\":{\"@id\":\"https:\/\/mulheresacesta.com.br\/en\/2024\/01\/convocada-para-o-pre-olimpico-alana-goncalo\/\"},\"author\":{\"name\":\"mulheres\",\"@id\":\"https:\/\/mulheresacesta.com.br\/en\/#\/schema\/person\/11ebd3af76a9fcb3d26c815924faac42\"},\"headline\":\"Convocada para o Pr\u00e9-Ol\u00edmpico: Alana Gon\u00e7alo\",\"datePublished\":\"2024-01-10T12:00:00+00:00\",\"mainEntityOfPage\":{\"@id\":\"https:\/\/mulheresacesta.com.br\/en\/2024\/01\/convocada-para-o-pre-olimpico-alana-goncalo\/\"},\"wordCount\":93,\"commentCount\":0,\"publisher\":{\"@id\":\"https:\/\/mulheresacesta.com.br\/en\/#organization\"},\"image\":{\"@id\":\"https:\/\/mulheresacesta.com.br\/en\/2024\/01\/convocada-para-o-pre-olimpico-alana-goncalo\/#primaryimage\"},\"thumbnailUrl\":\"https:\/\/mulheresacesta.com.br\/wp-content\/uploads\/2024\/01\/2.png\",\"articleSection\":[\"Blog\"],\"inLanguage\":\"en-US\",\"potentialAction\":[{\"@type\":\"CommentAction\",\"name\":\"Comment\",\"target\":[\"https:\/\/mulheresacesta.com.br\/en\/2024\/01\/convocada-para-o-pre-olimpico-alana-goncalo\/#respond\"]}]},{\"@type\":\"WebPage\",\"@id\":\"https:\/\/mulheresacesta.com.br\/en\/2024\/01\/convocada-para-o-pre-olimpico-alana-goncalo\/\",\"url\":\"https:\/\/mulheresacesta.com.br\/en\/2024\/01\/convocada-para-o-pre-olimpico-alana-goncalo\/\",\"name\":\"Convocada para o Pr\u00e9-Ol\u00edmpico: Alana Gon\u00e7alo\",\"isPartOf\":{\"@id\":\"https:\/\/mulheresacesta.com.br\/en\/#website\"},\"primaryImageOfPage\":{\"@id\":\"https:\/\/mulheresacesta.com.br\/en\/2024\/01\/convocada-para-o-pre-olimpico-alana-goncalo\/#primaryimage\"},\"image\":{\"@id\":\"https:\/\/mulheresacesta.com.br\/en\/2024\/01\/convocada-para-o-pre-olimpico-alana-goncalo\/#primaryimage\"},\"thumbnailUrl\":\"https:\/\/mulheresacesta.com.br\/wp-content\/uploads\/2024\/01\/2.png\",\"datePublished\":\"2024-01-10T12:00:00+00:00\",\"description\":\"Alana construiu sua base no basquete nos Estados Unidos, atuou no cen\u00e1rio espanhol e participou de quatro temporadas na LBF: em 2019 pelo Santo Andr\u00e9, em\",\"breadcrumb\":{\"@id\":\"https:\/\/mulheresacesta.com.br\/en\/2024\/01\/convocada-para-o-pre-olimpico-alana-goncalo\/#breadcrumb\"},\"inLanguage\":\"en-US\",\"potentialAction\":[{\"@type\":\"ReadAction\",\"target\":[\"https:\/\/mulheresacesta.com.br\/en\/2024\/01\/convocada-para-o-pre-olimpico-alana-goncalo\/\"]}]},{\"@type\":\"ImageObject\",\"inLanguage\":\"en-US\",\"@id\":\"https:\/\/mulheresacesta.com.br\/en\/2024\/01\/convocada-para-o-pre-olimpico-alana-goncalo\/#primaryimage\",\"url\":\"https:\/\/mulheresacesta.com.br\/wp-content\/uploads\/2024\/01\/2.png\",\"contentUrl\":\"https:\/\/mulheresacesta.com.br\/wp-content\/uploads\/2024\/01\/2.png\",\"width\":1580,\"height\":890},{\"@type\":\"BreadcrumbList\",\"@id\":\"https:\/\/mulheresacesta.com.br\/en\/2024\/01\/convocada-para-o-pre-olimpico-alana-goncalo\/#breadcrumb\",\"itemListElement\":[{\"@type\":\"ListItem\",\"position\":1,\"name\":\"In\u00edcio\",\"item\":\"https:\/\/mulheresacesta.com.br\/\"},{\"@type\":\"ListItem\",\"position\":2,\"name\":\"Convocada para o Pr\u00e9-Ol\u00edmpico: Alana Gon\u00e7alo\"}]},{\"@type\":\"WebSite\",\"@id\":\"https:\/\/mulheresacesta.com.br\/en\/#website\",\"url\":\"https:\/\/mulheresacesta.com.br\/en\/\",\"name\":\"Mulheres \u00e0 Cesta\",\"description\":\"\",\"publisher\":{\"@id\":\"https:\/\/mulheresacesta.com.br\/en\/#organization\"},\"potentialAction\":[{\"@type\":\"SearchAction\",\"target\":{\"@type\":\"EntryPoint\",\"urlTemplate\":\"https:\/\/mulheresacesta.com.br\/en\/?s={search_term_string}\"},\"query-input\":{\"@type\":\"PropertyValueSpecification\",\"valueRequired\":true,\"valueName\":\"search_term_string\"}}],\"inLanguage\":\"en-US\"},{\"@type\":\"Organization\",\"@id\":\"https:\/\/mulheresacesta.com.br\/en\/#organization\",\"name\":\"Mulheres \u00e0 Cesta\",\"url\":\"https:\/\/mulheresacesta.com.br\/en\/\",\"logo\":{\"@type\":\"ImageObject\",\"inLanguage\":\"en-US\",\"@id\":\"https:\/\/mulheresacesta.com.br\/en\/#\/schema\/logo\/image\/\",\"url\":\"https:\/\/mulheresacesta.com.br\/wp-content\/uploads\/2020\/10\/mulheres-a-cesta.jpg\",\"contentUrl\":\"https:\/\/mulheresacesta.com.br\/wp-content\/uploads\/2020\/10\/mulheres-a-cesta.jpg\",\"width\":400,\"height\":300,\"caption\":\"Mulheres \u00e0 Cesta\"},\"image\":{\"@id\":\"https:\/\/mulheresacesta.com.br\/en\/#\/schema\/logo\/image\/\"}},{\"@type\":\"Person\",\"@id\":\"https:\/\/mulheresacesta.com.br\/en\/#\/schema\/person\/11ebd3af76a9fcb3d26c815924faac42\",\"name\":\"mulheres\",\"sameAs\":[\"http:\/\/localhost\/mulheresacesta\"],\"url\":\"https:\/\/mulheresacesta.com.br\/en\/author\/mulheres\/\"}]}<\/script>\n<!-- \/ Yoast SEO plugin. -->","yoast_head_json":{"title":"Convocada para o Pr\u00e9-Ol\u00edmpico: Alana Gon\u00e7alo","description":"Alana construiu sua base no basquete nos Estados Unidos, atuou no cen\u00e1rio espanhol e participou de quatro temporadas na LBF: em 2019 pelo Santo Andr\u00e9, em","robots":{"index":"index","follow":"follow","max-snippet":"max-snippet:-1","max-image-preview":"max-image-preview:large","max-video-preview":"max-video-preview:-1"},"canonical":"https:\/\/mulheresacesta.com.br\/en\/2024\/01\/convocada-para-o-pre-olimpico-alana-goncalo\/","og_locale":"en_US","og_type":"article","og_title":"[:pt]Convocada para o Pr\u00e9-Ol\u00edmpico: Alana Gon\u00e7alo[:] - Mulheres \u00e0 Cesta","og_description":"Alana construiu sua base no basquete nos Estados Unidos, atuou no cen\u00e1rio espanhol e participou de quatro temporadas na LBF: em 2019 pelo Santo Andr\u00e9, em","og_url":"https:\/\/mulheresacesta.com.br\/en\/2024\/01\/convocada-para-o-pre-olimpico-alana-goncalo\/","og_site_name":"Mulheres \u00e0 Cesta","article_published_time":"2024-01-10T12:00:00+00:00","og_image":[{"width":1580,"height":890,"url":"https:\/\/mulheresacesta.com.br\/wp-content\/uploads\/2024\/01\/2.png","type":"image\/png"}],"author":"mulheres","twitter_card":"summary_large_image","twitter_misc":{"Written by":"mulheres"},"schema":{"@context":"https:\/\/schema.org","@graph":[{"@type":"Article","@id":"https:\/\/mulheresacesta.com.br\/en\/2024\/01\/convocada-para-o-pre-olimpico-alana-goncalo\/#article","isPartOf":{"@id":"https:\/\/mulheresacesta.com.br\/en\/2024\/01\/convocada-para-o-pre-olimpico-alana-goncalo\/"},"author":{"name":"mulheres","@id":"https:\/\/mulheresacesta.com.br\/en\/#\/schema\/person\/11ebd3af76a9fcb3d26c815924faac42"},"headline":"Convocada para o Pr\u00e9-Ol\u00edmpico: Alana Gon\u00e7alo","datePublished":"2024-01-10T12:00:00+00:00","mainEntityOfPage":{"@id":"https:\/\/mulheresacesta.com.br\/en\/2024\/01\/convocada-para-o-pre-olimpico-alana-goncalo\/"},"wordCount":93,"commentCount":0,"publisher":{"@id":"https:\/\/mulheresacesta.com.br\/en\/#organization"},"image":{"@id":"https:\/\/mulheresacesta.com.br\/en\/2024\/01\/convocada-para-o-pre-olimpico-alana-goncalo\/#primaryimage"},"thumbnailUrl":"https:\/\/mulheresacesta.com.br\/wp-content\/uploads\/2024\/01\/2.png","articleSection":["Blog"],"inLanguage":"en-US","potentialAction":[{"@type":"CommentAction","name":"Comment","target":["https:\/\/mulheresacesta.com.br\/en\/2024\/01\/convocada-para-o-pre-olimpico-alana-goncalo\/#respond"]}]},{"@type":"WebPage","@id":"https:\/\/mulheresacesta.com.br\/en\/2024\/01\/convocada-para-o-pre-olimpico-alana-goncalo\/","url":"https:\/\/mulheresacesta.com.br\/en\/2024\/01\/convocada-para-o-pre-olimpico-alana-goncalo\/","name":"Convocada para o Pr\u00e9-Ol\u00edmpico: Alana Gon\u00e7alo","isPartOf":{"@id":"https:\/\/mulheresacesta.com.br\/en\/#website"},"primaryImageOfPage":{"@id":"https:\/\/mulheresacesta.com.br\/en\/2024\/01\/convocada-para-o-pre-olimpico-alana-goncalo\/#primaryimage"},"image":{"@id":"https:\/\/mulheresacesta.com.br\/en\/2024\/01\/convocada-para-o-pre-olimpico-alana-goncalo\/#primaryimage"},"thumbnailUrl":"https:\/\/mulheresacesta.com.br\/wp-content\/uploads\/2024\/01\/2.png","datePublished":"2024-01-10T12:00:00+00:00","description":"Alana construiu sua base no basquete nos Estados Unidos, atuou no cen\u00e1rio espanhol e participou de quatro temporadas na LBF: em 2019 pelo Santo Andr\u00e9, em","breadcrumb":{"@id":"https:\/\/mulheresacesta.com.br\/en\/2024\/01\/convocada-para-o-pre-olimpico-alana-goncalo\/#breadcrumb"},"inLanguage":"en-US","potentialAction":[{"@type":"ReadAction","target":["https:\/\/mulheresacesta.com.br\/en\/2024\/01\/convocada-para-o-pre-olimpico-alana-goncalo\/"]}]},{"@type":"ImageObject","inLanguage":"en-US","@id":"https:\/\/mulheresacesta.com.br\/en\/2024\/01\/convocada-para-o-pre-olimpico-alana-goncalo\/#primaryimage","url":"https:\/\/mulheresacesta.com.br\/wp-content\/uploads\/2024\/01\/2.png","contentUrl":"https:\/\/mulheresacesta.com.br\/wp-content\/uploads\/2024\/01\/2.png","width":1580,"height":890},{"@type":"BreadcrumbList","@id":"https:\/\/mulheresacesta.com.br\/en\/2024\/01\/convocada-para-o-pre-olimpico-alana-goncalo\/#breadcrumb","itemListElement":[{"@type":"ListItem","position":1,"name":"In\u00edcio","item":"https:\/\/mulheresacesta.com.br\/"},{"@type":"ListItem","position":2,"name":"Convocada para o Pr\u00e9-Ol\u00edmpico: Alana Gon\u00e7alo"}]},{"@type":"WebSite","@id":"https:\/\/mulheresacesta.com.br\/en\/#website","url":"https:\/\/mulheresacesta.com.br\/en\/","name":"Mulheres \u00e0 Cesta","description":"","publisher":{"@id":"https:\/\/mulheresacesta.com.br\/en\/#organization"},"potentialAction":[{"@type":"SearchAction","target":{"@type":"EntryPoint","urlTemplate":"https:\/\/mulheresacesta.com.br\/en\/?s={search_term_string}"},"query-input":{"@type":"PropertyValueSpecification","valueRequired":true,"valueName":"search_term_string"}}],"inLanguage":"en-US"},{"@type":"Organization","@id":"https:\/\/mulheresacesta.com.br\/en\/#organization","name":"Mulheres \u00e0 Cesta","url":"https:\/\/mulheresacesta.com.br\/en\/","logo":{"@type":"ImageObject","inLanguage":"en-US","@id":"https:\/\/mulheresacesta.com.br\/en\/#\/schema\/logo\/image\/","url":"https:\/\/mulheresacesta.com.br\/wp-content\/uploads\/2020\/10\/mulheres-a-cesta.jpg","contentUrl":"https:\/\/mulheresacesta.com.br\/wp-content\/uploads\/2020\/10\/mulheres-a-cesta.jpg","width":400,"height":300,"caption":"Mulheres \u00e0 Cesta"},"image":{"@id":"https:\/\/mulheresacesta.com.br\/en\/#\/schema\/logo\/image\/"}},{"@type":"Person","@id":"https:\/\/mulheresacesta.com.br\/en\/#\/schema\/person\/11ebd3af76a9fcb3d26c815924faac42","name":"mulheres","sameAs":["http:\/\/localhost\/mulheresacesta"],"url":"https:\/\/mulheresacesta.com.br\/en\/author\/mulheres\/"}]}},"_links":{"self":[{"href":"https:\/\/mulheresacesta.com.br\/en\/wp-json\/wp\/v2\/posts\/4860","targetHints":{"allow":["GET"]}}],"collection":[{"href":"https:\/\/mulheresacesta.com.br\/en\/wp-json\/wp\/v2\/posts"}],"about":[{"href":"https:\/\/mulheresacesta.com.br\/en\/wp-json\/wp\/v2\/types\/post"}],"author":[{"embeddable":true,"href":"https:\/\/mulheresacesta.com.br\/en\/wp-json\/wp\/v2\/users\/1"}],"replies":[{"embeddable":true,"href":"https:\/\/mulheresacesta.com.br\/en\/wp-json\/wp\/v2\/comments?post=4860"}],"version-history":[{"count":2,"href":"https:\/\/mulheresacesta.com.br\/en\/wp-json\/wp\/v2\/posts\/4860\/revisions"}],"predecessor-version":[{"id":4874,"href":"https:\/\/mulheresacesta.com.br\/en\/wp-json\/wp\/v2\/posts\/4860\/revisions\/4874"}],"wp:featuredmedia":[{"embeddable":true,"href":"https:\/\/mulheresacesta.com.br\/en\/wp-json\/wp\/v2\/media\/4861"}],"wp:attachment":[{"href":"https:\/\/mulheresacesta.com.br\/en\/wp-json\/wp\/v2\/media?parent=4860"}],"wp:term":[{"taxonomy":"category","embeddable":true,"href":"https:\/\/mulheresacesta.com.br\/en\/wp-json\/wp\/v2\/categories?post=4860"},{"taxonomy":"post_tag","embeddable":true,"href":"https:\/\/mulheresacesta.com.br\/en\/wp-json\/wp\/v2\/tags?post=4860"}],"curies":[{"name":"wp","href":"https:\/\/api.w.org\/{rel}","templated":true}]}}