{"id":4870,"date":"2024-01-15T09:00:00","date_gmt":"2024-01-15T12:00:00","guid":{"rendered":"https:\/\/mulheresacesta.com.br\/?p=4870"},"modified":"2024-01-09T17:39:58","modified_gmt":"2024-01-09T20:39:58","slug":"convocada-para-o-pre-olimpico-isabela-ramona","status":"publish","type":"post","link":"https:\/\/mulheresacesta.com.br\/en\/2024\/01\/convocada-para-o-pre-olimpico-isabela-ramona\/","title":{"rendered":"Convocada para o Pr\u00e9-Ol\u00edmpico: Isabela Ramona"},"content":{"rendered":"\n<p>Isabela Ramona \u00e9 uma presen\u00e7a constante nas convoca\u00e7\u00f5es da Sele\u00e7\u00e3o Brasileira, e n\u00e3o \u00e9 por acaso. A atleta foi pe\u00e7a fundamental na conquista dos Jogos Pan-Americanos de Lima-2019 e foi campe\u00e3 invicta na AmeriCup 2023. Al\u00e9m de possuir a garra e destreza necess\u00e1rias para integrar a equipe nacional, Isabela traz consigo uma valiosa bagagem de experi\u00eancia internacional. Atualmente, destaca-se pelo seu desempenho no Samara, na R\u00fassia. Essa trajet\u00f3ria impec\u00e1vel, sem d\u00favida, confere vantagens \u00e0 Sele\u00e7\u00e3o Brasileira, que a ter\u00e1 como integrante no enfrentamento das equipes da Alemanha, Austr\u00e1lia e S\u00e9rvia durante o Pr\u00e9-Ol\u00edmpico.<\/p>\n\n\n\n<p>Altura: 1,80m<br>Equipe: Samara (R\u00fassia)<br>Posi\u00e7\u00e3o: Ala<br>Instagram: @isaramona<\/p>\n\n\n\n<p>Foto de capa: CBB<\/p>\n","protected":false},"excerpt":{"rendered":"<p>Isabela Ramona \u00e9 uma presen\u00e7a constante nas convoca\u00e7\u00f5es da Sele\u00e7\u00e3o Brasileira, e n\u00e3o \u00e9 por acaso. A atleta foi pe\u00e7a fundamental na conquista dos Jogos Pan-Americanos de Lima-2019 e foi campe\u00e3 invicta na AmeriCup 2023. Al\u00e9m de possuir a garra e destreza necess\u00e1rias para integrar a equipe nacional, Isabela traz consigo uma valiosa bagagem de [&hellip;]<\/p>\n","protected":false},"author":1,"featured_media":4871,"comment_status":"open","ping_status":"open","sticky":false,"template":"","format":"standard","meta":{"footnotes":""},"categories":[12],"tags":[],"class_list":["post-4870","post","type-post","status-publish","format-standard","has-post-thumbnail","hentry","category-blog"],"acf":[],"yoast_head":"<!-- This site is optimized with the Yoast SEO plugin v26.4 - https:\/\/yoast.com\/wordpress\/plugins\/seo\/ -->\n<title>Convocada para o Pr\u00e9-Ol\u00edmpico: Isabela Ramona<\/title>\n<meta name=\"description\" content=\"Isabela Ramona \u00e9 uma presen\u00e7a constante nas convoca\u00e7\u00f5es da Sele\u00e7\u00e3o Brasileira, e n\u00e3o \u00e9 por acaso. A atleta foi pe\u00e7a fundamental na conquista dos Jogos\" \/>\n<meta name=\"robots\" content=\"index, follow, max-snippet:-1, max-image-preview:large, max-video-preview:-1\" \/>\n<link rel=\"canonical\" href=\"https:\/\/mulheresacesta.com.br\/en\/2024\/01\/convocada-para-o-pre-olimpico-isabela-ramona\/\" \/>\n<meta property=\"og:locale\" content=\"en_US\" \/>\n<meta property=\"og:locale:alternate\" content=\"pt_BR\" \/>\n<meta property=\"og:type\" content=\"article\" \/>\n<meta property=\"og:title\" content=\"Convocada para o Pr\u00e9-Ol\u00edmpico: Isabela Ramona\" \/>\n<meta property=\"og:description\" content=\"Isabela Ramona \u00e9 uma presen\u00e7a constante nas convoca\u00e7\u00f5es da Sele\u00e7\u00e3o Brasileira, e n\u00e3o \u00e9 por acaso. A atleta foi pe\u00e7a fundamental na conquista dos Jogos\" \/>\n<meta property=\"og:url\" content=\"https:\/\/mulheresacesta.com.br\/en\/2024\/01\/convocada-para-o-pre-olimpico-isabela-ramona\/\" \/>\n<meta property=\"og:site_name\" content=\"Mulheres \u00e0 Cesta\" \/>\n<meta property=\"article:published_time\" content=\"2024-01-15T12:00:00+00:00\" \/>\n<meta property=\"og:image\" content=\"https:\/\/mulheresacesta.com.br\/wp-content\/uploads\/2024\/01\/5.png\" \/>\n\t<meta property=\"og:image:width\" content=\"1580\" \/>\n\t<meta property=\"og:image:height\" content=\"890\" \/>\n\t<meta property=\"og:image:type\" content=\"image\/png\" \/>\n<meta name=\"author\" content=\"mulheres\" \/>\n<meta name=\"twitter:card\" content=\"summary_large_image\" \/>\n<meta name=\"twitter:label1\" content=\"Written by\" \/>\n\t<meta name=\"twitter:data1\" content=\"mulheres\" \/>\n\t<meta name=\"twitter:label2\" content=\"Est. reading time\" \/>\n\t<meta name=\"twitter:data2\" content=\"1 minute\" \/>\n<script type=\"application\/ld+json\" class=\"yoast-schema-graph\">{\"@context\":\"https:\/\/schema.org\",\"@graph\":[{\"@type\":\"Article\",\"@id\":\"https:\/\/mulheresacesta.com.br\/2024\/01\/convocada-para-o-pre-olimpico-isabela-ramona\/#article\",\"isPartOf\":{\"@id\":\"https:\/\/mulheresacesta.com.br\/2024\/01\/convocada-para-o-pre-olimpico-isabela-ramona\/\"},\"author\":{\"name\":\"mulheres\",\"@id\":\"https:\/\/mulheresacesta.com.br\/en\/#\/schema\/person\/11ebd3af76a9fcb3d26c815924faac42\"},\"headline\":\"Convocada para o Pr\u00e9-Ol\u00edmpico: Isabela Ramona\",\"datePublished\":\"2024-01-15T12:00:00+00:00\",\"mainEntityOfPage\":{\"@id\":\"https:\/\/mulheresacesta.com.br\/2024\/01\/convocada-para-o-pre-olimpico-isabela-ramona\/\"},\"wordCount\":129,\"commentCount\":0,\"publisher\":{\"@id\":\"https:\/\/mulheresacesta.com.br\/en\/#organization\"},\"image\":{\"@id\":\"https:\/\/mulheresacesta.com.br\/2024\/01\/convocada-para-o-pre-olimpico-isabela-ramona\/#primaryimage\"},\"thumbnailUrl\":\"https:\/\/mulheresacesta.com.br\/wp-content\/uploads\/2024\/01\/5.png\",\"articleSection\":[\"Blog\"],\"inLanguage\":\"en-US\",\"potentialAction\":[{\"@type\":\"CommentAction\",\"name\":\"Comment\",\"target\":[\"https:\/\/mulheresacesta.com.br\/2024\/01\/convocada-para-o-pre-olimpico-isabela-ramona\/#respond\"]}]},{\"@type\":\"WebPage\",\"@id\":\"https:\/\/mulheresacesta.com.br\/2024\/01\/convocada-para-o-pre-olimpico-isabela-ramona\/\",\"url\":\"https:\/\/mulheresacesta.com.br\/2024\/01\/convocada-para-o-pre-olimpico-isabela-ramona\/\",\"name\":\"Convocada para o Pr\u00e9-Ol\u00edmpico: Isabela Ramona\",\"isPartOf\":{\"@id\":\"https:\/\/mulheresacesta.com.br\/en\/#website\"},\"primaryImageOfPage\":{\"@id\":\"https:\/\/mulheresacesta.com.br\/2024\/01\/convocada-para-o-pre-olimpico-isabela-ramona\/#primaryimage\"},\"image\":{\"@id\":\"https:\/\/mulheresacesta.com.br\/2024\/01\/convocada-para-o-pre-olimpico-isabela-ramona\/#primaryimage\"},\"thumbnailUrl\":\"https:\/\/mulheresacesta.com.br\/wp-content\/uploads\/2024\/01\/5.png\",\"datePublished\":\"2024-01-15T12:00:00+00:00\",\"description\":\"Isabela Ramona \u00e9 uma presen\u00e7a constante nas convoca\u00e7\u00f5es da Sele\u00e7\u00e3o Brasileira, e n\u00e3o \u00e9 por acaso. A atleta foi pe\u00e7a fundamental na conquista dos Jogos\",\"breadcrumb\":{\"@id\":\"https:\/\/mulheresacesta.com.br\/2024\/01\/convocada-para-o-pre-olimpico-isabela-ramona\/#breadcrumb\"},\"inLanguage\":\"en-US\",\"potentialAction\":[{\"@type\":\"ReadAction\",\"target\":[\"https:\/\/mulheresacesta.com.br\/2024\/01\/convocada-para-o-pre-olimpico-isabela-ramona\/\"]}]},{\"@type\":\"ImageObject\",\"inLanguage\":\"en-US\",\"@id\":\"https:\/\/mulheresacesta.com.br\/2024\/01\/convocada-para-o-pre-olimpico-isabela-ramona\/#primaryimage\",\"url\":\"https:\/\/mulheresacesta.com.br\/wp-content\/uploads\/2024\/01\/5.png\",\"contentUrl\":\"https:\/\/mulheresacesta.com.br\/wp-content\/uploads\/2024\/01\/5.png\",\"width\":1580,\"height\":890},{\"@type\":\"BreadcrumbList\",\"@id\":\"https:\/\/mulheresacesta.com.br\/2024\/01\/convocada-para-o-pre-olimpico-isabela-ramona\/#breadcrumb\",\"itemListElement\":[{\"@type\":\"ListItem\",\"position\":1,\"name\":\"In\u00edcio\",\"item\":\"https:\/\/mulheresacesta.com.br\/\"},{\"@type\":\"ListItem\",\"position\":2,\"name\":\"Convocada para o Pr\u00e9-Ol\u00edmpico: Isabela Ramona\"}]},{\"@type\":\"WebSite\",\"@id\":\"https:\/\/mulheresacesta.com.br\/en\/#website\",\"url\":\"https:\/\/mulheresacesta.com.br\/en\/\",\"name\":\"Mulheres \u00e0 Cesta\",\"description\":\"\",\"publisher\":{\"@id\":\"https:\/\/mulheresacesta.com.br\/en\/#organization\"},\"potentialAction\":[{\"@type\":\"SearchAction\",\"target\":{\"@type\":\"EntryPoint\",\"urlTemplate\":\"https:\/\/mulheresacesta.com.br\/en\/?s={search_term_string}\"},\"query-input\":{\"@type\":\"PropertyValueSpecification\",\"valueRequired\":true,\"valueName\":\"search_term_string\"}}],\"inLanguage\":\"en-US\"},{\"@type\":\"Organization\",\"@id\":\"https:\/\/mulheresacesta.com.br\/en\/#organization\",\"name\":\"Mulheres \u00e0 Cesta\",\"url\":\"https:\/\/mulheresacesta.com.br\/en\/\",\"logo\":{\"@type\":\"ImageObject\",\"inLanguage\":\"en-US\",\"@id\":\"https:\/\/mulheresacesta.com.br\/en\/#\/schema\/logo\/image\/\",\"url\":\"https:\/\/mulheresacesta.com.br\/wp-content\/uploads\/2020\/10\/mulheres-a-cesta.jpg\",\"contentUrl\":\"https:\/\/mulheresacesta.com.br\/wp-content\/uploads\/2020\/10\/mulheres-a-cesta.jpg\",\"width\":400,\"height\":300,\"caption\":\"Mulheres \u00e0 Cesta\"},\"image\":{\"@id\":\"https:\/\/mulheresacesta.com.br\/en\/#\/schema\/logo\/image\/\"}},{\"@type\":\"Person\",\"@id\":\"https:\/\/mulheresacesta.com.br\/en\/#\/schema\/person\/11ebd3af76a9fcb3d26c815924faac42\",\"name\":\"mulheres\",\"sameAs\":[\"http:\/\/localhost\/mulheresacesta\"],\"url\":\"https:\/\/mulheresacesta.com.br\/en\/author\/mulheres\/\"}]}<\/script>\n<!-- \/ Yoast SEO plugin. -->","yoast_head_json":{"title":"Convocada para o Pr\u00e9-Ol\u00edmpico: Isabela Ramona","description":"Isabela Ramona \u00e9 uma presen\u00e7a constante nas convoca\u00e7\u00f5es da Sele\u00e7\u00e3o Brasileira, e n\u00e3o \u00e9 por acaso. A atleta foi pe\u00e7a fundamental na conquista dos Jogos","robots":{"index":"index","follow":"follow","max-snippet":"max-snippet:-1","max-image-preview":"max-image-preview:large","max-video-preview":"max-video-preview:-1"},"canonical":"https:\/\/mulheresacesta.com.br\/en\/2024\/01\/convocada-para-o-pre-olimpico-isabela-ramona\/","og_locale":"en_US","og_type":"article","og_title":"[:pt]Convocada para o Pr\u00e9-Ol\u00edmpico: Isabela Ramona[:] - Mulheres \u00e0 Cesta","og_description":"Isabela Ramona \u00e9 uma presen\u00e7a constante nas convoca\u00e7\u00f5es da Sele\u00e7\u00e3o Brasileira, e n\u00e3o \u00e9 por acaso. A atleta foi pe\u00e7a fundamental na conquista dos Jogos","og_url":"https:\/\/mulheresacesta.com.br\/en\/2024\/01\/convocada-para-o-pre-olimpico-isabela-ramona\/","og_site_name":"Mulheres \u00e0 Cesta","article_published_time":"2024-01-15T12:00:00+00:00","og_image":[{"width":1580,"height":890,"url":"https:\/\/mulheresacesta.com.br\/wp-content\/uploads\/2024\/01\/5.png","type":"image\/png"}],"author":"mulheres","twitter_card":"summary_large_image","twitter_misc":{"Written by":"mulheres","Est. reading time":"1 minute"},"schema":{"@context":"https:\/\/schema.org","@graph":[{"@type":"Article","@id":"https:\/\/mulheresacesta.com.br\/2024\/01\/convocada-para-o-pre-olimpico-isabela-ramona\/#article","isPartOf":{"@id":"https:\/\/mulheresacesta.com.br\/2024\/01\/convocada-para-o-pre-olimpico-isabela-ramona\/"},"author":{"name":"mulheres","@id":"https:\/\/mulheresacesta.com.br\/en\/#\/schema\/person\/11ebd3af76a9fcb3d26c815924faac42"},"headline":"Convocada para o Pr\u00e9-Ol\u00edmpico: Isabela Ramona","datePublished":"2024-01-15T12:00:00+00:00","mainEntityOfPage":{"@id":"https:\/\/mulheresacesta.com.br\/2024\/01\/convocada-para-o-pre-olimpico-isabela-ramona\/"},"wordCount":129,"commentCount":0,"publisher":{"@id":"https:\/\/mulheresacesta.com.br\/en\/#organization"},"image":{"@id":"https:\/\/mulheresacesta.com.br\/2024\/01\/convocada-para-o-pre-olimpico-isabela-ramona\/#primaryimage"},"thumbnailUrl":"https:\/\/mulheresacesta.com.br\/wp-content\/uploads\/2024\/01\/5.png","articleSection":["Blog"],"inLanguage":"en-US","potentialAction":[{"@type":"CommentAction","name":"Comment","target":["https:\/\/mulheresacesta.com.br\/2024\/01\/convocada-para-o-pre-olimpico-isabela-ramona\/#respond"]}]},{"@type":"WebPage","@id":"https:\/\/mulheresacesta.com.br\/2024\/01\/convocada-para-o-pre-olimpico-isabela-ramona\/","url":"https:\/\/mulheresacesta.com.br\/2024\/01\/convocada-para-o-pre-olimpico-isabela-ramona\/","name":"Convocada para o Pr\u00e9-Ol\u00edmpico: Isabela Ramona","isPartOf":{"@id":"https:\/\/mulheresacesta.com.br\/en\/#website"},"primaryImageOfPage":{"@id":"https:\/\/mulheresacesta.com.br\/2024\/01\/convocada-para-o-pre-olimpico-isabela-ramona\/#primaryimage"},"image":{"@id":"https:\/\/mulheresacesta.com.br\/2024\/01\/convocada-para-o-pre-olimpico-isabela-ramona\/#primaryimage"},"thumbnailUrl":"https:\/\/mulheresacesta.com.br\/wp-content\/uploads\/2024\/01\/5.png","datePublished":"2024-01-15T12:00:00+00:00","description":"Isabela Ramona \u00e9 uma presen\u00e7a constante nas convoca\u00e7\u00f5es da Sele\u00e7\u00e3o Brasileira, e n\u00e3o \u00e9 por acaso. A atleta foi pe\u00e7a fundamental na conquista dos Jogos","breadcrumb":{"@id":"https:\/\/mulheresacesta.com.br\/2024\/01\/convocada-para-o-pre-olimpico-isabela-ramona\/#breadcrumb"},"inLanguage":"en-US","potentialAction":[{"@type":"ReadAction","target":["https:\/\/mulheresacesta.com.br\/2024\/01\/convocada-para-o-pre-olimpico-isabela-ramona\/"]}]},{"@type":"ImageObject","inLanguage":"en-US","@id":"https:\/\/mulheresacesta.com.br\/2024\/01\/convocada-para-o-pre-olimpico-isabela-ramona\/#primaryimage","url":"https:\/\/mulheresacesta.com.br\/wp-content\/uploads\/2024\/01\/5.png","contentUrl":"https:\/\/mulheresacesta.com.br\/wp-content\/uploads\/2024\/01\/5.png","width":1580,"height":890},{"@type":"BreadcrumbList","@id":"https:\/\/mulheresacesta.com.br\/2024\/01\/convocada-para-o-pre-olimpico-isabela-ramona\/#breadcrumb","itemListElement":[{"@type":"ListItem","position":1,"name":"In\u00edcio","item":"https:\/\/mulheresacesta.com.br\/"},{"@type":"ListItem","position":2,"name":"Convocada para o Pr\u00e9-Ol\u00edmpico: Isabela Ramona"}]},{"@type":"WebSite","@id":"https:\/\/mulheresacesta.com.br\/en\/#website","url":"https:\/\/mulheresacesta.com.br\/en\/","name":"Mulheres \u00e0 Cesta","description":"","publisher":{"@id":"https:\/\/mulheresacesta.com.br\/en\/#organization"},"potentialAction":[{"@type":"SearchAction","target":{"@type":"EntryPoint","urlTemplate":"https:\/\/mulheresacesta.com.br\/en\/?s={search_term_string}"},"query-input":{"@type":"PropertyValueSpecification","valueRequired":true,"valueName":"search_term_string"}}],"inLanguage":"en-US"},{"@type":"Organization","@id":"https:\/\/mulheresacesta.com.br\/en\/#organization","name":"Mulheres \u00e0 Cesta","url":"https:\/\/mulheresacesta.com.br\/en\/","logo":{"@type":"ImageObject","inLanguage":"en-US","@id":"https:\/\/mulheresacesta.com.br\/en\/#\/schema\/logo\/image\/","url":"https:\/\/mulheresacesta.com.br\/wp-content\/uploads\/2020\/10\/mulheres-a-cesta.jpg","contentUrl":"https:\/\/mulheresacesta.com.br\/wp-content\/uploads\/2020\/10\/mulheres-a-cesta.jpg","width":400,"height":300,"caption":"Mulheres \u00e0 Cesta"},"image":{"@id":"https:\/\/mulheresacesta.com.br\/en\/#\/schema\/logo\/image\/"}},{"@type":"Person","@id":"https:\/\/mulheresacesta.com.br\/en\/#\/schema\/person\/11ebd3af76a9fcb3d26c815924faac42","name":"mulheres","sameAs":["http:\/\/localhost\/mulheresacesta"],"url":"https:\/\/mulheresacesta.com.br\/en\/author\/mulheres\/"}]}},"_links":{"self":[{"href":"https:\/\/mulheresacesta.com.br\/en\/wp-json\/wp\/v2\/posts\/4870","targetHints":{"allow":["GET"]}}],"collection":[{"href":"https:\/\/mulheresacesta.com.br\/en\/wp-json\/wp\/v2\/posts"}],"about":[{"href":"https:\/\/mulheresacesta.com.br\/en\/wp-json\/wp\/v2\/types\/post"}],"author":[{"embeddable":true,"href":"https:\/\/mulheresacesta.com.br\/en\/wp-json\/wp\/v2\/users\/1"}],"replies":[{"embeddable":true,"href":"https:\/\/mulheresacesta.com.br\/en\/wp-json\/wp\/v2\/comments?post=4870"}],"version-history":[{"count":2,"href":"https:\/\/mulheresacesta.com.br\/en\/wp-json\/wp\/v2\/posts\/4870\/revisions"}],"predecessor-version":[{"id":4876,"href":"https:\/\/mulheresacesta.com.br\/en\/wp-json\/wp\/v2\/posts\/4870\/revisions\/4876"}],"wp:featuredmedia":[{"embeddable":true,"href":"https:\/\/mulheresacesta.com.br\/en\/wp-json\/wp\/v2\/media\/4871"}],"wp:attachment":[{"href":"https:\/\/mulheresacesta.com.br\/en\/wp-json\/wp\/v2\/media?parent=4870"}],"wp:term":[{"taxonomy":"category","embeddable":true,"href":"https:\/\/mulheresacesta.com.br\/en\/wp-json\/wp\/v2\/categories?post=4870"},{"taxonomy":"post_tag","embeddable":true,"href":"https:\/\/mulheresacesta.com.br\/en\/wp-json\/wp\/v2\/tags?post=4870"}],"curies":[{"name":"wp","href":"https:\/\/api.w.org\/{rel}","templated":true}]}}