{"id":5166,"date":"2024-03-08T09:00:00","date_gmt":"2024-03-08T12:00:00","guid":{"rendered":"https:\/\/mulheresacesta.com.br\/?p=5166"},"modified":"2024-03-07T14:09:54","modified_gmt":"2024-03-07T17:09:54","slug":"dia-internacional-da-mulher-a-luta-por-direitos-continua","status":"publish","type":"post","link":"https:\/\/mulheresacesta.com.br\/en\/2024\/03\/dia-internacional-da-mulher-a-luta-por-direitos-continua\/","title":{"rendered":"Dia Internacional da Mulher: A Luta por Direitos Continua"},"content":{"rendered":"\n<p>Muito mais do que uma data comemorativa, o Dia Internacional da Mulher nos prop\u00f5e uma importante de reflex\u00e3o sobre os direitos que conquistamos ao longo dos anos.<br><br>Ainda hoje, muitas mulheres t\u00eam seus espa\u00e7os relegados e chegam a sofrer agress\u00f5es f\u00edsicas e verbais por simplesmente n\u00e3o seguirem um padr\u00e3o tido como ideal. <br><br>No esporte, n\u00e3o \u00e9 diferente. Apesar do aumento da presen\u00e7a feminina no meio esportivo, seja como atletas profissionais, seja em comiss\u00f5es t\u00e9cnicas e em cargos de lideran\u00e7a, ainda temos muito para conquistar.<br><br>Em 2024, muitas atletas profissionais ainda precisam fazer jornada-dupla de trabalho para manter suas carreiras no esporte. A falta de incentivo, os sal\u00e1rios baixos e a dificuldade de se obter patroc\u00ednio \u00e9 um dos principais desafios. <br><br>Al\u00e9m disso, a cobran\u00e7a tamb\u00e9m \u00e9 maior sobre as mulheres, o que as leva a um desgaste emocional e mental muito mais intenso para obter bons resultados. Somada a essa equa\u00e7\u00e3o, h\u00e1 tamb\u00e9m a vida pessoal, que muitas vezes fica em segundo plano, o que pode causar estresse e sentimentos de solid\u00e3o.<br><br>No Brasil, esse cen\u00e1rio se mostra ainda mais desafiador. Al\u00e9m da falta de incentivo financeiro para equipes femininas, o machismo estrutural torna esse caminho ainda mais tortuoso.<br><br>Muitas vezes, as atletas precisam ter mais de um emprego para ter condi\u00e7\u00f5es de comprar itens b\u00e1sicos de treinos. Embora o amor pelo esporte seja o combust\u00edvel que impulsiona muitas jogadoras, \u00e9 importante que tenhamos mais pol\u00edticas p\u00fablicas que garantam condi\u00e7\u00f5es dignas dentro e fora de quadra, o que inclui: equipamento adequado para treinos e prepara\u00e7\u00e3o f\u00edsica, acompanhamento psicol\u00f3gico para as jogadoras, maior cobertura da m\u00eddia sobre as competi\u00e7\u00f5es femininas e, acima de tudo, respeito \u00e0 todas as mulheres que dedicam suas vidas ao esporte.<br><br>Nesse dia t\u00e3o importante para a luta das mulheres por direitos, n\u00e3o podemos deixar de homenagear todas as mulheres que lutam por respeito em qualquer \u00e1rea vida.<br><br>Feliz Dia Internacional da Mulher<br><\/p>\n","protected":false},"excerpt":{"rendered":"<p>Muito mais do que uma data comemorativa, o Dia Internacional da Mulher nos prop\u00f5e uma importante de reflex\u00e3o sobre os direitos que conquistamos ao longo dos anos. Ainda hoje, muitas mulheres t\u00eam seus espa\u00e7os relegados e chegam a sofrer agress\u00f5es f\u00edsicas e verbais por simplesmente n\u00e3o seguirem um padr\u00e3o tido como ideal. No esporte, n\u00e3o [&hellip;]<\/p>\n","protected":false},"author":1,"featured_media":5172,"comment_status":"open","ping_status":"open","sticky":false,"template":"","format":"standard","meta":{"footnotes":""},"categories":[12],"tags":[],"class_list":["post-5166","post","type-post","status-publish","format-standard","has-post-thumbnail","hentry","category-blog"],"acf":[],"yoast_head":"<!-- This site is optimized with the Yoast SEO plugin v26.4 - https:\/\/yoast.com\/wordpress\/plugins\/seo\/ -->\n<title>Dia Internacional da Mulher: A Luta por Direitos Continua<\/title>\n<meta name=\"description\" content=\"Muito mais do que uma data comemorativa, o Dia Internacional da Mulher nos prop\u00f5e uma importante de reflex\u00e3o sobre os direitos que conquistamos ao longo\" \/>\n<meta name=\"robots\" content=\"index, follow, max-snippet:-1, max-image-preview:large, max-video-preview:-1\" \/>\n<link rel=\"canonical\" href=\"https:\/\/mulheresacesta.com.br\/en\/2024\/03\/dia-internacional-da-mulher-a-luta-por-direitos-continua\/\" \/>\n<meta property=\"og:locale\" content=\"en_US\" \/>\n<meta property=\"og:locale:alternate\" content=\"pt_BR\" \/>\n<meta property=\"og:type\" content=\"article\" \/>\n<meta property=\"og:title\" content=\"Dia Internacional da Mulher: A Luta por Direitos Continua\" \/>\n<meta property=\"og:description\" content=\"Muito mais do que uma data comemorativa, o Dia Internacional da Mulher nos prop\u00f5e uma importante de reflex\u00e3o sobre os direitos que conquistamos ao longo\" \/>\n<meta property=\"og:url\" content=\"https:\/\/mulheresacesta.com.br\/en\/2024\/03\/dia-internacional-da-mulher-a-luta-por-direitos-continua\/\" \/>\n<meta property=\"og:site_name\" content=\"Mulheres \u00e0 Cesta\" \/>\n<meta property=\"article:published_time\" content=\"2024-03-08T12:00:00+00:00\" \/>\n<meta property=\"og:image\" content=\"https:\/\/mulheresacesta.com.br\/wp-content\/uploads\/2024\/03\/discriminac\u0327a\u0303o-e-preconceito-1580-x-890-px-co\u0301pia.png\" \/>\n\t<meta property=\"og:image:width\" content=\"1580\" \/>\n\t<meta property=\"og:image:height\" content=\"890\" \/>\n\t<meta property=\"og:image:type\" content=\"image\/png\" \/>\n<meta name=\"author\" content=\"mulheres\" \/>\n<meta name=\"twitter:card\" content=\"summary_large_image\" \/>\n<meta name=\"twitter:label1\" content=\"Written by\" \/>\n\t<meta name=\"twitter:data1\" content=\"mulheres\" \/>\n\t<meta name=\"twitter:label2\" content=\"Est. reading time\" \/>\n\t<meta name=\"twitter:data2\" content=\"2 minutes\" \/>\n<script type=\"application\/ld+json\" class=\"yoast-schema-graph\">{\"@context\":\"https:\/\/schema.org\",\"@graph\":[{\"@type\":\"Article\",\"@id\":\"https:\/\/mulheresacesta.com.br\/2024\/03\/dia-internacional-da-mulher-a-luta-por-direitos-continua\/#article\",\"isPartOf\":{\"@id\":\"https:\/\/mulheresacesta.com.br\/2024\/03\/dia-internacional-da-mulher-a-luta-por-direitos-continua\/\"},\"author\":{\"name\":\"mulheres\",\"@id\":\"https:\/\/mulheresacesta.com.br\/en\/#\/schema\/person\/11ebd3af76a9fcb3d26c815924faac42\"},\"headline\":\"Dia Internacional da Mulher: A Luta por Direitos Continua\",\"datePublished\":\"2024-03-08T12:00:00+00:00\",\"mainEntityOfPage\":{\"@id\":\"https:\/\/mulheresacesta.com.br\/2024\/03\/dia-internacional-da-mulher-a-luta-por-direitos-continua\/\"},\"wordCount\":357,\"commentCount\":0,\"publisher\":{\"@id\":\"https:\/\/mulheresacesta.com.br\/en\/#organization\"},\"image\":{\"@id\":\"https:\/\/mulheresacesta.com.br\/2024\/03\/dia-internacional-da-mulher-a-luta-por-direitos-continua\/#primaryimage\"},\"thumbnailUrl\":\"https:\/\/mulheresacesta.com.br\/wp-content\/uploads\/2024\/03\/discriminac\u0327a\u0303o-e-preconceito-1580-x-890-px-co\u0301pia.png\",\"articleSection\":[\"Blog\"],\"inLanguage\":\"en-US\",\"potentialAction\":[{\"@type\":\"CommentAction\",\"name\":\"Comment\",\"target\":[\"https:\/\/mulheresacesta.com.br\/2024\/03\/dia-internacional-da-mulher-a-luta-por-direitos-continua\/#respond\"]}]},{\"@type\":\"WebPage\",\"@id\":\"https:\/\/mulheresacesta.com.br\/2024\/03\/dia-internacional-da-mulher-a-luta-por-direitos-continua\/\",\"url\":\"https:\/\/mulheresacesta.com.br\/2024\/03\/dia-internacional-da-mulher-a-luta-por-direitos-continua\/\",\"name\":\"Dia Internacional da Mulher: A Luta por Direitos Continua\",\"isPartOf\":{\"@id\":\"https:\/\/mulheresacesta.com.br\/en\/#website\"},\"primaryImageOfPage\":{\"@id\":\"https:\/\/mulheresacesta.com.br\/2024\/03\/dia-internacional-da-mulher-a-luta-por-direitos-continua\/#primaryimage\"},\"image\":{\"@id\":\"https:\/\/mulheresacesta.com.br\/2024\/03\/dia-internacional-da-mulher-a-luta-por-direitos-continua\/#primaryimage\"},\"thumbnailUrl\":\"https:\/\/mulheresacesta.com.br\/wp-content\/uploads\/2024\/03\/discriminac\u0327a\u0303o-e-preconceito-1580-x-890-px-co\u0301pia.png\",\"datePublished\":\"2024-03-08T12:00:00+00:00\",\"description\":\"Muito mais do que uma data comemorativa, o Dia Internacional da Mulher nos prop\u00f5e uma importante de reflex\u00e3o sobre os direitos que conquistamos ao longo\",\"breadcrumb\":{\"@id\":\"https:\/\/mulheresacesta.com.br\/2024\/03\/dia-internacional-da-mulher-a-luta-por-direitos-continua\/#breadcrumb\"},\"inLanguage\":\"en-US\",\"potentialAction\":[{\"@type\":\"ReadAction\",\"target\":[\"https:\/\/mulheresacesta.com.br\/2024\/03\/dia-internacional-da-mulher-a-luta-por-direitos-continua\/\"]}]},{\"@type\":\"ImageObject\",\"inLanguage\":\"en-US\",\"@id\":\"https:\/\/mulheresacesta.com.br\/2024\/03\/dia-internacional-da-mulher-a-luta-por-direitos-continua\/#primaryimage\",\"url\":\"https:\/\/mulheresacesta.com.br\/wp-content\/uploads\/2024\/03\/discriminac\u0327a\u0303o-e-preconceito-1580-x-890-px-co\u0301pia.png\",\"contentUrl\":\"https:\/\/mulheresacesta.com.br\/wp-content\/uploads\/2024\/03\/discriminac\u0327a\u0303o-e-preconceito-1580-x-890-px-co\u0301pia.png\",\"width\":1580,\"height\":890},{\"@type\":\"BreadcrumbList\",\"@id\":\"https:\/\/mulheresacesta.com.br\/2024\/03\/dia-internacional-da-mulher-a-luta-por-direitos-continua\/#breadcrumb\",\"itemListElement\":[{\"@type\":\"ListItem\",\"position\":1,\"name\":\"In\u00edcio\",\"item\":\"https:\/\/mulheresacesta.com.br\/\"},{\"@type\":\"ListItem\",\"position\":2,\"name\":\"Dia Internacional da Mulher: A Luta por Direitos Continua\"}]},{\"@type\":\"WebSite\",\"@id\":\"https:\/\/mulheresacesta.com.br\/en\/#website\",\"url\":\"https:\/\/mulheresacesta.com.br\/en\/\",\"name\":\"Mulheres \u00e0 Cesta\",\"description\":\"\",\"publisher\":{\"@id\":\"https:\/\/mulheresacesta.com.br\/en\/#organization\"},\"potentialAction\":[{\"@type\":\"SearchAction\",\"target\":{\"@type\":\"EntryPoint\",\"urlTemplate\":\"https:\/\/mulheresacesta.com.br\/en\/?s={search_term_string}\"},\"query-input\":{\"@type\":\"PropertyValueSpecification\",\"valueRequired\":true,\"valueName\":\"search_term_string\"}}],\"inLanguage\":\"en-US\"},{\"@type\":\"Organization\",\"@id\":\"https:\/\/mulheresacesta.com.br\/en\/#organization\",\"name\":\"Mulheres \u00e0 Cesta\",\"url\":\"https:\/\/mulheresacesta.com.br\/en\/\",\"logo\":{\"@type\":\"ImageObject\",\"inLanguage\":\"en-US\",\"@id\":\"https:\/\/mulheresacesta.com.br\/en\/#\/schema\/logo\/image\/\",\"url\":\"https:\/\/mulheresacesta.com.br\/wp-content\/uploads\/2020\/10\/mulheres-a-cesta.jpg\",\"contentUrl\":\"https:\/\/mulheresacesta.com.br\/wp-content\/uploads\/2020\/10\/mulheres-a-cesta.jpg\",\"width\":400,\"height\":300,\"caption\":\"Mulheres \u00e0 Cesta\"},\"image\":{\"@id\":\"https:\/\/mulheresacesta.com.br\/en\/#\/schema\/logo\/image\/\"}},{\"@type\":\"Person\",\"@id\":\"https:\/\/mulheresacesta.com.br\/en\/#\/schema\/person\/11ebd3af76a9fcb3d26c815924faac42\",\"name\":\"mulheres\",\"sameAs\":[\"http:\/\/localhost\/mulheresacesta\"],\"url\":\"https:\/\/mulheresacesta.com.br\/en\/author\/mulheres\/\"}]}<\/script>\n<!-- \/ Yoast SEO plugin. -->","yoast_head_json":{"title":"Dia Internacional da Mulher: A Luta por Direitos Continua","description":"Muito mais do que uma data comemorativa, o Dia Internacional da Mulher nos prop\u00f5e uma importante de reflex\u00e3o sobre os direitos que conquistamos ao longo","robots":{"index":"index","follow":"follow","max-snippet":"max-snippet:-1","max-image-preview":"max-image-preview:large","max-video-preview":"max-video-preview:-1"},"canonical":"https:\/\/mulheresacesta.com.br\/en\/2024\/03\/dia-internacional-da-mulher-a-luta-por-direitos-continua\/","og_locale":"en_US","og_type":"article","og_title":"[:pt]Dia Internacional da Mulher: A Luta por Direitos Continua[:] - Mulheres \u00e0 Cesta","og_description":"Muito mais do que uma data comemorativa, o Dia Internacional da Mulher nos prop\u00f5e uma importante de reflex\u00e3o sobre os direitos que conquistamos ao longo","og_url":"https:\/\/mulheresacesta.com.br\/en\/2024\/03\/dia-internacional-da-mulher-a-luta-por-direitos-continua\/","og_site_name":"Mulheres \u00e0 Cesta","article_published_time":"2024-03-08T12:00:00+00:00","og_image":[{"width":1580,"height":890,"url":"https:\/\/mulheresacesta.com.br\/wp-content\/uploads\/2024\/03\/discriminac\u0327a\u0303o-e-preconceito-1580-x-890-px-co\u0301pia.png","type":"image\/png"}],"author":"mulheres","twitter_card":"summary_large_image","twitter_misc":{"Written by":"mulheres","Est. reading time":"2 minutes"},"schema":{"@context":"https:\/\/schema.org","@graph":[{"@type":"Article","@id":"https:\/\/mulheresacesta.com.br\/2024\/03\/dia-internacional-da-mulher-a-luta-por-direitos-continua\/#article","isPartOf":{"@id":"https:\/\/mulheresacesta.com.br\/2024\/03\/dia-internacional-da-mulher-a-luta-por-direitos-continua\/"},"author":{"name":"mulheres","@id":"https:\/\/mulheresacesta.com.br\/en\/#\/schema\/person\/11ebd3af76a9fcb3d26c815924faac42"},"headline":"Dia Internacional da Mulher: A Luta por Direitos Continua","datePublished":"2024-03-08T12:00:00+00:00","mainEntityOfPage":{"@id":"https:\/\/mulheresacesta.com.br\/2024\/03\/dia-internacional-da-mulher-a-luta-por-direitos-continua\/"},"wordCount":357,"commentCount":0,"publisher":{"@id":"https:\/\/mulheresacesta.com.br\/en\/#organization"},"image":{"@id":"https:\/\/mulheresacesta.com.br\/2024\/03\/dia-internacional-da-mulher-a-luta-por-direitos-continua\/#primaryimage"},"thumbnailUrl":"https:\/\/mulheresacesta.com.br\/wp-content\/uploads\/2024\/03\/discriminac\u0327a\u0303o-e-preconceito-1580-x-890-px-co\u0301pia.png","articleSection":["Blog"],"inLanguage":"en-US","potentialAction":[{"@type":"CommentAction","name":"Comment","target":["https:\/\/mulheresacesta.com.br\/2024\/03\/dia-internacional-da-mulher-a-luta-por-direitos-continua\/#respond"]}]},{"@type":"WebPage","@id":"https:\/\/mulheresacesta.com.br\/2024\/03\/dia-internacional-da-mulher-a-luta-por-direitos-continua\/","url":"https:\/\/mulheresacesta.com.br\/2024\/03\/dia-internacional-da-mulher-a-luta-por-direitos-continua\/","name":"Dia Internacional da Mulher: A Luta por Direitos Continua","isPartOf":{"@id":"https:\/\/mulheresacesta.com.br\/en\/#website"},"primaryImageOfPage":{"@id":"https:\/\/mulheresacesta.com.br\/2024\/03\/dia-internacional-da-mulher-a-luta-por-direitos-continua\/#primaryimage"},"image":{"@id":"https:\/\/mulheresacesta.com.br\/2024\/03\/dia-internacional-da-mulher-a-luta-por-direitos-continua\/#primaryimage"},"thumbnailUrl":"https:\/\/mulheresacesta.com.br\/wp-content\/uploads\/2024\/03\/discriminac\u0327a\u0303o-e-preconceito-1580-x-890-px-co\u0301pia.png","datePublished":"2024-03-08T12:00:00+00:00","description":"Muito mais do que uma data comemorativa, o Dia Internacional da Mulher nos prop\u00f5e uma importante de reflex\u00e3o sobre os direitos que conquistamos ao longo","breadcrumb":{"@id":"https:\/\/mulheresacesta.com.br\/2024\/03\/dia-internacional-da-mulher-a-luta-por-direitos-continua\/#breadcrumb"},"inLanguage":"en-US","potentialAction":[{"@type":"ReadAction","target":["https:\/\/mulheresacesta.com.br\/2024\/03\/dia-internacional-da-mulher-a-luta-por-direitos-continua\/"]}]},{"@type":"ImageObject","inLanguage":"en-US","@id":"https:\/\/mulheresacesta.com.br\/2024\/03\/dia-internacional-da-mulher-a-luta-por-direitos-continua\/#primaryimage","url":"https:\/\/mulheresacesta.com.br\/wp-content\/uploads\/2024\/03\/discriminac\u0327a\u0303o-e-preconceito-1580-x-890-px-co\u0301pia.png","contentUrl":"https:\/\/mulheresacesta.com.br\/wp-content\/uploads\/2024\/03\/discriminac\u0327a\u0303o-e-preconceito-1580-x-890-px-co\u0301pia.png","width":1580,"height":890},{"@type":"BreadcrumbList","@id":"https:\/\/mulheresacesta.com.br\/2024\/03\/dia-internacional-da-mulher-a-luta-por-direitos-continua\/#breadcrumb","itemListElement":[{"@type":"ListItem","position":1,"name":"In\u00edcio","item":"https:\/\/mulheresacesta.com.br\/"},{"@type":"ListItem","position":2,"name":"Dia Internacional da Mulher: A Luta por Direitos Continua"}]},{"@type":"WebSite","@id":"https:\/\/mulheresacesta.com.br\/en\/#website","url":"https:\/\/mulheresacesta.com.br\/en\/","name":"Mulheres \u00e0 Cesta","description":"","publisher":{"@id":"https:\/\/mulheresacesta.com.br\/en\/#organization"},"potentialAction":[{"@type":"SearchAction","target":{"@type":"EntryPoint","urlTemplate":"https:\/\/mulheresacesta.com.br\/en\/?s={search_term_string}"},"query-input":{"@type":"PropertyValueSpecification","valueRequired":true,"valueName":"search_term_string"}}],"inLanguage":"en-US"},{"@type":"Organization","@id":"https:\/\/mulheresacesta.com.br\/en\/#organization","name":"Mulheres \u00e0 Cesta","url":"https:\/\/mulheresacesta.com.br\/en\/","logo":{"@type":"ImageObject","inLanguage":"en-US","@id":"https:\/\/mulheresacesta.com.br\/en\/#\/schema\/logo\/image\/","url":"https:\/\/mulheresacesta.com.br\/wp-content\/uploads\/2020\/10\/mulheres-a-cesta.jpg","contentUrl":"https:\/\/mulheresacesta.com.br\/wp-content\/uploads\/2020\/10\/mulheres-a-cesta.jpg","width":400,"height":300,"caption":"Mulheres \u00e0 Cesta"},"image":{"@id":"https:\/\/mulheresacesta.com.br\/en\/#\/schema\/logo\/image\/"}},{"@type":"Person","@id":"https:\/\/mulheresacesta.com.br\/en\/#\/schema\/person\/11ebd3af76a9fcb3d26c815924faac42","name":"mulheres","sameAs":["http:\/\/localhost\/mulheresacesta"],"url":"https:\/\/mulheresacesta.com.br\/en\/author\/mulheres\/"}]}},"_links":{"self":[{"href":"https:\/\/mulheresacesta.com.br\/en\/wp-json\/wp\/v2\/posts\/5166","targetHints":{"allow":["GET"]}}],"collection":[{"href":"https:\/\/mulheresacesta.com.br\/en\/wp-json\/wp\/v2\/posts"}],"about":[{"href":"https:\/\/mulheresacesta.com.br\/en\/wp-json\/wp\/v2\/types\/post"}],"author":[{"embeddable":true,"href":"https:\/\/mulheresacesta.com.br\/en\/wp-json\/wp\/v2\/users\/1"}],"replies":[{"embeddable":true,"href":"https:\/\/mulheresacesta.com.br\/en\/wp-json\/wp\/v2\/comments?post=5166"}],"version-history":[{"count":7,"href":"https:\/\/mulheresacesta.com.br\/en\/wp-json\/wp\/v2\/posts\/5166\/revisions"}],"predecessor-version":[{"id":5175,"href":"https:\/\/mulheresacesta.com.br\/en\/wp-json\/wp\/v2\/posts\/5166\/revisions\/5175"}],"wp:featuredmedia":[{"embeddable":true,"href":"https:\/\/mulheresacesta.com.br\/en\/wp-json\/wp\/v2\/media\/5172"}],"wp:attachment":[{"href":"https:\/\/mulheresacesta.com.br\/en\/wp-json\/wp\/v2\/media?parent=5166"}],"wp:term":[{"taxonomy":"category","embeddable":true,"href":"https:\/\/mulheresacesta.com.br\/en\/wp-json\/wp\/v2\/categories?post=5166"},{"taxonomy":"post_tag","embeddable":true,"href":"https:\/\/mulheresacesta.com.br\/en\/wp-json\/wp\/v2\/tags?post=5166"}],"curies":[{"name":"wp","href":"https:\/\/api.w.org\/{rel}","templated":true}]}}