{"id":5327,"date":"2024-04-08T09:00:00","date_gmt":"2024-04-08T12:00:00","guid":{"rendered":"https:\/\/mulheresacesta.com.br\/?p=5327"},"modified":"2024-04-08T10:11:10","modified_gmt":"2024-04-08T13:11:10","slug":"em-2024-celebramos-o-30o-aniversario-do-memoravel-titulo-da-copa-do-mundo-de-basquete-feminino","status":"publish","type":"post","link":"https:\/\/mulheresacesta.com.br\/en\/2024\/04\/em-2024-celebramos-o-30o-aniversario-do-memoravel-titulo-da-copa-do-mundo-de-basquete-feminino\/","title":{"rendered":"Em 2024, celebramos o 30\u00ba anivers\u00e1rio do memor\u00e1vel t\u00edtulo da Copa do Mundo de Basquete Feminino"},"content":{"rendered":"\n<p>Em 2024, celebramos o 30\u00ba anivers\u00e1rio do memor\u00e1vel t\u00edtulo da Copa do Mundo de Basquete Feminino, conquistado pela lend\u00e1ria equipe brasileira formada por Hort\u00eancia Marcari, Paula Gon\u00e7alves, Helen Luz, Janeth, Roseli do Carmo, Simone Pontello, Ruth de Souza, Alessandra Oliveira e Cintia dos Santos. <strong>T\u00e9cnico: <\/strong>Miguel Angelo da Luz.<\/p>\n\n\n\n<p>A vit\u00f3ria hist\u00f3rica na Austr\u00e1lia em 1994, juntamente com a medalha de prata nas Olimp\u00edadas de Atlanta em 1996, representam os pontos altos do basquete feminino brasileiro.<\/p>\n\n\n\n<p>Para marcar esta celebra\u00e7\u00e3o e homenagear essas atletas, a Confedera\u00e7\u00e3o Brasileira de Basketball (CBB) e a Centauro, lan\u00e7aram uma camiseta inspirada no uniforme daquela campanha vitoriosa.<\/p>\n\n\n\n<div class=\"wp-block-image\"><figure class=\"aligncenter size-large is-resized\"><img loading=\"lazy\" decoding=\"async\" src=\"https:\/\/mulheresacesta.com.br\/wp-content\/uploads\/2024\/04\/1994-brasil-1994-brasil-1024x1024.png\" alt=\"\" class=\"wp-image-5329\" width=\"509\" height=\"509\" srcset=\"https:\/\/mulheresacesta.com.br\/wp-content\/uploads\/2024\/04\/1994-brasil-1994-brasil-1024x1024.png 1024w, https:\/\/mulheresacesta.com.br\/wp-content\/uploads\/2024\/04\/1994-brasil-1994-brasil-300x300.png 300w, https:\/\/mulheresacesta.com.br\/wp-content\/uploads\/2024\/04\/1994-brasil-1994-brasil-150x150.png 150w, https:\/\/mulheresacesta.com.br\/wp-content\/uploads\/2024\/04\/1994-brasil-1994-brasil-768x768.png 768w, https:\/\/mulheresacesta.com.br\/wp-content\/uploads\/2024\/04\/1994-brasil-1994-brasil.png 1080w\" sizes=\"auto, (max-width: 509px) 100vw, 509px\" \/><\/figure><\/div>\n\n\n\n<p>Guy Peixoto Jr., presidente da CBB, enfatizou a import\u00e2ncia de recordar e celebrar os feitos das gera\u00e7\u00f5es anteriores: \u201cEsquecer nossa hist\u00f3ria e \u00eddolos \u00e9 um caminho para o fracasso. Assim como fizemos em 2023, ao homenagear os campe\u00f5es mundiais de 1963, nossas hero\u00ednas tamb\u00e9m merecem todas as homenagens.\u201d<\/p>\n\n\n\n<p>Thierry Gozzer, gerente de comunica\u00e7\u00e3o da CBB, expressou entusiasmo com a renova\u00e7\u00e3o da parceria com a Centauro e a visibilidade da marca CBB.<\/p>\n\n\n\n<p>No campeonato mundial de 1994, o Brasil, n\u00e3o era visto como favorito. No entanto, a equipe superou todas as expectativas e conquistou o t\u00edtulo mundial. Ap\u00f3s uma primeira fase com duas vit\u00f3rias e uma derrota, avan\u00e7aram para a segunda fase, onde novamente terminaram em segundo lugar, mas garantiram sua passagem para a semifinal contra os Estados Unidos.<\/p>\n\n\n\n<p>Numa partida hist\u00f3rica em 11 de junho, o Brasil derrotou as ent\u00e3o bicampe\u00e3s e seguiu para a final contra a China, onde conquistaram a vit\u00f3ria e o t\u00edtulo mundial, uma fa\u00e7anha repetida apenas pela Austr\u00e1lia em 2006 e pelos Estados Unidos.<\/p>\n\n\n\n<p>A camiseta comemorativa est\u00e1 dispon\u00edvel para compra no site da Centauro e tamb\u00e9m ser\u00e1 vendida em breve nas principais lojas da marca nos shoppings por todo o pa\u00eds. Confeccionada em poli\u00e9ster com gola e mangas caneladas distintas, a pe\u00e7a exibe orgulhosamente o logo da CBB dos anos 90 e um selo especial com a inscri\u00e7\u00e3o \u201cCampe\u00e3s Mundiais 1994\u201d.<br><br><strong>Foto destaque:<\/strong> Divulgac\u00e3o CBB<\/p>\n\n\n\n<p>Para comprar a camiseta clique <a href=\"https:\/\/www.centauro.com.br\/camiseta-regata-unissex-cbb-retro-1994-basquete-brasil-986879.html?cor=08\" target=\"_blank\" aria-label=\"undefined (opens in a new tab)\" rel=\"noreferrer noopener\">AQUI<\/a><\/p>\n","protected":false},"excerpt":{"rendered":"<p>Em 2024, celebramos o 30\u00ba anivers\u00e1rio do memor\u00e1vel t\u00edtulo da Copa do Mundo de Basquete Feminino, conquistado pela lend\u00e1ria equipe brasileira formada por Hort\u00eancia Marcari, Paula Gon\u00e7alves, Helen Luz, Janeth, Roseli do Carmo, Simone Pontello, Ruth de Souza, Alessandra Oliveira e Cintia dos Santos. T\u00e9cnico: Miguel Angelo da Luz. A vit\u00f3ria hist\u00f3rica na Austr\u00e1lia em [&hellip;]<\/p>\n","protected":false},"author":1,"featured_media":5328,"comment_status":"open","ping_status":"open","sticky":false,"template":"","format":"standard","meta":{"footnotes":""},"categories":[12],"tags":[],"class_list":["post-5327","post","type-post","status-publish","format-standard","has-post-thumbnail","hentry","category-blog"],"acf":[],"yoast_head":"<!-- This site is optimized with the Yoast SEO plugin v26.4 - https:\/\/yoast.com\/wordpress\/plugins\/seo\/ -->\n<title>Em 2024, celebramos o 30\u00ba anivers\u00e1rio do memor\u00e1vel t\u00edtulo da Copa do Mundo de Basquete Feminino<\/title>\n<meta name=\"description\" content=\"Em 2024, celebramos o 30\u00ba anivers\u00e1rio do memor\u00e1vel t\u00edtulo da Copa do Mundo de Basquete Feminino, conquistado pela lend\u00e1ria equipe brasileira formada por\" \/>\n<meta name=\"robots\" content=\"index, follow, max-snippet:-1, max-image-preview:large, max-video-preview:-1\" \/>\n<link rel=\"canonical\" href=\"https:\/\/mulheresacesta.com.br\/en\/2024\/04\/em-2024-celebramos-o-30o-aniversario-do-memoravel-titulo-da-copa-do-mundo-de-basquete-feminino\/\" \/>\n<meta property=\"og:locale\" content=\"en_US\" \/>\n<meta property=\"og:locale:alternate\" content=\"pt_BR\" \/>\n<meta property=\"og:type\" content=\"article\" \/>\n<meta property=\"og:title\" content=\"Em 2024, celebramos o 30\u00ba anivers\u00e1rio do memor\u00e1vel t\u00edtulo da Copa do Mundo de Basquete Feminino\" \/>\n<meta property=\"og:description\" content=\"Em 2024, celebramos o 30\u00ba anivers\u00e1rio do memor\u00e1vel t\u00edtulo da Copa do Mundo de Basquete Feminino, conquistado pela lend\u00e1ria equipe brasileira formada por\" \/>\n<meta property=\"og:url\" content=\"https:\/\/mulheresacesta.com.br\/en\/2024\/04\/em-2024-celebramos-o-30o-aniversario-do-memoravel-titulo-da-copa-do-mundo-de-basquete-feminino\/\" \/>\n<meta property=\"og:site_name\" content=\"Mulheres \u00e0 Cesta\" \/>\n<meta property=\"article:published_time\" content=\"2024-04-08T12:00:00+00:00\" \/>\n<meta property=\"article:modified_time\" content=\"2024-04-08T13:11:10+00:00\" \/>\n<meta property=\"og:image\" content=\"https:\/\/mulheresacesta.com.br\/wp-content\/uploads\/2024\/04\/conceito_abril1580-x-890-px.png\" \/>\n\t<meta property=\"og:image:width\" content=\"1580\" \/>\n\t<meta property=\"og:image:height\" content=\"890\" \/>\n\t<meta property=\"og:image:type\" content=\"image\/png\" \/>\n<meta name=\"author\" content=\"mulheres\" \/>\n<meta name=\"twitter:card\" content=\"summary_large_image\" \/>\n<meta name=\"twitter:label1\" content=\"Written by\" \/>\n\t<meta name=\"twitter:data1\" content=\"mulheres\" \/>\n\t<meta name=\"twitter:label2\" content=\"Est. reading time\" \/>\n\t<meta name=\"twitter:data2\" content=\"2 minutes\" \/>\n<script type=\"application\/ld+json\" class=\"yoast-schema-graph\">{\"@context\":\"https:\/\/schema.org\",\"@graph\":[{\"@type\":\"Article\",\"@id\":\"https:\/\/mulheresacesta.com.br\/en\/2024\/04\/em-2024-celebramos-o-30o-aniversario-do-memoravel-titulo-da-copa-do-mundo-de-basquete-feminino\/#article\",\"isPartOf\":{\"@id\":\"https:\/\/mulheresacesta.com.br\/en\/2024\/04\/em-2024-celebramos-o-30o-aniversario-do-memoravel-titulo-da-copa-do-mundo-de-basquete-feminino\/\"},\"author\":{\"name\":\"mulheres\",\"@id\":\"https:\/\/mulheresacesta.com.br\/en\/#\/schema\/person\/11ebd3af76a9fcb3d26c815924faac42\"},\"headline\":\"Em 2024, celebramos o 30\u00ba anivers\u00e1rio do memor\u00e1vel t\u00edtulo da Copa do Mundo de Basquete Feminino\",\"datePublished\":\"2024-04-08T12:00:00+00:00\",\"dateModified\":\"2024-04-08T13:11:10+00:00\",\"mainEntityOfPage\":{\"@id\":\"https:\/\/mulheresacesta.com.br\/en\/2024\/04\/em-2024-celebramos-o-30o-aniversario-do-memoravel-titulo-da-copa-do-mundo-de-basquete-feminino\/\"},\"wordCount\":388,\"commentCount\":0,\"publisher\":{\"@id\":\"https:\/\/mulheresacesta.com.br\/en\/#organization\"},\"image\":{\"@id\":\"https:\/\/mulheresacesta.com.br\/en\/2024\/04\/em-2024-celebramos-o-30o-aniversario-do-memoravel-titulo-da-copa-do-mundo-de-basquete-feminino\/#primaryimage\"},\"thumbnailUrl\":\"https:\/\/mulheresacesta.com.br\/wp-content\/uploads\/2024\/04\/conceito_abril1580-x-890-px.png\",\"articleSection\":[\"Blog\"],\"inLanguage\":\"en-US\",\"potentialAction\":[{\"@type\":\"CommentAction\",\"name\":\"Comment\",\"target\":[\"https:\/\/mulheresacesta.com.br\/en\/2024\/04\/em-2024-celebramos-o-30o-aniversario-do-memoravel-titulo-da-copa-do-mundo-de-basquete-feminino\/#respond\"]}]},{\"@type\":\"WebPage\",\"@id\":\"https:\/\/mulheresacesta.com.br\/en\/2024\/04\/em-2024-celebramos-o-30o-aniversario-do-memoravel-titulo-da-copa-do-mundo-de-basquete-feminino\/\",\"url\":\"https:\/\/mulheresacesta.com.br\/en\/2024\/04\/em-2024-celebramos-o-30o-aniversario-do-memoravel-titulo-da-copa-do-mundo-de-basquete-feminino\/\",\"name\":\"Em 2024, celebramos o 30\u00ba anivers\u00e1rio do memor\u00e1vel t\u00edtulo da Copa do Mundo de Basquete Feminino\",\"isPartOf\":{\"@id\":\"https:\/\/mulheresacesta.com.br\/en\/#website\"},\"primaryImageOfPage\":{\"@id\":\"https:\/\/mulheresacesta.com.br\/en\/2024\/04\/em-2024-celebramos-o-30o-aniversario-do-memoravel-titulo-da-copa-do-mundo-de-basquete-feminino\/#primaryimage\"},\"image\":{\"@id\":\"https:\/\/mulheresacesta.com.br\/en\/2024\/04\/em-2024-celebramos-o-30o-aniversario-do-memoravel-titulo-da-copa-do-mundo-de-basquete-feminino\/#primaryimage\"},\"thumbnailUrl\":\"https:\/\/mulheresacesta.com.br\/wp-content\/uploads\/2024\/04\/conceito_abril1580-x-890-px.png\",\"datePublished\":\"2024-04-08T12:00:00+00:00\",\"dateModified\":\"2024-04-08T13:11:10+00:00\",\"description\":\"Em 2024, celebramos o 30\u00ba anivers\u00e1rio do memor\u00e1vel t\u00edtulo da Copa do Mundo de Basquete Feminino, conquistado pela lend\u00e1ria equipe brasileira formada por\",\"breadcrumb\":{\"@id\":\"https:\/\/mulheresacesta.com.br\/en\/2024\/04\/em-2024-celebramos-o-30o-aniversario-do-memoravel-titulo-da-copa-do-mundo-de-basquete-feminino\/#breadcrumb\"},\"inLanguage\":\"en-US\",\"potentialAction\":[{\"@type\":\"ReadAction\",\"target\":[\"https:\/\/mulheresacesta.com.br\/en\/2024\/04\/em-2024-celebramos-o-30o-aniversario-do-memoravel-titulo-da-copa-do-mundo-de-basquete-feminino\/\"]}]},{\"@type\":\"ImageObject\",\"inLanguage\":\"en-US\",\"@id\":\"https:\/\/mulheresacesta.com.br\/en\/2024\/04\/em-2024-celebramos-o-30o-aniversario-do-memoravel-titulo-da-copa-do-mundo-de-basquete-feminino\/#primaryimage\",\"url\":\"https:\/\/mulheresacesta.com.br\/wp-content\/uploads\/2024\/04\/conceito_abril1580-x-890-px.png\",\"contentUrl\":\"https:\/\/mulheresacesta.com.br\/wp-content\/uploads\/2024\/04\/conceito_abril1580-x-890-px.png\",\"width\":1580,\"height\":890},{\"@type\":\"BreadcrumbList\",\"@id\":\"https:\/\/mulheresacesta.com.br\/en\/2024\/04\/em-2024-celebramos-o-30o-aniversario-do-memoravel-titulo-da-copa-do-mundo-de-basquete-feminino\/#breadcrumb\",\"itemListElement\":[{\"@type\":\"ListItem\",\"position\":1,\"name\":\"In\u00edcio\",\"item\":\"https:\/\/mulheresacesta.com.br\/\"},{\"@type\":\"ListItem\",\"position\":2,\"name\":\"Em 2024, celebramos o 30\u00ba anivers\u00e1rio do memor\u00e1vel t\u00edtulo da Copa do Mundo de Basquete Feminino\"}]},{\"@type\":\"WebSite\",\"@id\":\"https:\/\/mulheresacesta.com.br\/en\/#website\",\"url\":\"https:\/\/mulheresacesta.com.br\/en\/\",\"name\":\"Mulheres \u00e0 Cesta\",\"description\":\"\",\"publisher\":{\"@id\":\"https:\/\/mulheresacesta.com.br\/en\/#organization\"},\"potentialAction\":[{\"@type\":\"SearchAction\",\"target\":{\"@type\":\"EntryPoint\",\"urlTemplate\":\"https:\/\/mulheresacesta.com.br\/en\/?s={search_term_string}\"},\"query-input\":{\"@type\":\"PropertyValueSpecification\",\"valueRequired\":true,\"valueName\":\"search_term_string\"}}],\"inLanguage\":\"en-US\"},{\"@type\":\"Organization\",\"@id\":\"https:\/\/mulheresacesta.com.br\/en\/#organization\",\"name\":\"Mulheres \u00e0 Cesta\",\"url\":\"https:\/\/mulheresacesta.com.br\/en\/\",\"logo\":{\"@type\":\"ImageObject\",\"inLanguage\":\"en-US\",\"@id\":\"https:\/\/mulheresacesta.com.br\/en\/#\/schema\/logo\/image\/\",\"url\":\"https:\/\/mulheresacesta.com.br\/wp-content\/uploads\/2020\/10\/mulheres-a-cesta.jpg\",\"contentUrl\":\"https:\/\/mulheresacesta.com.br\/wp-content\/uploads\/2020\/10\/mulheres-a-cesta.jpg\",\"width\":400,\"height\":300,\"caption\":\"Mulheres \u00e0 Cesta\"},\"image\":{\"@id\":\"https:\/\/mulheresacesta.com.br\/en\/#\/schema\/logo\/image\/\"}},{\"@type\":\"Person\",\"@id\":\"https:\/\/mulheresacesta.com.br\/en\/#\/schema\/person\/11ebd3af76a9fcb3d26c815924faac42\",\"name\":\"mulheres\",\"sameAs\":[\"http:\/\/localhost\/mulheresacesta\"],\"url\":\"https:\/\/mulheresacesta.com.br\/en\/author\/mulheres\/\"}]}<\/script>\n<!-- \/ Yoast SEO plugin. -->","yoast_head_json":{"title":"Em 2024, celebramos o 30\u00ba anivers\u00e1rio do memor\u00e1vel t\u00edtulo da Copa do Mundo de Basquete Feminino","description":"Em 2024, celebramos o 30\u00ba anivers\u00e1rio do memor\u00e1vel t\u00edtulo da Copa do Mundo de Basquete Feminino, conquistado pela lend\u00e1ria equipe brasileira formada por","robots":{"index":"index","follow":"follow","max-snippet":"max-snippet:-1","max-image-preview":"max-image-preview:large","max-video-preview":"max-video-preview:-1"},"canonical":"https:\/\/mulheresacesta.com.br\/en\/2024\/04\/em-2024-celebramos-o-30o-aniversario-do-memoravel-titulo-da-copa-do-mundo-de-basquete-feminino\/","og_locale":"en_US","og_type":"article","og_title":"[:pt]Em 2024, celebramos o 30\u00ba anivers\u00e1rio do memor\u00e1vel t\u00edtulo da Copa do Mundo de Basquete Feminino[:] - Mulheres \u00e0 Cesta","og_description":"Em 2024, celebramos o 30\u00ba anivers\u00e1rio do memor\u00e1vel t\u00edtulo da Copa do Mundo de Basquete Feminino, conquistado pela lend\u00e1ria equipe brasileira formada por","og_url":"https:\/\/mulheresacesta.com.br\/en\/2024\/04\/em-2024-celebramos-o-30o-aniversario-do-memoravel-titulo-da-copa-do-mundo-de-basquete-feminino\/","og_site_name":"Mulheres \u00e0 Cesta","article_published_time":"2024-04-08T12:00:00+00:00","article_modified_time":"2024-04-08T13:11:10+00:00","og_image":[{"width":1580,"height":890,"url":"https:\/\/mulheresacesta.com.br\/wp-content\/uploads\/2024\/04\/conceito_abril1580-x-890-px.png","type":"image\/png"}],"author":"mulheres","twitter_card":"summary_large_image","twitter_misc":{"Written by":"mulheres","Est. reading time":"2 minutes"},"schema":{"@context":"https:\/\/schema.org","@graph":[{"@type":"Article","@id":"https:\/\/mulheresacesta.com.br\/en\/2024\/04\/em-2024-celebramos-o-30o-aniversario-do-memoravel-titulo-da-copa-do-mundo-de-basquete-feminino\/#article","isPartOf":{"@id":"https:\/\/mulheresacesta.com.br\/en\/2024\/04\/em-2024-celebramos-o-30o-aniversario-do-memoravel-titulo-da-copa-do-mundo-de-basquete-feminino\/"},"author":{"name":"mulheres","@id":"https:\/\/mulheresacesta.com.br\/en\/#\/schema\/person\/11ebd3af76a9fcb3d26c815924faac42"},"headline":"Em 2024, celebramos o 30\u00ba anivers\u00e1rio do memor\u00e1vel t\u00edtulo da Copa do Mundo de Basquete Feminino","datePublished":"2024-04-08T12:00:00+00:00","dateModified":"2024-04-08T13:11:10+00:00","mainEntityOfPage":{"@id":"https:\/\/mulheresacesta.com.br\/en\/2024\/04\/em-2024-celebramos-o-30o-aniversario-do-memoravel-titulo-da-copa-do-mundo-de-basquete-feminino\/"},"wordCount":388,"commentCount":0,"publisher":{"@id":"https:\/\/mulheresacesta.com.br\/en\/#organization"},"image":{"@id":"https:\/\/mulheresacesta.com.br\/en\/2024\/04\/em-2024-celebramos-o-30o-aniversario-do-memoravel-titulo-da-copa-do-mundo-de-basquete-feminino\/#primaryimage"},"thumbnailUrl":"https:\/\/mulheresacesta.com.br\/wp-content\/uploads\/2024\/04\/conceito_abril1580-x-890-px.png","articleSection":["Blog"],"inLanguage":"en-US","potentialAction":[{"@type":"CommentAction","name":"Comment","target":["https:\/\/mulheresacesta.com.br\/en\/2024\/04\/em-2024-celebramos-o-30o-aniversario-do-memoravel-titulo-da-copa-do-mundo-de-basquete-feminino\/#respond"]}]},{"@type":"WebPage","@id":"https:\/\/mulheresacesta.com.br\/en\/2024\/04\/em-2024-celebramos-o-30o-aniversario-do-memoravel-titulo-da-copa-do-mundo-de-basquete-feminino\/","url":"https:\/\/mulheresacesta.com.br\/en\/2024\/04\/em-2024-celebramos-o-30o-aniversario-do-memoravel-titulo-da-copa-do-mundo-de-basquete-feminino\/","name":"Em 2024, celebramos o 30\u00ba anivers\u00e1rio do memor\u00e1vel t\u00edtulo da Copa do Mundo de Basquete Feminino","isPartOf":{"@id":"https:\/\/mulheresacesta.com.br\/en\/#website"},"primaryImageOfPage":{"@id":"https:\/\/mulheresacesta.com.br\/en\/2024\/04\/em-2024-celebramos-o-30o-aniversario-do-memoravel-titulo-da-copa-do-mundo-de-basquete-feminino\/#primaryimage"},"image":{"@id":"https:\/\/mulheresacesta.com.br\/en\/2024\/04\/em-2024-celebramos-o-30o-aniversario-do-memoravel-titulo-da-copa-do-mundo-de-basquete-feminino\/#primaryimage"},"thumbnailUrl":"https:\/\/mulheresacesta.com.br\/wp-content\/uploads\/2024\/04\/conceito_abril1580-x-890-px.png","datePublished":"2024-04-08T12:00:00+00:00","dateModified":"2024-04-08T13:11:10+00:00","description":"Em 2024, celebramos o 30\u00ba anivers\u00e1rio do memor\u00e1vel t\u00edtulo da Copa do Mundo de Basquete Feminino, conquistado pela lend\u00e1ria equipe brasileira formada por","breadcrumb":{"@id":"https:\/\/mulheresacesta.com.br\/en\/2024\/04\/em-2024-celebramos-o-30o-aniversario-do-memoravel-titulo-da-copa-do-mundo-de-basquete-feminino\/#breadcrumb"},"inLanguage":"en-US","potentialAction":[{"@type":"ReadAction","target":["https:\/\/mulheresacesta.com.br\/en\/2024\/04\/em-2024-celebramos-o-30o-aniversario-do-memoravel-titulo-da-copa-do-mundo-de-basquete-feminino\/"]}]},{"@type":"ImageObject","inLanguage":"en-US","@id":"https:\/\/mulheresacesta.com.br\/en\/2024\/04\/em-2024-celebramos-o-30o-aniversario-do-memoravel-titulo-da-copa-do-mundo-de-basquete-feminino\/#primaryimage","url":"https:\/\/mulheresacesta.com.br\/wp-content\/uploads\/2024\/04\/conceito_abril1580-x-890-px.png","contentUrl":"https:\/\/mulheresacesta.com.br\/wp-content\/uploads\/2024\/04\/conceito_abril1580-x-890-px.png","width":1580,"height":890},{"@type":"BreadcrumbList","@id":"https:\/\/mulheresacesta.com.br\/en\/2024\/04\/em-2024-celebramos-o-30o-aniversario-do-memoravel-titulo-da-copa-do-mundo-de-basquete-feminino\/#breadcrumb","itemListElement":[{"@type":"ListItem","position":1,"name":"In\u00edcio","item":"https:\/\/mulheresacesta.com.br\/"},{"@type":"ListItem","position":2,"name":"Em 2024, celebramos o 30\u00ba anivers\u00e1rio do memor\u00e1vel t\u00edtulo da Copa do Mundo de Basquete Feminino"}]},{"@type":"WebSite","@id":"https:\/\/mulheresacesta.com.br\/en\/#website","url":"https:\/\/mulheresacesta.com.br\/en\/","name":"Mulheres \u00e0 Cesta","description":"","publisher":{"@id":"https:\/\/mulheresacesta.com.br\/en\/#organization"},"potentialAction":[{"@type":"SearchAction","target":{"@type":"EntryPoint","urlTemplate":"https:\/\/mulheresacesta.com.br\/en\/?s={search_term_string}"},"query-input":{"@type":"PropertyValueSpecification","valueRequired":true,"valueName":"search_term_string"}}],"inLanguage":"en-US"},{"@type":"Organization","@id":"https:\/\/mulheresacesta.com.br\/en\/#organization","name":"Mulheres \u00e0 Cesta","url":"https:\/\/mulheresacesta.com.br\/en\/","logo":{"@type":"ImageObject","inLanguage":"en-US","@id":"https:\/\/mulheresacesta.com.br\/en\/#\/schema\/logo\/image\/","url":"https:\/\/mulheresacesta.com.br\/wp-content\/uploads\/2020\/10\/mulheres-a-cesta.jpg","contentUrl":"https:\/\/mulheresacesta.com.br\/wp-content\/uploads\/2020\/10\/mulheres-a-cesta.jpg","width":400,"height":300,"caption":"Mulheres \u00e0 Cesta"},"image":{"@id":"https:\/\/mulheresacesta.com.br\/en\/#\/schema\/logo\/image\/"}},{"@type":"Person","@id":"https:\/\/mulheresacesta.com.br\/en\/#\/schema\/person\/11ebd3af76a9fcb3d26c815924faac42","name":"mulheres","sameAs":["http:\/\/localhost\/mulheresacesta"],"url":"https:\/\/mulheresacesta.com.br\/en\/author\/mulheres\/"}]}},"_links":{"self":[{"href":"https:\/\/mulheresacesta.com.br\/en\/wp-json\/wp\/v2\/posts\/5327","targetHints":{"allow":["GET"]}}],"collection":[{"href":"https:\/\/mulheresacesta.com.br\/en\/wp-json\/wp\/v2\/posts"}],"about":[{"href":"https:\/\/mulheresacesta.com.br\/en\/wp-json\/wp\/v2\/types\/post"}],"author":[{"embeddable":true,"href":"https:\/\/mulheresacesta.com.br\/en\/wp-json\/wp\/v2\/users\/1"}],"replies":[{"embeddable":true,"href":"https:\/\/mulheresacesta.com.br\/en\/wp-json\/wp\/v2\/comments?post=5327"}],"version-history":[{"count":8,"href":"https:\/\/mulheresacesta.com.br\/en\/wp-json\/wp\/v2\/posts\/5327\/revisions"}],"predecessor-version":[{"id":5343,"href":"https:\/\/mulheresacesta.com.br\/en\/wp-json\/wp\/v2\/posts\/5327\/revisions\/5343"}],"wp:featuredmedia":[{"embeddable":true,"href":"https:\/\/mulheresacesta.com.br\/en\/wp-json\/wp\/v2\/media\/5328"}],"wp:attachment":[{"href":"https:\/\/mulheresacesta.com.br\/en\/wp-json\/wp\/v2\/media?parent=5327"}],"wp:term":[{"taxonomy":"category","embeddable":true,"href":"https:\/\/mulheresacesta.com.br\/en\/wp-json\/wp\/v2\/categories?post=5327"},{"taxonomy":"post_tag","embeddable":true,"href":"https:\/\/mulheresacesta.com.br\/en\/wp-json\/wp\/v2\/tags?post=5327"}],"curies":[{"name":"wp","href":"https:\/\/api.w.org\/{rel}","templated":true}]}}