{"id":5420,"date":"2024-05-06T10:09:51","date_gmt":"2024-05-06T13:09:51","guid":{"rendered":"https:\/\/mulheresacesta.com.br\/?p=5420"},"modified":"2024-05-06T10:10:19","modified_gmt":"2024-05-06T13:10:19","slug":"em-2024-celebramos-o-30o-aniversario-do-memoravel-titulo-da-copa-do-mundo-de-basquete-feminino-2","status":"publish","type":"post","link":"https:\/\/mulheresacesta.com.br\/en\/2024\/05\/em-2024-celebramos-o-30o-aniversario-do-memoravel-titulo-da-copa-do-mundo-de-basquete-feminino-2\/","title":{"rendered":"Em 2024, celebramos o 30\u00ba anivers\u00e1rio do memor\u00e1vel t\u00edtulo da Copa do Mundo de Basquete Feminino"},"content":{"rendered":"\n<p><\/p>\n\n\n\n<p>Em 1994, o Brasil teve em quadra Adriana, Alessandra, Cintia, Dalila, Helen, Hort\u00eancia, Janeth, Leila, Paula, Roseli, Ruth e Simone, comandadas por Miguel \u00c2ngelo da Luz. O time n\u00e3o chegou como favorito na Austr\u00e1lia, mas desbancou as demais sele\u00e7\u00f5es e voltou com o trof\u00e9u para o Brasil. Na 1\u00aa fase, a sele\u00e7\u00e3o venceu China Taipei&nbsp;(atual Taiwan, por 112 a 83), perdeu para a Eslov\u00e1quia&nbsp;(88 a 99) e derrotou a Pol\u00f4nia (87\u00d777), ficando na segunda posi\u00e7\u00e3o do grupo C.<\/p>\n\n\n\n<p>Na segunda fase, nova classifica\u00e7\u00e3o em 2\u00ba lugar, agora atr\u00e1s da China&nbsp;(derrota por 90\u00d797) e vit\u00f3rias sobre Cuba (111\u00d791) e Espanha&nbsp;(92\u00d787, com Hort\u00eancia, Paula e Janeth combinando 66 pontos).A campanha colocou a sele\u00e7\u00e3o no caminho dos Estados Unidos \u2013 ent\u00e3o atual bicampe\u00e3o e dono de cinco t\u00edtulos no total \u2013 para a semifinal. Parecia o fim da linha para as brasileiras. Mas em 11 de junho, Hort\u00eancia, Paula, Janeth e cia estavam demais, e a vit\u00f3ria por 110 a 107 deixou as norte-americanas de fora da final pela primeira vez em duas d\u00e9cadas.<\/p>\n\n\n\n<p>Na decis\u00e3o, contra a China, que j\u00e1 havia vencido o Brasil, conseguimos a revanche com 27 pontos de Hort\u00eancia, 20 de Janeth e outros 17 de Paula, para ficar com a ta\u00e7a. Desde ent\u00e3o, apenas a Austr\u00e1lia em 2006 conseguiu o feito de ser campe\u00e3 mundial, al\u00e9m do todo-poderoso Estados Unidos.<\/p>\n\n\n\n<p>A comiss\u00e3o t\u00e9cnica tinha o auxiliar S\u00e9rgio Maroneze Duarte, o preparador f\u00edsico Hermes Balbino, a m\u00e9dica Marli Kecorius, a fisioterapeuta Marisa Lebeis, o massagista Jos\u00e9 Pedro Fel\u00edcio, o supervisor Waldir Pagan Perez, o chefe da delega\u00e7\u00e3o Raimundo Nonato e o assessor de imprensa S\u00e9rgio Barros.<\/p>\n\n\n\n<p><strong>Fonte:&nbsp;<\/strong><a>Assessoria CBB<\/a><\/p>\n\n\n\n<p><\/p>\n","protected":false},"excerpt":{"rendered":"<p>Em 1994, o Brasil teve em quadra Adriana, Alessandra, Cintia, Dalila, Helen, Hort\u00eancia, Janeth, Leila, Paula, Roseli, Ruth e Simone, comandadas por Miguel \u00c2ngelo da Luz. O time n\u00e3o chegou como favorito na Austr\u00e1lia, mas desbancou as demais sele\u00e7\u00f5es e voltou com o trof\u00e9u para o Brasil. Na 1\u00aa fase, a sele\u00e7\u00e3o venceu China Taipei&nbsp;(atual [&hellip;]<\/p>\n","protected":false},"author":1,"featured_media":5423,"comment_status":"open","ping_status":"open","sticky":false,"template":"","format":"standard","meta":{"footnotes":""},"categories":[12],"tags":[],"class_list":["post-5420","post","type-post","status-publish","format-standard","has-post-thumbnail","hentry","category-blog"],"acf":[],"yoast_head":"<!-- This site is optimized with the Yoast SEO plugin v26.4 - https:\/\/yoast.com\/wordpress\/plugins\/seo\/ -->\n<title>Em 2024, celebramos o 30\u00ba anivers\u00e1rio do memor\u00e1vel t\u00edtulo da Copa do Mundo de Basquete Feminino<\/title>\n<meta name=\"description\" content=\"Em 1994, o Brasil teve em quadra Adriana, Alessandra, Cintia, Dalila, Helen, Hort\u00eancia, Janeth, Leila, Paula, Roseli, Ruth e Simone, comandadas por Miguel\" \/>\n<meta name=\"robots\" content=\"index, follow, max-snippet:-1, max-image-preview:large, max-video-preview:-1\" \/>\n<link rel=\"canonical\" href=\"https:\/\/mulheresacesta.com.br\/en\/2024\/05\/em-2024-celebramos-o-30o-aniversario-do-memoravel-titulo-da-copa-do-mundo-de-basquete-feminino-2\/\" \/>\n<meta property=\"og:locale\" content=\"en_US\" \/>\n<meta property=\"og:locale:alternate\" content=\"pt_BR\" \/>\n<meta property=\"og:type\" content=\"article\" \/>\n<meta property=\"og:title\" content=\"Em 2024, celebramos o 30\u00ba anivers\u00e1rio do memor\u00e1vel t\u00edtulo da Copa do Mundo de Basquete Feminino\" \/>\n<meta property=\"og:description\" content=\"Em 1994, o Brasil teve em quadra Adriana, Alessandra, Cintia, Dalila, Helen, Hort\u00eancia, Janeth, Leila, Paula, Roseli, Ruth e Simone, comandadas por Miguel\" \/>\n<meta property=\"og:url\" content=\"https:\/\/mulheresacesta.com.br\/en\/2024\/05\/em-2024-celebramos-o-30o-aniversario-do-memoravel-titulo-da-copa-do-mundo-de-basquete-feminino-2\/\" \/>\n<meta property=\"og:site_name\" content=\"Mulheres \u00e0 Cesta\" \/>\n<meta property=\"article:published_time\" content=\"2024-05-06T13:09:51+00:00\" \/>\n<meta property=\"article:modified_time\" content=\"2024-05-06T13:10:19+00:00\" \/>\n<meta property=\"og:image\" content=\"https:\/\/mulheresacesta.com.br\/wp-content\/uploads\/2024\/05\/2.png\" \/>\n\t<meta property=\"og:image:width\" content=\"1580\" \/>\n\t<meta property=\"og:image:height\" content=\"890\" \/>\n\t<meta property=\"og:image:type\" content=\"image\/png\" \/>\n<meta name=\"author\" content=\"mulheres\" \/>\n<meta name=\"twitter:card\" content=\"summary_large_image\" \/>\n<meta name=\"twitter:label1\" content=\"Written by\" \/>\n\t<meta name=\"twitter:data1\" content=\"mulheres\" \/>\n\t<meta name=\"twitter:label2\" content=\"Est. reading time\" \/>\n\t<meta name=\"twitter:data2\" content=\"1 minute\" \/>\n<script type=\"application\/ld+json\" class=\"yoast-schema-graph\">{\"@context\":\"https:\/\/schema.org\",\"@graph\":[{\"@type\":\"Article\",\"@id\":\"https:\/\/mulheresacesta.com.br\/2024\/05\/em-2024-celebramos-o-30o-aniversario-do-memoravel-titulo-da-copa-do-mundo-de-basquete-feminino-2\/#article\",\"isPartOf\":{\"@id\":\"https:\/\/mulheresacesta.com.br\/2024\/05\/em-2024-celebramos-o-30o-aniversario-do-memoravel-titulo-da-copa-do-mundo-de-basquete-feminino-2\/\"},\"author\":{\"name\":\"mulheres\",\"@id\":\"https:\/\/mulheresacesta.com.br\/en\/#\/schema\/person\/11ebd3af76a9fcb3d26c815924faac42\"},\"headline\":\"Em 2024, celebramos o 30\u00ba anivers\u00e1rio do memor\u00e1vel t\u00edtulo da Copa do Mundo de Basquete Feminino\",\"datePublished\":\"2024-05-06T13:09:51+00:00\",\"dateModified\":\"2024-05-06T13:10:19+00:00\",\"mainEntityOfPage\":{\"@id\":\"https:\/\/mulheresacesta.com.br\/2024\/05\/em-2024-celebramos-o-30o-aniversario-do-memoravel-titulo-da-copa-do-mundo-de-basquete-feminino-2\/\"},\"wordCount\":312,\"commentCount\":0,\"publisher\":{\"@id\":\"https:\/\/mulheresacesta.com.br\/en\/#organization\"},\"image\":{\"@id\":\"https:\/\/mulheresacesta.com.br\/2024\/05\/em-2024-celebramos-o-30o-aniversario-do-memoravel-titulo-da-copa-do-mundo-de-basquete-feminino-2\/#primaryimage\"},\"thumbnailUrl\":\"https:\/\/mulheresacesta.com.br\/wp-content\/uploads\/2024\/05\/2.png\",\"articleSection\":[\"Blog\"],\"inLanguage\":\"en-US\",\"potentialAction\":[{\"@type\":\"CommentAction\",\"name\":\"Comment\",\"target\":[\"https:\/\/mulheresacesta.com.br\/2024\/05\/em-2024-celebramos-o-30o-aniversario-do-memoravel-titulo-da-copa-do-mundo-de-basquete-feminino-2\/#respond\"]}]},{\"@type\":\"WebPage\",\"@id\":\"https:\/\/mulheresacesta.com.br\/2024\/05\/em-2024-celebramos-o-30o-aniversario-do-memoravel-titulo-da-copa-do-mundo-de-basquete-feminino-2\/\",\"url\":\"https:\/\/mulheresacesta.com.br\/2024\/05\/em-2024-celebramos-o-30o-aniversario-do-memoravel-titulo-da-copa-do-mundo-de-basquete-feminino-2\/\",\"name\":\"Em 2024, celebramos o 30\u00ba anivers\u00e1rio do memor\u00e1vel t\u00edtulo da Copa do Mundo de Basquete Feminino\",\"isPartOf\":{\"@id\":\"https:\/\/mulheresacesta.com.br\/en\/#website\"},\"primaryImageOfPage\":{\"@id\":\"https:\/\/mulheresacesta.com.br\/2024\/05\/em-2024-celebramos-o-30o-aniversario-do-memoravel-titulo-da-copa-do-mundo-de-basquete-feminino-2\/#primaryimage\"},\"image\":{\"@id\":\"https:\/\/mulheresacesta.com.br\/2024\/05\/em-2024-celebramos-o-30o-aniversario-do-memoravel-titulo-da-copa-do-mundo-de-basquete-feminino-2\/#primaryimage\"},\"thumbnailUrl\":\"https:\/\/mulheresacesta.com.br\/wp-content\/uploads\/2024\/05\/2.png\",\"datePublished\":\"2024-05-06T13:09:51+00:00\",\"dateModified\":\"2024-05-06T13:10:19+00:00\",\"description\":\"Em 1994, o Brasil teve em quadra Adriana, Alessandra, Cintia, Dalila, Helen, Hort\u00eancia, Janeth, Leila, Paula, Roseli, Ruth e Simone, comandadas por Miguel\",\"breadcrumb\":{\"@id\":\"https:\/\/mulheresacesta.com.br\/2024\/05\/em-2024-celebramos-o-30o-aniversario-do-memoravel-titulo-da-copa-do-mundo-de-basquete-feminino-2\/#breadcrumb\"},\"inLanguage\":\"en-US\",\"potentialAction\":[{\"@type\":\"ReadAction\",\"target\":[\"https:\/\/mulheresacesta.com.br\/2024\/05\/em-2024-celebramos-o-30o-aniversario-do-memoravel-titulo-da-copa-do-mundo-de-basquete-feminino-2\/\"]}]},{\"@type\":\"ImageObject\",\"inLanguage\":\"en-US\",\"@id\":\"https:\/\/mulheresacesta.com.br\/2024\/05\/em-2024-celebramos-o-30o-aniversario-do-memoravel-titulo-da-copa-do-mundo-de-basquete-feminino-2\/#primaryimage\",\"url\":\"https:\/\/mulheresacesta.com.br\/wp-content\/uploads\/2024\/05\/2.png\",\"contentUrl\":\"https:\/\/mulheresacesta.com.br\/wp-content\/uploads\/2024\/05\/2.png\",\"width\":1580,\"height\":890},{\"@type\":\"BreadcrumbList\",\"@id\":\"https:\/\/mulheresacesta.com.br\/2024\/05\/em-2024-celebramos-o-30o-aniversario-do-memoravel-titulo-da-copa-do-mundo-de-basquete-feminino-2\/#breadcrumb\",\"itemListElement\":[{\"@type\":\"ListItem\",\"position\":1,\"name\":\"In\u00edcio\",\"item\":\"https:\/\/mulheresacesta.com.br\/\"},{\"@type\":\"ListItem\",\"position\":2,\"name\":\"Em 2024, celebramos o 30\u00ba anivers\u00e1rio do memor\u00e1vel t\u00edtulo da Copa do Mundo de Basquete Feminino\"}]},{\"@type\":\"WebSite\",\"@id\":\"https:\/\/mulheresacesta.com.br\/en\/#website\",\"url\":\"https:\/\/mulheresacesta.com.br\/en\/\",\"name\":\"Mulheres \u00e0 Cesta\",\"description\":\"\",\"publisher\":{\"@id\":\"https:\/\/mulheresacesta.com.br\/en\/#organization\"},\"potentialAction\":[{\"@type\":\"SearchAction\",\"target\":{\"@type\":\"EntryPoint\",\"urlTemplate\":\"https:\/\/mulheresacesta.com.br\/en\/?s={search_term_string}\"},\"query-input\":{\"@type\":\"PropertyValueSpecification\",\"valueRequired\":true,\"valueName\":\"search_term_string\"}}],\"inLanguage\":\"en-US\"},{\"@type\":\"Organization\",\"@id\":\"https:\/\/mulheresacesta.com.br\/en\/#organization\",\"name\":\"Mulheres \u00e0 Cesta\",\"url\":\"https:\/\/mulheresacesta.com.br\/en\/\",\"logo\":{\"@type\":\"ImageObject\",\"inLanguage\":\"en-US\",\"@id\":\"https:\/\/mulheresacesta.com.br\/en\/#\/schema\/logo\/image\/\",\"url\":\"https:\/\/mulheresacesta.com.br\/wp-content\/uploads\/2020\/10\/mulheres-a-cesta.jpg\",\"contentUrl\":\"https:\/\/mulheresacesta.com.br\/wp-content\/uploads\/2020\/10\/mulheres-a-cesta.jpg\",\"width\":400,\"height\":300,\"caption\":\"Mulheres \u00e0 Cesta\"},\"image\":{\"@id\":\"https:\/\/mulheresacesta.com.br\/en\/#\/schema\/logo\/image\/\"}},{\"@type\":\"Person\",\"@id\":\"https:\/\/mulheresacesta.com.br\/en\/#\/schema\/person\/11ebd3af76a9fcb3d26c815924faac42\",\"name\":\"mulheres\",\"sameAs\":[\"http:\/\/localhost\/mulheresacesta\"],\"url\":\"https:\/\/mulheresacesta.com.br\/en\/author\/mulheres\/\"}]}<\/script>\n<!-- \/ Yoast SEO plugin. -->","yoast_head_json":{"title":"Em 2024, celebramos o 30\u00ba anivers\u00e1rio do memor\u00e1vel t\u00edtulo da Copa do Mundo de Basquete Feminino","description":"Em 1994, o Brasil teve em quadra Adriana, Alessandra, Cintia, Dalila, Helen, Hort\u00eancia, Janeth, Leila, Paula, Roseli, Ruth e Simone, comandadas por Miguel","robots":{"index":"index","follow":"follow","max-snippet":"max-snippet:-1","max-image-preview":"max-image-preview:large","max-video-preview":"max-video-preview:-1"},"canonical":"https:\/\/mulheresacesta.com.br\/en\/2024\/05\/em-2024-celebramos-o-30o-aniversario-do-memoravel-titulo-da-copa-do-mundo-de-basquete-feminino-2\/","og_locale":"en_US","og_type":"article","og_title":"[:pt]Em 2024, celebramos o 30\u00ba anivers\u00e1rio do memor\u00e1vel t\u00edtulo da Copa do Mundo de Basquete Feminino[:] - Mulheres \u00e0 Cesta","og_description":"Em 1994, o Brasil teve em quadra Adriana, Alessandra, Cintia, Dalila, Helen, Hort\u00eancia, Janeth, Leila, Paula, Roseli, Ruth e Simone, comandadas por Miguel","og_url":"https:\/\/mulheresacesta.com.br\/en\/2024\/05\/em-2024-celebramos-o-30o-aniversario-do-memoravel-titulo-da-copa-do-mundo-de-basquete-feminino-2\/","og_site_name":"Mulheres \u00e0 Cesta","article_published_time":"2024-05-06T13:09:51+00:00","article_modified_time":"2024-05-06T13:10:19+00:00","og_image":[{"width":1580,"height":890,"url":"https:\/\/mulheresacesta.com.br\/wp-content\/uploads\/2024\/05\/2.png","type":"image\/png"}],"author":"mulheres","twitter_card":"summary_large_image","twitter_misc":{"Written by":"mulheres","Est. reading time":"1 minute"},"schema":{"@context":"https:\/\/schema.org","@graph":[{"@type":"Article","@id":"https:\/\/mulheresacesta.com.br\/2024\/05\/em-2024-celebramos-o-30o-aniversario-do-memoravel-titulo-da-copa-do-mundo-de-basquete-feminino-2\/#article","isPartOf":{"@id":"https:\/\/mulheresacesta.com.br\/2024\/05\/em-2024-celebramos-o-30o-aniversario-do-memoravel-titulo-da-copa-do-mundo-de-basquete-feminino-2\/"},"author":{"name":"mulheres","@id":"https:\/\/mulheresacesta.com.br\/en\/#\/schema\/person\/11ebd3af76a9fcb3d26c815924faac42"},"headline":"Em 2024, celebramos o 30\u00ba anivers\u00e1rio do memor\u00e1vel t\u00edtulo da Copa do Mundo de Basquete Feminino","datePublished":"2024-05-06T13:09:51+00:00","dateModified":"2024-05-06T13:10:19+00:00","mainEntityOfPage":{"@id":"https:\/\/mulheresacesta.com.br\/2024\/05\/em-2024-celebramos-o-30o-aniversario-do-memoravel-titulo-da-copa-do-mundo-de-basquete-feminino-2\/"},"wordCount":312,"commentCount":0,"publisher":{"@id":"https:\/\/mulheresacesta.com.br\/en\/#organization"},"image":{"@id":"https:\/\/mulheresacesta.com.br\/2024\/05\/em-2024-celebramos-o-30o-aniversario-do-memoravel-titulo-da-copa-do-mundo-de-basquete-feminino-2\/#primaryimage"},"thumbnailUrl":"https:\/\/mulheresacesta.com.br\/wp-content\/uploads\/2024\/05\/2.png","articleSection":["Blog"],"inLanguage":"en-US","potentialAction":[{"@type":"CommentAction","name":"Comment","target":["https:\/\/mulheresacesta.com.br\/2024\/05\/em-2024-celebramos-o-30o-aniversario-do-memoravel-titulo-da-copa-do-mundo-de-basquete-feminino-2\/#respond"]}]},{"@type":"WebPage","@id":"https:\/\/mulheresacesta.com.br\/2024\/05\/em-2024-celebramos-o-30o-aniversario-do-memoravel-titulo-da-copa-do-mundo-de-basquete-feminino-2\/","url":"https:\/\/mulheresacesta.com.br\/2024\/05\/em-2024-celebramos-o-30o-aniversario-do-memoravel-titulo-da-copa-do-mundo-de-basquete-feminino-2\/","name":"Em 2024, celebramos o 30\u00ba anivers\u00e1rio do memor\u00e1vel t\u00edtulo da Copa do Mundo de Basquete Feminino","isPartOf":{"@id":"https:\/\/mulheresacesta.com.br\/en\/#website"},"primaryImageOfPage":{"@id":"https:\/\/mulheresacesta.com.br\/2024\/05\/em-2024-celebramos-o-30o-aniversario-do-memoravel-titulo-da-copa-do-mundo-de-basquete-feminino-2\/#primaryimage"},"image":{"@id":"https:\/\/mulheresacesta.com.br\/2024\/05\/em-2024-celebramos-o-30o-aniversario-do-memoravel-titulo-da-copa-do-mundo-de-basquete-feminino-2\/#primaryimage"},"thumbnailUrl":"https:\/\/mulheresacesta.com.br\/wp-content\/uploads\/2024\/05\/2.png","datePublished":"2024-05-06T13:09:51+00:00","dateModified":"2024-05-06T13:10:19+00:00","description":"Em 1994, o Brasil teve em quadra Adriana, Alessandra, Cintia, Dalila, Helen, Hort\u00eancia, Janeth, Leila, Paula, Roseli, Ruth e Simone, comandadas por Miguel","breadcrumb":{"@id":"https:\/\/mulheresacesta.com.br\/2024\/05\/em-2024-celebramos-o-30o-aniversario-do-memoravel-titulo-da-copa-do-mundo-de-basquete-feminino-2\/#breadcrumb"},"inLanguage":"en-US","potentialAction":[{"@type":"ReadAction","target":["https:\/\/mulheresacesta.com.br\/2024\/05\/em-2024-celebramos-o-30o-aniversario-do-memoravel-titulo-da-copa-do-mundo-de-basquete-feminino-2\/"]}]},{"@type":"ImageObject","inLanguage":"en-US","@id":"https:\/\/mulheresacesta.com.br\/2024\/05\/em-2024-celebramos-o-30o-aniversario-do-memoravel-titulo-da-copa-do-mundo-de-basquete-feminino-2\/#primaryimage","url":"https:\/\/mulheresacesta.com.br\/wp-content\/uploads\/2024\/05\/2.png","contentUrl":"https:\/\/mulheresacesta.com.br\/wp-content\/uploads\/2024\/05\/2.png","width":1580,"height":890},{"@type":"BreadcrumbList","@id":"https:\/\/mulheresacesta.com.br\/2024\/05\/em-2024-celebramos-o-30o-aniversario-do-memoravel-titulo-da-copa-do-mundo-de-basquete-feminino-2\/#breadcrumb","itemListElement":[{"@type":"ListItem","position":1,"name":"In\u00edcio","item":"https:\/\/mulheresacesta.com.br\/"},{"@type":"ListItem","position":2,"name":"Em 2024, celebramos o 30\u00ba anivers\u00e1rio do memor\u00e1vel t\u00edtulo da Copa do Mundo de Basquete Feminino"}]},{"@type":"WebSite","@id":"https:\/\/mulheresacesta.com.br\/en\/#website","url":"https:\/\/mulheresacesta.com.br\/en\/","name":"Mulheres \u00e0 Cesta","description":"","publisher":{"@id":"https:\/\/mulheresacesta.com.br\/en\/#organization"},"potentialAction":[{"@type":"SearchAction","target":{"@type":"EntryPoint","urlTemplate":"https:\/\/mulheresacesta.com.br\/en\/?s={search_term_string}"},"query-input":{"@type":"PropertyValueSpecification","valueRequired":true,"valueName":"search_term_string"}}],"inLanguage":"en-US"},{"@type":"Organization","@id":"https:\/\/mulheresacesta.com.br\/en\/#organization","name":"Mulheres \u00e0 Cesta","url":"https:\/\/mulheresacesta.com.br\/en\/","logo":{"@type":"ImageObject","inLanguage":"en-US","@id":"https:\/\/mulheresacesta.com.br\/en\/#\/schema\/logo\/image\/","url":"https:\/\/mulheresacesta.com.br\/wp-content\/uploads\/2020\/10\/mulheres-a-cesta.jpg","contentUrl":"https:\/\/mulheresacesta.com.br\/wp-content\/uploads\/2020\/10\/mulheres-a-cesta.jpg","width":400,"height":300,"caption":"Mulheres \u00e0 Cesta"},"image":{"@id":"https:\/\/mulheresacesta.com.br\/en\/#\/schema\/logo\/image\/"}},{"@type":"Person","@id":"https:\/\/mulheresacesta.com.br\/en\/#\/schema\/person\/11ebd3af76a9fcb3d26c815924faac42","name":"mulheres","sameAs":["http:\/\/localhost\/mulheresacesta"],"url":"https:\/\/mulheresacesta.com.br\/en\/author\/mulheres\/"}]}},"_links":{"self":[{"href":"https:\/\/mulheresacesta.com.br\/en\/wp-json\/wp\/v2\/posts\/5420","targetHints":{"allow":["GET"]}}],"collection":[{"href":"https:\/\/mulheresacesta.com.br\/en\/wp-json\/wp\/v2\/posts"}],"about":[{"href":"https:\/\/mulheresacesta.com.br\/en\/wp-json\/wp\/v2\/types\/post"}],"author":[{"embeddable":true,"href":"https:\/\/mulheresacesta.com.br\/en\/wp-json\/wp\/v2\/users\/1"}],"replies":[{"embeddable":true,"href":"https:\/\/mulheresacesta.com.br\/en\/wp-json\/wp\/v2\/comments?post=5420"}],"version-history":[{"count":3,"href":"https:\/\/mulheresacesta.com.br\/en\/wp-json\/wp\/v2\/posts\/5420\/revisions"}],"predecessor-version":[{"id":5436,"href":"https:\/\/mulheresacesta.com.br\/en\/wp-json\/wp\/v2\/posts\/5420\/revisions\/5436"}],"wp:featuredmedia":[{"embeddable":true,"href":"https:\/\/mulheresacesta.com.br\/en\/wp-json\/wp\/v2\/media\/5423"}],"wp:attachment":[{"href":"https:\/\/mulheresacesta.com.br\/en\/wp-json\/wp\/v2\/media?parent=5420"}],"wp:term":[{"taxonomy":"category","embeddable":true,"href":"https:\/\/mulheresacesta.com.br\/en\/wp-json\/wp\/v2\/categories?post=5420"},{"taxonomy":"post_tag","embeddable":true,"href":"https:\/\/mulheresacesta.com.br\/en\/wp-json\/wp\/v2\/tags?post=5420"}],"curies":[{"name":"wp","href":"https:\/\/api.w.org\/{rel}","templated":true}]}}