{"id":5444,"date":"2024-05-09T11:12:42","date_gmt":"2024-05-09T14:12:42","guid":{"rendered":"https:\/\/mulheresacesta.com.br\/?p=5444"},"modified":"2024-05-09T11:12:44","modified_gmt":"2024-05-09T14:12:44","slug":"a-selecao-brasileira-sub-18-feminina-de-basquete-foi-convocada-para-competir-na-copa-america-da-categoria","status":"publish","type":"post","link":"https:\/\/mulheresacesta.com.br\/en\/2024\/05\/a-selecao-brasileira-sub-18-feminina-de-basquete-foi-convocada-para-competir-na-copa-america-da-categoria\/","title":{"rendered":"A Sele\u00e7\u00e3o Brasileira Sub-18 feminina de basquete foi convocada para competir na Copa Am\u00e9rica da categoria"},"content":{"rendered":"\n<p>O objetivo \u00e9 conseguir uma das quatro vagas para o Mundial Sub-19 de 2025.<\/p>\n\n\n\n<p>O Brasil est\u00e1 no Grupo B, junto com M\u00e9xico, Estados Unidos e Porto Rico, enquanto o Grupo A inclui Col\u00f4mbia, Argentina, Canad\u00e1 e Rep\u00fablica Dominicana. <\/p>\n\n\n\n<p>A primeira fase define o ranqueamento para as quartas de final. Os quatro times que chegarem \u00e0s semifinais se classificam para o Mundial.<\/p>\n\n\n\n<p>Os detalhes sobre a apresenta\u00e7\u00e3o e os treinos, que ocorrer\u00e3o em Barueri, ser\u00e3o anunciados em breve. Doze jogadoras ser\u00e3o selecionadas para viajar \u00e0 Col\u00f4mbia. O torneio ser\u00e1 transmitido ao vivo no YouTube da FIBA.<\/p>\n\n\n\n<p>A comiss\u00e3o t\u00e9cnica inclui o t\u00e9cnico Virgil Lopez, assistentes t\u00e9cnicos, preparadoras f\u00edsicas, fisioterapeutas, uma psic\u00f3loga e m\u00e9dicas.<\/p>\n\n\n\n<p><strong>Convoca\u00e7\u00e3o Sele\u00e7\u00e3o feminina Sub-18<\/strong><\/p>\n\n\n\n<p><strong>Armadoras<\/strong><br>Mikaelly Freitas Luz &#8211; Bax Catanduva-SP<br>Micaela Cavalcanti &#8211; Corinthians\/Esperia-SP<\/p>\n\n\n\n<p><strong>Alas\/Armadoras<\/strong><br>Ana Beatriz de Oliveira &#8211; S\u00e3o Jos\u00e9 Basketball-SP<br>Maria Clara Louren\u00e7o &#8211; Bax Catanduva-SP<br>Ana J\u00falia Krause &#8211; SESI Araraquara-SP<br>Izabela Chamorro &#8211; Bax Catanduva-SP<br>Isadora Mileo &#8211; S\u00e3o Jos\u00e9 Basketball-SP<br>Nicoly Sanches &#8211; Itatiba-SP<\/p>\n\n\n\n<p><strong>Alas<\/strong><br>Ayla McDowell &#8211; Cypress Springs-EUA<br>Raissa Zanolla &#8211; Corinthians\/Esperia-SP<br>Alexandra Eggers &#8211; S\u00e3o Jos\u00e9 Basketball-SP<\/p>\n\n\n\n<p><strong>Alas\/Piv\u00f4s<\/strong><br>Manuella Alves &#8211; Central Point Academy-EUA<br>Alexia Dagba &#8211; SESI Araraquara-SP<br>Brenda Gabrieli &#8211; S\u00e3o Jos\u00e9 Basketball-SP<br>Sther Ubaka &#8211; Corinthians\/Esperia-SP<br>Clara Pestilho &#8211; Bax Catanduva-SP<\/p>\n\n\n\n<p><strong>Piv\u00f4s<\/strong><br>Helo\u00edsa Carrera &#8211; IMG Academy-EUA<br>Bianca Oliveira &#8211; SESI Araraquara-SP<br>Sofia Moschen &#8211; Corinthians\/Esperia-SP<\/p>\n\n\n\n<p>Fonte: Assessoria CBB<\/p>\n","protected":false},"excerpt":{"rendered":"<p>O objetivo \u00e9 conseguir uma das quatro vagas para o Mundial Sub-19 de 2025. O Brasil est\u00e1 no Grupo B, junto com M\u00e9xico, Estados Unidos e Porto Rico, enquanto o Grupo A inclui Col\u00f4mbia, Argentina, Canad\u00e1 e Rep\u00fablica Dominicana. A primeira fase define o ranqueamento para as quartas de final. Os quatro times que chegarem [&hellip;]<\/p>\n","protected":false},"author":1,"featured_media":5445,"comment_status":"open","ping_status":"open","sticky":false,"template":"","format":"standard","meta":{"footnotes":""},"categories":[12],"tags":[],"class_list":["post-5444","post","type-post","status-publish","format-standard","has-post-thumbnail","hentry","category-blog"],"acf":[],"yoast_head":"<!-- This site is optimized with the Yoast SEO plugin v26.4 - https:\/\/yoast.com\/wordpress\/plugins\/seo\/ -->\n<title>A Sele\u00e7\u00e3o Brasileira Sub-18 feminina de basquete foi convocada para competir na Copa Am\u00e9rica da categoria<\/title>\n<meta name=\"description\" content=\"O objetivo \u00e9 conseguir uma das quatro vagas para o Mundial Sub-19 de 2025. O Brasil est\u00e1 no Grupo B, junto com M\u00e9xico, Estados Unidos e Porto Rico,\" \/>\n<meta name=\"robots\" content=\"index, follow, max-snippet:-1, max-image-preview:large, max-video-preview:-1\" \/>\n<link rel=\"canonical\" href=\"https:\/\/mulheresacesta.com.br\/en\/2024\/05\/a-selecao-brasileira-sub-18-feminina-de-basquete-foi-convocada-para-competir-na-copa-america-da-categoria\/\" \/>\n<meta property=\"og:locale\" content=\"en_US\" \/>\n<meta property=\"og:locale:alternate\" content=\"pt_BR\" \/>\n<meta property=\"og:type\" content=\"article\" \/>\n<meta property=\"og:title\" content=\"A Sele\u00e7\u00e3o Brasileira Sub-18 feminina de basquete foi convocada para competir na Copa Am\u00e9rica da categoria\" \/>\n<meta property=\"og:description\" content=\"O objetivo \u00e9 conseguir uma das quatro vagas para o Mundial Sub-19 de 2025. O Brasil est\u00e1 no Grupo B, junto com M\u00e9xico, Estados Unidos e Porto Rico,\" \/>\n<meta property=\"og:url\" content=\"https:\/\/mulheresacesta.com.br\/en\/2024\/05\/a-selecao-brasileira-sub-18-feminina-de-basquete-foi-convocada-para-competir-na-copa-america-da-categoria\/\" \/>\n<meta property=\"og:site_name\" content=\"Mulheres \u00e0 Cesta\" \/>\n<meta property=\"article:published_time\" content=\"2024-05-09T14:12:42+00:00\" \/>\n<meta property=\"article:modified_time\" content=\"2024-05-09T14:12:44+00:00\" \/>\n<meta property=\"og:image\" content=\"https:\/\/mulheresacesta.com.br\/wp-content\/uploads\/2024\/05\/Untitled-1.jpg\" \/>\n\t<meta property=\"og:image:width\" content=\"1580\" \/>\n\t<meta property=\"og:image:height\" content=\"890\" \/>\n\t<meta property=\"og:image:type\" content=\"image\/jpeg\" \/>\n<meta name=\"author\" content=\"mulheres\" \/>\n<meta name=\"twitter:card\" content=\"summary_large_image\" \/>\n<meta name=\"twitter:label1\" content=\"Written by\" \/>\n\t<meta name=\"twitter:data1\" content=\"mulheres\" \/>\n\t<meta name=\"twitter:label2\" content=\"Est. reading time\" \/>\n\t<meta name=\"twitter:data2\" content=\"1 minute\" \/>\n<script type=\"application\/ld+json\" class=\"yoast-schema-graph\">{\"@context\":\"https:\/\/schema.org\",\"@graph\":[{\"@type\":\"Article\",\"@id\":\"https:\/\/mulheresacesta.com.br\/2024\/05\/a-selecao-brasileira-sub-18-feminina-de-basquete-foi-convocada-para-competir-na-copa-america-da-categoria\/#article\",\"isPartOf\":{\"@id\":\"https:\/\/mulheresacesta.com.br\/2024\/05\/a-selecao-brasileira-sub-18-feminina-de-basquete-foi-convocada-para-competir-na-copa-america-da-categoria\/\"},\"author\":{\"name\":\"mulheres\",\"@id\":\"https:\/\/mulheresacesta.com.br\/en\/#\/schema\/person\/11ebd3af76a9fcb3d26c815924faac42\"},\"headline\":\"A Sele\u00e7\u00e3o Brasileira Sub-18 feminina de basquete foi convocada para competir na Copa Am\u00e9rica da categoria\",\"datePublished\":\"2024-05-09T14:12:42+00:00\",\"dateModified\":\"2024-05-09T14:12:44+00:00\",\"mainEntityOfPage\":{\"@id\":\"https:\/\/mulheresacesta.com.br\/2024\/05\/a-selecao-brasileira-sub-18-feminina-de-basquete-foi-convocada-para-competir-na-copa-america-da-categoria\/\"},\"wordCount\":260,\"commentCount\":0,\"publisher\":{\"@id\":\"https:\/\/mulheresacesta.com.br\/en\/#organization\"},\"image\":{\"@id\":\"https:\/\/mulheresacesta.com.br\/2024\/05\/a-selecao-brasileira-sub-18-feminina-de-basquete-foi-convocada-para-competir-na-copa-america-da-categoria\/#primaryimage\"},\"thumbnailUrl\":\"https:\/\/mulheresacesta.com.br\/wp-content\/uploads\/2024\/05\/Untitled-1.jpg\",\"articleSection\":[\"Blog\"],\"inLanguage\":\"en-US\",\"potentialAction\":[{\"@type\":\"CommentAction\",\"name\":\"Comment\",\"target\":[\"https:\/\/mulheresacesta.com.br\/2024\/05\/a-selecao-brasileira-sub-18-feminina-de-basquete-foi-convocada-para-competir-na-copa-america-da-categoria\/#respond\"]}]},{\"@type\":\"WebPage\",\"@id\":\"https:\/\/mulheresacesta.com.br\/2024\/05\/a-selecao-brasileira-sub-18-feminina-de-basquete-foi-convocada-para-competir-na-copa-america-da-categoria\/\",\"url\":\"https:\/\/mulheresacesta.com.br\/2024\/05\/a-selecao-brasileira-sub-18-feminina-de-basquete-foi-convocada-para-competir-na-copa-america-da-categoria\/\",\"name\":\"A Sele\u00e7\u00e3o Brasileira Sub-18 feminina de basquete foi convocada para competir na Copa Am\u00e9rica da categoria\",\"isPartOf\":{\"@id\":\"https:\/\/mulheresacesta.com.br\/en\/#website\"},\"primaryImageOfPage\":{\"@id\":\"https:\/\/mulheresacesta.com.br\/2024\/05\/a-selecao-brasileira-sub-18-feminina-de-basquete-foi-convocada-para-competir-na-copa-america-da-categoria\/#primaryimage\"},\"image\":{\"@id\":\"https:\/\/mulheresacesta.com.br\/2024\/05\/a-selecao-brasileira-sub-18-feminina-de-basquete-foi-convocada-para-competir-na-copa-america-da-categoria\/#primaryimage\"},\"thumbnailUrl\":\"https:\/\/mulheresacesta.com.br\/wp-content\/uploads\/2024\/05\/Untitled-1.jpg\",\"datePublished\":\"2024-05-09T14:12:42+00:00\",\"dateModified\":\"2024-05-09T14:12:44+00:00\",\"description\":\"O objetivo \u00e9 conseguir uma das quatro vagas para o Mundial Sub-19 de 2025. O Brasil est\u00e1 no Grupo B, junto com M\u00e9xico, Estados Unidos e Porto Rico,\",\"breadcrumb\":{\"@id\":\"https:\/\/mulheresacesta.com.br\/2024\/05\/a-selecao-brasileira-sub-18-feminina-de-basquete-foi-convocada-para-competir-na-copa-america-da-categoria\/#breadcrumb\"},\"inLanguage\":\"en-US\",\"potentialAction\":[{\"@type\":\"ReadAction\",\"target\":[\"https:\/\/mulheresacesta.com.br\/2024\/05\/a-selecao-brasileira-sub-18-feminina-de-basquete-foi-convocada-para-competir-na-copa-america-da-categoria\/\"]}]},{\"@type\":\"ImageObject\",\"inLanguage\":\"en-US\",\"@id\":\"https:\/\/mulheresacesta.com.br\/2024\/05\/a-selecao-brasileira-sub-18-feminina-de-basquete-foi-convocada-para-competir-na-copa-america-da-categoria\/#primaryimage\",\"url\":\"https:\/\/mulheresacesta.com.br\/wp-content\/uploads\/2024\/05\/Untitled-1.jpg\",\"contentUrl\":\"https:\/\/mulheresacesta.com.br\/wp-content\/uploads\/2024\/05\/Untitled-1.jpg\",\"width\":1580,\"height\":890},{\"@type\":\"BreadcrumbList\",\"@id\":\"https:\/\/mulheresacesta.com.br\/2024\/05\/a-selecao-brasileira-sub-18-feminina-de-basquete-foi-convocada-para-competir-na-copa-america-da-categoria\/#breadcrumb\",\"itemListElement\":[{\"@type\":\"ListItem\",\"position\":1,\"name\":\"In\u00edcio\",\"item\":\"https:\/\/mulheresacesta.com.br\/\"},{\"@type\":\"ListItem\",\"position\":2,\"name\":\"A Sele\u00e7\u00e3o Brasileira Sub-18 feminina de basquete foi convocada para competir na Copa Am\u00e9rica da categoria\"}]},{\"@type\":\"WebSite\",\"@id\":\"https:\/\/mulheresacesta.com.br\/en\/#website\",\"url\":\"https:\/\/mulheresacesta.com.br\/en\/\",\"name\":\"Mulheres \u00e0 Cesta\",\"description\":\"\",\"publisher\":{\"@id\":\"https:\/\/mulheresacesta.com.br\/en\/#organization\"},\"potentialAction\":[{\"@type\":\"SearchAction\",\"target\":{\"@type\":\"EntryPoint\",\"urlTemplate\":\"https:\/\/mulheresacesta.com.br\/en\/?s={search_term_string}\"},\"query-input\":{\"@type\":\"PropertyValueSpecification\",\"valueRequired\":true,\"valueName\":\"search_term_string\"}}],\"inLanguage\":\"en-US\"},{\"@type\":\"Organization\",\"@id\":\"https:\/\/mulheresacesta.com.br\/en\/#organization\",\"name\":\"Mulheres \u00e0 Cesta\",\"url\":\"https:\/\/mulheresacesta.com.br\/en\/\",\"logo\":{\"@type\":\"ImageObject\",\"inLanguage\":\"en-US\",\"@id\":\"https:\/\/mulheresacesta.com.br\/en\/#\/schema\/logo\/image\/\",\"url\":\"https:\/\/mulheresacesta.com.br\/wp-content\/uploads\/2020\/10\/mulheres-a-cesta.jpg\",\"contentUrl\":\"https:\/\/mulheresacesta.com.br\/wp-content\/uploads\/2020\/10\/mulheres-a-cesta.jpg\",\"width\":400,\"height\":300,\"caption\":\"Mulheres \u00e0 Cesta\"},\"image\":{\"@id\":\"https:\/\/mulheresacesta.com.br\/en\/#\/schema\/logo\/image\/\"}},{\"@type\":\"Person\",\"@id\":\"https:\/\/mulheresacesta.com.br\/en\/#\/schema\/person\/11ebd3af76a9fcb3d26c815924faac42\",\"name\":\"mulheres\",\"sameAs\":[\"http:\/\/localhost\/mulheresacesta\"],\"url\":\"https:\/\/mulheresacesta.com.br\/en\/author\/mulheres\/\"}]}<\/script>\n<!-- \/ Yoast SEO plugin. -->","yoast_head_json":{"title":"A Sele\u00e7\u00e3o Brasileira Sub-18 feminina de basquete foi convocada para competir na Copa Am\u00e9rica da categoria","description":"O objetivo \u00e9 conseguir uma das quatro vagas para o Mundial Sub-19 de 2025. O Brasil est\u00e1 no Grupo B, junto com M\u00e9xico, Estados Unidos e Porto Rico,","robots":{"index":"index","follow":"follow","max-snippet":"max-snippet:-1","max-image-preview":"max-image-preview:large","max-video-preview":"max-video-preview:-1"},"canonical":"https:\/\/mulheresacesta.com.br\/en\/2024\/05\/a-selecao-brasileira-sub-18-feminina-de-basquete-foi-convocada-para-competir-na-copa-america-da-categoria\/","og_locale":"en_US","og_type":"article","og_title":"[:pt]A Sele\u00e7\u00e3o Brasileira Sub-18 feminina de basquete foi convocada para competir na Copa Am\u00e9rica da categoria[:] - Mulheres \u00e0 Cesta","og_description":"O objetivo \u00e9 conseguir uma das quatro vagas para o Mundial Sub-19 de 2025. O Brasil est\u00e1 no Grupo B, junto com M\u00e9xico, Estados Unidos e Porto Rico,","og_url":"https:\/\/mulheresacesta.com.br\/en\/2024\/05\/a-selecao-brasileira-sub-18-feminina-de-basquete-foi-convocada-para-competir-na-copa-america-da-categoria\/","og_site_name":"Mulheres \u00e0 Cesta","article_published_time":"2024-05-09T14:12:42+00:00","article_modified_time":"2024-05-09T14:12:44+00:00","og_image":[{"width":1580,"height":890,"url":"https:\/\/mulheresacesta.com.br\/wp-content\/uploads\/2024\/05\/Untitled-1.jpg","type":"image\/jpeg"}],"author":"mulheres","twitter_card":"summary_large_image","twitter_misc":{"Written by":"mulheres","Est. reading time":"1 minute"},"schema":{"@context":"https:\/\/schema.org","@graph":[{"@type":"Article","@id":"https:\/\/mulheresacesta.com.br\/2024\/05\/a-selecao-brasileira-sub-18-feminina-de-basquete-foi-convocada-para-competir-na-copa-america-da-categoria\/#article","isPartOf":{"@id":"https:\/\/mulheresacesta.com.br\/2024\/05\/a-selecao-brasileira-sub-18-feminina-de-basquete-foi-convocada-para-competir-na-copa-america-da-categoria\/"},"author":{"name":"mulheres","@id":"https:\/\/mulheresacesta.com.br\/en\/#\/schema\/person\/11ebd3af76a9fcb3d26c815924faac42"},"headline":"A Sele\u00e7\u00e3o Brasileira Sub-18 feminina de basquete foi convocada para competir na Copa Am\u00e9rica da categoria","datePublished":"2024-05-09T14:12:42+00:00","dateModified":"2024-05-09T14:12:44+00:00","mainEntityOfPage":{"@id":"https:\/\/mulheresacesta.com.br\/2024\/05\/a-selecao-brasileira-sub-18-feminina-de-basquete-foi-convocada-para-competir-na-copa-america-da-categoria\/"},"wordCount":260,"commentCount":0,"publisher":{"@id":"https:\/\/mulheresacesta.com.br\/en\/#organization"},"image":{"@id":"https:\/\/mulheresacesta.com.br\/2024\/05\/a-selecao-brasileira-sub-18-feminina-de-basquete-foi-convocada-para-competir-na-copa-america-da-categoria\/#primaryimage"},"thumbnailUrl":"https:\/\/mulheresacesta.com.br\/wp-content\/uploads\/2024\/05\/Untitled-1.jpg","articleSection":["Blog"],"inLanguage":"en-US","potentialAction":[{"@type":"CommentAction","name":"Comment","target":["https:\/\/mulheresacesta.com.br\/2024\/05\/a-selecao-brasileira-sub-18-feminina-de-basquete-foi-convocada-para-competir-na-copa-america-da-categoria\/#respond"]}]},{"@type":"WebPage","@id":"https:\/\/mulheresacesta.com.br\/2024\/05\/a-selecao-brasileira-sub-18-feminina-de-basquete-foi-convocada-para-competir-na-copa-america-da-categoria\/","url":"https:\/\/mulheresacesta.com.br\/2024\/05\/a-selecao-brasileira-sub-18-feminina-de-basquete-foi-convocada-para-competir-na-copa-america-da-categoria\/","name":"A Sele\u00e7\u00e3o Brasileira Sub-18 feminina de basquete foi convocada para competir na Copa Am\u00e9rica da categoria","isPartOf":{"@id":"https:\/\/mulheresacesta.com.br\/en\/#website"},"primaryImageOfPage":{"@id":"https:\/\/mulheresacesta.com.br\/2024\/05\/a-selecao-brasileira-sub-18-feminina-de-basquete-foi-convocada-para-competir-na-copa-america-da-categoria\/#primaryimage"},"image":{"@id":"https:\/\/mulheresacesta.com.br\/2024\/05\/a-selecao-brasileira-sub-18-feminina-de-basquete-foi-convocada-para-competir-na-copa-america-da-categoria\/#primaryimage"},"thumbnailUrl":"https:\/\/mulheresacesta.com.br\/wp-content\/uploads\/2024\/05\/Untitled-1.jpg","datePublished":"2024-05-09T14:12:42+00:00","dateModified":"2024-05-09T14:12:44+00:00","description":"O objetivo \u00e9 conseguir uma das quatro vagas para o Mundial Sub-19 de 2025. O Brasil est\u00e1 no Grupo B, junto com M\u00e9xico, Estados Unidos e Porto Rico,","breadcrumb":{"@id":"https:\/\/mulheresacesta.com.br\/2024\/05\/a-selecao-brasileira-sub-18-feminina-de-basquete-foi-convocada-para-competir-na-copa-america-da-categoria\/#breadcrumb"},"inLanguage":"en-US","potentialAction":[{"@type":"ReadAction","target":["https:\/\/mulheresacesta.com.br\/2024\/05\/a-selecao-brasileira-sub-18-feminina-de-basquete-foi-convocada-para-competir-na-copa-america-da-categoria\/"]}]},{"@type":"ImageObject","inLanguage":"en-US","@id":"https:\/\/mulheresacesta.com.br\/2024\/05\/a-selecao-brasileira-sub-18-feminina-de-basquete-foi-convocada-para-competir-na-copa-america-da-categoria\/#primaryimage","url":"https:\/\/mulheresacesta.com.br\/wp-content\/uploads\/2024\/05\/Untitled-1.jpg","contentUrl":"https:\/\/mulheresacesta.com.br\/wp-content\/uploads\/2024\/05\/Untitled-1.jpg","width":1580,"height":890},{"@type":"BreadcrumbList","@id":"https:\/\/mulheresacesta.com.br\/2024\/05\/a-selecao-brasileira-sub-18-feminina-de-basquete-foi-convocada-para-competir-na-copa-america-da-categoria\/#breadcrumb","itemListElement":[{"@type":"ListItem","position":1,"name":"In\u00edcio","item":"https:\/\/mulheresacesta.com.br\/"},{"@type":"ListItem","position":2,"name":"A Sele\u00e7\u00e3o Brasileira Sub-18 feminina de basquete foi convocada para competir na Copa Am\u00e9rica da categoria"}]},{"@type":"WebSite","@id":"https:\/\/mulheresacesta.com.br\/en\/#website","url":"https:\/\/mulheresacesta.com.br\/en\/","name":"Mulheres \u00e0 Cesta","description":"","publisher":{"@id":"https:\/\/mulheresacesta.com.br\/en\/#organization"},"potentialAction":[{"@type":"SearchAction","target":{"@type":"EntryPoint","urlTemplate":"https:\/\/mulheresacesta.com.br\/en\/?s={search_term_string}"},"query-input":{"@type":"PropertyValueSpecification","valueRequired":true,"valueName":"search_term_string"}}],"inLanguage":"en-US"},{"@type":"Organization","@id":"https:\/\/mulheresacesta.com.br\/en\/#organization","name":"Mulheres \u00e0 Cesta","url":"https:\/\/mulheresacesta.com.br\/en\/","logo":{"@type":"ImageObject","inLanguage":"en-US","@id":"https:\/\/mulheresacesta.com.br\/en\/#\/schema\/logo\/image\/","url":"https:\/\/mulheresacesta.com.br\/wp-content\/uploads\/2020\/10\/mulheres-a-cesta.jpg","contentUrl":"https:\/\/mulheresacesta.com.br\/wp-content\/uploads\/2020\/10\/mulheres-a-cesta.jpg","width":400,"height":300,"caption":"Mulheres \u00e0 Cesta"},"image":{"@id":"https:\/\/mulheresacesta.com.br\/en\/#\/schema\/logo\/image\/"}},{"@type":"Person","@id":"https:\/\/mulheresacesta.com.br\/en\/#\/schema\/person\/11ebd3af76a9fcb3d26c815924faac42","name":"mulheres","sameAs":["http:\/\/localhost\/mulheresacesta"],"url":"https:\/\/mulheresacesta.com.br\/en\/author\/mulheres\/"}]}},"_links":{"self":[{"href":"https:\/\/mulheresacesta.com.br\/en\/wp-json\/wp\/v2\/posts\/5444","targetHints":{"allow":["GET"]}}],"collection":[{"href":"https:\/\/mulheresacesta.com.br\/en\/wp-json\/wp\/v2\/posts"}],"about":[{"href":"https:\/\/mulheresacesta.com.br\/en\/wp-json\/wp\/v2\/types\/post"}],"author":[{"embeddable":true,"href":"https:\/\/mulheresacesta.com.br\/en\/wp-json\/wp\/v2\/users\/1"}],"replies":[{"embeddable":true,"href":"https:\/\/mulheresacesta.com.br\/en\/wp-json\/wp\/v2\/comments?post=5444"}],"version-history":[{"count":2,"href":"https:\/\/mulheresacesta.com.br\/en\/wp-json\/wp\/v2\/posts\/5444\/revisions"}],"predecessor-version":[{"id":5447,"href":"https:\/\/mulheresacesta.com.br\/en\/wp-json\/wp\/v2\/posts\/5444\/revisions\/5447"}],"wp:featuredmedia":[{"embeddable":true,"href":"https:\/\/mulheresacesta.com.br\/en\/wp-json\/wp\/v2\/media\/5445"}],"wp:attachment":[{"href":"https:\/\/mulheresacesta.com.br\/en\/wp-json\/wp\/v2\/media?parent=5444"}],"wp:term":[{"taxonomy":"category","embeddable":true,"href":"https:\/\/mulheresacesta.com.br\/en\/wp-json\/wp\/v2\/categories?post=5444"},{"taxonomy":"post_tag","embeddable":true,"href":"https:\/\/mulheresacesta.com.br\/en\/wp-json\/wp\/v2\/tags?post=5444"}],"curies":[{"name":"wp","href":"https:\/\/api.w.org\/{rel}","templated":true}]}}