{"id":5483,"date":"2024-05-23T09:00:00","date_gmt":"2024-05-23T12:00:00","guid":{"rendered":"https:\/\/mulheresacesta.com.br\/?p=5483"},"modified":"2024-05-23T09:42:06","modified_gmt":"2024-05-23T12:42:06","slug":"30-anos-1994-2024-mundial-de-basquete-feminino-helen-luz","status":"publish","type":"post","link":"https:\/\/mulheresacesta.com.br\/en\/2024\/05\/30-anos-1994-2024-mundial-de-basquete-feminino-helen-luz\/","title":{"rendered":"30 Anos \u2013 1994 \u2013 2024 \u2013 Mundial de Basquete Feminino <br> Helen Luz"},"content":{"rendered":"\n<p>Helen Luz nasceu com o basquete correndo em suas veias. Nascida em Ara\u00e7atuba, a Ala\/Armadora foi incentivada desde cedo por seu pai, N\u00e9lson Luz, ex-jogador de basquete, a se dedicar \u00e0 modalidade. Com seus irm\u00e3os, Silvinha, C\u00edntia, Rafael, Sully Freire Luz Formis e Nelson Luz Filho, a atleta faz parte de uma fam\u00edlia de apaixonados pela bola laranja.<\/p>\n\n\n\n<p>Um dos principais destaques em sua carreira s\u00e3o as participa\u00e7\u00f5es nos Jogos Ol\u00edmpicos (Barcelona 1992, Sydney 2000 e Atenas 2004<strong>)<\/strong>, nos quais desempenhou um papel important\u00edssimo na Sele\u00e7\u00e3o Brasileira ap\u00f3s a aposentadoria de Paula e Hort\u00eancia.<\/p>\n\n\n\n<p>A atleta mostrou todo seu talento e foi elevada a outro patamar durante o Campeonato Mundial da Austr\u00e1lia, quando o Brasil foi campe\u00e3o invicto, fazendo uma campanha emblem\u00e1tica, que reverbera at\u00e9 hoje na hist\u00f3ria do basquete nacional. Ao lado de Magic Paula, Hort\u00eancia, Janeth Arcain e outras estrelas, Helen fez com que o mundo todo presenciasse o potencial e a excel\u00eancia das brasileiras no basquete.<\/p>\n\n\n\n<p>Al\u00e9m desse feito, a ala\/armadora tamb\u00e9m foi medalha de bronze nas Olimp\u00edadas de Sydney, em 2003.<\/p>\n\n\n\n<p>Em sua trajet\u00f3ria brilhante, passou por diversos clubes nacionais e tamb\u00e9m internacionais, incluindo uma passagem pela WNBA pelo Washington Mystics entre 2001 e 2003.<\/p>\n\n\n\n<p>Ap\u00f3s se aposentar das quadras, a ex-atleta manteve viva sua paix\u00e3o pelo basquete, atuando como comentarista e exercendo pap\u00e9is de lideran\u00e7a na Liga de Basquete Feminino (LBF). Al\u00e9m disso, Helen tamb\u00e9m comanda o Projeto Cesta De Tr\u00eas, um projeto social realizado nas cidades de Louveira e Jundia\u00ed, idealizado com suas irm\u00e3s Cintia e Silvia Luz.<\/p>\n\n\n\n<p>Hoje, seu legado continua a inspirar as novas gera\u00e7\u00f5es e seu nome segue como um dos grandes representantes da pot\u00eancia do basquete brasileiro.<\/p>\n","protected":false},"excerpt":{"rendered":"<p>Helen Luz nasceu com o basquete correndo em suas veias. Nascida em Ara\u00e7atuba, a Ala\/Armadora foi incentivada desde cedo por seu pai, N\u00e9lson Luz, ex-jogador de basquete, a se dedicar \u00e0 modalidade. Com seus irm\u00e3os, Silvinha, C\u00edntia, Rafael, Sully Freire Luz Formis e Nelson Luz Filho, a atleta faz parte de uma fam\u00edlia de apaixonados [&hellip;]<\/p>\n","protected":false},"author":1,"featured_media":5484,"comment_status":"open","ping_status":"open","sticky":false,"template":"","format":"standard","meta":{"footnotes":""},"categories":[12],"tags":[],"class_list":["post-5483","post","type-post","status-publish","format-standard","has-post-thumbnail","hentry","category-blog"],"acf":[],"yoast_head":"<!-- This site is optimized with the Yoast SEO plugin v26.4 - https:\/\/yoast.com\/wordpress\/plugins\/seo\/ -->\n<title>30 Anos \u2013 1994 \u2013 2024 \u2013 Mundial de Basquete Feminino  Helen Luz<\/title>\n<meta name=\"description\" content=\"Helen Luz nasceu com o basquete correndo em suas veias. Nascida em Ara\u00e7atuba, a Ala\/Armadora foi incentivada desde cedo por seu pai, N\u00e9lson Luz,\" \/>\n<meta name=\"robots\" content=\"index, follow, max-snippet:-1, max-image-preview:large, max-video-preview:-1\" \/>\n<link rel=\"canonical\" href=\"https:\/\/mulheresacesta.com.br\/en\/2024\/05\/30-anos-1994-2024-mundial-de-basquete-feminino-helen-luz\/\" \/>\n<meta property=\"og:locale\" content=\"en_US\" \/>\n<meta property=\"og:locale:alternate\" content=\"pt_BR\" \/>\n<meta property=\"og:type\" content=\"article\" \/>\n<meta property=\"og:title\" content=\"30 Anos \u2013 1994 \u2013 2024 \u2013 Mundial de Basquete Feminino  Helen Luz\" \/>\n<meta property=\"og:description\" content=\"Helen Luz nasceu com o basquete correndo em suas veias. Nascida em Ara\u00e7atuba, a Ala\/Armadora foi incentivada desde cedo por seu pai, N\u00e9lson Luz,\" \/>\n<meta property=\"og:url\" content=\"https:\/\/mulheresacesta.com.br\/en\/2024\/05\/30-anos-1994-2024-mundial-de-basquete-feminino-helen-luz\/\" \/>\n<meta property=\"og:site_name\" content=\"Mulheres \u00e0 Cesta\" \/>\n<meta property=\"article:published_time\" content=\"2024-05-23T12:00:00+00:00\" \/>\n<meta property=\"article:modified_time\" content=\"2024-05-23T12:42:06+00:00\" \/>\n<meta property=\"og:image\" content=\"https:\/\/mulheresacesta.com.br\/wp-content\/uploads\/2024\/05\/30-anos-basquete-feminino-1580-x-890-px-7.png\" \/>\n\t<meta property=\"og:image:width\" content=\"1580\" \/>\n\t<meta property=\"og:image:height\" content=\"890\" \/>\n\t<meta property=\"og:image:type\" content=\"image\/png\" \/>\n<meta name=\"author\" content=\"mulheres\" \/>\n<meta name=\"twitter:card\" content=\"summary_large_image\" \/>\n<meta name=\"twitter:label1\" content=\"Written by\" \/>\n\t<meta name=\"twitter:data1\" content=\"mulheres\" \/>\n\t<meta name=\"twitter:label2\" content=\"Est. reading time\" \/>\n\t<meta name=\"twitter:data2\" content=\"2 minutes\" \/>\n<script type=\"application\/ld+json\" class=\"yoast-schema-graph\">{\"@context\":\"https:\/\/schema.org\",\"@graph\":[{\"@type\":\"Article\",\"@id\":\"https:\/\/mulheresacesta.com.br\/2024\/05\/30-anos-1994-2024-mundial-de-basquete-feminino-helen-luz\/#article\",\"isPartOf\":{\"@id\":\"https:\/\/mulheresacesta.com.br\/2024\/05\/30-anos-1994-2024-mundial-de-basquete-feminino-helen-luz\/\"},\"author\":{\"name\":\"mulheres\",\"@id\":\"https:\/\/mulheresacesta.com.br\/en\/#\/schema\/person\/11ebd3af76a9fcb3d26c815924faac42\"},\"headline\":\"30 Anos \u2013 1994 \u2013 2024 \u2013 Mundial de Basquete Feminino Helen Luz\",\"datePublished\":\"2024-05-23T12:00:00+00:00\",\"dateModified\":\"2024-05-23T12:42:06+00:00\",\"mainEntityOfPage\":{\"@id\":\"https:\/\/mulheresacesta.com.br\/2024\/05\/30-anos-1994-2024-mundial-de-basquete-feminino-helen-luz\/\"},\"wordCount\":314,\"commentCount\":0,\"publisher\":{\"@id\":\"https:\/\/mulheresacesta.com.br\/en\/#organization\"},\"image\":{\"@id\":\"https:\/\/mulheresacesta.com.br\/2024\/05\/30-anos-1994-2024-mundial-de-basquete-feminino-helen-luz\/#primaryimage\"},\"thumbnailUrl\":\"https:\/\/mulheresacesta.com.br\/wp-content\/uploads\/2024\/05\/30-anos-basquete-feminino-1580-x-890-px-7.png\",\"articleSection\":[\"Blog\"],\"inLanguage\":\"en-US\",\"potentialAction\":[{\"@type\":\"CommentAction\",\"name\":\"Comment\",\"target\":[\"https:\/\/mulheresacesta.com.br\/2024\/05\/30-anos-1994-2024-mundial-de-basquete-feminino-helen-luz\/#respond\"]}]},{\"@type\":\"WebPage\",\"@id\":\"https:\/\/mulheresacesta.com.br\/2024\/05\/30-anos-1994-2024-mundial-de-basquete-feminino-helen-luz\/\",\"url\":\"https:\/\/mulheresacesta.com.br\/2024\/05\/30-anos-1994-2024-mundial-de-basquete-feminino-helen-luz\/\",\"name\":\"30 Anos \u2013 1994 \u2013 2024 \u2013 Mundial de Basquete Feminino Helen Luz\",\"isPartOf\":{\"@id\":\"https:\/\/mulheresacesta.com.br\/en\/#website\"},\"primaryImageOfPage\":{\"@id\":\"https:\/\/mulheresacesta.com.br\/2024\/05\/30-anos-1994-2024-mundial-de-basquete-feminino-helen-luz\/#primaryimage\"},\"image\":{\"@id\":\"https:\/\/mulheresacesta.com.br\/2024\/05\/30-anos-1994-2024-mundial-de-basquete-feminino-helen-luz\/#primaryimage\"},\"thumbnailUrl\":\"https:\/\/mulheresacesta.com.br\/wp-content\/uploads\/2024\/05\/30-anos-basquete-feminino-1580-x-890-px-7.png\",\"datePublished\":\"2024-05-23T12:00:00+00:00\",\"dateModified\":\"2024-05-23T12:42:06+00:00\",\"description\":\"Helen Luz nasceu com o basquete correndo em suas veias. Nascida em Ara\u00e7atuba, a Ala\/Armadora foi incentivada desde cedo por seu pai, N\u00e9lson Luz,\",\"breadcrumb\":{\"@id\":\"https:\/\/mulheresacesta.com.br\/2024\/05\/30-anos-1994-2024-mundial-de-basquete-feminino-helen-luz\/#breadcrumb\"},\"inLanguage\":\"en-US\",\"potentialAction\":[{\"@type\":\"ReadAction\",\"target\":[\"https:\/\/mulheresacesta.com.br\/2024\/05\/30-anos-1994-2024-mundial-de-basquete-feminino-helen-luz\/\"]}]},{\"@type\":\"ImageObject\",\"inLanguage\":\"en-US\",\"@id\":\"https:\/\/mulheresacesta.com.br\/2024\/05\/30-anos-1994-2024-mundial-de-basquete-feminino-helen-luz\/#primaryimage\",\"url\":\"https:\/\/mulheresacesta.com.br\/wp-content\/uploads\/2024\/05\/30-anos-basquete-feminino-1580-x-890-px-7.png\",\"contentUrl\":\"https:\/\/mulheresacesta.com.br\/wp-content\/uploads\/2024\/05\/30-anos-basquete-feminino-1580-x-890-px-7.png\",\"width\":1580,\"height\":890},{\"@type\":\"BreadcrumbList\",\"@id\":\"https:\/\/mulheresacesta.com.br\/2024\/05\/30-anos-1994-2024-mundial-de-basquete-feminino-helen-luz\/#breadcrumb\",\"itemListElement\":[{\"@type\":\"ListItem\",\"position\":1,\"name\":\"In\u00edcio\",\"item\":\"https:\/\/mulheresacesta.com.br\/\"},{\"@type\":\"ListItem\",\"position\":2,\"name\":\"30 Anos \u2013 1994 \u2013 2024 \u2013 Mundial de Basquete Feminino Helen Luz\"}]},{\"@type\":\"WebSite\",\"@id\":\"https:\/\/mulheresacesta.com.br\/en\/#website\",\"url\":\"https:\/\/mulheresacesta.com.br\/en\/\",\"name\":\"Mulheres \u00e0 Cesta\",\"description\":\"\",\"publisher\":{\"@id\":\"https:\/\/mulheresacesta.com.br\/en\/#organization\"},\"potentialAction\":[{\"@type\":\"SearchAction\",\"target\":{\"@type\":\"EntryPoint\",\"urlTemplate\":\"https:\/\/mulheresacesta.com.br\/en\/?s={search_term_string}\"},\"query-input\":{\"@type\":\"PropertyValueSpecification\",\"valueRequired\":true,\"valueName\":\"search_term_string\"}}],\"inLanguage\":\"en-US\"},{\"@type\":\"Organization\",\"@id\":\"https:\/\/mulheresacesta.com.br\/en\/#organization\",\"name\":\"Mulheres \u00e0 Cesta\",\"url\":\"https:\/\/mulheresacesta.com.br\/en\/\",\"logo\":{\"@type\":\"ImageObject\",\"inLanguage\":\"en-US\",\"@id\":\"https:\/\/mulheresacesta.com.br\/en\/#\/schema\/logo\/image\/\",\"url\":\"https:\/\/mulheresacesta.com.br\/wp-content\/uploads\/2020\/10\/mulheres-a-cesta.jpg\",\"contentUrl\":\"https:\/\/mulheresacesta.com.br\/wp-content\/uploads\/2020\/10\/mulheres-a-cesta.jpg\",\"width\":400,\"height\":300,\"caption\":\"Mulheres \u00e0 Cesta\"},\"image\":{\"@id\":\"https:\/\/mulheresacesta.com.br\/en\/#\/schema\/logo\/image\/\"}},{\"@type\":\"Person\",\"@id\":\"https:\/\/mulheresacesta.com.br\/en\/#\/schema\/person\/11ebd3af76a9fcb3d26c815924faac42\",\"name\":\"mulheres\",\"sameAs\":[\"http:\/\/localhost\/mulheresacesta\"],\"url\":\"https:\/\/mulheresacesta.com.br\/en\/author\/mulheres\/\"}]}<\/script>\n<!-- \/ Yoast SEO plugin. -->","yoast_head_json":{"title":"30 Anos \u2013 1994 \u2013 2024 \u2013 Mundial de Basquete Feminino  Helen Luz","description":"Helen Luz nasceu com o basquete correndo em suas veias. Nascida em Ara\u00e7atuba, a Ala\/Armadora foi incentivada desde cedo por seu pai, N\u00e9lson Luz,","robots":{"index":"index","follow":"follow","max-snippet":"max-snippet:-1","max-image-preview":"max-image-preview:large","max-video-preview":"max-video-preview:-1"},"canonical":"https:\/\/mulheresacesta.com.br\/en\/2024\/05\/30-anos-1994-2024-mundial-de-basquete-feminino-helen-luz\/","og_locale":"en_US","og_type":"article","og_title":"[:pt]30 Anos \u2013 1994 \u2013 2024 \u2013 Mundial de Basquete Feminino  Helen Luz[:] - Mulheres \u00e0 Cesta","og_description":"Helen Luz nasceu com o basquete correndo em suas veias. Nascida em Ara\u00e7atuba, a Ala\/Armadora foi incentivada desde cedo por seu pai, N\u00e9lson Luz,","og_url":"https:\/\/mulheresacesta.com.br\/en\/2024\/05\/30-anos-1994-2024-mundial-de-basquete-feminino-helen-luz\/","og_site_name":"Mulheres \u00e0 Cesta","article_published_time":"2024-05-23T12:00:00+00:00","article_modified_time":"2024-05-23T12:42:06+00:00","og_image":[{"width":1580,"height":890,"url":"https:\/\/mulheresacesta.com.br\/wp-content\/uploads\/2024\/05\/30-anos-basquete-feminino-1580-x-890-px-7.png","type":"image\/png"}],"author":"mulheres","twitter_card":"summary_large_image","twitter_misc":{"Written by":"mulheres","Est. reading time":"2 minutes"},"schema":{"@context":"https:\/\/schema.org","@graph":[{"@type":"Article","@id":"https:\/\/mulheresacesta.com.br\/2024\/05\/30-anos-1994-2024-mundial-de-basquete-feminino-helen-luz\/#article","isPartOf":{"@id":"https:\/\/mulheresacesta.com.br\/2024\/05\/30-anos-1994-2024-mundial-de-basquete-feminino-helen-luz\/"},"author":{"name":"mulheres","@id":"https:\/\/mulheresacesta.com.br\/en\/#\/schema\/person\/11ebd3af76a9fcb3d26c815924faac42"},"headline":"30 Anos \u2013 1994 \u2013 2024 \u2013 Mundial de Basquete Feminino Helen Luz","datePublished":"2024-05-23T12:00:00+00:00","dateModified":"2024-05-23T12:42:06+00:00","mainEntityOfPage":{"@id":"https:\/\/mulheresacesta.com.br\/2024\/05\/30-anos-1994-2024-mundial-de-basquete-feminino-helen-luz\/"},"wordCount":314,"commentCount":0,"publisher":{"@id":"https:\/\/mulheresacesta.com.br\/en\/#organization"},"image":{"@id":"https:\/\/mulheresacesta.com.br\/2024\/05\/30-anos-1994-2024-mundial-de-basquete-feminino-helen-luz\/#primaryimage"},"thumbnailUrl":"https:\/\/mulheresacesta.com.br\/wp-content\/uploads\/2024\/05\/30-anos-basquete-feminino-1580-x-890-px-7.png","articleSection":["Blog"],"inLanguage":"en-US","potentialAction":[{"@type":"CommentAction","name":"Comment","target":["https:\/\/mulheresacesta.com.br\/2024\/05\/30-anos-1994-2024-mundial-de-basquete-feminino-helen-luz\/#respond"]}]},{"@type":"WebPage","@id":"https:\/\/mulheresacesta.com.br\/2024\/05\/30-anos-1994-2024-mundial-de-basquete-feminino-helen-luz\/","url":"https:\/\/mulheresacesta.com.br\/2024\/05\/30-anos-1994-2024-mundial-de-basquete-feminino-helen-luz\/","name":"30 Anos \u2013 1994 \u2013 2024 \u2013 Mundial de Basquete Feminino Helen Luz","isPartOf":{"@id":"https:\/\/mulheresacesta.com.br\/en\/#website"},"primaryImageOfPage":{"@id":"https:\/\/mulheresacesta.com.br\/2024\/05\/30-anos-1994-2024-mundial-de-basquete-feminino-helen-luz\/#primaryimage"},"image":{"@id":"https:\/\/mulheresacesta.com.br\/2024\/05\/30-anos-1994-2024-mundial-de-basquete-feminino-helen-luz\/#primaryimage"},"thumbnailUrl":"https:\/\/mulheresacesta.com.br\/wp-content\/uploads\/2024\/05\/30-anos-basquete-feminino-1580-x-890-px-7.png","datePublished":"2024-05-23T12:00:00+00:00","dateModified":"2024-05-23T12:42:06+00:00","description":"Helen Luz nasceu com o basquete correndo em suas veias. Nascida em Ara\u00e7atuba, a Ala\/Armadora foi incentivada desde cedo por seu pai, N\u00e9lson Luz,","breadcrumb":{"@id":"https:\/\/mulheresacesta.com.br\/2024\/05\/30-anos-1994-2024-mundial-de-basquete-feminino-helen-luz\/#breadcrumb"},"inLanguage":"en-US","potentialAction":[{"@type":"ReadAction","target":["https:\/\/mulheresacesta.com.br\/2024\/05\/30-anos-1994-2024-mundial-de-basquete-feminino-helen-luz\/"]}]},{"@type":"ImageObject","inLanguage":"en-US","@id":"https:\/\/mulheresacesta.com.br\/2024\/05\/30-anos-1994-2024-mundial-de-basquete-feminino-helen-luz\/#primaryimage","url":"https:\/\/mulheresacesta.com.br\/wp-content\/uploads\/2024\/05\/30-anos-basquete-feminino-1580-x-890-px-7.png","contentUrl":"https:\/\/mulheresacesta.com.br\/wp-content\/uploads\/2024\/05\/30-anos-basquete-feminino-1580-x-890-px-7.png","width":1580,"height":890},{"@type":"BreadcrumbList","@id":"https:\/\/mulheresacesta.com.br\/2024\/05\/30-anos-1994-2024-mundial-de-basquete-feminino-helen-luz\/#breadcrumb","itemListElement":[{"@type":"ListItem","position":1,"name":"In\u00edcio","item":"https:\/\/mulheresacesta.com.br\/"},{"@type":"ListItem","position":2,"name":"30 Anos \u2013 1994 \u2013 2024 \u2013 Mundial de Basquete Feminino Helen Luz"}]},{"@type":"WebSite","@id":"https:\/\/mulheresacesta.com.br\/en\/#website","url":"https:\/\/mulheresacesta.com.br\/en\/","name":"Mulheres \u00e0 Cesta","description":"","publisher":{"@id":"https:\/\/mulheresacesta.com.br\/en\/#organization"},"potentialAction":[{"@type":"SearchAction","target":{"@type":"EntryPoint","urlTemplate":"https:\/\/mulheresacesta.com.br\/en\/?s={search_term_string}"},"query-input":{"@type":"PropertyValueSpecification","valueRequired":true,"valueName":"search_term_string"}}],"inLanguage":"en-US"},{"@type":"Organization","@id":"https:\/\/mulheresacesta.com.br\/en\/#organization","name":"Mulheres \u00e0 Cesta","url":"https:\/\/mulheresacesta.com.br\/en\/","logo":{"@type":"ImageObject","inLanguage":"en-US","@id":"https:\/\/mulheresacesta.com.br\/en\/#\/schema\/logo\/image\/","url":"https:\/\/mulheresacesta.com.br\/wp-content\/uploads\/2020\/10\/mulheres-a-cesta.jpg","contentUrl":"https:\/\/mulheresacesta.com.br\/wp-content\/uploads\/2020\/10\/mulheres-a-cesta.jpg","width":400,"height":300,"caption":"Mulheres \u00e0 Cesta"},"image":{"@id":"https:\/\/mulheresacesta.com.br\/en\/#\/schema\/logo\/image\/"}},{"@type":"Person","@id":"https:\/\/mulheresacesta.com.br\/en\/#\/schema\/person\/11ebd3af76a9fcb3d26c815924faac42","name":"mulheres","sameAs":["http:\/\/localhost\/mulheresacesta"],"url":"https:\/\/mulheresacesta.com.br\/en\/author\/mulheres\/"}]}},"_links":{"self":[{"href":"https:\/\/mulheresacesta.com.br\/en\/wp-json\/wp\/v2\/posts\/5483","targetHints":{"allow":["GET"]}}],"collection":[{"href":"https:\/\/mulheresacesta.com.br\/en\/wp-json\/wp\/v2\/posts"}],"about":[{"href":"https:\/\/mulheresacesta.com.br\/en\/wp-json\/wp\/v2\/types\/post"}],"author":[{"embeddable":true,"href":"https:\/\/mulheresacesta.com.br\/en\/wp-json\/wp\/v2\/users\/1"}],"replies":[{"embeddable":true,"href":"https:\/\/mulheresacesta.com.br\/en\/wp-json\/wp\/v2\/comments?post=5483"}],"version-history":[{"count":3,"href":"https:\/\/mulheresacesta.com.br\/en\/wp-json\/wp\/v2\/posts\/5483\/revisions"}],"predecessor-version":[{"id":5489,"href":"https:\/\/mulheresacesta.com.br\/en\/wp-json\/wp\/v2\/posts\/5483\/revisions\/5489"}],"wp:featuredmedia":[{"embeddable":true,"href":"https:\/\/mulheresacesta.com.br\/en\/wp-json\/wp\/v2\/media\/5484"}],"wp:attachment":[{"href":"https:\/\/mulheresacesta.com.br\/en\/wp-json\/wp\/v2\/media?parent=5483"}],"wp:term":[{"taxonomy":"category","embeddable":true,"href":"https:\/\/mulheresacesta.com.br\/en\/wp-json\/wp\/v2\/categories?post=5483"},{"taxonomy":"post_tag","embeddable":true,"href":"https:\/\/mulheresacesta.com.br\/en\/wp-json\/wp\/v2\/tags?post=5483"}],"curies":[{"name":"wp","href":"https:\/\/api.w.org\/{rel}","templated":true}]}}