{"id":5525,"date":"2024-05-30T09:00:00","date_gmt":"2024-05-30T12:00:00","guid":{"rendered":"https:\/\/mulheresacesta.com.br\/?p=5525"},"modified":"2024-05-29T12:04:42","modified_gmt":"2024-05-29T15:04:42","slug":"30-anos-1994-2024-mundial-de-basquete-feminino-dalila-bulcao","status":"publish","type":"post","link":"https:\/\/mulheresacesta.com.br\/en\/2024\/05\/30-anos-1994-2024-mundial-de-basquete-feminino-dalila-bulcao\/","title":{"rendered":"30 Anos \u2013 1994 \u2013 2024 \u2013 Mundial de Basquete Feminino-Dalila Bulc\u00e3o"},"content":{"rendered":"\n<p>A ex-atleta construiu uma carreira s\u00f3lida e vitoriosa dentro e fora das quadras.<\/p>\n\n\n\n<p>A ex-piv\u00f4 iniciou sua carreira no juvenil, aos 19 anos. Pouco tempo depois, em 1987, mudou-se para os Estados Unidos, onde jogou pelo Lady Buffs at\u00e9 1993 e se formou em Zootecnia pela Universidade Texas State.<\/p>\n\n\n\n<p>Sua volta ao Brasil aconteceu de maneira triunfal. Ao retornar \u00e0s terras brasileiras, Dalila foi convocada para a Sele\u00e7\u00e3o e conquistou o t\u00edtulo in\u00e9dito do Campeonato Mundial de Basquete, a primeira vez que uma equipe fora dos Estados Unidos ou R\u00fassia venceu a competi\u00e7\u00e3o.<\/p>\n\n\n\n<p>A ex-atleta encerrou sua carreira nas quadras com apenas 25 anos, no entanto, o basquete continuou vivo em sua vida profissional.<\/p>\n\n\n\n<p>Discreta sobre sua bem-sucedida carreira, ap\u00f3s a aposentadoria, Dalila passou a ensinar basquete para futuros atletas, contribuindo para a forma\u00e7\u00e3o de in\u00fameros jovens e passando seu legado adiante.<\/p>\n","protected":false},"excerpt":{"rendered":"<p>A ex-atleta construiu uma carreira s\u00f3lida e vitoriosa dentro e fora das quadras. A ex-piv\u00f4 iniciou sua carreira no juvenil, aos 19 anos. Pouco tempo depois, em 1987, mudou-se para os Estados Unidos, onde jogou pelo Lady Buffs at\u00e9 1993 e se formou em Zootecnia pela Universidade Texas State. Sua volta ao Brasil aconteceu de [&hellip;]<\/p>\n","protected":false},"author":1,"featured_media":5526,"comment_status":"open","ping_status":"open","sticky":false,"template":"","format":"standard","meta":{"footnotes":""},"categories":[12],"tags":[],"class_list":["post-5525","post","type-post","status-publish","format-standard","has-post-thumbnail","hentry","category-blog"],"acf":[],"yoast_head":"<!-- This site is optimized with the Yoast SEO plugin v26.4 - https:\/\/yoast.com\/wordpress\/plugins\/seo\/ -->\n<title>30 Anos \u2013 1994 \u2013 2024 \u2013 Mundial de Basquete Feminino-Dalila Bulc\u00e3o<\/title>\n<meta name=\"description\" content=\"A ex-atleta construiu uma carreira s\u00f3lida e vitoriosa dentro e fora das quadras. A ex-piv\u00f4 iniciou sua carreira no juvenil, aos 19 anos. Pouco tempo\" \/>\n<meta name=\"robots\" content=\"index, follow, max-snippet:-1, max-image-preview:large, max-video-preview:-1\" \/>\n<link rel=\"canonical\" href=\"https:\/\/mulheresacesta.com.br\/en\/2024\/05\/30-anos-1994-2024-mundial-de-basquete-feminino-dalila-bulcao\/\" \/>\n<meta property=\"og:locale\" content=\"en_US\" \/>\n<meta property=\"og:locale:alternate\" content=\"pt_BR\" \/>\n<meta property=\"og:type\" content=\"article\" \/>\n<meta property=\"og:title\" content=\"30 Anos \u2013 1994 \u2013 2024 \u2013 Mundial de Basquete Feminino-Dalila Bulc\u00e3o\" \/>\n<meta property=\"og:description\" content=\"A ex-atleta construiu uma carreira s\u00f3lida e vitoriosa dentro e fora das quadras. A ex-piv\u00f4 iniciou sua carreira no juvenil, aos 19 anos. Pouco tempo\" \/>\n<meta property=\"og:url\" content=\"https:\/\/mulheresacesta.com.br\/en\/2024\/05\/30-anos-1994-2024-mundial-de-basquete-feminino-dalila-bulcao\/\" \/>\n<meta property=\"og:site_name\" content=\"Mulheres \u00e0 Cesta\" \/>\n<meta property=\"article:published_time\" content=\"2024-05-30T12:00:00+00:00\" \/>\n<meta property=\"og:image\" content=\"https:\/\/mulheresacesta.com.br\/wp-content\/uploads\/2024\/05\/30-anos-basquete-feminino-1580-x-890-px-10.png\" \/>\n\t<meta property=\"og:image:width\" content=\"1580\" \/>\n\t<meta property=\"og:image:height\" content=\"890\" \/>\n\t<meta property=\"og:image:type\" content=\"image\/png\" \/>\n<meta name=\"author\" content=\"mulheres\" \/>\n<meta name=\"twitter:card\" content=\"summary_large_image\" \/>\n<meta name=\"twitter:label1\" content=\"Written by\" \/>\n\t<meta name=\"twitter:data1\" content=\"mulheres\" \/>\n\t<meta name=\"twitter:label2\" content=\"Est. reading time\" \/>\n\t<meta name=\"twitter:data2\" content=\"1 minute\" \/>\n<script type=\"application\/ld+json\" class=\"yoast-schema-graph\">{\"@context\":\"https:\/\/schema.org\",\"@graph\":[{\"@type\":\"Article\",\"@id\":\"https:\/\/mulheresacesta.com.br\/en\/2024\/05\/30-anos-1994-2024-mundial-de-basquete-feminino-dalila-bulcao\/#article\",\"isPartOf\":{\"@id\":\"https:\/\/mulheresacesta.com.br\/en\/2024\/05\/30-anos-1994-2024-mundial-de-basquete-feminino-dalila-bulcao\/\"},\"author\":{\"name\":\"mulheres\",\"@id\":\"https:\/\/mulheresacesta.com.br\/en\/#\/schema\/person\/11ebd3af76a9fcb3d26c815924faac42\"},\"headline\":\"30 Anos \u2013 1994 \u2013 2024 \u2013 Mundial de Basquete Feminino-Dalila Bulc\u00e3o\",\"datePublished\":\"2024-05-30T12:00:00+00:00\",\"mainEntityOfPage\":{\"@id\":\"https:\/\/mulheresacesta.com.br\/en\/2024\/05\/30-anos-1994-2024-mundial-de-basquete-feminino-dalila-bulcao\/\"},\"wordCount\":156,\"commentCount\":0,\"publisher\":{\"@id\":\"https:\/\/mulheresacesta.com.br\/en\/#organization\"},\"image\":{\"@id\":\"https:\/\/mulheresacesta.com.br\/en\/2024\/05\/30-anos-1994-2024-mundial-de-basquete-feminino-dalila-bulcao\/#primaryimage\"},\"thumbnailUrl\":\"https:\/\/mulheresacesta.com.br\/wp-content\/uploads\/2024\/05\/30-anos-basquete-feminino-1580-x-890-px-10.png\",\"articleSection\":[\"Blog\"],\"inLanguage\":\"en-US\",\"potentialAction\":[{\"@type\":\"CommentAction\",\"name\":\"Comment\",\"target\":[\"https:\/\/mulheresacesta.com.br\/en\/2024\/05\/30-anos-1994-2024-mundial-de-basquete-feminino-dalila-bulcao\/#respond\"]}]},{\"@type\":\"WebPage\",\"@id\":\"https:\/\/mulheresacesta.com.br\/en\/2024\/05\/30-anos-1994-2024-mundial-de-basquete-feminino-dalila-bulcao\/\",\"url\":\"https:\/\/mulheresacesta.com.br\/en\/2024\/05\/30-anos-1994-2024-mundial-de-basquete-feminino-dalila-bulcao\/\",\"name\":\"30 Anos \u2013 1994 \u2013 2024 \u2013 Mundial de Basquete Feminino-Dalila Bulc\u00e3o\",\"isPartOf\":{\"@id\":\"https:\/\/mulheresacesta.com.br\/en\/#website\"},\"primaryImageOfPage\":{\"@id\":\"https:\/\/mulheresacesta.com.br\/en\/2024\/05\/30-anos-1994-2024-mundial-de-basquete-feminino-dalila-bulcao\/#primaryimage\"},\"image\":{\"@id\":\"https:\/\/mulheresacesta.com.br\/en\/2024\/05\/30-anos-1994-2024-mundial-de-basquete-feminino-dalila-bulcao\/#primaryimage\"},\"thumbnailUrl\":\"https:\/\/mulheresacesta.com.br\/wp-content\/uploads\/2024\/05\/30-anos-basquete-feminino-1580-x-890-px-10.png\",\"datePublished\":\"2024-05-30T12:00:00+00:00\",\"description\":\"A ex-atleta construiu uma carreira s\u00f3lida e vitoriosa dentro e fora das quadras. A ex-piv\u00f4 iniciou sua carreira no juvenil, aos 19 anos. Pouco tempo\",\"breadcrumb\":{\"@id\":\"https:\/\/mulheresacesta.com.br\/en\/2024\/05\/30-anos-1994-2024-mundial-de-basquete-feminino-dalila-bulcao\/#breadcrumb\"},\"inLanguage\":\"en-US\",\"potentialAction\":[{\"@type\":\"ReadAction\",\"target\":[\"https:\/\/mulheresacesta.com.br\/en\/2024\/05\/30-anos-1994-2024-mundial-de-basquete-feminino-dalila-bulcao\/\"]}]},{\"@type\":\"ImageObject\",\"inLanguage\":\"en-US\",\"@id\":\"https:\/\/mulheresacesta.com.br\/en\/2024\/05\/30-anos-1994-2024-mundial-de-basquete-feminino-dalila-bulcao\/#primaryimage\",\"url\":\"https:\/\/mulheresacesta.com.br\/wp-content\/uploads\/2024\/05\/30-anos-basquete-feminino-1580-x-890-px-10.png\",\"contentUrl\":\"https:\/\/mulheresacesta.com.br\/wp-content\/uploads\/2024\/05\/30-anos-basquete-feminino-1580-x-890-px-10.png\",\"width\":1580,\"height\":890},{\"@type\":\"BreadcrumbList\",\"@id\":\"https:\/\/mulheresacesta.com.br\/en\/2024\/05\/30-anos-1994-2024-mundial-de-basquete-feminino-dalila-bulcao\/#breadcrumb\",\"itemListElement\":[{\"@type\":\"ListItem\",\"position\":1,\"name\":\"In\u00edcio\",\"item\":\"https:\/\/mulheresacesta.com.br\/\"},{\"@type\":\"ListItem\",\"position\":2,\"name\":\"30 Anos \u2013 1994 \u2013 2024 \u2013 Mundial de Basquete Feminino-Dalila Bulc\u00e3o\"}]},{\"@type\":\"WebSite\",\"@id\":\"https:\/\/mulheresacesta.com.br\/en\/#website\",\"url\":\"https:\/\/mulheresacesta.com.br\/en\/\",\"name\":\"Mulheres \u00e0 Cesta\",\"description\":\"\",\"publisher\":{\"@id\":\"https:\/\/mulheresacesta.com.br\/en\/#organization\"},\"potentialAction\":[{\"@type\":\"SearchAction\",\"target\":{\"@type\":\"EntryPoint\",\"urlTemplate\":\"https:\/\/mulheresacesta.com.br\/en\/?s={search_term_string}\"},\"query-input\":{\"@type\":\"PropertyValueSpecification\",\"valueRequired\":true,\"valueName\":\"search_term_string\"}}],\"inLanguage\":\"en-US\"},{\"@type\":\"Organization\",\"@id\":\"https:\/\/mulheresacesta.com.br\/en\/#organization\",\"name\":\"Mulheres \u00e0 Cesta\",\"url\":\"https:\/\/mulheresacesta.com.br\/en\/\",\"logo\":{\"@type\":\"ImageObject\",\"inLanguage\":\"en-US\",\"@id\":\"https:\/\/mulheresacesta.com.br\/en\/#\/schema\/logo\/image\/\",\"url\":\"https:\/\/mulheresacesta.com.br\/wp-content\/uploads\/2020\/10\/mulheres-a-cesta.jpg\",\"contentUrl\":\"https:\/\/mulheresacesta.com.br\/wp-content\/uploads\/2020\/10\/mulheres-a-cesta.jpg\",\"width\":400,\"height\":300,\"caption\":\"Mulheres \u00e0 Cesta\"},\"image\":{\"@id\":\"https:\/\/mulheresacesta.com.br\/en\/#\/schema\/logo\/image\/\"}},{\"@type\":\"Person\",\"@id\":\"https:\/\/mulheresacesta.com.br\/en\/#\/schema\/person\/11ebd3af76a9fcb3d26c815924faac42\",\"name\":\"mulheres\",\"sameAs\":[\"http:\/\/localhost\/mulheresacesta\"],\"url\":\"https:\/\/mulheresacesta.com.br\/en\/author\/mulheres\/\"}]}<\/script>\n<!-- \/ Yoast SEO plugin. -->","yoast_head_json":{"title":"30 Anos \u2013 1994 \u2013 2024 \u2013 Mundial de Basquete Feminino-Dalila Bulc\u00e3o","description":"A ex-atleta construiu uma carreira s\u00f3lida e vitoriosa dentro e fora das quadras. A ex-piv\u00f4 iniciou sua carreira no juvenil, aos 19 anos. Pouco tempo","robots":{"index":"index","follow":"follow","max-snippet":"max-snippet:-1","max-image-preview":"max-image-preview:large","max-video-preview":"max-video-preview:-1"},"canonical":"https:\/\/mulheresacesta.com.br\/en\/2024\/05\/30-anos-1994-2024-mundial-de-basquete-feminino-dalila-bulcao\/","og_locale":"en_US","og_type":"article","og_title":"[:pt]30 Anos \u2013 1994 \u2013 2024 \u2013 Mundial de Basquete Feminino-Dalila Bulc\u00e3o[:] - Mulheres \u00e0 Cesta","og_description":"A ex-atleta construiu uma carreira s\u00f3lida e vitoriosa dentro e fora das quadras. A ex-piv\u00f4 iniciou sua carreira no juvenil, aos 19 anos. Pouco tempo","og_url":"https:\/\/mulheresacesta.com.br\/en\/2024\/05\/30-anos-1994-2024-mundial-de-basquete-feminino-dalila-bulcao\/","og_site_name":"Mulheres \u00e0 Cesta","article_published_time":"2024-05-30T12:00:00+00:00","og_image":[{"width":1580,"height":890,"url":"https:\/\/mulheresacesta.com.br\/wp-content\/uploads\/2024\/05\/30-anos-basquete-feminino-1580-x-890-px-10.png","type":"image\/png"}],"author":"mulheres","twitter_card":"summary_large_image","twitter_misc":{"Written by":"mulheres","Est. reading time":"1 minute"},"schema":{"@context":"https:\/\/schema.org","@graph":[{"@type":"Article","@id":"https:\/\/mulheresacesta.com.br\/en\/2024\/05\/30-anos-1994-2024-mundial-de-basquete-feminino-dalila-bulcao\/#article","isPartOf":{"@id":"https:\/\/mulheresacesta.com.br\/en\/2024\/05\/30-anos-1994-2024-mundial-de-basquete-feminino-dalila-bulcao\/"},"author":{"name":"mulheres","@id":"https:\/\/mulheresacesta.com.br\/en\/#\/schema\/person\/11ebd3af76a9fcb3d26c815924faac42"},"headline":"30 Anos \u2013 1994 \u2013 2024 \u2013 Mundial de Basquete Feminino-Dalila Bulc\u00e3o","datePublished":"2024-05-30T12:00:00+00:00","mainEntityOfPage":{"@id":"https:\/\/mulheresacesta.com.br\/en\/2024\/05\/30-anos-1994-2024-mundial-de-basquete-feminino-dalila-bulcao\/"},"wordCount":156,"commentCount":0,"publisher":{"@id":"https:\/\/mulheresacesta.com.br\/en\/#organization"},"image":{"@id":"https:\/\/mulheresacesta.com.br\/en\/2024\/05\/30-anos-1994-2024-mundial-de-basquete-feminino-dalila-bulcao\/#primaryimage"},"thumbnailUrl":"https:\/\/mulheresacesta.com.br\/wp-content\/uploads\/2024\/05\/30-anos-basquete-feminino-1580-x-890-px-10.png","articleSection":["Blog"],"inLanguage":"en-US","potentialAction":[{"@type":"CommentAction","name":"Comment","target":["https:\/\/mulheresacesta.com.br\/en\/2024\/05\/30-anos-1994-2024-mundial-de-basquete-feminino-dalila-bulcao\/#respond"]}]},{"@type":"WebPage","@id":"https:\/\/mulheresacesta.com.br\/en\/2024\/05\/30-anos-1994-2024-mundial-de-basquete-feminino-dalila-bulcao\/","url":"https:\/\/mulheresacesta.com.br\/en\/2024\/05\/30-anos-1994-2024-mundial-de-basquete-feminino-dalila-bulcao\/","name":"30 Anos \u2013 1994 \u2013 2024 \u2013 Mundial de Basquete Feminino-Dalila Bulc\u00e3o","isPartOf":{"@id":"https:\/\/mulheresacesta.com.br\/en\/#website"},"primaryImageOfPage":{"@id":"https:\/\/mulheresacesta.com.br\/en\/2024\/05\/30-anos-1994-2024-mundial-de-basquete-feminino-dalila-bulcao\/#primaryimage"},"image":{"@id":"https:\/\/mulheresacesta.com.br\/en\/2024\/05\/30-anos-1994-2024-mundial-de-basquete-feminino-dalila-bulcao\/#primaryimage"},"thumbnailUrl":"https:\/\/mulheresacesta.com.br\/wp-content\/uploads\/2024\/05\/30-anos-basquete-feminino-1580-x-890-px-10.png","datePublished":"2024-05-30T12:00:00+00:00","description":"A ex-atleta construiu uma carreira s\u00f3lida e vitoriosa dentro e fora das quadras. A ex-piv\u00f4 iniciou sua carreira no juvenil, aos 19 anos. Pouco tempo","breadcrumb":{"@id":"https:\/\/mulheresacesta.com.br\/en\/2024\/05\/30-anos-1994-2024-mundial-de-basquete-feminino-dalila-bulcao\/#breadcrumb"},"inLanguage":"en-US","potentialAction":[{"@type":"ReadAction","target":["https:\/\/mulheresacesta.com.br\/en\/2024\/05\/30-anos-1994-2024-mundial-de-basquete-feminino-dalila-bulcao\/"]}]},{"@type":"ImageObject","inLanguage":"en-US","@id":"https:\/\/mulheresacesta.com.br\/en\/2024\/05\/30-anos-1994-2024-mundial-de-basquete-feminino-dalila-bulcao\/#primaryimage","url":"https:\/\/mulheresacesta.com.br\/wp-content\/uploads\/2024\/05\/30-anos-basquete-feminino-1580-x-890-px-10.png","contentUrl":"https:\/\/mulheresacesta.com.br\/wp-content\/uploads\/2024\/05\/30-anos-basquete-feminino-1580-x-890-px-10.png","width":1580,"height":890},{"@type":"BreadcrumbList","@id":"https:\/\/mulheresacesta.com.br\/en\/2024\/05\/30-anos-1994-2024-mundial-de-basquete-feminino-dalila-bulcao\/#breadcrumb","itemListElement":[{"@type":"ListItem","position":1,"name":"In\u00edcio","item":"https:\/\/mulheresacesta.com.br\/"},{"@type":"ListItem","position":2,"name":"30 Anos \u2013 1994 \u2013 2024 \u2013 Mundial de Basquete Feminino-Dalila Bulc\u00e3o"}]},{"@type":"WebSite","@id":"https:\/\/mulheresacesta.com.br\/en\/#website","url":"https:\/\/mulheresacesta.com.br\/en\/","name":"Mulheres \u00e0 Cesta","description":"","publisher":{"@id":"https:\/\/mulheresacesta.com.br\/en\/#organization"},"potentialAction":[{"@type":"SearchAction","target":{"@type":"EntryPoint","urlTemplate":"https:\/\/mulheresacesta.com.br\/en\/?s={search_term_string}"},"query-input":{"@type":"PropertyValueSpecification","valueRequired":true,"valueName":"search_term_string"}}],"inLanguage":"en-US"},{"@type":"Organization","@id":"https:\/\/mulheresacesta.com.br\/en\/#organization","name":"Mulheres \u00e0 Cesta","url":"https:\/\/mulheresacesta.com.br\/en\/","logo":{"@type":"ImageObject","inLanguage":"en-US","@id":"https:\/\/mulheresacesta.com.br\/en\/#\/schema\/logo\/image\/","url":"https:\/\/mulheresacesta.com.br\/wp-content\/uploads\/2020\/10\/mulheres-a-cesta.jpg","contentUrl":"https:\/\/mulheresacesta.com.br\/wp-content\/uploads\/2020\/10\/mulheres-a-cesta.jpg","width":400,"height":300,"caption":"Mulheres \u00e0 Cesta"},"image":{"@id":"https:\/\/mulheresacesta.com.br\/en\/#\/schema\/logo\/image\/"}},{"@type":"Person","@id":"https:\/\/mulheresacesta.com.br\/en\/#\/schema\/person\/11ebd3af76a9fcb3d26c815924faac42","name":"mulheres","sameAs":["http:\/\/localhost\/mulheresacesta"],"url":"https:\/\/mulheresacesta.com.br\/en\/author\/mulheres\/"}]}},"_links":{"self":[{"href":"https:\/\/mulheresacesta.com.br\/en\/wp-json\/wp\/v2\/posts\/5525","targetHints":{"allow":["GET"]}}],"collection":[{"href":"https:\/\/mulheresacesta.com.br\/en\/wp-json\/wp\/v2\/posts"}],"about":[{"href":"https:\/\/mulheresacesta.com.br\/en\/wp-json\/wp\/v2\/types\/post"}],"author":[{"embeddable":true,"href":"https:\/\/mulheresacesta.com.br\/en\/wp-json\/wp\/v2\/users\/1"}],"replies":[{"embeddable":true,"href":"https:\/\/mulheresacesta.com.br\/en\/wp-json\/wp\/v2\/comments?post=5525"}],"version-history":[{"count":2,"href":"https:\/\/mulheresacesta.com.br\/en\/wp-json\/wp\/v2\/posts\/5525\/revisions"}],"predecessor-version":[{"id":5528,"href":"https:\/\/mulheresacesta.com.br\/en\/wp-json\/wp\/v2\/posts\/5525\/revisions\/5528"}],"wp:featuredmedia":[{"embeddable":true,"href":"https:\/\/mulheresacesta.com.br\/en\/wp-json\/wp\/v2\/media\/5526"}],"wp:attachment":[{"href":"https:\/\/mulheresacesta.com.br\/en\/wp-json\/wp\/v2\/media?parent=5525"}],"wp:term":[{"taxonomy":"category","embeddable":true,"href":"https:\/\/mulheresacesta.com.br\/en\/wp-json\/wp\/v2\/categories?post=5525"},{"taxonomy":"post_tag","embeddable":true,"href":"https:\/\/mulheresacesta.com.br\/en\/wp-json\/wp\/v2\/tags?post=5525"}],"curies":[{"name":"wp","href":"https:\/\/api.w.org\/{rel}","templated":true}]}}