{"id":5626,"date":"2024-06-11T09:00:00","date_gmt":"2024-06-11T12:00:00","guid":{"rendered":"https:\/\/mulheresacesta.com.br\/?p=5626"},"modified":"2024-06-10T18:20:50","modified_gmt":"2024-06-10T21:20:50","slug":"a-selecao-brasileira-sub-18-feminina-esta-confirmada-para-a-copa-america","status":"publish","type":"post","link":"https:\/\/mulheresacesta.com.br\/en\/2024\/06\/a-selecao-brasileira-sub-18-feminina-esta-confirmada-para-a-copa-america\/","title":{"rendered":"A Sele\u00e7\u00e3o Brasileira Sub-18 feminina est\u00e1 confirmada para a Copa Am\u00e9rica"},"content":{"rendered":"\n<p>A Sele\u00e7\u00e3o Brasileira Sub-18 feminina est\u00e1 confirmada para a Copa Am\u00e9rica da categoria, que ocorrer\u00e1 de 17 a 23 de junho, em Bucaramanga, na Col\u00f4mbia. <br><br>O torneio oferece quatro vagas para a Copa do Mundo Sub-19 feminina de 2025. A equipe treina h\u00e1 duas semanas em Barueri, e o t\u00e9cnico Virgil Lopez definiu as 12 jogadoras que viajar\u00e3o.<\/p>\n\n\n\n<p>Grande parte do grupo integrou o time campe\u00e3o sul-americano Sub-17 em 2023, de forma invicta. <br><br>A novidade \u00e9 a chegada de Ayla McDowell, filha de m\u00e3e brasileira e pai americano, que far\u00e1 sua estreia pelo Brasil. Ayla \u00e9 considerada uma promessa para futuros Drafts da WNBA e NCAA.<\/p>\n\n\n\n<p>O Brasil est\u00e1 no Grupo B, junto com M\u00e9xico, Estados Unidos e Porto Rico. O Grupo A \u00e9 composto por Col\u00f4mbia, Argentina, Canad\u00e1 e Rep\u00fablica Dominicana. <br><br>A primeira fase serve apenas para ranqueamento, com os confrontos seguindo para as quartas de final (1\u00ba x 4\u00ba e 2\u00ba x 3\u00ba de cada grupo). Os quatro semifinalistas garantir\u00e3o a vaga para o Mundial.<\/p>\n\n\n\n<p><strong>Convoca\u00e7\u00e3o Sele\u00e7\u00e3o feminina Sub-18<\/strong><\/p>\n\n\n\n<p><strong>Armadoras<\/strong><br>Mikaelly Freitas Luz &#8211; Bax Catanduva-SP<br>Micaela Cavalcanti &#8211; Corinthians\/Esperia-SP<\/p>\n\n\n\n<p><strong>Alas\/Armadoras<\/strong><br>Maria Clara Louren\u00e7o &#8211; Bax Catanduva-SP<br>Ana J\u00falia Krause &#8211; SESI Araraquara-SP<br>Izabela Chamorro &#8211; Bax Catanduva-SP<br>Nicoly Sanches &#8211; Itatiba-SP<\/p>\n\n\n\n<p><strong>Alas<\/strong><br>Ayla McDowell &#8211; Cypress Springs-EUA<\/p>\n\n\n\n<p><strong>Alas\/Piv\u00f4s<\/strong><br>Manuella Alves &#8211; Central Point Academy-EUA<br>Alexia Dagba &#8211; SESI Araraquara-SP<br>Brenda Gabrieli &#8211; S\u00e3o Jos\u00e9 Basketball-SP<br>Sther Ubaka &#8211; Corinthians\/Esperia-SP<\/p>\n\n\n\n<p><strong>Piv\u00f4s<\/strong><br>Helo\u00edsa Carrera &#8211; IMG Academy-EUA<\/p>\n\n\n\n<p><strong>Comiss\u00e3o t\u00e9cnica<\/strong><br>Diretora &#8211; Roseli Gustavo<br>Administradora Sele\u00e7\u00f5es &#8211; Monica At\u00edlio<br>L\u00edder Operacional &#8211; Giovana Rangel<br>T\u00e9cnico &#8211; Virgil Lopez<br>Auxiliar T\u00e9cnico &#8211; Cl\u00e1udio Lisboa<br>Auxiliar T\u00e9cnico &#8211; Ana Martins Diniz<br>Preparadora F\u00edsica &#8211; Gabriela Maas<br>Preparadora F\u00edsica &#8211; Renata Gon\u00e7alves<br>Fisioterapeuta &#8211; Joana Ribeiro<br>Psic\u00f3loga &#8211; Manoella Fiochi<br>M\u00e9dica &#8211; Gabriela Togni<br>M\u00e9dica &#8211; Ana Rita Gon\u00e7alves Melo<\/p>\n\n\n\n<p><strong>Fonte:&nbsp;<\/strong><a>Assessoria CBB<\/a><\/p>\n","protected":false},"excerpt":{"rendered":"<p>A Sele\u00e7\u00e3o Brasileira Sub-18 feminina est\u00e1 confirmada para a Copa Am\u00e9rica da categoria, que ocorrer\u00e1 de 17 a 23 de junho, em Bucaramanga, na Col\u00f4mbia. O torneio oferece quatro vagas para a Copa do Mundo Sub-19 feminina de 2025. A equipe treina h\u00e1 duas semanas em Barueri, e o t\u00e9cnico Virgil Lopez definiu as 12 [&hellip;]<\/p>\n","protected":false},"author":1,"featured_media":5627,"comment_status":"open","ping_status":"open","sticky":false,"template":"","format":"standard","meta":{"footnotes":""},"categories":[12],"tags":[],"class_list":["post-5626","post","type-post","status-publish","format-standard","has-post-thumbnail","hentry","category-blog"],"acf":[],"yoast_head":"<!-- This site is optimized with the Yoast SEO plugin v26.4 - https:\/\/yoast.com\/wordpress\/plugins\/seo\/ -->\n<title>A Sele\u00e7\u00e3o Brasileira Sub-18 feminina est\u00e1 confirmada para a Copa Am\u00e9rica<\/title>\n<meta name=\"description\" content=\"A Sele\u00e7\u00e3o Brasileira Sub-18 feminina est\u00e1 confirmada para a Copa Am\u00e9rica da categoria, que ocorrer\u00e1 de 17 a 23 de junho, em Bucaramanga, na Col\u00f4mbia. O\" \/>\n<meta name=\"robots\" content=\"index, follow, max-snippet:-1, max-image-preview:large, max-video-preview:-1\" \/>\n<link rel=\"canonical\" href=\"https:\/\/mulheresacesta.com.br\/en\/2024\/06\/a-selecao-brasileira-sub-18-feminina-esta-confirmada-para-a-copa-america\/\" \/>\n<meta property=\"og:locale\" content=\"en_US\" \/>\n<meta property=\"og:locale:alternate\" content=\"pt_BR\" \/>\n<meta property=\"og:type\" content=\"article\" \/>\n<meta property=\"og:title\" content=\"A Sele\u00e7\u00e3o Brasileira Sub-18 feminina est\u00e1 confirmada para a Copa Am\u00e9rica\" \/>\n<meta property=\"og:description\" content=\"A Sele\u00e7\u00e3o Brasileira Sub-18 feminina est\u00e1 confirmada para a Copa Am\u00e9rica da categoria, que ocorrer\u00e1 de 17 a 23 de junho, em Bucaramanga, na Col\u00f4mbia. O\" \/>\n<meta property=\"og:url\" content=\"https:\/\/mulheresacesta.com.br\/en\/2024\/06\/a-selecao-brasileira-sub-18-feminina-esta-confirmada-para-a-copa-america\/\" \/>\n<meta property=\"og:site_name\" content=\"Mulheres \u00e0 Cesta\" \/>\n<meta property=\"article:published_time\" content=\"2024-06-11T12:00:00+00:00\" \/>\n<meta property=\"og:image\" content=\"https:\/\/mulheresacesta.com.br\/wp-content\/uploads\/2024\/06\/NOT\u00b4ICIAS-1080-x-1920-px-1080-x-1080-px-1580-x-960-px-1024x622.png\" \/>\n\t<meta property=\"og:image:width\" content=\"1024\" \/>\n\t<meta property=\"og:image:height\" content=\"622\" \/>\n\t<meta property=\"og:image:type\" content=\"image\/png\" \/>\n<meta name=\"author\" content=\"mulheres\" \/>\n<meta name=\"twitter:card\" content=\"summary_large_image\" \/>\n<meta name=\"twitter:label1\" content=\"Written by\" \/>\n\t<meta name=\"twitter:data1\" content=\"mulheres\" \/>\n\t<meta name=\"twitter:label2\" content=\"Est. reading time\" \/>\n\t<meta name=\"twitter:data2\" content=\"2 minutes\" \/>\n<script type=\"application\/ld+json\" class=\"yoast-schema-graph\">{\"@context\":\"https:\/\/schema.org\",\"@graph\":[{\"@type\":\"Article\",\"@id\":\"https:\/\/mulheresacesta.com.br\/2024\/06\/a-selecao-brasileira-sub-18-feminina-esta-confirmada-para-a-copa-america\/#article\",\"isPartOf\":{\"@id\":\"https:\/\/mulheresacesta.com.br\/2024\/06\/a-selecao-brasileira-sub-18-feminina-esta-confirmada-para-a-copa-america\/\"},\"author\":{\"name\":\"mulheres\",\"@id\":\"https:\/\/mulheresacesta.com.br\/en\/#\/schema\/person\/11ebd3af76a9fcb3d26c815924faac42\"},\"headline\":\"A Sele\u00e7\u00e3o Brasileira Sub-18 feminina est\u00e1 confirmada para a Copa Am\u00e9rica\",\"datePublished\":\"2024-06-11T12:00:00+00:00\",\"mainEntityOfPage\":{\"@id\":\"https:\/\/mulheresacesta.com.br\/2024\/06\/a-selecao-brasileira-sub-18-feminina-esta-confirmada-para-a-copa-america\/\"},\"wordCount\":325,\"commentCount\":0,\"publisher\":{\"@id\":\"https:\/\/mulheresacesta.com.br\/en\/#organization\"},\"image\":{\"@id\":\"https:\/\/mulheresacesta.com.br\/2024\/06\/a-selecao-brasileira-sub-18-feminina-esta-confirmada-para-a-copa-america\/#primaryimage\"},\"thumbnailUrl\":\"https:\/\/mulheresacesta.com.br\/wp-content\/uploads\/2024\/06\/NOT\u00b4ICIAS-1080-x-1920-px-1080-x-1080-px-1580-x-960-px.png\",\"articleSection\":[\"Blog\"],\"inLanguage\":\"en-US\",\"potentialAction\":[{\"@type\":\"CommentAction\",\"name\":\"Comment\",\"target\":[\"https:\/\/mulheresacesta.com.br\/2024\/06\/a-selecao-brasileira-sub-18-feminina-esta-confirmada-para-a-copa-america\/#respond\"]}]},{\"@type\":\"WebPage\",\"@id\":\"https:\/\/mulheresacesta.com.br\/2024\/06\/a-selecao-brasileira-sub-18-feminina-esta-confirmada-para-a-copa-america\/\",\"url\":\"https:\/\/mulheresacesta.com.br\/2024\/06\/a-selecao-brasileira-sub-18-feminina-esta-confirmada-para-a-copa-america\/\",\"name\":\"A Sele\u00e7\u00e3o Brasileira Sub-18 feminina est\u00e1 confirmada para a Copa Am\u00e9rica\",\"isPartOf\":{\"@id\":\"https:\/\/mulheresacesta.com.br\/en\/#website\"},\"primaryImageOfPage\":{\"@id\":\"https:\/\/mulheresacesta.com.br\/2024\/06\/a-selecao-brasileira-sub-18-feminina-esta-confirmada-para-a-copa-america\/#primaryimage\"},\"image\":{\"@id\":\"https:\/\/mulheresacesta.com.br\/2024\/06\/a-selecao-brasileira-sub-18-feminina-esta-confirmada-para-a-copa-america\/#primaryimage\"},\"thumbnailUrl\":\"https:\/\/mulheresacesta.com.br\/wp-content\/uploads\/2024\/06\/NOT\u00b4ICIAS-1080-x-1920-px-1080-x-1080-px-1580-x-960-px.png\",\"datePublished\":\"2024-06-11T12:00:00+00:00\",\"description\":\"A Sele\u00e7\u00e3o Brasileira Sub-18 feminina est\u00e1 confirmada para a Copa Am\u00e9rica da categoria, que ocorrer\u00e1 de 17 a 23 de junho, em Bucaramanga, na Col\u00f4mbia. O\",\"breadcrumb\":{\"@id\":\"https:\/\/mulheresacesta.com.br\/2024\/06\/a-selecao-brasileira-sub-18-feminina-esta-confirmada-para-a-copa-america\/#breadcrumb\"},\"inLanguage\":\"en-US\",\"potentialAction\":[{\"@type\":\"ReadAction\",\"target\":[\"https:\/\/mulheresacesta.com.br\/2024\/06\/a-selecao-brasileira-sub-18-feminina-esta-confirmada-para-a-copa-america\/\"]}]},{\"@type\":\"ImageObject\",\"inLanguage\":\"en-US\",\"@id\":\"https:\/\/mulheresacesta.com.br\/2024\/06\/a-selecao-brasileira-sub-18-feminina-esta-confirmada-para-a-copa-america\/#primaryimage\",\"url\":\"https:\/\/mulheresacesta.com.br\/wp-content\/uploads\/2024\/06\/NOT\u00b4ICIAS-1080-x-1920-px-1080-x-1080-px-1580-x-960-px.png\",\"contentUrl\":\"https:\/\/mulheresacesta.com.br\/wp-content\/uploads\/2024\/06\/NOT\u00b4ICIAS-1080-x-1920-px-1080-x-1080-px-1580-x-960-px.png\",\"width\":1580,\"height\":960},{\"@type\":\"BreadcrumbList\",\"@id\":\"https:\/\/mulheresacesta.com.br\/2024\/06\/a-selecao-brasileira-sub-18-feminina-esta-confirmada-para-a-copa-america\/#breadcrumb\",\"itemListElement\":[{\"@type\":\"ListItem\",\"position\":1,\"name\":\"In\u00edcio\",\"item\":\"https:\/\/mulheresacesta.com.br\/\"},{\"@type\":\"ListItem\",\"position\":2,\"name\":\"A Sele\u00e7\u00e3o Brasileira Sub-18 feminina est\u00e1 confirmada para a Copa Am\u00e9rica\"}]},{\"@type\":\"WebSite\",\"@id\":\"https:\/\/mulheresacesta.com.br\/en\/#website\",\"url\":\"https:\/\/mulheresacesta.com.br\/en\/\",\"name\":\"Mulheres \u00e0 Cesta\",\"description\":\"\",\"publisher\":{\"@id\":\"https:\/\/mulheresacesta.com.br\/en\/#organization\"},\"potentialAction\":[{\"@type\":\"SearchAction\",\"target\":{\"@type\":\"EntryPoint\",\"urlTemplate\":\"https:\/\/mulheresacesta.com.br\/en\/?s={search_term_string}\"},\"query-input\":{\"@type\":\"PropertyValueSpecification\",\"valueRequired\":true,\"valueName\":\"search_term_string\"}}],\"inLanguage\":\"en-US\"},{\"@type\":\"Organization\",\"@id\":\"https:\/\/mulheresacesta.com.br\/en\/#organization\",\"name\":\"Mulheres \u00e0 Cesta\",\"url\":\"https:\/\/mulheresacesta.com.br\/en\/\",\"logo\":{\"@type\":\"ImageObject\",\"inLanguage\":\"en-US\",\"@id\":\"https:\/\/mulheresacesta.com.br\/en\/#\/schema\/logo\/image\/\",\"url\":\"https:\/\/mulheresacesta.com.br\/wp-content\/uploads\/2020\/10\/mulheres-a-cesta.jpg\",\"contentUrl\":\"https:\/\/mulheresacesta.com.br\/wp-content\/uploads\/2020\/10\/mulheres-a-cesta.jpg\",\"width\":400,\"height\":300,\"caption\":\"Mulheres \u00e0 Cesta\"},\"image\":{\"@id\":\"https:\/\/mulheresacesta.com.br\/en\/#\/schema\/logo\/image\/\"}},{\"@type\":\"Person\",\"@id\":\"https:\/\/mulheresacesta.com.br\/en\/#\/schema\/person\/11ebd3af76a9fcb3d26c815924faac42\",\"name\":\"mulheres\",\"sameAs\":[\"http:\/\/localhost\/mulheresacesta\"],\"url\":\"https:\/\/mulheresacesta.com.br\/en\/author\/mulheres\/\"}]}<\/script>\n<!-- \/ Yoast SEO plugin. -->","yoast_head_json":{"title":"A Sele\u00e7\u00e3o Brasileira Sub-18 feminina est\u00e1 confirmada para a Copa Am\u00e9rica","description":"A Sele\u00e7\u00e3o Brasileira Sub-18 feminina est\u00e1 confirmada para a Copa Am\u00e9rica da categoria, que ocorrer\u00e1 de 17 a 23 de junho, em Bucaramanga, na Col\u00f4mbia. O","robots":{"index":"index","follow":"follow","max-snippet":"max-snippet:-1","max-image-preview":"max-image-preview:large","max-video-preview":"max-video-preview:-1"},"canonical":"https:\/\/mulheresacesta.com.br\/en\/2024\/06\/a-selecao-brasileira-sub-18-feminina-esta-confirmada-para-a-copa-america\/","og_locale":"en_US","og_type":"article","og_title":"[:pt]A Sele\u00e7\u00e3o Brasileira Sub-18 feminina est\u00e1 confirmada para a Copa Am\u00e9rica[:] - Mulheres \u00e0 Cesta","og_description":"A Sele\u00e7\u00e3o Brasileira Sub-18 feminina est\u00e1 confirmada para a Copa Am\u00e9rica da categoria, que ocorrer\u00e1 de 17 a 23 de junho, em Bucaramanga, na Col\u00f4mbia. O","og_url":"https:\/\/mulheresacesta.com.br\/en\/2024\/06\/a-selecao-brasileira-sub-18-feminina-esta-confirmada-para-a-copa-america\/","og_site_name":"Mulheres \u00e0 Cesta","article_published_time":"2024-06-11T12:00:00+00:00","og_image":[{"width":1024,"height":622,"url":"https:\/\/mulheresacesta.com.br\/wp-content\/uploads\/2024\/06\/NOT\u00b4ICIAS-1080-x-1920-px-1080-x-1080-px-1580-x-960-px-1024x622.png","type":"image\/png"}],"author":"mulheres","twitter_card":"summary_large_image","twitter_misc":{"Written by":"mulheres","Est. reading time":"2 minutes"},"schema":{"@context":"https:\/\/schema.org","@graph":[{"@type":"Article","@id":"https:\/\/mulheresacesta.com.br\/2024\/06\/a-selecao-brasileira-sub-18-feminina-esta-confirmada-para-a-copa-america\/#article","isPartOf":{"@id":"https:\/\/mulheresacesta.com.br\/2024\/06\/a-selecao-brasileira-sub-18-feminina-esta-confirmada-para-a-copa-america\/"},"author":{"name":"mulheres","@id":"https:\/\/mulheresacesta.com.br\/en\/#\/schema\/person\/11ebd3af76a9fcb3d26c815924faac42"},"headline":"A Sele\u00e7\u00e3o Brasileira Sub-18 feminina est\u00e1 confirmada para a Copa Am\u00e9rica","datePublished":"2024-06-11T12:00:00+00:00","mainEntityOfPage":{"@id":"https:\/\/mulheresacesta.com.br\/2024\/06\/a-selecao-brasileira-sub-18-feminina-esta-confirmada-para-a-copa-america\/"},"wordCount":325,"commentCount":0,"publisher":{"@id":"https:\/\/mulheresacesta.com.br\/en\/#organization"},"image":{"@id":"https:\/\/mulheresacesta.com.br\/2024\/06\/a-selecao-brasileira-sub-18-feminina-esta-confirmada-para-a-copa-america\/#primaryimage"},"thumbnailUrl":"https:\/\/mulheresacesta.com.br\/wp-content\/uploads\/2024\/06\/NOT\u00b4ICIAS-1080-x-1920-px-1080-x-1080-px-1580-x-960-px.png","articleSection":["Blog"],"inLanguage":"en-US","potentialAction":[{"@type":"CommentAction","name":"Comment","target":["https:\/\/mulheresacesta.com.br\/2024\/06\/a-selecao-brasileira-sub-18-feminina-esta-confirmada-para-a-copa-america\/#respond"]}]},{"@type":"WebPage","@id":"https:\/\/mulheresacesta.com.br\/2024\/06\/a-selecao-brasileira-sub-18-feminina-esta-confirmada-para-a-copa-america\/","url":"https:\/\/mulheresacesta.com.br\/2024\/06\/a-selecao-brasileira-sub-18-feminina-esta-confirmada-para-a-copa-america\/","name":"A Sele\u00e7\u00e3o Brasileira Sub-18 feminina est\u00e1 confirmada para a Copa Am\u00e9rica","isPartOf":{"@id":"https:\/\/mulheresacesta.com.br\/en\/#website"},"primaryImageOfPage":{"@id":"https:\/\/mulheresacesta.com.br\/2024\/06\/a-selecao-brasileira-sub-18-feminina-esta-confirmada-para-a-copa-america\/#primaryimage"},"image":{"@id":"https:\/\/mulheresacesta.com.br\/2024\/06\/a-selecao-brasileira-sub-18-feminina-esta-confirmada-para-a-copa-america\/#primaryimage"},"thumbnailUrl":"https:\/\/mulheresacesta.com.br\/wp-content\/uploads\/2024\/06\/NOT\u00b4ICIAS-1080-x-1920-px-1080-x-1080-px-1580-x-960-px.png","datePublished":"2024-06-11T12:00:00+00:00","description":"A Sele\u00e7\u00e3o Brasileira Sub-18 feminina est\u00e1 confirmada para a Copa Am\u00e9rica da categoria, que ocorrer\u00e1 de 17 a 23 de junho, em Bucaramanga, na Col\u00f4mbia. O","breadcrumb":{"@id":"https:\/\/mulheresacesta.com.br\/2024\/06\/a-selecao-brasileira-sub-18-feminina-esta-confirmada-para-a-copa-america\/#breadcrumb"},"inLanguage":"en-US","potentialAction":[{"@type":"ReadAction","target":["https:\/\/mulheresacesta.com.br\/2024\/06\/a-selecao-brasileira-sub-18-feminina-esta-confirmada-para-a-copa-america\/"]}]},{"@type":"ImageObject","inLanguage":"en-US","@id":"https:\/\/mulheresacesta.com.br\/2024\/06\/a-selecao-brasileira-sub-18-feminina-esta-confirmada-para-a-copa-america\/#primaryimage","url":"https:\/\/mulheresacesta.com.br\/wp-content\/uploads\/2024\/06\/NOT\u00b4ICIAS-1080-x-1920-px-1080-x-1080-px-1580-x-960-px.png","contentUrl":"https:\/\/mulheresacesta.com.br\/wp-content\/uploads\/2024\/06\/NOT\u00b4ICIAS-1080-x-1920-px-1080-x-1080-px-1580-x-960-px.png","width":1580,"height":960},{"@type":"BreadcrumbList","@id":"https:\/\/mulheresacesta.com.br\/2024\/06\/a-selecao-brasileira-sub-18-feminina-esta-confirmada-para-a-copa-america\/#breadcrumb","itemListElement":[{"@type":"ListItem","position":1,"name":"In\u00edcio","item":"https:\/\/mulheresacesta.com.br\/"},{"@type":"ListItem","position":2,"name":"A Sele\u00e7\u00e3o Brasileira Sub-18 feminina est\u00e1 confirmada para a Copa Am\u00e9rica"}]},{"@type":"WebSite","@id":"https:\/\/mulheresacesta.com.br\/en\/#website","url":"https:\/\/mulheresacesta.com.br\/en\/","name":"Mulheres \u00e0 Cesta","description":"","publisher":{"@id":"https:\/\/mulheresacesta.com.br\/en\/#organization"},"potentialAction":[{"@type":"SearchAction","target":{"@type":"EntryPoint","urlTemplate":"https:\/\/mulheresacesta.com.br\/en\/?s={search_term_string}"},"query-input":{"@type":"PropertyValueSpecification","valueRequired":true,"valueName":"search_term_string"}}],"inLanguage":"en-US"},{"@type":"Organization","@id":"https:\/\/mulheresacesta.com.br\/en\/#organization","name":"Mulheres \u00e0 Cesta","url":"https:\/\/mulheresacesta.com.br\/en\/","logo":{"@type":"ImageObject","inLanguage":"en-US","@id":"https:\/\/mulheresacesta.com.br\/en\/#\/schema\/logo\/image\/","url":"https:\/\/mulheresacesta.com.br\/wp-content\/uploads\/2020\/10\/mulheres-a-cesta.jpg","contentUrl":"https:\/\/mulheresacesta.com.br\/wp-content\/uploads\/2020\/10\/mulheres-a-cesta.jpg","width":400,"height":300,"caption":"Mulheres \u00e0 Cesta"},"image":{"@id":"https:\/\/mulheresacesta.com.br\/en\/#\/schema\/logo\/image\/"}},{"@type":"Person","@id":"https:\/\/mulheresacesta.com.br\/en\/#\/schema\/person\/11ebd3af76a9fcb3d26c815924faac42","name":"mulheres","sameAs":["http:\/\/localhost\/mulheresacesta"],"url":"https:\/\/mulheresacesta.com.br\/en\/author\/mulheres\/"}]}},"_links":{"self":[{"href":"https:\/\/mulheresacesta.com.br\/en\/wp-json\/wp\/v2\/posts\/5626","targetHints":{"allow":["GET"]}}],"collection":[{"href":"https:\/\/mulheresacesta.com.br\/en\/wp-json\/wp\/v2\/posts"}],"about":[{"href":"https:\/\/mulheresacesta.com.br\/en\/wp-json\/wp\/v2\/types\/post"}],"author":[{"embeddable":true,"href":"https:\/\/mulheresacesta.com.br\/en\/wp-json\/wp\/v2\/users\/1"}],"replies":[{"embeddable":true,"href":"https:\/\/mulheresacesta.com.br\/en\/wp-json\/wp\/v2\/comments?post=5626"}],"version-history":[{"count":1,"href":"https:\/\/mulheresacesta.com.br\/en\/wp-json\/wp\/v2\/posts\/5626\/revisions"}],"predecessor-version":[{"id":5628,"href":"https:\/\/mulheresacesta.com.br\/en\/wp-json\/wp\/v2\/posts\/5626\/revisions\/5628"}],"wp:featuredmedia":[{"embeddable":true,"href":"https:\/\/mulheresacesta.com.br\/en\/wp-json\/wp\/v2\/media\/5627"}],"wp:attachment":[{"href":"https:\/\/mulheresacesta.com.br\/en\/wp-json\/wp\/v2\/media?parent=5626"}],"wp:term":[{"taxonomy":"category","embeddable":true,"href":"https:\/\/mulheresacesta.com.br\/en\/wp-json\/wp\/v2\/categories?post=5626"},{"taxonomy":"post_tag","embeddable":true,"href":"https:\/\/mulheresacesta.com.br\/en\/wp-json\/wp\/v2\/tags?post=5626"}],"curies":[{"name":"wp","href":"https:\/\/api.w.org\/{rel}","templated":true}]}}