{"id":5787,"date":"2024-08-07T08:17:19","date_gmt":"2024-08-07T11:17:19","guid":{"rendered":"https:\/\/mulheresacesta.com.br\/?p=5787"},"modified":"2024-08-07T08:17:22","modified_gmt":"2024-08-07T11:17:22","slug":"brasil-inicia-treinos-para-o-qualificatorio-do-pre-mundial-de-basquete-feminino-na-africa","status":"publish","type":"post","link":"https:\/\/mulheresacesta.com.br\/en\/2024\/08\/brasil-inicia-treinos-para-o-qualificatorio-do-pre-mundial-de-basquete-feminino-na-africa\/","title":{"rendered":"Brasil inicia treinos para o qualificat\u00f3rio do pr\u00e9-mundial de basquete feminino na \u00c1frica"},"content":{"rendered":"\n<p>Com 17 atletas treinando no Sesc, em Blumenau, o grupo ser\u00e1 reduzido a 12 jogadoras que embarcar\u00e3o para a competi\u00e7\u00e3o no dia 16.<\/p>\n\n\n\n<p>Este novo torneio da FIBA contar\u00e1 com 16 sele\u00e7\u00f5es competindo pelo t\u00edtulo que garante uma vaga no qualificat\u00f3rio para o Mundial, que acontecer\u00e1 na Alemanha no segundo semestre de 2026. O Brasil est\u00e1 no grupo com Hungria, Filipinas, Senegal e ter\u00e1 cruzamento nas semifinais com um grupo que inclui Ruanda, Argentina, L\u00edbano e Reino Unido. Apenas o campe\u00e3o da competi\u00e7\u00e3o se classificar\u00e1 diretamente, mas as equipes que n\u00e3o garantirem a vaga agora ter\u00e3o uma nova oportunidade via Copas Continentais em 2025.<\/p>\n\n\n\n<p>Os Pr\u00e9-Mundiais de Basquete Feminino da FIBA de 2026 envolver\u00e3o 24 equipes, sendo os vencedores dos torneios de pr\u00e9-qualifica\u00e7\u00e3o de Ruanda e M\u00e9xico, juntamente com 22 equipes qualificadas atrav\u00e9s dos resultados das Copas Continentais Femininas da FIBA de 2025, como a AmeriCupW 2025.<\/p>\n\n\n\n<p>No total, 16 na\u00e7\u00f5es, incluindo a anfitri\u00e3 Alemanha, assegurar\u00e3o suas vagas para competir na Copa do Mundo de Basquete Feminino da FIBA, parte de um campo ampliado que reflete a expans\u00e3o da inclus\u00e3o e competitividade. Este novo formato cria mais oportunidades para o basquete feminino, com 28 sele\u00e7\u00f5es nacionais participando em competi\u00e7\u00f5es globais este ano, e 32 sele\u00e7\u00f5es no ano da Copa do Mundo em 2026, alinhando-se aos n\u00fameros da Copa do Mundo masculina, embora com um formato de disputa diferente.<\/p>\n\n\n\n<p>Convoca\u00e7\u00e3o<\/p>\n\n\n\n<p>Maria Albiero &#8211; Ituano<br>Carina Martins &#8211; Sampaio<br>Alana Gon\u00e7alo &#8211; Sampaio<br>Micaela Duarte &#8211; Corinthians\/Esperia<br>Gabriela Soares &#8211; SESI Araraquara<br>Leila Zabani &#8211; Ituano<br>Emanuelly Oliveira &#8211; SESI Araraquara<br>Thayn\u00e1 Silva &#8211; Sodi\u00ea Mesquita<br>Vanessa Sass\u00e1 &#8211; Sampaio<br>Gabriela Guimar\u00e3es &#8211; Ituano<br>Vit\u00f3ria Marcelino &#8211; SESI Araraquara<br>Aline Moura &#8211; SESI Araraquara<br>Monique Teresa &#8211; Ituano<br>Let\u00edcia Josefino &#8211; SESI Araraquara<br>Alexia Dagba &#8211; SESI Araraquara<br>Glenda Cruz &#8211; Blumenau<br>Let\u00edcia Gomes &#8211; Ituano<\/p>\n\n\n\n<p>Comiss\u00e3o t\u00e9cnica<\/p>\n\n\n\n<p>Diretora &#8211; Roseli Gustavo da Silva<br>Consultora T\u00e9cnica &#8211; Pokey Chatman<br>L\u00edder Operacional &#8211; Monica At\u00edlio<br>Apoio t\u00e9cnico &#8211; Giovana Rangel<br>Supervisor t\u00e9cnico &#8211; Leonardo Figueir\u00f3<br>Treinadora &#8211; Bruna Rodrigues<br>Assistente T\u00e9cnico &#8211; Cl\u00e1udio Lisboa<br>Treinador convidado &#8211; Andr\u00e9 Soares<br>Fisioterapeutas &#8211; Jordana Reis e Ariane Lopes<br>Fisioterapeuta convidada &#8211; Ariane Jamily<br>M\u00e9dicos &#8211; Paulo Szeles e Cristina Casagrande<br>Preparador F\u00edsico &#8211; F\u00e1bio Miquilini<br>Psic\u00f3loga &#8211; Manoella Fiochi<\/p>\n\n\n\n<p><strong>Fonte:&nbsp;<\/strong><a>Assessoria CBB<\/a><\/p>\n\n\n\n<p><\/p>\n","protected":false},"excerpt":{"rendered":"<p>Com 17 atletas treinando no Sesc, em Blumenau, o grupo ser\u00e1 reduzido a 12 jogadoras que embarcar\u00e3o para a competi\u00e7\u00e3o no dia 16. Este novo torneio da FIBA contar\u00e1 com 16 sele\u00e7\u00f5es competindo pelo t\u00edtulo que garante uma vaga no qualificat\u00f3rio para o Mundial, que acontecer\u00e1 na Alemanha no segundo semestre de 2026. O Brasil [&hellip;]<\/p>\n","protected":false},"author":1,"featured_media":5788,"comment_status":"open","ping_status":"open","sticky":false,"template":"","format":"standard","meta":{"footnotes":""},"categories":[12],"tags":[],"class_list":["post-5787","post","type-post","status-publish","format-standard","has-post-thumbnail","hentry","category-blog"],"acf":[],"yoast_head":"<!-- This site is optimized with the Yoast SEO plugin v26.4 - https:\/\/yoast.com\/wordpress\/plugins\/seo\/ -->\n<title>Brasil inicia treinos para o qualificat\u00f3rio do pr\u00e9-mundial de basquete feminino na \u00c1frica<\/title>\n<meta name=\"description\" content=\"Com 17 atletas treinando no Sesc, em Blumenau, o grupo ser\u00e1 reduzido a 12 jogadoras que embarcar\u00e3o para a competi\u00e7\u00e3o no dia 16. Este novo torneio da FIBA\" \/>\n<meta name=\"robots\" content=\"index, follow, max-snippet:-1, max-image-preview:large, max-video-preview:-1\" \/>\n<link rel=\"canonical\" href=\"https:\/\/mulheresacesta.com.br\/en\/2024\/08\/brasil-inicia-treinos-para-o-qualificatorio-do-pre-mundial-de-basquete-feminino-na-africa\/\" \/>\n<meta property=\"og:locale\" content=\"en_US\" \/>\n<meta property=\"og:locale:alternate\" content=\"pt_BR\" \/>\n<meta property=\"og:type\" content=\"article\" \/>\n<meta property=\"og:title\" content=\"Brasil inicia treinos para o qualificat\u00f3rio do pr\u00e9-mundial de basquete feminino na \u00c1frica\" \/>\n<meta property=\"og:description\" content=\"Com 17 atletas treinando no Sesc, em Blumenau, o grupo ser\u00e1 reduzido a 12 jogadoras que embarcar\u00e3o para a competi\u00e7\u00e3o no dia 16. Este novo torneio da FIBA\" \/>\n<meta property=\"og:url\" content=\"https:\/\/mulheresacesta.com.br\/en\/2024\/08\/brasil-inicia-treinos-para-o-qualificatorio-do-pre-mundial-de-basquete-feminino-na-africa\/\" \/>\n<meta property=\"og:site_name\" content=\"Mulheres \u00e0 Cesta\" \/>\n<meta property=\"article:published_time\" content=\"2024-08-07T11:17:19+00:00\" \/>\n<meta property=\"article:modified_time\" content=\"2024-08-07T11:17:22+00:00\" \/>\n<meta property=\"og:image\" content=\"https:\/\/mulheresacesta.com.br\/wp-content\/uploads\/2024\/08\/marcia-britto_post-1580-x-890-px-1.png\" \/>\n\t<meta property=\"og:image:width\" content=\"1580\" \/>\n\t<meta property=\"og:image:height\" content=\"890\" \/>\n\t<meta property=\"og:image:type\" content=\"image\/png\" \/>\n<meta name=\"author\" content=\"mulheres\" \/>\n<meta name=\"twitter:card\" content=\"summary_large_image\" \/>\n<meta name=\"twitter:label1\" content=\"Written by\" \/>\n\t<meta name=\"twitter:data1\" content=\"mulheres\" \/>\n\t<meta name=\"twitter:label2\" content=\"Est. reading time\" \/>\n\t<meta name=\"twitter:data2\" content=\"2 minutes\" \/>\n<script type=\"application\/ld+json\" class=\"yoast-schema-graph\">{\"@context\":\"https:\/\/schema.org\",\"@graph\":[{\"@type\":\"Article\",\"@id\":\"https:\/\/mulheresacesta.com.br\/2024\/08\/brasil-inicia-treinos-para-o-qualificatorio-do-pre-mundial-de-basquete-feminino-na-africa\/#article\",\"isPartOf\":{\"@id\":\"https:\/\/mulheresacesta.com.br\/2024\/08\/brasil-inicia-treinos-para-o-qualificatorio-do-pre-mundial-de-basquete-feminino-na-africa\/\"},\"author\":{\"name\":\"mulheres\",\"@id\":\"https:\/\/mulheresacesta.com.br\/en\/#\/schema\/person\/11ebd3af76a9fcb3d26c815924faac42\"},\"headline\":\"Brasil inicia treinos para o qualificat\u00f3rio do pr\u00e9-mundial de basquete feminino na \u00c1frica\",\"datePublished\":\"2024-08-07T11:17:19+00:00\",\"dateModified\":\"2024-08-07T11:17:22+00:00\",\"mainEntityOfPage\":{\"@id\":\"https:\/\/mulheresacesta.com.br\/2024\/08\/brasil-inicia-treinos-para-o-qualificatorio-do-pre-mundial-de-basquete-feminino-na-africa\/\"},\"wordCount\":397,\"commentCount\":0,\"publisher\":{\"@id\":\"https:\/\/mulheresacesta.com.br\/en\/#organization\"},\"image\":{\"@id\":\"https:\/\/mulheresacesta.com.br\/2024\/08\/brasil-inicia-treinos-para-o-qualificatorio-do-pre-mundial-de-basquete-feminino-na-africa\/#primaryimage\"},\"thumbnailUrl\":\"https:\/\/mulheresacesta.com.br\/wp-content\/uploads\/2024\/08\/marcia-britto_post-1580-x-890-px-1.png\",\"articleSection\":[\"Blog\"],\"inLanguage\":\"en-US\",\"potentialAction\":[{\"@type\":\"CommentAction\",\"name\":\"Comment\",\"target\":[\"https:\/\/mulheresacesta.com.br\/2024\/08\/brasil-inicia-treinos-para-o-qualificatorio-do-pre-mundial-de-basquete-feminino-na-africa\/#respond\"]}]},{\"@type\":\"WebPage\",\"@id\":\"https:\/\/mulheresacesta.com.br\/2024\/08\/brasil-inicia-treinos-para-o-qualificatorio-do-pre-mundial-de-basquete-feminino-na-africa\/\",\"url\":\"https:\/\/mulheresacesta.com.br\/2024\/08\/brasil-inicia-treinos-para-o-qualificatorio-do-pre-mundial-de-basquete-feminino-na-africa\/\",\"name\":\"Brasil inicia treinos para o qualificat\u00f3rio do pr\u00e9-mundial de basquete feminino na \u00c1frica\",\"isPartOf\":{\"@id\":\"https:\/\/mulheresacesta.com.br\/en\/#website\"},\"primaryImageOfPage\":{\"@id\":\"https:\/\/mulheresacesta.com.br\/2024\/08\/brasil-inicia-treinos-para-o-qualificatorio-do-pre-mundial-de-basquete-feminino-na-africa\/#primaryimage\"},\"image\":{\"@id\":\"https:\/\/mulheresacesta.com.br\/2024\/08\/brasil-inicia-treinos-para-o-qualificatorio-do-pre-mundial-de-basquete-feminino-na-africa\/#primaryimage\"},\"thumbnailUrl\":\"https:\/\/mulheresacesta.com.br\/wp-content\/uploads\/2024\/08\/marcia-britto_post-1580-x-890-px-1.png\",\"datePublished\":\"2024-08-07T11:17:19+00:00\",\"dateModified\":\"2024-08-07T11:17:22+00:00\",\"description\":\"Com 17 atletas treinando no Sesc, em Blumenau, o grupo ser\u00e1 reduzido a 12 jogadoras que embarcar\u00e3o para a competi\u00e7\u00e3o no dia 16. Este novo torneio da FIBA\",\"breadcrumb\":{\"@id\":\"https:\/\/mulheresacesta.com.br\/2024\/08\/brasil-inicia-treinos-para-o-qualificatorio-do-pre-mundial-de-basquete-feminino-na-africa\/#breadcrumb\"},\"inLanguage\":\"en-US\",\"potentialAction\":[{\"@type\":\"ReadAction\",\"target\":[\"https:\/\/mulheresacesta.com.br\/2024\/08\/brasil-inicia-treinos-para-o-qualificatorio-do-pre-mundial-de-basquete-feminino-na-africa\/\"]}]},{\"@type\":\"ImageObject\",\"inLanguage\":\"en-US\",\"@id\":\"https:\/\/mulheresacesta.com.br\/2024\/08\/brasil-inicia-treinos-para-o-qualificatorio-do-pre-mundial-de-basquete-feminino-na-africa\/#primaryimage\",\"url\":\"https:\/\/mulheresacesta.com.br\/wp-content\/uploads\/2024\/08\/marcia-britto_post-1580-x-890-px-1.png\",\"contentUrl\":\"https:\/\/mulheresacesta.com.br\/wp-content\/uploads\/2024\/08\/marcia-britto_post-1580-x-890-px-1.png\",\"width\":1580,\"height\":890},{\"@type\":\"BreadcrumbList\",\"@id\":\"https:\/\/mulheresacesta.com.br\/2024\/08\/brasil-inicia-treinos-para-o-qualificatorio-do-pre-mundial-de-basquete-feminino-na-africa\/#breadcrumb\",\"itemListElement\":[{\"@type\":\"ListItem\",\"position\":1,\"name\":\"In\u00edcio\",\"item\":\"https:\/\/mulheresacesta.com.br\/\"},{\"@type\":\"ListItem\",\"position\":2,\"name\":\"Brasil inicia treinos para o qualificat\u00f3rio do pr\u00e9-mundial de basquete feminino na \u00c1frica\"}]},{\"@type\":\"WebSite\",\"@id\":\"https:\/\/mulheresacesta.com.br\/en\/#website\",\"url\":\"https:\/\/mulheresacesta.com.br\/en\/\",\"name\":\"Mulheres \u00e0 Cesta\",\"description\":\"\",\"publisher\":{\"@id\":\"https:\/\/mulheresacesta.com.br\/en\/#organization\"},\"potentialAction\":[{\"@type\":\"SearchAction\",\"target\":{\"@type\":\"EntryPoint\",\"urlTemplate\":\"https:\/\/mulheresacesta.com.br\/en\/?s={search_term_string}\"},\"query-input\":{\"@type\":\"PropertyValueSpecification\",\"valueRequired\":true,\"valueName\":\"search_term_string\"}}],\"inLanguage\":\"en-US\"},{\"@type\":\"Organization\",\"@id\":\"https:\/\/mulheresacesta.com.br\/en\/#organization\",\"name\":\"Mulheres \u00e0 Cesta\",\"url\":\"https:\/\/mulheresacesta.com.br\/en\/\",\"logo\":{\"@type\":\"ImageObject\",\"inLanguage\":\"en-US\",\"@id\":\"https:\/\/mulheresacesta.com.br\/en\/#\/schema\/logo\/image\/\",\"url\":\"https:\/\/mulheresacesta.com.br\/wp-content\/uploads\/2020\/10\/mulheres-a-cesta.jpg\",\"contentUrl\":\"https:\/\/mulheresacesta.com.br\/wp-content\/uploads\/2020\/10\/mulheres-a-cesta.jpg\",\"width\":400,\"height\":300,\"caption\":\"Mulheres \u00e0 Cesta\"},\"image\":{\"@id\":\"https:\/\/mulheresacesta.com.br\/en\/#\/schema\/logo\/image\/\"}},{\"@type\":\"Person\",\"@id\":\"https:\/\/mulheresacesta.com.br\/en\/#\/schema\/person\/11ebd3af76a9fcb3d26c815924faac42\",\"name\":\"mulheres\",\"sameAs\":[\"http:\/\/localhost\/mulheresacesta\"],\"url\":\"https:\/\/mulheresacesta.com.br\/en\/author\/mulheres\/\"}]}<\/script>\n<!-- \/ Yoast SEO plugin. -->","yoast_head_json":{"title":"Brasil inicia treinos para o qualificat\u00f3rio do pr\u00e9-mundial de basquete feminino na \u00c1frica","description":"Com 17 atletas treinando no Sesc, em Blumenau, o grupo ser\u00e1 reduzido a 12 jogadoras que embarcar\u00e3o para a competi\u00e7\u00e3o no dia 16. Este novo torneio da FIBA","robots":{"index":"index","follow":"follow","max-snippet":"max-snippet:-1","max-image-preview":"max-image-preview:large","max-video-preview":"max-video-preview:-1"},"canonical":"https:\/\/mulheresacesta.com.br\/en\/2024\/08\/brasil-inicia-treinos-para-o-qualificatorio-do-pre-mundial-de-basquete-feminino-na-africa\/","og_locale":"en_US","og_type":"article","og_title":"[:pt]Brasil inicia treinos para o qualificat\u00f3rio do pr\u00e9-mundial de basquete feminino na \u00c1frica[:] - Mulheres \u00e0 Cesta","og_description":"Com 17 atletas treinando no Sesc, em Blumenau, o grupo ser\u00e1 reduzido a 12 jogadoras que embarcar\u00e3o para a competi\u00e7\u00e3o no dia 16. Este novo torneio da FIBA","og_url":"https:\/\/mulheresacesta.com.br\/en\/2024\/08\/brasil-inicia-treinos-para-o-qualificatorio-do-pre-mundial-de-basquete-feminino-na-africa\/","og_site_name":"Mulheres \u00e0 Cesta","article_published_time":"2024-08-07T11:17:19+00:00","article_modified_time":"2024-08-07T11:17:22+00:00","og_image":[{"width":1580,"height":890,"url":"https:\/\/mulheresacesta.com.br\/wp-content\/uploads\/2024\/08\/marcia-britto_post-1580-x-890-px-1.png","type":"image\/png"}],"author":"mulheres","twitter_card":"summary_large_image","twitter_misc":{"Written by":"mulheres","Est. reading time":"2 minutes"},"schema":{"@context":"https:\/\/schema.org","@graph":[{"@type":"Article","@id":"https:\/\/mulheresacesta.com.br\/2024\/08\/brasil-inicia-treinos-para-o-qualificatorio-do-pre-mundial-de-basquete-feminino-na-africa\/#article","isPartOf":{"@id":"https:\/\/mulheresacesta.com.br\/2024\/08\/brasil-inicia-treinos-para-o-qualificatorio-do-pre-mundial-de-basquete-feminino-na-africa\/"},"author":{"name":"mulheres","@id":"https:\/\/mulheresacesta.com.br\/en\/#\/schema\/person\/11ebd3af76a9fcb3d26c815924faac42"},"headline":"Brasil inicia treinos para o qualificat\u00f3rio do pr\u00e9-mundial de basquete feminino na \u00c1frica","datePublished":"2024-08-07T11:17:19+00:00","dateModified":"2024-08-07T11:17:22+00:00","mainEntityOfPage":{"@id":"https:\/\/mulheresacesta.com.br\/2024\/08\/brasil-inicia-treinos-para-o-qualificatorio-do-pre-mundial-de-basquete-feminino-na-africa\/"},"wordCount":397,"commentCount":0,"publisher":{"@id":"https:\/\/mulheresacesta.com.br\/en\/#organization"},"image":{"@id":"https:\/\/mulheresacesta.com.br\/2024\/08\/brasil-inicia-treinos-para-o-qualificatorio-do-pre-mundial-de-basquete-feminino-na-africa\/#primaryimage"},"thumbnailUrl":"https:\/\/mulheresacesta.com.br\/wp-content\/uploads\/2024\/08\/marcia-britto_post-1580-x-890-px-1.png","articleSection":["Blog"],"inLanguage":"en-US","potentialAction":[{"@type":"CommentAction","name":"Comment","target":["https:\/\/mulheresacesta.com.br\/2024\/08\/brasil-inicia-treinos-para-o-qualificatorio-do-pre-mundial-de-basquete-feminino-na-africa\/#respond"]}]},{"@type":"WebPage","@id":"https:\/\/mulheresacesta.com.br\/2024\/08\/brasil-inicia-treinos-para-o-qualificatorio-do-pre-mundial-de-basquete-feminino-na-africa\/","url":"https:\/\/mulheresacesta.com.br\/2024\/08\/brasil-inicia-treinos-para-o-qualificatorio-do-pre-mundial-de-basquete-feminino-na-africa\/","name":"Brasil inicia treinos para o qualificat\u00f3rio do pr\u00e9-mundial de basquete feminino na \u00c1frica","isPartOf":{"@id":"https:\/\/mulheresacesta.com.br\/en\/#website"},"primaryImageOfPage":{"@id":"https:\/\/mulheresacesta.com.br\/2024\/08\/brasil-inicia-treinos-para-o-qualificatorio-do-pre-mundial-de-basquete-feminino-na-africa\/#primaryimage"},"image":{"@id":"https:\/\/mulheresacesta.com.br\/2024\/08\/brasil-inicia-treinos-para-o-qualificatorio-do-pre-mundial-de-basquete-feminino-na-africa\/#primaryimage"},"thumbnailUrl":"https:\/\/mulheresacesta.com.br\/wp-content\/uploads\/2024\/08\/marcia-britto_post-1580-x-890-px-1.png","datePublished":"2024-08-07T11:17:19+00:00","dateModified":"2024-08-07T11:17:22+00:00","description":"Com 17 atletas treinando no Sesc, em Blumenau, o grupo ser\u00e1 reduzido a 12 jogadoras que embarcar\u00e3o para a competi\u00e7\u00e3o no dia 16. Este novo torneio da FIBA","breadcrumb":{"@id":"https:\/\/mulheresacesta.com.br\/2024\/08\/brasil-inicia-treinos-para-o-qualificatorio-do-pre-mundial-de-basquete-feminino-na-africa\/#breadcrumb"},"inLanguage":"en-US","potentialAction":[{"@type":"ReadAction","target":["https:\/\/mulheresacesta.com.br\/2024\/08\/brasil-inicia-treinos-para-o-qualificatorio-do-pre-mundial-de-basquete-feminino-na-africa\/"]}]},{"@type":"ImageObject","inLanguage":"en-US","@id":"https:\/\/mulheresacesta.com.br\/2024\/08\/brasil-inicia-treinos-para-o-qualificatorio-do-pre-mundial-de-basquete-feminino-na-africa\/#primaryimage","url":"https:\/\/mulheresacesta.com.br\/wp-content\/uploads\/2024\/08\/marcia-britto_post-1580-x-890-px-1.png","contentUrl":"https:\/\/mulheresacesta.com.br\/wp-content\/uploads\/2024\/08\/marcia-britto_post-1580-x-890-px-1.png","width":1580,"height":890},{"@type":"BreadcrumbList","@id":"https:\/\/mulheresacesta.com.br\/2024\/08\/brasil-inicia-treinos-para-o-qualificatorio-do-pre-mundial-de-basquete-feminino-na-africa\/#breadcrumb","itemListElement":[{"@type":"ListItem","position":1,"name":"In\u00edcio","item":"https:\/\/mulheresacesta.com.br\/"},{"@type":"ListItem","position":2,"name":"Brasil inicia treinos para o qualificat\u00f3rio do pr\u00e9-mundial de basquete feminino na \u00c1frica"}]},{"@type":"WebSite","@id":"https:\/\/mulheresacesta.com.br\/en\/#website","url":"https:\/\/mulheresacesta.com.br\/en\/","name":"Mulheres \u00e0 Cesta","description":"","publisher":{"@id":"https:\/\/mulheresacesta.com.br\/en\/#organization"},"potentialAction":[{"@type":"SearchAction","target":{"@type":"EntryPoint","urlTemplate":"https:\/\/mulheresacesta.com.br\/en\/?s={search_term_string}"},"query-input":{"@type":"PropertyValueSpecification","valueRequired":true,"valueName":"search_term_string"}}],"inLanguage":"en-US"},{"@type":"Organization","@id":"https:\/\/mulheresacesta.com.br\/en\/#organization","name":"Mulheres \u00e0 Cesta","url":"https:\/\/mulheresacesta.com.br\/en\/","logo":{"@type":"ImageObject","inLanguage":"en-US","@id":"https:\/\/mulheresacesta.com.br\/en\/#\/schema\/logo\/image\/","url":"https:\/\/mulheresacesta.com.br\/wp-content\/uploads\/2020\/10\/mulheres-a-cesta.jpg","contentUrl":"https:\/\/mulheresacesta.com.br\/wp-content\/uploads\/2020\/10\/mulheres-a-cesta.jpg","width":400,"height":300,"caption":"Mulheres \u00e0 Cesta"},"image":{"@id":"https:\/\/mulheresacesta.com.br\/en\/#\/schema\/logo\/image\/"}},{"@type":"Person","@id":"https:\/\/mulheresacesta.com.br\/en\/#\/schema\/person\/11ebd3af76a9fcb3d26c815924faac42","name":"mulheres","sameAs":["http:\/\/localhost\/mulheresacesta"],"url":"https:\/\/mulheresacesta.com.br\/en\/author\/mulheres\/"}]}},"_links":{"self":[{"href":"https:\/\/mulheresacesta.com.br\/en\/wp-json\/wp\/v2\/posts\/5787","targetHints":{"allow":["GET"]}}],"collection":[{"href":"https:\/\/mulheresacesta.com.br\/en\/wp-json\/wp\/v2\/posts"}],"about":[{"href":"https:\/\/mulheresacesta.com.br\/en\/wp-json\/wp\/v2\/types\/post"}],"author":[{"embeddable":true,"href":"https:\/\/mulheresacesta.com.br\/en\/wp-json\/wp\/v2\/users\/1"}],"replies":[{"embeddable":true,"href":"https:\/\/mulheresacesta.com.br\/en\/wp-json\/wp\/v2\/comments?post=5787"}],"version-history":[{"count":2,"href":"https:\/\/mulheresacesta.com.br\/en\/wp-json\/wp\/v2\/posts\/5787\/revisions"}],"predecessor-version":[{"id":5790,"href":"https:\/\/mulheresacesta.com.br\/en\/wp-json\/wp\/v2\/posts\/5787\/revisions\/5790"}],"wp:featuredmedia":[{"embeddable":true,"href":"https:\/\/mulheresacesta.com.br\/en\/wp-json\/wp\/v2\/media\/5788"}],"wp:attachment":[{"href":"https:\/\/mulheresacesta.com.br\/en\/wp-json\/wp\/v2\/media?parent=5787"}],"wp:term":[{"taxonomy":"category","embeddable":true,"href":"https:\/\/mulheresacesta.com.br\/en\/wp-json\/wp\/v2\/categories?post=5787"},{"taxonomy":"post_tag","embeddable":true,"href":"https:\/\/mulheresacesta.com.br\/en\/wp-json\/wp\/v2\/tags?post=5787"}],"curies":[{"name":"wp","href":"https:\/\/api.w.org\/{rel}","templated":true}]}}