{"id":5836,"date":"2024-08-26T09:00:00","date_gmt":"2024-08-26T12:00:00","guid":{"rendered":"https:\/\/mulheresacesta.com.br\/?p=5836"},"modified":"2024-08-26T10:48:09","modified_gmt":"2024-08-26T13:48:09","slug":"brasil-inicia-jornada-na-vila-paralimpica-em-paris-com-maior-delegacao-da-historia","status":"publish","type":"post","link":"https:\/\/mulheresacesta.com.br\/en\/2024\/08\/brasil-inicia-jornada-na-vila-paralimpica-em-paris-com-maior-delegacao-da-historia\/","title":{"rendered":"Brasil inicia jornada na Vila Paral\u00edmpica em Paris com maior delega\u00e7\u00e3o da hist\u00f3ria"},"content":{"rendered":"\n<p>A cerim\u00f4nia de abertura, marcada para a pr\u00f3xima quarta-feira, ser\u00e1 realizada na Champs-\u00c9lys\u00e9es, fora de um est\u00e1dio pela primeira vez na hist\u00f3ria.<\/p>\n\n\n\n<p>Os 75 atletas que chegaram \u00e0 Vila competem nas modalidades de remo, t\u00eanis de mesa, v\u00f4lei sentado, tiro com arco, halterofilismo e bocha. <\/p>\n\n\n\n<p>A delega\u00e7\u00e3o brasileira seguir\u00e1 entrando na Vila de forma escalonada at\u00e9 30 de agosto, quando os esgrimistas se juntar\u00e3o ao grupo.<\/p>\n\n\n\n<p>A Vila Paral\u00edmpica passou por adapta\u00e7\u00f5es para receber os atletas com defici\u00eancia, incluindo a instala\u00e7\u00e3o de rampas e banheiros adaptados. <\/p>\n\n\n\n<p>O Brasil ser\u00e1 representado por 280 atletas em 20 modalidades nos Jogos Paral\u00edmpicos de Paris 2024, a maior delega\u00e7\u00e3o brasileira j\u00e1 enviada para uma edi\u00e7\u00e3o dos Jogos fora do pa\u00eds. At\u00e9 hoje, o Brasil j\u00e1 conquistou 373 medalhas em Jogos Paral\u00edmpicos, e espera-se que o pa\u00eds alcance sua 400\u00aa medalha nesta edi\u00e7\u00e3o.<\/p>\n\n\n\n<p>A atleta Mariana D\u2019Andrea, campe\u00e3 paral\u00edmpica no halterofilismo, expressou sua emo\u00e7\u00e3o ao chegar \u00e0 Vila e elogiou a organiza\u00e7\u00e3o e a beleza do espa\u00e7o destinado \u00e0 delega\u00e7\u00e3o brasileira.<\/p>\n\n\n\n<p>O Comit\u00ea Paral\u00edmpico Brasileiro destacou a aten\u00e7\u00e3o especial \u00e0 acessibilidade na Vila, garantindo total autonomia para os atletas com defici\u00eancia.<\/p>\n\n\n\n<p><strong>Fonte:<\/strong> Assessoria de Comunica\u00e7\u00e3o do Comit\u00ea Paral\u00edmpico Brasileiro (imp@cpb.org.br)<\/p>\n\n\n\n<p><\/p>\n\n\n\n<p><\/p>\n","protected":false},"excerpt":{"rendered":"<p>A cerim\u00f4nia de abertura, marcada para a pr\u00f3xima quarta-feira, ser\u00e1 realizada na Champs-\u00c9lys\u00e9es, fora de um est\u00e1dio pela primeira vez na hist\u00f3ria. Os 75 atletas que chegaram \u00e0 Vila competem nas modalidades de remo, t\u00eanis de mesa, v\u00f4lei sentado, tiro com arco, halterofilismo e bocha. A delega\u00e7\u00e3o brasileira seguir\u00e1 entrando na Vila de forma escalonada [&hellip;]<\/p>\n","protected":false},"author":1,"featured_media":5837,"comment_status":"open","ping_status":"open","sticky":false,"template":"","format":"standard","meta":{"footnotes":""},"categories":[12],"tags":[],"class_list":["post-5836","post","type-post","status-publish","format-standard","has-post-thumbnail","hentry","category-blog"],"acf":[],"yoast_head":"<!-- This site is optimized with the Yoast SEO plugin v26.4 - https:\/\/yoast.com\/wordpress\/plugins\/seo\/ -->\n<title>Brasil inicia jornada na Vila Paral\u00edmpica em Paris com maior delega\u00e7\u00e3o da hist\u00f3ria<\/title>\n<meta name=\"description\" content=\"A cerim\u00f4nia de abertura, marcada para a pr\u00f3xima quarta-feira, ser\u00e1 realizada na Champs-\u00c9lys\u00e9es, fora de um est\u00e1dio pela primeira vez na hist\u00f3ria. Os 75\" \/>\n<meta name=\"robots\" content=\"index, follow, max-snippet:-1, max-image-preview:large, max-video-preview:-1\" \/>\n<link rel=\"canonical\" href=\"https:\/\/mulheresacesta.com.br\/en\/2024\/08\/brasil-inicia-jornada-na-vila-paralimpica-em-paris-com-maior-delegacao-da-historia\/\" \/>\n<meta property=\"og:locale\" content=\"en_US\" \/>\n<meta property=\"og:locale:alternate\" content=\"pt_BR\" \/>\n<meta property=\"og:type\" content=\"article\" \/>\n<meta property=\"og:title\" content=\"Brasil inicia jornada na Vila Paral\u00edmpica em Paris com maior delega\u00e7\u00e3o da hist\u00f3ria\" \/>\n<meta property=\"og:description\" content=\"A cerim\u00f4nia de abertura, marcada para a pr\u00f3xima quarta-feira, ser\u00e1 realizada na Champs-\u00c9lys\u00e9es, fora de um est\u00e1dio pela primeira vez na hist\u00f3ria. Os 75\" \/>\n<meta property=\"og:url\" content=\"https:\/\/mulheresacesta.com.br\/en\/2024\/08\/brasil-inicia-jornada-na-vila-paralimpica-em-paris-com-maior-delegacao-da-historia\/\" \/>\n<meta property=\"og:site_name\" content=\"Mulheres \u00e0 Cesta\" \/>\n<meta property=\"article:published_time\" content=\"2024-08-26T12:00:00+00:00\" \/>\n<meta property=\"article:modified_time\" content=\"2024-08-26T13:48:09+00:00\" \/>\n<meta property=\"og:image\" content=\"https:\/\/mulheresacesta.com.br\/wp-content\/uploads\/2024\/08\/marcia-britto_post-1580-x-890-px-2-1.png\" \/>\n\t<meta property=\"og:image:width\" content=\"1580\" \/>\n\t<meta property=\"og:image:height\" content=\"890\" \/>\n\t<meta property=\"og:image:type\" content=\"image\/png\" \/>\n<meta name=\"author\" content=\"mulheres\" \/>\n<meta name=\"twitter:card\" content=\"summary_large_image\" \/>\n<meta name=\"twitter:label1\" content=\"Written by\" \/>\n\t<meta name=\"twitter:data1\" content=\"mulheres\" \/>\n\t<meta name=\"twitter:label2\" content=\"Est. reading time\" \/>\n\t<meta name=\"twitter:data2\" content=\"1 minute\" \/>\n<script type=\"application\/ld+json\" class=\"yoast-schema-graph\">{\"@context\":\"https:\/\/schema.org\",\"@graph\":[{\"@type\":\"Article\",\"@id\":\"https:\/\/mulheresacesta.com.br\/en\/2024\/08\/brasil-inicia-jornada-na-vila-paralimpica-em-paris-com-maior-delegacao-da-historia\/#article\",\"isPartOf\":{\"@id\":\"https:\/\/mulheresacesta.com.br\/en\/2024\/08\/brasil-inicia-jornada-na-vila-paralimpica-em-paris-com-maior-delegacao-da-historia\/\"},\"author\":{\"name\":\"mulheres\",\"@id\":\"https:\/\/mulheresacesta.com.br\/en\/#\/schema\/person\/11ebd3af76a9fcb3d26c815924faac42\"},\"headline\":\"Brasil inicia jornada na Vila Paral\u00edmpica em Paris com maior delega\u00e7\u00e3o da hist\u00f3ria\",\"datePublished\":\"2024-08-26T12:00:00+00:00\",\"dateModified\":\"2024-08-26T13:48:09+00:00\",\"mainEntityOfPage\":{\"@id\":\"https:\/\/mulheresacesta.com.br\/en\/2024\/08\/brasil-inicia-jornada-na-vila-paralimpica-em-paris-com-maior-delegacao-da-historia\/\"},\"wordCount\":237,\"commentCount\":0,\"publisher\":{\"@id\":\"https:\/\/mulheresacesta.com.br\/en\/#organization\"},\"image\":{\"@id\":\"https:\/\/mulheresacesta.com.br\/en\/2024\/08\/brasil-inicia-jornada-na-vila-paralimpica-em-paris-com-maior-delegacao-da-historia\/#primaryimage\"},\"thumbnailUrl\":\"https:\/\/mulheresacesta.com.br\/wp-content\/uploads\/2024\/08\/marcia-britto_post-1580-x-890-px-2-1.png\",\"articleSection\":[\"Blog\"],\"inLanguage\":\"en-US\",\"potentialAction\":[{\"@type\":\"CommentAction\",\"name\":\"Comment\",\"target\":[\"https:\/\/mulheresacesta.com.br\/en\/2024\/08\/brasil-inicia-jornada-na-vila-paralimpica-em-paris-com-maior-delegacao-da-historia\/#respond\"]}]},{\"@type\":\"WebPage\",\"@id\":\"https:\/\/mulheresacesta.com.br\/en\/2024\/08\/brasil-inicia-jornada-na-vila-paralimpica-em-paris-com-maior-delegacao-da-historia\/\",\"url\":\"https:\/\/mulheresacesta.com.br\/en\/2024\/08\/brasil-inicia-jornada-na-vila-paralimpica-em-paris-com-maior-delegacao-da-historia\/\",\"name\":\"Brasil inicia jornada na Vila Paral\u00edmpica em Paris com maior delega\u00e7\u00e3o da hist\u00f3ria\",\"isPartOf\":{\"@id\":\"https:\/\/mulheresacesta.com.br\/en\/#website\"},\"primaryImageOfPage\":{\"@id\":\"https:\/\/mulheresacesta.com.br\/en\/2024\/08\/brasil-inicia-jornada-na-vila-paralimpica-em-paris-com-maior-delegacao-da-historia\/#primaryimage\"},\"image\":{\"@id\":\"https:\/\/mulheresacesta.com.br\/en\/2024\/08\/brasil-inicia-jornada-na-vila-paralimpica-em-paris-com-maior-delegacao-da-historia\/#primaryimage\"},\"thumbnailUrl\":\"https:\/\/mulheresacesta.com.br\/wp-content\/uploads\/2024\/08\/marcia-britto_post-1580-x-890-px-2-1.png\",\"datePublished\":\"2024-08-26T12:00:00+00:00\",\"dateModified\":\"2024-08-26T13:48:09+00:00\",\"description\":\"A cerim\u00f4nia de abertura, marcada para a pr\u00f3xima quarta-feira, ser\u00e1 realizada na Champs-\u00c9lys\u00e9es, fora de um est\u00e1dio pela primeira vez na hist\u00f3ria. Os 75\",\"breadcrumb\":{\"@id\":\"https:\/\/mulheresacesta.com.br\/en\/2024\/08\/brasil-inicia-jornada-na-vila-paralimpica-em-paris-com-maior-delegacao-da-historia\/#breadcrumb\"},\"inLanguage\":\"en-US\",\"potentialAction\":[{\"@type\":\"ReadAction\",\"target\":[\"https:\/\/mulheresacesta.com.br\/en\/2024\/08\/brasil-inicia-jornada-na-vila-paralimpica-em-paris-com-maior-delegacao-da-historia\/\"]}]},{\"@type\":\"ImageObject\",\"inLanguage\":\"en-US\",\"@id\":\"https:\/\/mulheresacesta.com.br\/en\/2024\/08\/brasil-inicia-jornada-na-vila-paralimpica-em-paris-com-maior-delegacao-da-historia\/#primaryimage\",\"url\":\"https:\/\/mulheresacesta.com.br\/wp-content\/uploads\/2024\/08\/marcia-britto_post-1580-x-890-px-2-1.png\",\"contentUrl\":\"https:\/\/mulheresacesta.com.br\/wp-content\/uploads\/2024\/08\/marcia-britto_post-1580-x-890-px-2-1.png\",\"width\":1580,\"height\":890},{\"@type\":\"BreadcrumbList\",\"@id\":\"https:\/\/mulheresacesta.com.br\/en\/2024\/08\/brasil-inicia-jornada-na-vila-paralimpica-em-paris-com-maior-delegacao-da-historia\/#breadcrumb\",\"itemListElement\":[{\"@type\":\"ListItem\",\"position\":1,\"name\":\"In\u00edcio\",\"item\":\"https:\/\/mulheresacesta.com.br\/\"},{\"@type\":\"ListItem\",\"position\":2,\"name\":\"Brasil inicia jornada na Vila Paral\u00edmpica em Paris com maior delega\u00e7\u00e3o da hist\u00f3ria\"}]},{\"@type\":\"WebSite\",\"@id\":\"https:\/\/mulheresacesta.com.br\/en\/#website\",\"url\":\"https:\/\/mulheresacesta.com.br\/en\/\",\"name\":\"Mulheres \u00e0 Cesta\",\"description\":\"\",\"publisher\":{\"@id\":\"https:\/\/mulheresacesta.com.br\/en\/#organization\"},\"potentialAction\":[{\"@type\":\"SearchAction\",\"target\":{\"@type\":\"EntryPoint\",\"urlTemplate\":\"https:\/\/mulheresacesta.com.br\/en\/?s={search_term_string}\"},\"query-input\":{\"@type\":\"PropertyValueSpecification\",\"valueRequired\":true,\"valueName\":\"search_term_string\"}}],\"inLanguage\":\"en-US\"},{\"@type\":\"Organization\",\"@id\":\"https:\/\/mulheresacesta.com.br\/en\/#organization\",\"name\":\"Mulheres \u00e0 Cesta\",\"url\":\"https:\/\/mulheresacesta.com.br\/en\/\",\"logo\":{\"@type\":\"ImageObject\",\"inLanguage\":\"en-US\",\"@id\":\"https:\/\/mulheresacesta.com.br\/en\/#\/schema\/logo\/image\/\",\"url\":\"https:\/\/mulheresacesta.com.br\/wp-content\/uploads\/2020\/10\/mulheres-a-cesta.jpg\",\"contentUrl\":\"https:\/\/mulheresacesta.com.br\/wp-content\/uploads\/2020\/10\/mulheres-a-cesta.jpg\",\"width\":400,\"height\":300,\"caption\":\"Mulheres \u00e0 Cesta\"},\"image\":{\"@id\":\"https:\/\/mulheresacesta.com.br\/en\/#\/schema\/logo\/image\/\"}},{\"@type\":\"Person\",\"@id\":\"https:\/\/mulheresacesta.com.br\/en\/#\/schema\/person\/11ebd3af76a9fcb3d26c815924faac42\",\"name\":\"mulheres\",\"sameAs\":[\"http:\/\/localhost\/mulheresacesta\"],\"url\":\"https:\/\/mulheresacesta.com.br\/en\/author\/mulheres\/\"}]}<\/script>\n<!-- \/ Yoast SEO plugin. -->","yoast_head_json":{"title":"Brasil inicia jornada na Vila Paral\u00edmpica em Paris com maior delega\u00e7\u00e3o da hist\u00f3ria","description":"A cerim\u00f4nia de abertura, marcada para a pr\u00f3xima quarta-feira, ser\u00e1 realizada na Champs-\u00c9lys\u00e9es, fora de um est\u00e1dio pela primeira vez na hist\u00f3ria. Os 75","robots":{"index":"index","follow":"follow","max-snippet":"max-snippet:-1","max-image-preview":"max-image-preview:large","max-video-preview":"max-video-preview:-1"},"canonical":"https:\/\/mulheresacesta.com.br\/en\/2024\/08\/brasil-inicia-jornada-na-vila-paralimpica-em-paris-com-maior-delegacao-da-historia\/","og_locale":"en_US","og_type":"article","og_title":"[:pt]Brasil inicia jornada na Vila Paral\u00edmpica em Paris com maior delega\u00e7\u00e3o da hist\u00f3ria[:] - Mulheres \u00e0 Cesta","og_description":"A cerim\u00f4nia de abertura, marcada para a pr\u00f3xima quarta-feira, ser\u00e1 realizada na Champs-\u00c9lys\u00e9es, fora de um est\u00e1dio pela primeira vez na hist\u00f3ria. Os 75","og_url":"https:\/\/mulheresacesta.com.br\/en\/2024\/08\/brasil-inicia-jornada-na-vila-paralimpica-em-paris-com-maior-delegacao-da-historia\/","og_site_name":"Mulheres \u00e0 Cesta","article_published_time":"2024-08-26T12:00:00+00:00","article_modified_time":"2024-08-26T13:48:09+00:00","og_image":[{"width":1580,"height":890,"url":"https:\/\/mulheresacesta.com.br\/wp-content\/uploads\/2024\/08\/marcia-britto_post-1580-x-890-px-2-1.png","type":"image\/png"}],"author":"mulheres","twitter_card":"summary_large_image","twitter_misc":{"Written by":"mulheres","Est. reading time":"1 minute"},"schema":{"@context":"https:\/\/schema.org","@graph":[{"@type":"Article","@id":"https:\/\/mulheresacesta.com.br\/en\/2024\/08\/brasil-inicia-jornada-na-vila-paralimpica-em-paris-com-maior-delegacao-da-historia\/#article","isPartOf":{"@id":"https:\/\/mulheresacesta.com.br\/en\/2024\/08\/brasil-inicia-jornada-na-vila-paralimpica-em-paris-com-maior-delegacao-da-historia\/"},"author":{"name":"mulheres","@id":"https:\/\/mulheresacesta.com.br\/en\/#\/schema\/person\/11ebd3af76a9fcb3d26c815924faac42"},"headline":"Brasil inicia jornada na Vila Paral\u00edmpica em Paris com maior delega\u00e7\u00e3o da hist\u00f3ria","datePublished":"2024-08-26T12:00:00+00:00","dateModified":"2024-08-26T13:48:09+00:00","mainEntityOfPage":{"@id":"https:\/\/mulheresacesta.com.br\/en\/2024\/08\/brasil-inicia-jornada-na-vila-paralimpica-em-paris-com-maior-delegacao-da-historia\/"},"wordCount":237,"commentCount":0,"publisher":{"@id":"https:\/\/mulheresacesta.com.br\/en\/#organization"},"image":{"@id":"https:\/\/mulheresacesta.com.br\/en\/2024\/08\/brasil-inicia-jornada-na-vila-paralimpica-em-paris-com-maior-delegacao-da-historia\/#primaryimage"},"thumbnailUrl":"https:\/\/mulheresacesta.com.br\/wp-content\/uploads\/2024\/08\/marcia-britto_post-1580-x-890-px-2-1.png","articleSection":["Blog"],"inLanguage":"en-US","potentialAction":[{"@type":"CommentAction","name":"Comment","target":["https:\/\/mulheresacesta.com.br\/en\/2024\/08\/brasil-inicia-jornada-na-vila-paralimpica-em-paris-com-maior-delegacao-da-historia\/#respond"]}]},{"@type":"WebPage","@id":"https:\/\/mulheresacesta.com.br\/en\/2024\/08\/brasil-inicia-jornada-na-vila-paralimpica-em-paris-com-maior-delegacao-da-historia\/","url":"https:\/\/mulheresacesta.com.br\/en\/2024\/08\/brasil-inicia-jornada-na-vila-paralimpica-em-paris-com-maior-delegacao-da-historia\/","name":"Brasil inicia jornada na Vila Paral\u00edmpica em Paris com maior delega\u00e7\u00e3o da hist\u00f3ria","isPartOf":{"@id":"https:\/\/mulheresacesta.com.br\/en\/#website"},"primaryImageOfPage":{"@id":"https:\/\/mulheresacesta.com.br\/en\/2024\/08\/brasil-inicia-jornada-na-vila-paralimpica-em-paris-com-maior-delegacao-da-historia\/#primaryimage"},"image":{"@id":"https:\/\/mulheresacesta.com.br\/en\/2024\/08\/brasil-inicia-jornada-na-vila-paralimpica-em-paris-com-maior-delegacao-da-historia\/#primaryimage"},"thumbnailUrl":"https:\/\/mulheresacesta.com.br\/wp-content\/uploads\/2024\/08\/marcia-britto_post-1580-x-890-px-2-1.png","datePublished":"2024-08-26T12:00:00+00:00","dateModified":"2024-08-26T13:48:09+00:00","description":"A cerim\u00f4nia de abertura, marcada para a pr\u00f3xima quarta-feira, ser\u00e1 realizada na Champs-\u00c9lys\u00e9es, fora de um est\u00e1dio pela primeira vez na hist\u00f3ria. Os 75","breadcrumb":{"@id":"https:\/\/mulheresacesta.com.br\/en\/2024\/08\/brasil-inicia-jornada-na-vila-paralimpica-em-paris-com-maior-delegacao-da-historia\/#breadcrumb"},"inLanguage":"en-US","potentialAction":[{"@type":"ReadAction","target":["https:\/\/mulheresacesta.com.br\/en\/2024\/08\/brasil-inicia-jornada-na-vila-paralimpica-em-paris-com-maior-delegacao-da-historia\/"]}]},{"@type":"ImageObject","inLanguage":"en-US","@id":"https:\/\/mulheresacesta.com.br\/en\/2024\/08\/brasil-inicia-jornada-na-vila-paralimpica-em-paris-com-maior-delegacao-da-historia\/#primaryimage","url":"https:\/\/mulheresacesta.com.br\/wp-content\/uploads\/2024\/08\/marcia-britto_post-1580-x-890-px-2-1.png","contentUrl":"https:\/\/mulheresacesta.com.br\/wp-content\/uploads\/2024\/08\/marcia-britto_post-1580-x-890-px-2-1.png","width":1580,"height":890},{"@type":"BreadcrumbList","@id":"https:\/\/mulheresacesta.com.br\/en\/2024\/08\/brasil-inicia-jornada-na-vila-paralimpica-em-paris-com-maior-delegacao-da-historia\/#breadcrumb","itemListElement":[{"@type":"ListItem","position":1,"name":"In\u00edcio","item":"https:\/\/mulheresacesta.com.br\/"},{"@type":"ListItem","position":2,"name":"Brasil inicia jornada na Vila Paral\u00edmpica em Paris com maior delega\u00e7\u00e3o da hist\u00f3ria"}]},{"@type":"WebSite","@id":"https:\/\/mulheresacesta.com.br\/en\/#website","url":"https:\/\/mulheresacesta.com.br\/en\/","name":"Mulheres \u00e0 Cesta","description":"","publisher":{"@id":"https:\/\/mulheresacesta.com.br\/en\/#organization"},"potentialAction":[{"@type":"SearchAction","target":{"@type":"EntryPoint","urlTemplate":"https:\/\/mulheresacesta.com.br\/en\/?s={search_term_string}"},"query-input":{"@type":"PropertyValueSpecification","valueRequired":true,"valueName":"search_term_string"}}],"inLanguage":"en-US"},{"@type":"Organization","@id":"https:\/\/mulheresacesta.com.br\/en\/#organization","name":"Mulheres \u00e0 Cesta","url":"https:\/\/mulheresacesta.com.br\/en\/","logo":{"@type":"ImageObject","inLanguage":"en-US","@id":"https:\/\/mulheresacesta.com.br\/en\/#\/schema\/logo\/image\/","url":"https:\/\/mulheresacesta.com.br\/wp-content\/uploads\/2020\/10\/mulheres-a-cesta.jpg","contentUrl":"https:\/\/mulheresacesta.com.br\/wp-content\/uploads\/2020\/10\/mulheres-a-cesta.jpg","width":400,"height":300,"caption":"Mulheres \u00e0 Cesta"},"image":{"@id":"https:\/\/mulheresacesta.com.br\/en\/#\/schema\/logo\/image\/"}},{"@type":"Person","@id":"https:\/\/mulheresacesta.com.br\/en\/#\/schema\/person\/11ebd3af76a9fcb3d26c815924faac42","name":"mulheres","sameAs":["http:\/\/localhost\/mulheresacesta"],"url":"https:\/\/mulheresacesta.com.br\/en\/author\/mulheres\/"}]}},"_links":{"self":[{"href":"https:\/\/mulheresacesta.com.br\/en\/wp-json\/wp\/v2\/posts\/5836","targetHints":{"allow":["GET"]}}],"collection":[{"href":"https:\/\/mulheresacesta.com.br\/en\/wp-json\/wp\/v2\/posts"}],"about":[{"href":"https:\/\/mulheresacesta.com.br\/en\/wp-json\/wp\/v2\/types\/post"}],"author":[{"embeddable":true,"href":"https:\/\/mulheresacesta.com.br\/en\/wp-json\/wp\/v2\/users\/1"}],"replies":[{"embeddable":true,"href":"https:\/\/mulheresacesta.com.br\/en\/wp-json\/wp\/v2\/comments?post=5836"}],"version-history":[{"count":2,"href":"https:\/\/mulheresacesta.com.br\/en\/wp-json\/wp\/v2\/posts\/5836\/revisions"}],"predecessor-version":[{"id":5839,"href":"https:\/\/mulheresacesta.com.br\/en\/wp-json\/wp\/v2\/posts\/5836\/revisions\/5839"}],"wp:featuredmedia":[{"embeddable":true,"href":"https:\/\/mulheresacesta.com.br\/en\/wp-json\/wp\/v2\/media\/5837"}],"wp:attachment":[{"href":"https:\/\/mulheresacesta.com.br\/en\/wp-json\/wp\/v2\/media?parent=5836"}],"wp:term":[{"taxonomy":"category","embeddable":true,"href":"https:\/\/mulheresacesta.com.br\/en\/wp-json\/wp\/v2\/categories?post=5836"},{"taxonomy":"post_tag","embeddable":true,"href":"https:\/\/mulheresacesta.com.br\/en\/wp-json\/wp\/v2\/tags?post=5836"}],"curies":[{"name":"wp","href":"https:\/\/api.w.org\/{rel}","templated":true}]}}