{"id":6045,"date":"2024-11-01T14:39:15","date_gmt":"2024-11-01T17:39:15","guid":{"rendered":"https:\/\/mulheresacesta.com.br\/?p=6045"},"modified":"2024-11-01T14:39:17","modified_gmt":"2024-11-01T17:39:17","slug":"selecao-brasileira-sub-15-feminina-rumo-ao-sul-americano-de-basquete","status":"publish","type":"post","link":"https:\/\/mulheresacesta.com.br\/en\/2024\/11\/selecao-brasileira-sub-15-feminina-rumo-ao-sul-americano-de-basquete\/","title":{"rendered":"Sele\u00e7\u00e3o Brasileira Sub-15 feminina rumo ao Sul-Americano de Basquete"},"content":{"rendered":"\n<p>A Sele\u00e7\u00e3o Brasileira Sub-15 feminina definiu as 12 jogadoras que representar\u00e3o o pa\u00eds no Campeonato Sul-Americano da categoria, que ser\u00e1 realizado entre 6 e 11 de novembro, em Barquis\u00edmetro, Venezuela. <\/p>\n\n\n\n<p>O time, comandado pelo t\u00e9cnico Cl\u00e1udio Lisboa, embarca no dia 2 de novembro em busca de uma das tr\u00eas vagas para a Copa Am\u00e9rica Sub-16 em 2025.<\/p>\n\n\n\n<p>O Brasil est\u00e1 no Grupo B, junto com Uruguai, Argentina e Equador. No Grupo A, est\u00e3o Venezuela, Col\u00f4mbia, Chile e Bol\u00edvia. As equipes se enfrentam dentro de seus grupos, com as duas melhores de cada grupo avan\u00e7ando para as semifinais. Todos os jogos ser\u00e3o transmitidos ao vivo pelo YouTube da FIBA.<\/p>\n\n\n\n<p>Durante o per\u00edodo de treinamentos no Brasil, a Sele\u00e7\u00e3o conta com a campe\u00e3 mundial e medalhista ol\u00edmpica Alessandra como assistente convidada, atualmente treinadora no S\u00edrio.<\/p>\n\n\n\n<p><strong>Atletas Convocadas:<\/strong><\/p>\n\n\n\n<ul class=\"wp-block-list\"><li><strong>Isabele Koerich<\/strong> &#8211; AJAB<\/li><li><strong>Sofia Mendes<\/strong> &#8211; Foz Basquete<\/li><li><strong>Ana Carolina Moreira<\/strong> &#8211; Mangueira<\/li><li><strong>Ester Santos<\/strong> &#8211; Mampituba<\/li><li><strong>Katia Damascena<\/strong> &#8211; Sport Recife<\/li><li><strong>Maria Perandini<\/strong> &#8211; S\u00e3o Jos\u00e9 Basketball<\/li><li><strong>Mariana Martorano<\/strong> &#8211; APAGE BASK<\/li><li><strong>J\u00falia Vit\u00f3ria<\/strong> &#8211; S\u00e3o Jos\u00e9 Basketball<\/li><li><strong>Julya Gabrielle<\/strong> &#8211; Itatiba<\/li><li><strong>Karen Reynen<\/strong> &#8211; ABU\/Ubirat\u00e3<\/li><li><strong>Laura Rosa<\/strong> &#8211; Sociedade Thalia<\/li><li><strong>Maria Clara Fardin<\/strong> &#8211; S\u00e3o Jos\u00e9 Basketball<\/li><\/ul>\n\n\n\n<p><strong>Comiss\u00e3o T\u00e9cnica:<\/strong><\/p>\n\n\n\n<ul class=\"wp-block-list\"><li>Roseli Gustavo da Silva &#8211; Diretora T\u00e9cnica<\/li><li>Monica Atilio &#8211; Administradora<\/li><li>Giovana Rangel &#8211; L\u00edder Operacional<\/li><li>Cl\u00e1udio Henrique Lisboa &#8211; Treinador<\/li><li>Ana Martins Diniz &#8211; Assistente T\u00e9cnica<\/li><li>Gabriela Medeiros Borges &#8211; Assistente T\u00e9cnica<\/li><li>Alessandra Santos &#8211; Assistente Convidada<\/li><li>Gabriela Maas Vieira &#8211; Preparadora F\u00edsica<\/li><li>Paula Caciatore &#8211; Fisioterapeuta<\/li><li>Manoella Fiochi &#8211; Psic\u00f3loga<\/li><li>Isabella da Silva Luz &#8211; M\u00e9dica<\/li><\/ul>\n\n\n\n<p>A  CBB apoia a Sele\u00e7\u00e3o em sua jornada e oferece a cobertura completa do campeonato em suas redes sociais.<\/p>\n\n\n\n<p>Fonte: Assessoria <a href=\"https:\/\/www.cbb.com.br\/noticia\/4717\/selecao-sub-15-feminina-define-as-12-do-sul-americano\">CBB<\/a><\/p>\n","protected":false},"excerpt":{"rendered":"<p>A Sele\u00e7\u00e3o Brasileira Sub-15 feminina definiu as 12 jogadoras que representar\u00e3o o pa\u00eds no Campeonato Sul-Americano da categoria, que ser\u00e1 realizado entre 6 e 11 de novembro, em Barquis\u00edmetro, Venezuela. O time, comandado pelo t\u00e9cnico Cl\u00e1udio Lisboa, embarca no dia 2 de novembro em busca de uma das tr\u00eas vagas para a Copa Am\u00e9rica Sub-16 [&hellip;]<\/p>\n","protected":false},"author":1,"featured_media":6046,"comment_status":"open","ping_status":"open","sticky":false,"template":"","format":"standard","meta":{"footnotes":""},"categories":[12],"tags":[],"class_list":["post-6045","post","type-post","status-publish","format-standard","has-post-thumbnail","hentry","category-blog"],"acf":[],"yoast_head":"<!-- This site is optimized with the Yoast SEO plugin v26.4 - https:\/\/yoast.com\/wordpress\/plugins\/seo\/ -->\n<title>Sele\u00e7\u00e3o Brasileira Sub-15 feminina rumo ao Sul-Americano de Basquete<\/title>\n<meta name=\"description\" content=\"A Sele\u00e7\u00e3o Brasileira Sub-15 feminina definiu as 12 jogadoras que representar\u00e3o o pa\u00eds no Campeonato Sul-Americano da categoria, que ser\u00e1 realizado entre 6\" \/>\n<meta name=\"robots\" content=\"index, follow, max-snippet:-1, max-image-preview:large, max-video-preview:-1\" \/>\n<link rel=\"canonical\" href=\"https:\/\/mulheresacesta.com.br\/en\/2024\/11\/selecao-brasileira-sub-15-feminina-rumo-ao-sul-americano-de-basquete\/\" \/>\n<meta property=\"og:locale\" content=\"en_US\" \/>\n<meta property=\"og:locale:alternate\" content=\"pt_BR\" \/>\n<meta property=\"og:type\" content=\"article\" \/>\n<meta property=\"og:title\" content=\"Sele\u00e7\u00e3o Brasileira Sub-15 feminina rumo ao Sul-Americano de Basquete\" \/>\n<meta property=\"og:description\" content=\"A Sele\u00e7\u00e3o Brasileira Sub-15 feminina definiu as 12 jogadoras que representar\u00e3o o pa\u00eds no Campeonato Sul-Americano da categoria, que ser\u00e1 realizado entre 6\" \/>\n<meta property=\"og:url\" content=\"https:\/\/mulheresacesta.com.br\/en\/2024\/11\/selecao-brasileira-sub-15-feminina-rumo-ao-sul-americano-de-basquete\/\" \/>\n<meta property=\"og:site_name\" content=\"Mulheres \u00e0 Cesta\" \/>\n<meta property=\"article:published_time\" content=\"2024-11-01T17:39:15+00:00\" \/>\n<meta property=\"article:modified_time\" content=\"2024-11-01T17:39:17+00:00\" \/>\n<meta property=\"og:image\" content=\"https:\/\/mulheresacesta.com.br\/wp-content\/uploads\/2024\/11\/1580-x-890-px-1.png\" \/>\n\t<meta property=\"og:image:width\" content=\"1580\" \/>\n\t<meta property=\"og:image:height\" content=\"890\" \/>\n\t<meta property=\"og:image:type\" content=\"image\/png\" \/>\n<meta name=\"author\" content=\"mulheres\" \/>\n<meta name=\"twitter:card\" content=\"summary_large_image\" \/>\n<meta name=\"twitter:label1\" content=\"Written by\" \/>\n\t<meta name=\"twitter:data1\" content=\"mulheres\" \/>\n\t<meta name=\"twitter:label2\" content=\"Est. reading time\" \/>\n\t<meta name=\"twitter:data2\" content=\"1 minute\" \/>\n<script type=\"application\/ld+json\" class=\"yoast-schema-graph\">{\"@context\":\"https:\/\/schema.org\",\"@graph\":[{\"@type\":\"Article\",\"@id\":\"https:\/\/mulheresacesta.com.br\/2024\/11\/selecao-brasileira-sub-15-feminina-rumo-ao-sul-americano-de-basquete\/#article\",\"isPartOf\":{\"@id\":\"https:\/\/mulheresacesta.com.br\/2024\/11\/selecao-brasileira-sub-15-feminina-rumo-ao-sul-americano-de-basquete\/\"},\"author\":{\"name\":\"mulheres\",\"@id\":\"https:\/\/mulheresacesta.com.br\/en\/#\/schema\/person\/11ebd3af76a9fcb3d26c815924faac42\"},\"headline\":\"Sele\u00e7\u00e3o Brasileira Sub-15 feminina rumo ao Sul-Americano de Basquete\",\"datePublished\":\"2024-11-01T17:39:15+00:00\",\"dateModified\":\"2024-11-01T17:39:17+00:00\",\"mainEntityOfPage\":{\"@id\":\"https:\/\/mulheresacesta.com.br\/2024\/11\/selecao-brasileira-sub-15-feminina-rumo-ao-sul-americano-de-basquete\/\"},\"wordCount\":318,\"commentCount\":0,\"publisher\":{\"@id\":\"https:\/\/mulheresacesta.com.br\/en\/#organization\"},\"image\":{\"@id\":\"https:\/\/mulheresacesta.com.br\/2024\/11\/selecao-brasileira-sub-15-feminina-rumo-ao-sul-americano-de-basquete\/#primaryimage\"},\"thumbnailUrl\":\"https:\/\/mulheresacesta.com.br\/wp-content\/uploads\/2024\/11\/1580-x-890-px-1.png\",\"articleSection\":[\"Blog\"],\"inLanguage\":\"en-US\",\"potentialAction\":[{\"@type\":\"CommentAction\",\"name\":\"Comment\",\"target\":[\"https:\/\/mulheresacesta.com.br\/2024\/11\/selecao-brasileira-sub-15-feminina-rumo-ao-sul-americano-de-basquete\/#respond\"]}]},{\"@type\":\"WebPage\",\"@id\":\"https:\/\/mulheresacesta.com.br\/2024\/11\/selecao-brasileira-sub-15-feminina-rumo-ao-sul-americano-de-basquete\/\",\"url\":\"https:\/\/mulheresacesta.com.br\/2024\/11\/selecao-brasileira-sub-15-feminina-rumo-ao-sul-americano-de-basquete\/\",\"name\":\"Sele\u00e7\u00e3o Brasileira Sub-15 feminina rumo ao Sul-Americano de Basquete\",\"isPartOf\":{\"@id\":\"https:\/\/mulheresacesta.com.br\/en\/#website\"},\"primaryImageOfPage\":{\"@id\":\"https:\/\/mulheresacesta.com.br\/2024\/11\/selecao-brasileira-sub-15-feminina-rumo-ao-sul-americano-de-basquete\/#primaryimage\"},\"image\":{\"@id\":\"https:\/\/mulheresacesta.com.br\/2024\/11\/selecao-brasileira-sub-15-feminina-rumo-ao-sul-americano-de-basquete\/#primaryimage\"},\"thumbnailUrl\":\"https:\/\/mulheresacesta.com.br\/wp-content\/uploads\/2024\/11\/1580-x-890-px-1.png\",\"datePublished\":\"2024-11-01T17:39:15+00:00\",\"dateModified\":\"2024-11-01T17:39:17+00:00\",\"description\":\"A Sele\u00e7\u00e3o Brasileira Sub-15 feminina definiu as 12 jogadoras que representar\u00e3o o pa\u00eds no Campeonato Sul-Americano da categoria, que ser\u00e1 realizado entre 6\",\"breadcrumb\":{\"@id\":\"https:\/\/mulheresacesta.com.br\/2024\/11\/selecao-brasileira-sub-15-feminina-rumo-ao-sul-americano-de-basquete\/#breadcrumb\"},\"inLanguage\":\"en-US\",\"potentialAction\":[{\"@type\":\"ReadAction\",\"target\":[\"https:\/\/mulheresacesta.com.br\/2024\/11\/selecao-brasileira-sub-15-feminina-rumo-ao-sul-americano-de-basquete\/\"]}]},{\"@type\":\"ImageObject\",\"inLanguage\":\"en-US\",\"@id\":\"https:\/\/mulheresacesta.com.br\/2024\/11\/selecao-brasileira-sub-15-feminina-rumo-ao-sul-americano-de-basquete\/#primaryimage\",\"url\":\"https:\/\/mulheresacesta.com.br\/wp-content\/uploads\/2024\/11\/1580-x-890-px-1.png\",\"contentUrl\":\"https:\/\/mulheresacesta.com.br\/wp-content\/uploads\/2024\/11\/1580-x-890-px-1.png\",\"width\":1580,\"height\":890},{\"@type\":\"BreadcrumbList\",\"@id\":\"https:\/\/mulheresacesta.com.br\/2024\/11\/selecao-brasileira-sub-15-feminina-rumo-ao-sul-americano-de-basquete\/#breadcrumb\",\"itemListElement\":[{\"@type\":\"ListItem\",\"position\":1,\"name\":\"In\u00edcio\",\"item\":\"https:\/\/mulheresacesta.com.br\/\"},{\"@type\":\"ListItem\",\"position\":2,\"name\":\"Sele\u00e7\u00e3o Brasileira Sub-15 feminina rumo ao Sul-Americano de Basquete\"}]},{\"@type\":\"WebSite\",\"@id\":\"https:\/\/mulheresacesta.com.br\/en\/#website\",\"url\":\"https:\/\/mulheresacesta.com.br\/en\/\",\"name\":\"Mulheres \u00e0 Cesta\",\"description\":\"\",\"publisher\":{\"@id\":\"https:\/\/mulheresacesta.com.br\/en\/#organization\"},\"potentialAction\":[{\"@type\":\"SearchAction\",\"target\":{\"@type\":\"EntryPoint\",\"urlTemplate\":\"https:\/\/mulheresacesta.com.br\/en\/?s={search_term_string}\"},\"query-input\":{\"@type\":\"PropertyValueSpecification\",\"valueRequired\":true,\"valueName\":\"search_term_string\"}}],\"inLanguage\":\"en-US\"},{\"@type\":\"Organization\",\"@id\":\"https:\/\/mulheresacesta.com.br\/en\/#organization\",\"name\":\"Mulheres \u00e0 Cesta\",\"url\":\"https:\/\/mulheresacesta.com.br\/en\/\",\"logo\":{\"@type\":\"ImageObject\",\"inLanguage\":\"en-US\",\"@id\":\"https:\/\/mulheresacesta.com.br\/en\/#\/schema\/logo\/image\/\",\"url\":\"https:\/\/mulheresacesta.com.br\/wp-content\/uploads\/2020\/10\/mulheres-a-cesta.jpg\",\"contentUrl\":\"https:\/\/mulheresacesta.com.br\/wp-content\/uploads\/2020\/10\/mulheres-a-cesta.jpg\",\"width\":400,\"height\":300,\"caption\":\"Mulheres \u00e0 Cesta\"},\"image\":{\"@id\":\"https:\/\/mulheresacesta.com.br\/en\/#\/schema\/logo\/image\/\"}},{\"@type\":\"Person\",\"@id\":\"https:\/\/mulheresacesta.com.br\/en\/#\/schema\/person\/11ebd3af76a9fcb3d26c815924faac42\",\"name\":\"mulheres\",\"sameAs\":[\"http:\/\/localhost\/mulheresacesta\"],\"url\":\"https:\/\/mulheresacesta.com.br\/en\/author\/mulheres\/\"}]}<\/script>\n<!-- \/ Yoast SEO plugin. -->","yoast_head_json":{"title":"Sele\u00e7\u00e3o Brasileira Sub-15 feminina rumo ao Sul-Americano de Basquete","description":"A Sele\u00e7\u00e3o Brasileira Sub-15 feminina definiu as 12 jogadoras que representar\u00e3o o pa\u00eds no Campeonato Sul-Americano da categoria, que ser\u00e1 realizado entre 6","robots":{"index":"index","follow":"follow","max-snippet":"max-snippet:-1","max-image-preview":"max-image-preview:large","max-video-preview":"max-video-preview:-1"},"canonical":"https:\/\/mulheresacesta.com.br\/en\/2024\/11\/selecao-brasileira-sub-15-feminina-rumo-ao-sul-americano-de-basquete\/","og_locale":"en_US","og_type":"article","og_title":"[:pt]Sele\u00e7\u00e3o Brasileira Sub-15 feminina rumo ao Sul-Americano de Basquete[:] - Mulheres \u00e0 Cesta","og_description":"A Sele\u00e7\u00e3o Brasileira Sub-15 feminina definiu as 12 jogadoras que representar\u00e3o o pa\u00eds no Campeonato Sul-Americano da categoria, que ser\u00e1 realizado entre 6","og_url":"https:\/\/mulheresacesta.com.br\/en\/2024\/11\/selecao-brasileira-sub-15-feminina-rumo-ao-sul-americano-de-basquete\/","og_site_name":"Mulheres \u00e0 Cesta","article_published_time":"2024-11-01T17:39:15+00:00","article_modified_time":"2024-11-01T17:39:17+00:00","og_image":[{"width":1580,"height":890,"url":"https:\/\/mulheresacesta.com.br\/wp-content\/uploads\/2024\/11\/1580-x-890-px-1.png","type":"image\/png"}],"author":"mulheres","twitter_card":"summary_large_image","twitter_misc":{"Written by":"mulheres","Est. reading time":"1 minute"},"schema":{"@context":"https:\/\/schema.org","@graph":[{"@type":"Article","@id":"https:\/\/mulheresacesta.com.br\/2024\/11\/selecao-brasileira-sub-15-feminina-rumo-ao-sul-americano-de-basquete\/#article","isPartOf":{"@id":"https:\/\/mulheresacesta.com.br\/2024\/11\/selecao-brasileira-sub-15-feminina-rumo-ao-sul-americano-de-basquete\/"},"author":{"name":"mulheres","@id":"https:\/\/mulheresacesta.com.br\/en\/#\/schema\/person\/11ebd3af76a9fcb3d26c815924faac42"},"headline":"Sele\u00e7\u00e3o Brasileira Sub-15 feminina rumo ao Sul-Americano de Basquete","datePublished":"2024-11-01T17:39:15+00:00","dateModified":"2024-11-01T17:39:17+00:00","mainEntityOfPage":{"@id":"https:\/\/mulheresacesta.com.br\/2024\/11\/selecao-brasileira-sub-15-feminina-rumo-ao-sul-americano-de-basquete\/"},"wordCount":318,"commentCount":0,"publisher":{"@id":"https:\/\/mulheresacesta.com.br\/en\/#organization"},"image":{"@id":"https:\/\/mulheresacesta.com.br\/2024\/11\/selecao-brasileira-sub-15-feminina-rumo-ao-sul-americano-de-basquete\/#primaryimage"},"thumbnailUrl":"https:\/\/mulheresacesta.com.br\/wp-content\/uploads\/2024\/11\/1580-x-890-px-1.png","articleSection":["Blog"],"inLanguage":"en-US","potentialAction":[{"@type":"CommentAction","name":"Comment","target":["https:\/\/mulheresacesta.com.br\/2024\/11\/selecao-brasileira-sub-15-feminina-rumo-ao-sul-americano-de-basquete\/#respond"]}]},{"@type":"WebPage","@id":"https:\/\/mulheresacesta.com.br\/2024\/11\/selecao-brasileira-sub-15-feminina-rumo-ao-sul-americano-de-basquete\/","url":"https:\/\/mulheresacesta.com.br\/2024\/11\/selecao-brasileira-sub-15-feminina-rumo-ao-sul-americano-de-basquete\/","name":"Sele\u00e7\u00e3o Brasileira Sub-15 feminina rumo ao Sul-Americano de Basquete","isPartOf":{"@id":"https:\/\/mulheresacesta.com.br\/en\/#website"},"primaryImageOfPage":{"@id":"https:\/\/mulheresacesta.com.br\/2024\/11\/selecao-brasileira-sub-15-feminina-rumo-ao-sul-americano-de-basquete\/#primaryimage"},"image":{"@id":"https:\/\/mulheresacesta.com.br\/2024\/11\/selecao-brasileira-sub-15-feminina-rumo-ao-sul-americano-de-basquete\/#primaryimage"},"thumbnailUrl":"https:\/\/mulheresacesta.com.br\/wp-content\/uploads\/2024\/11\/1580-x-890-px-1.png","datePublished":"2024-11-01T17:39:15+00:00","dateModified":"2024-11-01T17:39:17+00:00","description":"A Sele\u00e7\u00e3o Brasileira Sub-15 feminina definiu as 12 jogadoras que representar\u00e3o o pa\u00eds no Campeonato Sul-Americano da categoria, que ser\u00e1 realizado entre 6","breadcrumb":{"@id":"https:\/\/mulheresacesta.com.br\/2024\/11\/selecao-brasileira-sub-15-feminina-rumo-ao-sul-americano-de-basquete\/#breadcrumb"},"inLanguage":"en-US","potentialAction":[{"@type":"ReadAction","target":["https:\/\/mulheresacesta.com.br\/2024\/11\/selecao-brasileira-sub-15-feminina-rumo-ao-sul-americano-de-basquete\/"]}]},{"@type":"ImageObject","inLanguage":"en-US","@id":"https:\/\/mulheresacesta.com.br\/2024\/11\/selecao-brasileira-sub-15-feminina-rumo-ao-sul-americano-de-basquete\/#primaryimage","url":"https:\/\/mulheresacesta.com.br\/wp-content\/uploads\/2024\/11\/1580-x-890-px-1.png","contentUrl":"https:\/\/mulheresacesta.com.br\/wp-content\/uploads\/2024\/11\/1580-x-890-px-1.png","width":1580,"height":890},{"@type":"BreadcrumbList","@id":"https:\/\/mulheresacesta.com.br\/2024\/11\/selecao-brasileira-sub-15-feminina-rumo-ao-sul-americano-de-basquete\/#breadcrumb","itemListElement":[{"@type":"ListItem","position":1,"name":"In\u00edcio","item":"https:\/\/mulheresacesta.com.br\/"},{"@type":"ListItem","position":2,"name":"Sele\u00e7\u00e3o Brasileira Sub-15 feminina rumo ao Sul-Americano de Basquete"}]},{"@type":"WebSite","@id":"https:\/\/mulheresacesta.com.br\/en\/#website","url":"https:\/\/mulheresacesta.com.br\/en\/","name":"Mulheres \u00e0 Cesta","description":"","publisher":{"@id":"https:\/\/mulheresacesta.com.br\/en\/#organization"},"potentialAction":[{"@type":"SearchAction","target":{"@type":"EntryPoint","urlTemplate":"https:\/\/mulheresacesta.com.br\/en\/?s={search_term_string}"},"query-input":{"@type":"PropertyValueSpecification","valueRequired":true,"valueName":"search_term_string"}}],"inLanguage":"en-US"},{"@type":"Organization","@id":"https:\/\/mulheresacesta.com.br\/en\/#organization","name":"Mulheres \u00e0 Cesta","url":"https:\/\/mulheresacesta.com.br\/en\/","logo":{"@type":"ImageObject","inLanguage":"en-US","@id":"https:\/\/mulheresacesta.com.br\/en\/#\/schema\/logo\/image\/","url":"https:\/\/mulheresacesta.com.br\/wp-content\/uploads\/2020\/10\/mulheres-a-cesta.jpg","contentUrl":"https:\/\/mulheresacesta.com.br\/wp-content\/uploads\/2020\/10\/mulheres-a-cesta.jpg","width":400,"height":300,"caption":"Mulheres \u00e0 Cesta"},"image":{"@id":"https:\/\/mulheresacesta.com.br\/en\/#\/schema\/logo\/image\/"}},{"@type":"Person","@id":"https:\/\/mulheresacesta.com.br\/en\/#\/schema\/person\/11ebd3af76a9fcb3d26c815924faac42","name":"mulheres","sameAs":["http:\/\/localhost\/mulheresacesta"],"url":"https:\/\/mulheresacesta.com.br\/en\/author\/mulheres\/"}]}},"_links":{"self":[{"href":"https:\/\/mulheresacesta.com.br\/en\/wp-json\/wp\/v2\/posts\/6045","targetHints":{"allow":["GET"]}}],"collection":[{"href":"https:\/\/mulheresacesta.com.br\/en\/wp-json\/wp\/v2\/posts"}],"about":[{"href":"https:\/\/mulheresacesta.com.br\/en\/wp-json\/wp\/v2\/types\/post"}],"author":[{"embeddable":true,"href":"https:\/\/mulheresacesta.com.br\/en\/wp-json\/wp\/v2\/users\/1"}],"replies":[{"embeddable":true,"href":"https:\/\/mulheresacesta.com.br\/en\/wp-json\/wp\/v2\/comments?post=6045"}],"version-history":[{"count":1,"href":"https:\/\/mulheresacesta.com.br\/en\/wp-json\/wp\/v2\/posts\/6045\/revisions"}],"predecessor-version":[{"id":6047,"href":"https:\/\/mulheresacesta.com.br\/en\/wp-json\/wp\/v2\/posts\/6045\/revisions\/6047"}],"wp:featuredmedia":[{"embeddable":true,"href":"https:\/\/mulheresacesta.com.br\/en\/wp-json\/wp\/v2\/media\/6046"}],"wp:attachment":[{"href":"https:\/\/mulheresacesta.com.br\/en\/wp-json\/wp\/v2\/media?parent=6045"}],"wp:term":[{"taxonomy":"category","embeddable":true,"href":"https:\/\/mulheresacesta.com.br\/en\/wp-json\/wp\/v2\/categories?post=6045"},{"taxonomy":"post_tag","embeddable":true,"href":"https:\/\/mulheresacesta.com.br\/en\/wp-json\/wp\/v2\/tags?post=6045"}],"curies":[{"name":"wp","href":"https:\/\/api.w.org\/{rel}","templated":true}]}}