{"id":6278,"date":"2025-02-19T09:00:00","date_gmt":"2025-02-19T12:00:00","guid":{"rendered":"https:\/\/mulheresacesta.com.br\/?p=6278"},"modified":"2025-06-02T14:43:11","modified_gmt":"2025-06-02T17:43:11","slug":"novas-medidas-na-liga-de-basquete-feminino-2025","status":"publish","type":"post","link":"https:\/\/mulheresacesta.com.br\/en\/2025\/02\/novas-medidas-na-liga-de-basquete-feminino-2025\/","title":{"rendered":"Novas medidas na Liga de Basquete Feminino 2025"},"content":{"rendered":"\n<p>Neste ano, a Liga comemora o seu 15\u00ba anivers\u00e1rio e traz novidades que ir\u00e3o impulsionar ainda mais a competi\u00e7\u00e3o.<\/p>\n\n\n\n<p><em>Parceria com a Confedera\u00e7\u00e3o Brasileira de Basketball:<\/em><\/p>\n\n\n\n<p>A partir deste ano, todos os times da LBF ir\u00e3o participar de algum Campeonato Brasileiro Interclubes, organizado pela CBB. Al\u00e9m disso, a parceria garantir\u00e1 apoio ao Sesi Araraquara, atual campe\u00e3o, para disputar o Sul-Americano de Clubes, ampliando a presen\u00e7a do basquete feminino brasileiro em competi\u00e7\u00f5es internacionais.<\/p>\n\n\n\n<p><em>Programa Atleta Graduado:<\/em><\/p>\n\n\n\n<p>A Liga tamb\u00e9m ir\u00e1 investir em capacita\u00e7\u00e3o, oferecendo at\u00e9 80% de desconto em cursos de gradua\u00e7\u00e3o e especializa\u00e7\u00e3o para atletas, profissionais de comiss\u00f5es t\u00e9cnicas e \u00e1rbitros que atuam na competi\u00e7\u00e3o.<\/p>\n\n\n\n<p>A expectativa para a temporada de 2025 \u00e9 alta e representa o in\u00edcio de um ciclo de quatro anos. Com a amplia\u00e7\u00e3o de sua estrutura, a LBF beneficia atletas, clubes e apaixonados pelo basquete feminino.<\/p>\n","protected":false},"excerpt":{"rendered":"<p>Neste ano, a Liga comemora o seu 15\u00ba anivers\u00e1rio e traz novidades que ir\u00e3o impulsionar ainda mais a competi\u00e7\u00e3o. Parceria com a Confedera\u00e7\u00e3o Brasileira de Basketball: A partir deste ano, todos os times da LBF ir\u00e3o participar de algum Campeonato Brasileiro Interclubes, organizado pela CBB. Al\u00e9m disso, a parceria garantir\u00e1 apoio ao Sesi Araraquara, atual [&hellip;]<\/p>\n","protected":false},"author":1,"featured_media":0,"comment_status":"open","ping_status":"open","sticky":false,"template":"","format":"standard","meta":{"footnotes":""},"categories":[12],"tags":[],"class_list":["post-6278","post","type-post","status-publish","format-standard","hentry","category-blog"],"acf":[],"yoast_head":"<!-- This site is optimized with the Yoast SEO plugin v26.4 - https:\/\/yoast.com\/wordpress\/plugins\/seo\/ -->\n<title>Novas medidas na Liga de Basquete Feminino 2025<\/title>\n<meta name=\"description\" content=\"Neste ano, a Liga comemora o seu 15\u00ba anivers\u00e1rio e traz novidades que ir\u00e3o impulsionar ainda mais a competi\u00e7\u00e3o. Parceria com a Confedera\u00e7\u00e3o Brasileira de\" \/>\n<meta name=\"robots\" content=\"index, follow, max-snippet:-1, max-image-preview:large, max-video-preview:-1\" \/>\n<link rel=\"canonical\" href=\"https:\/\/mulheresacesta.com.br\/en\/2025\/02\/novas-medidas-na-liga-de-basquete-feminino-2025\/\" \/>\n<meta property=\"og:locale\" content=\"en_US\" \/>\n<meta property=\"og:locale:alternate\" content=\"pt_BR\" \/>\n<meta property=\"og:type\" content=\"article\" \/>\n<meta property=\"og:title\" content=\"Novas medidas na Liga de Basquete Feminino 2025\" \/>\n<meta property=\"og:description\" content=\"Neste ano, a Liga comemora o seu 15\u00ba anivers\u00e1rio e traz novidades que ir\u00e3o impulsionar ainda mais a competi\u00e7\u00e3o. Parceria com a Confedera\u00e7\u00e3o Brasileira de\" \/>\n<meta property=\"og:url\" content=\"https:\/\/mulheresacesta.com.br\/en\/2025\/02\/novas-medidas-na-liga-de-basquete-feminino-2025\/\" \/>\n<meta property=\"og:site_name\" content=\"Mulheres \u00e0 Cesta\" \/>\n<meta property=\"article:published_time\" content=\"2025-02-19T12:00:00+00:00\" \/>\n<meta property=\"article:modified_time\" content=\"2025-06-02T17:43:11+00:00\" \/>\n<meta name=\"author\" content=\"mulheres\" \/>\n<meta name=\"twitter:card\" content=\"summary_large_image\" \/>\n<meta name=\"twitter:label1\" content=\"Written by\" \/>\n\t<meta name=\"twitter:data1\" content=\"mulheres\" \/>\n\t<meta name=\"twitter:label2\" content=\"Est. reading time\" \/>\n\t<meta name=\"twitter:data2\" content=\"1 minute\" \/>\n<script type=\"application\/ld+json\" class=\"yoast-schema-graph\">{\"@context\":\"https:\/\/schema.org\",\"@graph\":[{\"@type\":\"Article\",\"@id\":\"https:\/\/mulheresacesta.com.br\/2025\/02\/novas-medidas-na-liga-de-basquete-feminino-2025\/#article\",\"isPartOf\":{\"@id\":\"https:\/\/mulheresacesta.com.br\/2025\/02\/novas-medidas-na-liga-de-basquete-feminino-2025\/\"},\"author\":{\"name\":\"mulheres\",\"@id\":\"https:\/\/mulheresacesta.com.br\/en\/#\/schema\/person\/11ebd3af76a9fcb3d26c815924faac42\"},\"headline\":\"Novas medidas na Liga de Basquete Feminino 2025\",\"datePublished\":\"2025-02-19T12:00:00+00:00\",\"dateModified\":\"2025-06-02T17:43:11+00:00\",\"mainEntityOfPage\":{\"@id\":\"https:\/\/mulheresacesta.com.br\/2025\/02\/novas-medidas-na-liga-de-basquete-feminino-2025\/\"},\"wordCount\":163,\"commentCount\":0,\"publisher\":{\"@id\":\"https:\/\/mulheresacesta.com.br\/en\/#organization\"},\"articleSection\":[\"Blog\"],\"inLanguage\":\"en-US\",\"potentialAction\":[{\"@type\":\"CommentAction\",\"name\":\"Comment\",\"target\":[\"https:\/\/mulheresacesta.com.br\/2025\/02\/novas-medidas-na-liga-de-basquete-feminino-2025\/#respond\"]}]},{\"@type\":\"WebPage\",\"@id\":\"https:\/\/mulheresacesta.com.br\/2025\/02\/novas-medidas-na-liga-de-basquete-feminino-2025\/\",\"url\":\"https:\/\/mulheresacesta.com.br\/2025\/02\/novas-medidas-na-liga-de-basquete-feminino-2025\/\",\"name\":\"Novas medidas na Liga de Basquete Feminino 2025\",\"isPartOf\":{\"@id\":\"https:\/\/mulheresacesta.com.br\/en\/#website\"},\"datePublished\":\"2025-02-19T12:00:00+00:00\",\"dateModified\":\"2025-06-02T17:43:11+00:00\",\"description\":\"Neste ano, a Liga comemora o seu 15\u00ba anivers\u00e1rio e traz novidades que ir\u00e3o impulsionar ainda mais a competi\u00e7\u00e3o. Parceria com a Confedera\u00e7\u00e3o Brasileira de\",\"breadcrumb\":{\"@id\":\"https:\/\/mulheresacesta.com.br\/2025\/02\/novas-medidas-na-liga-de-basquete-feminino-2025\/#breadcrumb\"},\"inLanguage\":\"en-US\",\"potentialAction\":[{\"@type\":\"ReadAction\",\"target\":[\"https:\/\/mulheresacesta.com.br\/2025\/02\/novas-medidas-na-liga-de-basquete-feminino-2025\/\"]}]},{\"@type\":\"BreadcrumbList\",\"@id\":\"https:\/\/mulheresacesta.com.br\/2025\/02\/novas-medidas-na-liga-de-basquete-feminino-2025\/#breadcrumb\",\"itemListElement\":[{\"@type\":\"ListItem\",\"position\":1,\"name\":\"In\u00edcio\",\"item\":\"https:\/\/mulheresacesta.com.br\/\"},{\"@type\":\"ListItem\",\"position\":2,\"name\":\"Novas medidas na Liga de Basquete Feminino 2025\"}]},{\"@type\":\"WebSite\",\"@id\":\"https:\/\/mulheresacesta.com.br\/en\/#website\",\"url\":\"https:\/\/mulheresacesta.com.br\/en\/\",\"name\":\"Mulheres \u00e0 Cesta\",\"description\":\"\",\"publisher\":{\"@id\":\"https:\/\/mulheresacesta.com.br\/en\/#organization\"},\"potentialAction\":[{\"@type\":\"SearchAction\",\"target\":{\"@type\":\"EntryPoint\",\"urlTemplate\":\"https:\/\/mulheresacesta.com.br\/en\/?s={search_term_string}\"},\"query-input\":{\"@type\":\"PropertyValueSpecification\",\"valueRequired\":true,\"valueName\":\"search_term_string\"}}],\"inLanguage\":\"en-US\"},{\"@type\":\"Organization\",\"@id\":\"https:\/\/mulheresacesta.com.br\/en\/#organization\",\"name\":\"Mulheres \u00e0 Cesta\",\"url\":\"https:\/\/mulheresacesta.com.br\/en\/\",\"logo\":{\"@type\":\"ImageObject\",\"inLanguage\":\"en-US\",\"@id\":\"https:\/\/mulheresacesta.com.br\/en\/#\/schema\/logo\/image\/\",\"url\":\"https:\/\/mulheresacesta.com.br\/wp-content\/uploads\/2020\/10\/mulheres-a-cesta.jpg\",\"contentUrl\":\"https:\/\/mulheresacesta.com.br\/wp-content\/uploads\/2020\/10\/mulheres-a-cesta.jpg\",\"width\":400,\"height\":300,\"caption\":\"Mulheres \u00e0 Cesta\"},\"image\":{\"@id\":\"https:\/\/mulheresacesta.com.br\/en\/#\/schema\/logo\/image\/\"}},{\"@type\":\"Person\",\"@id\":\"https:\/\/mulheresacesta.com.br\/en\/#\/schema\/person\/11ebd3af76a9fcb3d26c815924faac42\",\"name\":\"mulheres\",\"sameAs\":[\"http:\/\/localhost\/mulheresacesta\"],\"url\":\"https:\/\/mulheresacesta.com.br\/en\/author\/mulheres\/\"}]}<\/script>\n<!-- \/ Yoast SEO plugin. -->","yoast_head_json":{"title":"Novas medidas na Liga de Basquete Feminino 2025","description":"Neste ano, a Liga comemora o seu 15\u00ba anivers\u00e1rio e traz novidades que ir\u00e3o impulsionar ainda mais a competi\u00e7\u00e3o. Parceria com a Confedera\u00e7\u00e3o Brasileira de","robots":{"index":"index","follow":"follow","max-snippet":"max-snippet:-1","max-image-preview":"max-image-preview:large","max-video-preview":"max-video-preview:-1"},"canonical":"https:\/\/mulheresacesta.com.br\/en\/2025\/02\/novas-medidas-na-liga-de-basquete-feminino-2025\/","og_locale":"en_US","og_type":"article","og_title":"[:pt]Novas medidas na Liga de Basquete Feminino 2025[:] - Mulheres \u00e0 Cesta","og_description":"Neste ano, a Liga comemora o seu 15\u00ba anivers\u00e1rio e traz novidades que ir\u00e3o impulsionar ainda mais a competi\u00e7\u00e3o. Parceria com a Confedera\u00e7\u00e3o Brasileira de","og_url":"https:\/\/mulheresacesta.com.br\/en\/2025\/02\/novas-medidas-na-liga-de-basquete-feminino-2025\/","og_site_name":"Mulheres \u00e0 Cesta","article_published_time":"2025-02-19T12:00:00+00:00","article_modified_time":"2025-06-02T17:43:11+00:00","author":"mulheres","twitter_card":"summary_large_image","twitter_misc":{"Written by":"mulheres","Est. reading time":"1 minute"},"schema":{"@context":"https:\/\/schema.org","@graph":[{"@type":"Article","@id":"https:\/\/mulheresacesta.com.br\/2025\/02\/novas-medidas-na-liga-de-basquete-feminino-2025\/#article","isPartOf":{"@id":"https:\/\/mulheresacesta.com.br\/2025\/02\/novas-medidas-na-liga-de-basquete-feminino-2025\/"},"author":{"name":"mulheres","@id":"https:\/\/mulheresacesta.com.br\/en\/#\/schema\/person\/11ebd3af76a9fcb3d26c815924faac42"},"headline":"Novas medidas na Liga de Basquete Feminino 2025","datePublished":"2025-02-19T12:00:00+00:00","dateModified":"2025-06-02T17:43:11+00:00","mainEntityOfPage":{"@id":"https:\/\/mulheresacesta.com.br\/2025\/02\/novas-medidas-na-liga-de-basquete-feminino-2025\/"},"wordCount":163,"commentCount":0,"publisher":{"@id":"https:\/\/mulheresacesta.com.br\/en\/#organization"},"articleSection":["Blog"],"inLanguage":"en-US","potentialAction":[{"@type":"CommentAction","name":"Comment","target":["https:\/\/mulheresacesta.com.br\/2025\/02\/novas-medidas-na-liga-de-basquete-feminino-2025\/#respond"]}]},{"@type":"WebPage","@id":"https:\/\/mulheresacesta.com.br\/2025\/02\/novas-medidas-na-liga-de-basquete-feminino-2025\/","url":"https:\/\/mulheresacesta.com.br\/2025\/02\/novas-medidas-na-liga-de-basquete-feminino-2025\/","name":"Novas medidas na Liga de Basquete Feminino 2025","isPartOf":{"@id":"https:\/\/mulheresacesta.com.br\/en\/#website"},"datePublished":"2025-02-19T12:00:00+00:00","dateModified":"2025-06-02T17:43:11+00:00","description":"Neste ano, a Liga comemora o seu 15\u00ba anivers\u00e1rio e traz novidades que ir\u00e3o impulsionar ainda mais a competi\u00e7\u00e3o. Parceria com a Confedera\u00e7\u00e3o Brasileira de","breadcrumb":{"@id":"https:\/\/mulheresacesta.com.br\/2025\/02\/novas-medidas-na-liga-de-basquete-feminino-2025\/#breadcrumb"},"inLanguage":"en-US","potentialAction":[{"@type":"ReadAction","target":["https:\/\/mulheresacesta.com.br\/2025\/02\/novas-medidas-na-liga-de-basquete-feminino-2025\/"]}]},{"@type":"BreadcrumbList","@id":"https:\/\/mulheresacesta.com.br\/2025\/02\/novas-medidas-na-liga-de-basquete-feminino-2025\/#breadcrumb","itemListElement":[{"@type":"ListItem","position":1,"name":"In\u00edcio","item":"https:\/\/mulheresacesta.com.br\/"},{"@type":"ListItem","position":2,"name":"Novas medidas na Liga de Basquete Feminino 2025"}]},{"@type":"WebSite","@id":"https:\/\/mulheresacesta.com.br\/en\/#website","url":"https:\/\/mulheresacesta.com.br\/en\/","name":"Mulheres \u00e0 Cesta","description":"","publisher":{"@id":"https:\/\/mulheresacesta.com.br\/en\/#organization"},"potentialAction":[{"@type":"SearchAction","target":{"@type":"EntryPoint","urlTemplate":"https:\/\/mulheresacesta.com.br\/en\/?s={search_term_string}"},"query-input":{"@type":"PropertyValueSpecification","valueRequired":true,"valueName":"search_term_string"}}],"inLanguage":"en-US"},{"@type":"Organization","@id":"https:\/\/mulheresacesta.com.br\/en\/#organization","name":"Mulheres \u00e0 Cesta","url":"https:\/\/mulheresacesta.com.br\/en\/","logo":{"@type":"ImageObject","inLanguage":"en-US","@id":"https:\/\/mulheresacesta.com.br\/en\/#\/schema\/logo\/image\/","url":"https:\/\/mulheresacesta.com.br\/wp-content\/uploads\/2020\/10\/mulheres-a-cesta.jpg","contentUrl":"https:\/\/mulheresacesta.com.br\/wp-content\/uploads\/2020\/10\/mulheres-a-cesta.jpg","width":400,"height":300,"caption":"Mulheres \u00e0 Cesta"},"image":{"@id":"https:\/\/mulheresacesta.com.br\/en\/#\/schema\/logo\/image\/"}},{"@type":"Person","@id":"https:\/\/mulheresacesta.com.br\/en\/#\/schema\/person\/11ebd3af76a9fcb3d26c815924faac42","name":"mulheres","sameAs":["http:\/\/localhost\/mulheresacesta"],"url":"https:\/\/mulheresacesta.com.br\/en\/author\/mulheres\/"}]}},"_links":{"self":[{"href":"https:\/\/mulheresacesta.com.br\/en\/wp-json\/wp\/v2\/posts\/6278","targetHints":{"allow":["GET"]}}],"collection":[{"href":"https:\/\/mulheresacesta.com.br\/en\/wp-json\/wp\/v2\/posts"}],"about":[{"href":"https:\/\/mulheresacesta.com.br\/en\/wp-json\/wp\/v2\/types\/post"}],"author":[{"embeddable":true,"href":"https:\/\/mulheresacesta.com.br\/en\/wp-json\/wp\/v2\/users\/1"}],"replies":[{"embeddable":true,"href":"https:\/\/mulheresacesta.com.br\/en\/wp-json\/wp\/v2\/comments?post=6278"}],"version-history":[{"count":4,"href":"https:\/\/mulheresacesta.com.br\/en\/wp-json\/wp\/v2\/posts\/6278\/revisions"}],"predecessor-version":[{"id":6282,"href":"https:\/\/mulheresacesta.com.br\/en\/wp-json\/wp\/v2\/posts\/6278\/revisions\/6282"}],"wp:attachment":[{"href":"https:\/\/mulheresacesta.com.br\/en\/wp-json\/wp\/v2\/media?parent=6278"}],"wp:term":[{"taxonomy":"category","embeddable":true,"href":"https:\/\/mulheresacesta.com.br\/en\/wp-json\/wp\/v2\/categories?post=6278"},{"taxonomy":"post_tag","embeddable":true,"href":"https:\/\/mulheresacesta.com.br\/en\/wp-json\/wp\/v2\/tags?post=6278"}],"curies":[{"name":"wp","href":"https:\/\/api.w.org\/{rel}","templated":true}]}}