{"id":6415,"date":"2025-03-31T09:00:00","date_gmt":"2025-03-31T12:00:00","guid":{"rendered":"https:\/\/mulheresacesta.com.br\/?p=6415"},"modified":"2025-03-25T18:28:24","modified_gmt":"2025-03-25T21:28:24","slug":"cbb-confirma-brasil-no-globl-jam-2025-com-selecoes-masculina-e-feminina","status":"publish","type":"post","link":"https:\/\/mulheresacesta.com.br\/en\/2025\/03\/cbb-confirma-brasil-no-globl-jam-2025-com-selecoes-masculina-e-feminina\/","title":{"rendered":"CBB confirma Brasil no Globl Jam 2025 com sele\u00e7\u00f5es masculina e feminina"},"content":{"rendered":"\n<p>prestigiado torneio internacional sub-23, que ser\u00e1 realizado entre os dias <strong>11 e 18 de agosto, em Toronto, no Canad\u00e1<\/strong>. <\/p>\n\n\n\n<p>O pa\u00eds estar\u00e1 representado nos dois naipes, com <strong>a sele\u00e7\u00e3o masculina defendendo o t\u00edtulo conquistado em 2022<\/strong> e a <strong>estreia hist\u00f3rica da equipe feminina na competi\u00e7\u00e3o<\/strong>.<\/p>\n\n\n\n<p>O Globl Jam, consolidado como uma importante vitrine para jovens talentos do basquete internacional, reunir\u00e1 <strong>quatro sele\u00e7\u00f5es masculinas e quatro femininas<\/strong> na disputa pelo t\u00edtulo. <br><br>As equipes competir\u00e3o em uma fase de grupos, com <strong>tr\u00eas partidas para cada sele\u00e7\u00e3o<\/strong>. Os dois melhores times avan\u00e7am para a grande final.<\/p>\n\n\n\n<p>A Sele\u00e7\u00e3o Brasileira masculina retorna ao torneio com o objetivo de <strong>reafirmar sua for\u00e7a no cen\u00e1rio internacional<\/strong>, enquanto a equipe feminina chega para <strong>marcar um novo cap\u00edtulo na hist\u00f3ria do basquete feminino do pa\u00eds<\/strong>. Ambas as delega\u00e7\u00f5es ser\u00e3o formadas por <strong>10 atletas em cada naipe<\/strong>.<\/p>\n\n\n\n<p>Bruno Valentin, Diretor de Sele\u00e7\u00f5es da CBB, destacou a import\u00e2ncia da competi\u00e7\u00e3o para o desenvolvimento dos atletas:<\/p>\n\n\n\n<p><em>&#8220;\u00c9 muito bom estar de volta ao Globl Jam ap\u00f3s tr\u00eas anos, pois \u00e9 um torneio que oferece aos nossos jovens atletas em transi\u00e7\u00e3o das categorias de base para o adulto a oportunidade de serem protagonistas na sele\u00e7\u00e3o e desenvolverem seu basquete. H\u00e1 tr\u00eas anos, tivemos a grata surpresa de alcan\u00e7ar um excelente resultado, n\u00e3o apenas pelo t\u00edtulo e pelo Yago ter sido MVP, mas tamb\u00e9m pela participa\u00e7\u00e3o de diversos atletas do time masculino, que hoje s\u00e3o destaques em suas equipes e desempenham um papel importante na sele\u00e7\u00e3o brasileira adulta. Com a participa\u00e7\u00e3o de ambas as sele\u00e7\u00f5es na edi\u00e7\u00e3o de 2025, nosso objetivo \u00e9 continuar desenvolvendo nossos talentos, proporcionando jogos de alto n\u00edvel e preparando-os para o futuro.\u201d<\/em><\/p>\n\n\n\n<p>A presen\u00e7a do Brasil no Globl Jam 2025 refor\u00e7a o compromisso da CBB com o crescimento do basquete nacional, dando visibilidade a uma nova gera\u00e7\u00e3o de atletas que buscam espa\u00e7o no cen\u00e1rio internacional.<\/p>\n\n\n\n<p><strong>Fonte: Assessoria CBB<\/strong><\/p>\n","protected":false},"excerpt":{"rendered":"<p>prestigiado torneio internacional sub-23, que ser\u00e1 realizado entre os dias 11 e 18 de agosto, em Toronto, no Canad\u00e1. O pa\u00eds estar\u00e1 representado nos dois naipes, com a sele\u00e7\u00e3o masculina defendendo o t\u00edtulo conquistado em 2022 e a estreia hist\u00f3rica da equipe feminina na competi\u00e7\u00e3o. O Globl Jam, consolidado como uma importante vitrine para jovens [&hellip;]<\/p>\n","protected":false},"author":1,"featured_media":6416,"comment_status":"open","ping_status":"open","sticky":false,"template":"","format":"standard","meta":{"footnotes":""},"categories":[12],"tags":[],"class_list":["post-6415","post","type-post","status-publish","format-standard","has-post-thumbnail","hentry","category-blog"],"acf":[],"yoast_head":"<!-- This site is optimized with the Yoast SEO plugin v26.4 - https:\/\/yoast.com\/wordpress\/plugins\/seo\/ -->\n<title>CBB confirma Brasil no Globl Jam 2025 com sele\u00e7\u00f5es masculina e feminina<\/title>\n<meta name=\"description\" content=\"prestigiado torneio internacional sub-23, que ser\u00e1 realizado entre os dias 11 e 18 de agosto, em Toronto, no Canad\u00e1. O pa\u00eds estar\u00e1 representado nos dois\" \/>\n<meta name=\"robots\" content=\"index, follow, max-snippet:-1, max-image-preview:large, max-video-preview:-1\" \/>\n<link rel=\"canonical\" href=\"https:\/\/mulheresacesta.com.br\/en\/2025\/03\/cbb-confirma-brasil-no-globl-jam-2025-com-selecoes-masculina-e-feminina\/\" \/>\n<meta property=\"og:locale\" content=\"en_US\" \/>\n<meta property=\"og:locale:alternate\" content=\"pt_BR\" \/>\n<meta property=\"og:type\" content=\"article\" \/>\n<meta property=\"og:title\" content=\"CBB confirma Brasil no Globl Jam 2025 com sele\u00e7\u00f5es masculina e feminina\" \/>\n<meta property=\"og:description\" content=\"prestigiado torneio internacional sub-23, que ser\u00e1 realizado entre os dias 11 e 18 de agosto, em Toronto, no Canad\u00e1. O pa\u00eds estar\u00e1 representado nos dois\" \/>\n<meta property=\"og:url\" content=\"https:\/\/mulheresacesta.com.br\/en\/2025\/03\/cbb-confirma-brasil-no-globl-jam-2025-com-selecoes-masculina-e-feminina\/\" \/>\n<meta property=\"og:site_name\" content=\"Mulheres \u00e0 Cesta\" \/>\n<meta property=\"article:published_time\" content=\"2025-03-31T12:00:00+00:00\" \/>\n<meta property=\"og:image\" content=\"https:\/\/mulheresacesta.com.br\/wp-content\/uploads\/2025\/03\/MC-1.png\" \/>\n\t<meta property=\"og:image:width\" content=\"1500\" \/>\n\t<meta property=\"og:image:height\" content=\"890\" \/>\n\t<meta property=\"og:image:type\" content=\"image\/png\" \/>\n<meta name=\"author\" content=\"mulheres\" \/>\n<meta name=\"twitter:card\" content=\"summary_large_image\" \/>\n<meta name=\"twitter:label1\" content=\"Written by\" \/>\n\t<meta name=\"twitter:data1\" content=\"mulheres\" \/>\n\t<meta name=\"twitter:label2\" content=\"Est. reading time\" \/>\n\t<meta name=\"twitter:data2\" content=\"2 minutes\" \/>\n<script type=\"application\/ld+json\" class=\"yoast-schema-graph\">{\"@context\":\"https:\/\/schema.org\",\"@graph\":[{\"@type\":\"Article\",\"@id\":\"https:\/\/mulheresacesta.com.br\/en\/2025\/03\/cbb-confirma-brasil-no-globl-jam-2025-com-selecoes-masculina-e-feminina\/#article\",\"isPartOf\":{\"@id\":\"https:\/\/mulheresacesta.com.br\/en\/2025\/03\/cbb-confirma-brasil-no-globl-jam-2025-com-selecoes-masculina-e-feminina\/\"},\"author\":{\"name\":\"mulheres\",\"@id\":\"https:\/\/mulheresacesta.com.br\/en\/#\/schema\/person\/11ebd3af76a9fcb3d26c815924faac42\"},\"headline\":\"CBB confirma Brasil no Globl Jam 2025 com sele\u00e7\u00f5es masculina e feminina\",\"datePublished\":\"2025-03-31T12:00:00+00:00\",\"mainEntityOfPage\":{\"@id\":\"https:\/\/mulheresacesta.com.br\/en\/2025\/03\/cbb-confirma-brasil-no-globl-jam-2025-com-selecoes-masculina-e-feminina\/\"},\"wordCount\":357,\"commentCount\":0,\"publisher\":{\"@id\":\"https:\/\/mulheresacesta.com.br\/en\/#organization\"},\"image\":{\"@id\":\"https:\/\/mulheresacesta.com.br\/en\/2025\/03\/cbb-confirma-brasil-no-globl-jam-2025-com-selecoes-masculina-e-feminina\/#primaryimage\"},\"thumbnailUrl\":\"https:\/\/mulheresacesta.com.br\/wp-content\/uploads\/2025\/03\/MC-1.png\",\"articleSection\":[\"Blog\"],\"inLanguage\":\"en-US\",\"potentialAction\":[{\"@type\":\"CommentAction\",\"name\":\"Comment\",\"target\":[\"https:\/\/mulheresacesta.com.br\/en\/2025\/03\/cbb-confirma-brasil-no-globl-jam-2025-com-selecoes-masculina-e-feminina\/#respond\"]}]},{\"@type\":\"WebPage\",\"@id\":\"https:\/\/mulheresacesta.com.br\/en\/2025\/03\/cbb-confirma-brasil-no-globl-jam-2025-com-selecoes-masculina-e-feminina\/\",\"url\":\"https:\/\/mulheresacesta.com.br\/en\/2025\/03\/cbb-confirma-brasil-no-globl-jam-2025-com-selecoes-masculina-e-feminina\/\",\"name\":\"CBB confirma Brasil no Globl Jam 2025 com sele\u00e7\u00f5es masculina e feminina\",\"isPartOf\":{\"@id\":\"https:\/\/mulheresacesta.com.br\/en\/#website\"},\"primaryImageOfPage\":{\"@id\":\"https:\/\/mulheresacesta.com.br\/en\/2025\/03\/cbb-confirma-brasil-no-globl-jam-2025-com-selecoes-masculina-e-feminina\/#primaryimage\"},\"image\":{\"@id\":\"https:\/\/mulheresacesta.com.br\/en\/2025\/03\/cbb-confirma-brasil-no-globl-jam-2025-com-selecoes-masculina-e-feminina\/#primaryimage\"},\"thumbnailUrl\":\"https:\/\/mulheresacesta.com.br\/wp-content\/uploads\/2025\/03\/MC-1.png\",\"datePublished\":\"2025-03-31T12:00:00+00:00\",\"description\":\"prestigiado torneio internacional sub-23, que ser\u00e1 realizado entre os dias 11 e 18 de agosto, em Toronto, no Canad\u00e1. O pa\u00eds estar\u00e1 representado nos dois\",\"breadcrumb\":{\"@id\":\"https:\/\/mulheresacesta.com.br\/en\/2025\/03\/cbb-confirma-brasil-no-globl-jam-2025-com-selecoes-masculina-e-feminina\/#breadcrumb\"},\"inLanguage\":\"en-US\",\"potentialAction\":[{\"@type\":\"ReadAction\",\"target\":[\"https:\/\/mulheresacesta.com.br\/en\/2025\/03\/cbb-confirma-brasil-no-globl-jam-2025-com-selecoes-masculina-e-feminina\/\"]}]},{\"@type\":\"ImageObject\",\"inLanguage\":\"en-US\",\"@id\":\"https:\/\/mulheresacesta.com.br\/en\/2025\/03\/cbb-confirma-brasil-no-globl-jam-2025-com-selecoes-masculina-e-feminina\/#primaryimage\",\"url\":\"https:\/\/mulheresacesta.com.br\/wp-content\/uploads\/2025\/03\/MC-1.png\",\"contentUrl\":\"https:\/\/mulheresacesta.com.br\/wp-content\/uploads\/2025\/03\/MC-1.png\",\"width\":1500,\"height\":890},{\"@type\":\"BreadcrumbList\",\"@id\":\"https:\/\/mulheresacesta.com.br\/en\/2025\/03\/cbb-confirma-brasil-no-globl-jam-2025-com-selecoes-masculina-e-feminina\/#breadcrumb\",\"itemListElement\":[{\"@type\":\"ListItem\",\"position\":1,\"name\":\"In\u00edcio\",\"item\":\"https:\/\/mulheresacesta.com.br\/\"},{\"@type\":\"ListItem\",\"position\":2,\"name\":\"CBB confirma Brasil no Globl Jam 2025 com sele\u00e7\u00f5es masculina e feminina\"}]},{\"@type\":\"WebSite\",\"@id\":\"https:\/\/mulheresacesta.com.br\/en\/#website\",\"url\":\"https:\/\/mulheresacesta.com.br\/en\/\",\"name\":\"Mulheres \u00e0 Cesta\",\"description\":\"\",\"publisher\":{\"@id\":\"https:\/\/mulheresacesta.com.br\/en\/#organization\"},\"potentialAction\":[{\"@type\":\"SearchAction\",\"target\":{\"@type\":\"EntryPoint\",\"urlTemplate\":\"https:\/\/mulheresacesta.com.br\/en\/?s={search_term_string}\"},\"query-input\":{\"@type\":\"PropertyValueSpecification\",\"valueRequired\":true,\"valueName\":\"search_term_string\"}}],\"inLanguage\":\"en-US\"},{\"@type\":\"Organization\",\"@id\":\"https:\/\/mulheresacesta.com.br\/en\/#organization\",\"name\":\"Mulheres \u00e0 Cesta\",\"url\":\"https:\/\/mulheresacesta.com.br\/en\/\",\"logo\":{\"@type\":\"ImageObject\",\"inLanguage\":\"en-US\",\"@id\":\"https:\/\/mulheresacesta.com.br\/en\/#\/schema\/logo\/image\/\",\"url\":\"https:\/\/mulheresacesta.com.br\/wp-content\/uploads\/2020\/10\/mulheres-a-cesta.jpg\",\"contentUrl\":\"https:\/\/mulheresacesta.com.br\/wp-content\/uploads\/2020\/10\/mulheres-a-cesta.jpg\",\"width\":400,\"height\":300,\"caption\":\"Mulheres \u00e0 Cesta\"},\"image\":{\"@id\":\"https:\/\/mulheresacesta.com.br\/en\/#\/schema\/logo\/image\/\"}},{\"@type\":\"Person\",\"@id\":\"https:\/\/mulheresacesta.com.br\/en\/#\/schema\/person\/11ebd3af76a9fcb3d26c815924faac42\",\"name\":\"mulheres\",\"sameAs\":[\"http:\/\/localhost\/mulheresacesta\"],\"url\":\"https:\/\/mulheresacesta.com.br\/en\/author\/mulheres\/\"}]}<\/script>\n<!-- \/ Yoast SEO plugin. -->","yoast_head_json":{"title":"CBB confirma Brasil no Globl Jam 2025 com sele\u00e7\u00f5es masculina e feminina","description":"prestigiado torneio internacional sub-23, que ser\u00e1 realizado entre os dias 11 e 18 de agosto, em Toronto, no Canad\u00e1. O pa\u00eds estar\u00e1 representado nos dois","robots":{"index":"index","follow":"follow","max-snippet":"max-snippet:-1","max-image-preview":"max-image-preview:large","max-video-preview":"max-video-preview:-1"},"canonical":"https:\/\/mulheresacesta.com.br\/en\/2025\/03\/cbb-confirma-brasil-no-globl-jam-2025-com-selecoes-masculina-e-feminina\/","og_locale":"en_US","og_type":"article","og_title":"[:pt]CBB confirma Brasil no Globl Jam 2025 com sele\u00e7\u00f5es masculina e feminina[:] - Mulheres \u00e0 Cesta","og_description":"prestigiado torneio internacional sub-23, que ser\u00e1 realizado entre os dias 11 e 18 de agosto, em Toronto, no Canad\u00e1. O pa\u00eds estar\u00e1 representado nos dois","og_url":"https:\/\/mulheresacesta.com.br\/en\/2025\/03\/cbb-confirma-brasil-no-globl-jam-2025-com-selecoes-masculina-e-feminina\/","og_site_name":"Mulheres \u00e0 Cesta","article_published_time":"2025-03-31T12:00:00+00:00","og_image":[{"width":1500,"height":890,"url":"https:\/\/mulheresacesta.com.br\/wp-content\/uploads\/2025\/03\/MC-1.png","type":"image\/png"}],"author":"mulheres","twitter_card":"summary_large_image","twitter_misc":{"Written by":"mulheres","Est. reading time":"2 minutes"},"schema":{"@context":"https:\/\/schema.org","@graph":[{"@type":"Article","@id":"https:\/\/mulheresacesta.com.br\/en\/2025\/03\/cbb-confirma-brasil-no-globl-jam-2025-com-selecoes-masculina-e-feminina\/#article","isPartOf":{"@id":"https:\/\/mulheresacesta.com.br\/en\/2025\/03\/cbb-confirma-brasil-no-globl-jam-2025-com-selecoes-masculina-e-feminina\/"},"author":{"name":"mulheres","@id":"https:\/\/mulheresacesta.com.br\/en\/#\/schema\/person\/11ebd3af76a9fcb3d26c815924faac42"},"headline":"CBB confirma Brasil no Globl Jam 2025 com sele\u00e7\u00f5es masculina e feminina","datePublished":"2025-03-31T12:00:00+00:00","mainEntityOfPage":{"@id":"https:\/\/mulheresacesta.com.br\/en\/2025\/03\/cbb-confirma-brasil-no-globl-jam-2025-com-selecoes-masculina-e-feminina\/"},"wordCount":357,"commentCount":0,"publisher":{"@id":"https:\/\/mulheresacesta.com.br\/en\/#organization"},"image":{"@id":"https:\/\/mulheresacesta.com.br\/en\/2025\/03\/cbb-confirma-brasil-no-globl-jam-2025-com-selecoes-masculina-e-feminina\/#primaryimage"},"thumbnailUrl":"https:\/\/mulheresacesta.com.br\/wp-content\/uploads\/2025\/03\/MC-1.png","articleSection":["Blog"],"inLanguage":"en-US","potentialAction":[{"@type":"CommentAction","name":"Comment","target":["https:\/\/mulheresacesta.com.br\/en\/2025\/03\/cbb-confirma-brasil-no-globl-jam-2025-com-selecoes-masculina-e-feminina\/#respond"]}]},{"@type":"WebPage","@id":"https:\/\/mulheresacesta.com.br\/en\/2025\/03\/cbb-confirma-brasil-no-globl-jam-2025-com-selecoes-masculina-e-feminina\/","url":"https:\/\/mulheresacesta.com.br\/en\/2025\/03\/cbb-confirma-brasil-no-globl-jam-2025-com-selecoes-masculina-e-feminina\/","name":"CBB confirma Brasil no Globl Jam 2025 com sele\u00e7\u00f5es masculina e feminina","isPartOf":{"@id":"https:\/\/mulheresacesta.com.br\/en\/#website"},"primaryImageOfPage":{"@id":"https:\/\/mulheresacesta.com.br\/en\/2025\/03\/cbb-confirma-brasil-no-globl-jam-2025-com-selecoes-masculina-e-feminina\/#primaryimage"},"image":{"@id":"https:\/\/mulheresacesta.com.br\/en\/2025\/03\/cbb-confirma-brasil-no-globl-jam-2025-com-selecoes-masculina-e-feminina\/#primaryimage"},"thumbnailUrl":"https:\/\/mulheresacesta.com.br\/wp-content\/uploads\/2025\/03\/MC-1.png","datePublished":"2025-03-31T12:00:00+00:00","description":"prestigiado torneio internacional sub-23, que ser\u00e1 realizado entre os dias 11 e 18 de agosto, em Toronto, no Canad\u00e1. O pa\u00eds estar\u00e1 representado nos dois","breadcrumb":{"@id":"https:\/\/mulheresacesta.com.br\/en\/2025\/03\/cbb-confirma-brasil-no-globl-jam-2025-com-selecoes-masculina-e-feminina\/#breadcrumb"},"inLanguage":"en-US","potentialAction":[{"@type":"ReadAction","target":["https:\/\/mulheresacesta.com.br\/en\/2025\/03\/cbb-confirma-brasil-no-globl-jam-2025-com-selecoes-masculina-e-feminina\/"]}]},{"@type":"ImageObject","inLanguage":"en-US","@id":"https:\/\/mulheresacesta.com.br\/en\/2025\/03\/cbb-confirma-brasil-no-globl-jam-2025-com-selecoes-masculina-e-feminina\/#primaryimage","url":"https:\/\/mulheresacesta.com.br\/wp-content\/uploads\/2025\/03\/MC-1.png","contentUrl":"https:\/\/mulheresacesta.com.br\/wp-content\/uploads\/2025\/03\/MC-1.png","width":1500,"height":890},{"@type":"BreadcrumbList","@id":"https:\/\/mulheresacesta.com.br\/en\/2025\/03\/cbb-confirma-brasil-no-globl-jam-2025-com-selecoes-masculina-e-feminina\/#breadcrumb","itemListElement":[{"@type":"ListItem","position":1,"name":"In\u00edcio","item":"https:\/\/mulheresacesta.com.br\/"},{"@type":"ListItem","position":2,"name":"CBB confirma Brasil no Globl Jam 2025 com sele\u00e7\u00f5es masculina e feminina"}]},{"@type":"WebSite","@id":"https:\/\/mulheresacesta.com.br\/en\/#website","url":"https:\/\/mulheresacesta.com.br\/en\/","name":"Mulheres \u00e0 Cesta","description":"","publisher":{"@id":"https:\/\/mulheresacesta.com.br\/en\/#organization"},"potentialAction":[{"@type":"SearchAction","target":{"@type":"EntryPoint","urlTemplate":"https:\/\/mulheresacesta.com.br\/en\/?s={search_term_string}"},"query-input":{"@type":"PropertyValueSpecification","valueRequired":true,"valueName":"search_term_string"}}],"inLanguage":"en-US"},{"@type":"Organization","@id":"https:\/\/mulheresacesta.com.br\/en\/#organization","name":"Mulheres \u00e0 Cesta","url":"https:\/\/mulheresacesta.com.br\/en\/","logo":{"@type":"ImageObject","inLanguage":"en-US","@id":"https:\/\/mulheresacesta.com.br\/en\/#\/schema\/logo\/image\/","url":"https:\/\/mulheresacesta.com.br\/wp-content\/uploads\/2020\/10\/mulheres-a-cesta.jpg","contentUrl":"https:\/\/mulheresacesta.com.br\/wp-content\/uploads\/2020\/10\/mulheres-a-cesta.jpg","width":400,"height":300,"caption":"Mulheres \u00e0 Cesta"},"image":{"@id":"https:\/\/mulheresacesta.com.br\/en\/#\/schema\/logo\/image\/"}},{"@type":"Person","@id":"https:\/\/mulheresacesta.com.br\/en\/#\/schema\/person\/11ebd3af76a9fcb3d26c815924faac42","name":"mulheres","sameAs":["http:\/\/localhost\/mulheresacesta"],"url":"https:\/\/mulheresacesta.com.br\/en\/author\/mulheres\/"}]}},"_links":{"self":[{"href":"https:\/\/mulheresacesta.com.br\/en\/wp-json\/wp\/v2\/posts\/6415","targetHints":{"allow":["GET"]}}],"collection":[{"href":"https:\/\/mulheresacesta.com.br\/en\/wp-json\/wp\/v2\/posts"}],"about":[{"href":"https:\/\/mulheresacesta.com.br\/en\/wp-json\/wp\/v2\/types\/post"}],"author":[{"embeddable":true,"href":"https:\/\/mulheresacesta.com.br\/en\/wp-json\/wp\/v2\/users\/1"}],"replies":[{"embeddable":true,"href":"https:\/\/mulheresacesta.com.br\/en\/wp-json\/wp\/v2\/comments?post=6415"}],"version-history":[{"count":2,"href":"https:\/\/mulheresacesta.com.br\/en\/wp-json\/wp\/v2\/posts\/6415\/revisions"}],"predecessor-version":[{"id":6418,"href":"https:\/\/mulheresacesta.com.br\/en\/wp-json\/wp\/v2\/posts\/6415\/revisions\/6418"}],"wp:featuredmedia":[{"embeddable":true,"href":"https:\/\/mulheresacesta.com.br\/en\/wp-json\/wp\/v2\/media\/6416"}],"wp:attachment":[{"href":"https:\/\/mulheresacesta.com.br\/en\/wp-json\/wp\/v2\/media?parent=6415"}],"wp:term":[{"taxonomy":"category","embeddable":true,"href":"https:\/\/mulheresacesta.com.br\/en\/wp-json\/wp\/v2\/categories?post=6415"},{"taxonomy":"post_tag","embeddable":true,"href":"https:\/\/mulheresacesta.com.br\/en\/wp-json\/wp\/v2\/tags?post=6415"}],"curies":[{"name":"wp","href":"https:\/\/api.w.org\/{rel}","templated":true}]}}