{"id":6456,"date":"2025-04-14T09:00:00","date_gmt":"2025-04-14T12:00:00","guid":{"rendered":"https:\/\/mulheresacesta.com.br\/?p=6456"},"modified":"2025-04-15T09:20:26","modified_gmt":"2025-04-15T12:20:26","slug":"selecao-brasileira-feminina-e-convocada-para-o-tour-na-wnba-com-jogos-contra-chicago-sky-e-indiana-fever","status":"publish","type":"post","link":"https:\/\/mulheresacesta.com.br\/en\/2025\/04\/selecao-brasileira-feminina-e-convocada-para-o-tour-na-wnba-com-jogos-contra-chicago-sky-e-indiana-fever\/","title":{"rendered":"Sele\u00e7\u00e3o Brasileira feminina \u00e9 convocada para o Tour na WNBA com jogos contra Chicago Sky e Indiana Fever"},"content":{"rendered":"\n<p>Ap\u00f3s a divulga\u00e7\u00e3o da pr\u00e9-lista, a comiss\u00e3o t\u00e9cnica definiu as 12 atletas que ir\u00e3o representar o Brasil, incluindo a jovem <strong>Catarina Ferreira<\/strong>, eleita MVP do torneio da WCC na NCAA pela Oregon State. Com apenas 21 anos, ela \u00e9 uma das promessas da nova gera\u00e7\u00e3o.<\/p>\n\n\n\n<p>Completam a convoca\u00e7\u00e3o:<br><strong>Tain\u00e1 Paix\u00e3o<\/strong>, <strong>Iza Nicoletti<\/strong>, <strong>Cac\u00e1 Martins<\/strong>, <strong>Emanuely Oliveira<\/strong>, <strong>Vit\u00f3ria Marcelino<\/strong>, <strong>Ayla McDowell<\/strong>, <strong>Taissa Queiroz<\/strong>, <strong>Sass\u00e1 Gon\u00e7alves<\/strong>, <strong>Manu Alves<\/strong>, <strong>Licinara<\/strong> e <strong>Iza Varej\u00e3o<\/strong>.<br><br>Durante a prepara\u00e7\u00e3o em Iowa, antes do duelo contra o Indiana Fever, a atleta <strong>Aaliyah Guyton<\/strong>, que est\u00e1 em processo de recupera\u00e7\u00e3o, tamb\u00e9m integrar\u00e1 o grupo.<\/p>\n\n\n\n<p>Os confrontos ser\u00e3o realizados em dois estados diferentes:<\/p>\n\n\n\n<ul class=\"wp-block-list\"><li class=\"\"><strong>2 de maio<\/strong>, contra o <strong>Chicago Sky<\/strong>, em <strong>Baton Rouge (Louisiana)<\/strong>, \u00e0s <strong>16h (hor\u00e1rio de Bras\u00edlia)<\/strong><\/li><li class=\"\"><strong>4 de maio<\/strong>, contra o <strong>Indiana Fever<\/strong>, em <strong>Iowa City<\/strong>, \u00e0s <strong>14h (hor\u00e1rio de Bras\u00edlia)<\/strong><\/li><\/ul>\n\n\n\n<p>A t\u00e9cnica <strong>Pokey Chatman<\/strong>, com vasta experi\u00eancia na WNBA, destacou a import\u00e2ncia dessa experi\u00eancia para a evolu\u00e7\u00e3o da equipe:<\/p>\n\n\n\n<blockquote class=\"wp-block-quote is-layout-flow wp-block-quote-is-layout-flow\"><p class=\"\">\u201cEssa \u00e9 uma tremenda oportunidade para o nosso time competir contra algumas das melhores atletas do mundo. Essas experi\u00eancias de alt\u00edssimo n\u00edvel nos ajudam no processo de conseguir grandes resultados. Estamos realmente empolgados.\u201d<\/p><\/blockquote>\n\n\n\n<p>Chatman ter\u00e1 como assistentes <strong>L\u00e9o Figueir\u00f3<\/strong>, t\u00e9cnico n\u00famero 1, e <strong>Bruno Guidorizzi<\/strong>, atual treinador do Corinthians na LBF.<\/p>\n\n\n\n<p>Os amistosos colocam o Brasil frente a frente com equipes que contam com nomes conhecidos da torcida brasileira. O Chicago Sky tem em seu elenco a piv\u00f4 <strong>Kamilla Cardoso<\/strong>, destaque da NCAA por South Carolina e integrante do Quinteto Ideal do Pr\u00e9-Ol\u00edmpico em Bel\u00e9m. J\u00e1 o Indiana Fever \u00e9 a equipe da experiente <strong>Damiris Dantas<\/strong>, com passagem por duas Olimp\u00edadas (2012 e 2016) e medalhas em mundiais de base.<\/p>\n\n\n\n<p>De acordo com as regras da WNBA, atletas e treinadores sob contrato com franquias da liga n\u00e3o podem atuar contra suas respectivas equipes. Por isso, <strong>Kamilla Cardoso<\/strong> e <strong>Damiris Dantas<\/strong> dever\u00e3o jogar por suas equipes da WNBA, e <strong>Pokey Chatman<\/strong> n\u00e3o poder\u00e1 comandar a Sele\u00e7\u00e3o Brasileira nos jogos.<\/p>\n\n\n\n<p>O \u201c<strong>Tour Brasil na W<\/strong>\u201d \u00e9 uma iniciativa da <strong>Confedera\u00e7\u00e3o Brasileira de Basketball (CBB)<\/strong> como parte do planejamento rumo aos Jogos Ol\u00edmpicos de <strong>Los Angeles 2028<\/strong>, com o objetivo de proporcionar \u00e0s atletas experi\u00eancias internacionais de alto n\u00edvel e fortalecer o grupo ao longo do ciclo ol\u00edmpico.<br><br>Fonte: Assessoria CBB<\/p>\n","protected":false},"excerpt":{"rendered":"<p>Ap\u00f3s a divulga\u00e7\u00e3o da pr\u00e9-lista, a comiss\u00e3o t\u00e9cnica definiu as 12 atletas que ir\u00e3o representar o Brasil, incluindo a jovem Catarina Ferreira, eleita MVP do torneio da WCC na NCAA pela Oregon State. Com apenas 21 anos, ela \u00e9 uma das promessas da nova gera\u00e7\u00e3o. Completam a convoca\u00e7\u00e3o:Tain\u00e1 Paix\u00e3o, Iza Nicoletti, Cac\u00e1 Martins, Emanuely Oliveira, [&hellip;]<\/p>\n","protected":false},"author":1,"featured_media":6457,"comment_status":"open","ping_status":"open","sticky":false,"template":"","format":"standard","meta":{"footnotes":""},"categories":[12],"tags":[],"class_list":["post-6456","post","type-post","status-publish","format-standard","has-post-thumbnail","hentry","category-blog"],"acf":[],"yoast_head":"<!-- This site is optimized with the Yoast SEO plugin v26.4 - https:\/\/yoast.com\/wordpress\/plugins\/seo\/ -->\n<title>Sele\u00e7\u00e3o Brasileira feminina \u00e9 convocada para o Tour na WNBA com jogos contra Chicago Sky e Indiana Fever<\/title>\n<meta name=\"description\" content=\"Ap\u00f3s a divulga\u00e7\u00e3o da pr\u00e9-lista, a comiss\u00e3o t\u00e9cnica definiu as 12 atletas que ir\u00e3o representar o Brasil, incluindo a jovem Catarina Ferreira, eleita MVP do\" \/>\n<meta name=\"robots\" content=\"index, follow, max-snippet:-1, max-image-preview:large, max-video-preview:-1\" \/>\n<link rel=\"canonical\" href=\"https:\/\/mulheresacesta.com.br\/en\/2025\/04\/selecao-brasileira-feminina-e-convocada-para-o-tour-na-wnba-com-jogos-contra-chicago-sky-e-indiana-fever\/\" \/>\n<meta property=\"og:locale\" content=\"en_US\" \/>\n<meta property=\"og:locale:alternate\" content=\"pt_BR\" \/>\n<meta property=\"og:type\" content=\"article\" \/>\n<meta property=\"og:title\" content=\"Sele\u00e7\u00e3o Brasileira feminina \u00e9 convocada para o Tour na WNBA com jogos contra Chicago Sky e Indiana Fever\" \/>\n<meta property=\"og:description\" content=\"Ap\u00f3s a divulga\u00e7\u00e3o da pr\u00e9-lista, a comiss\u00e3o t\u00e9cnica definiu as 12 atletas que ir\u00e3o representar o Brasil, incluindo a jovem Catarina Ferreira, eleita MVP do\" \/>\n<meta property=\"og:url\" content=\"https:\/\/mulheresacesta.com.br\/en\/2025\/04\/selecao-brasileira-feminina-e-convocada-para-o-tour-na-wnba-com-jogos-contra-chicago-sky-e-indiana-fever\/\" \/>\n<meta property=\"og:site_name\" content=\"Mulheres \u00e0 Cesta\" \/>\n<meta property=\"article:published_time\" content=\"2025-04-14T12:00:00+00:00\" \/>\n<meta property=\"article:modified_time\" content=\"2025-04-15T12:20:26+00:00\" \/>\n<meta property=\"og:image\" content=\"https:\/\/mulheresacesta.com.br\/wp-content\/uploads\/2025\/04\/Mulheres-a-cesta-1500-x-890-px-1.png\" \/>\n\t<meta property=\"og:image:width\" content=\"1500\" \/>\n\t<meta property=\"og:image:height\" content=\"890\" \/>\n\t<meta property=\"og:image:type\" content=\"image\/png\" \/>\n<meta name=\"author\" content=\"mulheres\" \/>\n<meta name=\"twitter:card\" content=\"summary_large_image\" \/>\n<meta name=\"twitter:label1\" content=\"Written by\" \/>\n\t<meta name=\"twitter:data1\" content=\"mulheres\" \/>\n\t<meta name=\"twitter:label2\" content=\"Est. reading time\" \/>\n\t<meta name=\"twitter:data2\" content=\"2 minutes\" \/>\n<script type=\"application\/ld+json\" class=\"yoast-schema-graph\">{\"@context\":\"https:\/\/schema.org\",\"@graph\":[{\"@type\":\"Article\",\"@id\":\"https:\/\/mulheresacesta.com.br\/en\/2025\/04\/selecao-brasileira-feminina-e-convocada-para-o-tour-na-wnba-com-jogos-contra-chicago-sky-e-indiana-fever\/#article\",\"isPartOf\":{\"@id\":\"https:\/\/mulheresacesta.com.br\/en\/2025\/04\/selecao-brasileira-feminina-e-convocada-para-o-tour-na-wnba-com-jogos-contra-chicago-sky-e-indiana-fever\/\"},\"author\":{\"name\":\"mulheres\",\"@id\":\"https:\/\/mulheresacesta.com.br\/en\/#\/schema\/person\/11ebd3af76a9fcb3d26c815924faac42\"},\"headline\":\"Sele\u00e7\u00e3o Brasileira feminina \u00e9 convocada para o Tour na WNBA com jogos contra Chicago Sky e Indiana Fever\",\"datePublished\":\"2025-04-14T12:00:00+00:00\",\"dateModified\":\"2025-04-15T12:20:26+00:00\",\"mainEntityOfPage\":{\"@id\":\"https:\/\/mulheresacesta.com.br\/en\/2025\/04\/selecao-brasileira-feminina-e-convocada-para-o-tour-na-wnba-com-jogos-contra-chicago-sky-e-indiana-fever\/\"},\"wordCount\":424,\"commentCount\":0,\"publisher\":{\"@id\":\"https:\/\/mulheresacesta.com.br\/en\/#organization\"},\"image\":{\"@id\":\"https:\/\/mulheresacesta.com.br\/en\/2025\/04\/selecao-brasileira-feminina-e-convocada-para-o-tour-na-wnba-com-jogos-contra-chicago-sky-e-indiana-fever\/#primaryimage\"},\"thumbnailUrl\":\"https:\/\/mulheresacesta.com.br\/wp-content\/uploads\/2025\/04\/Mulheres-a-cesta-1500-x-890-px-1.png\",\"articleSection\":[\"Blog\"],\"inLanguage\":\"en-US\",\"potentialAction\":[{\"@type\":\"CommentAction\",\"name\":\"Comment\",\"target\":[\"https:\/\/mulheresacesta.com.br\/en\/2025\/04\/selecao-brasileira-feminina-e-convocada-para-o-tour-na-wnba-com-jogos-contra-chicago-sky-e-indiana-fever\/#respond\"]}]},{\"@type\":\"WebPage\",\"@id\":\"https:\/\/mulheresacesta.com.br\/en\/2025\/04\/selecao-brasileira-feminina-e-convocada-para-o-tour-na-wnba-com-jogos-contra-chicago-sky-e-indiana-fever\/\",\"url\":\"https:\/\/mulheresacesta.com.br\/en\/2025\/04\/selecao-brasileira-feminina-e-convocada-para-o-tour-na-wnba-com-jogos-contra-chicago-sky-e-indiana-fever\/\",\"name\":\"Sele\u00e7\u00e3o Brasileira feminina \u00e9 convocada para o Tour na WNBA com jogos contra Chicago Sky e Indiana Fever\",\"isPartOf\":{\"@id\":\"https:\/\/mulheresacesta.com.br\/en\/#website\"},\"primaryImageOfPage\":{\"@id\":\"https:\/\/mulheresacesta.com.br\/en\/2025\/04\/selecao-brasileira-feminina-e-convocada-para-o-tour-na-wnba-com-jogos-contra-chicago-sky-e-indiana-fever\/#primaryimage\"},\"image\":{\"@id\":\"https:\/\/mulheresacesta.com.br\/en\/2025\/04\/selecao-brasileira-feminina-e-convocada-para-o-tour-na-wnba-com-jogos-contra-chicago-sky-e-indiana-fever\/#primaryimage\"},\"thumbnailUrl\":\"https:\/\/mulheresacesta.com.br\/wp-content\/uploads\/2025\/04\/Mulheres-a-cesta-1500-x-890-px-1.png\",\"datePublished\":\"2025-04-14T12:00:00+00:00\",\"dateModified\":\"2025-04-15T12:20:26+00:00\",\"description\":\"Ap\u00f3s a divulga\u00e7\u00e3o da pr\u00e9-lista, a comiss\u00e3o t\u00e9cnica definiu as 12 atletas que ir\u00e3o representar o Brasil, incluindo a jovem Catarina Ferreira, eleita MVP do\",\"breadcrumb\":{\"@id\":\"https:\/\/mulheresacesta.com.br\/en\/2025\/04\/selecao-brasileira-feminina-e-convocada-para-o-tour-na-wnba-com-jogos-contra-chicago-sky-e-indiana-fever\/#breadcrumb\"},\"inLanguage\":\"en-US\",\"potentialAction\":[{\"@type\":\"ReadAction\",\"target\":[\"https:\/\/mulheresacesta.com.br\/en\/2025\/04\/selecao-brasileira-feminina-e-convocada-para-o-tour-na-wnba-com-jogos-contra-chicago-sky-e-indiana-fever\/\"]}]},{\"@type\":\"ImageObject\",\"inLanguage\":\"en-US\",\"@id\":\"https:\/\/mulheresacesta.com.br\/en\/2025\/04\/selecao-brasileira-feminina-e-convocada-para-o-tour-na-wnba-com-jogos-contra-chicago-sky-e-indiana-fever\/#primaryimage\",\"url\":\"https:\/\/mulheresacesta.com.br\/wp-content\/uploads\/2025\/04\/Mulheres-a-cesta-1500-x-890-px-1.png\",\"contentUrl\":\"https:\/\/mulheresacesta.com.br\/wp-content\/uploads\/2025\/04\/Mulheres-a-cesta-1500-x-890-px-1.png\",\"width\":1500,\"height\":890},{\"@type\":\"BreadcrumbList\",\"@id\":\"https:\/\/mulheresacesta.com.br\/en\/2025\/04\/selecao-brasileira-feminina-e-convocada-para-o-tour-na-wnba-com-jogos-contra-chicago-sky-e-indiana-fever\/#breadcrumb\",\"itemListElement\":[{\"@type\":\"ListItem\",\"position\":1,\"name\":\"In\u00edcio\",\"item\":\"https:\/\/mulheresacesta.com.br\/\"},{\"@type\":\"ListItem\",\"position\":2,\"name\":\"Sele\u00e7\u00e3o Brasileira feminina \u00e9 convocada para o Tour na WNBA com jogos contra Chicago Sky e Indiana Fever\"}]},{\"@type\":\"WebSite\",\"@id\":\"https:\/\/mulheresacesta.com.br\/en\/#website\",\"url\":\"https:\/\/mulheresacesta.com.br\/en\/\",\"name\":\"Mulheres \u00e0 Cesta\",\"description\":\"\",\"publisher\":{\"@id\":\"https:\/\/mulheresacesta.com.br\/en\/#organization\"},\"potentialAction\":[{\"@type\":\"SearchAction\",\"target\":{\"@type\":\"EntryPoint\",\"urlTemplate\":\"https:\/\/mulheresacesta.com.br\/en\/?s={search_term_string}\"},\"query-input\":{\"@type\":\"PropertyValueSpecification\",\"valueRequired\":true,\"valueName\":\"search_term_string\"}}],\"inLanguage\":\"en-US\"},{\"@type\":\"Organization\",\"@id\":\"https:\/\/mulheresacesta.com.br\/en\/#organization\",\"name\":\"Mulheres \u00e0 Cesta\",\"url\":\"https:\/\/mulheresacesta.com.br\/en\/\",\"logo\":{\"@type\":\"ImageObject\",\"inLanguage\":\"en-US\",\"@id\":\"https:\/\/mulheresacesta.com.br\/en\/#\/schema\/logo\/image\/\",\"url\":\"https:\/\/mulheresacesta.com.br\/wp-content\/uploads\/2020\/10\/mulheres-a-cesta.jpg\",\"contentUrl\":\"https:\/\/mulheresacesta.com.br\/wp-content\/uploads\/2020\/10\/mulheres-a-cesta.jpg\",\"width\":400,\"height\":300,\"caption\":\"Mulheres \u00e0 Cesta\"},\"image\":{\"@id\":\"https:\/\/mulheresacesta.com.br\/en\/#\/schema\/logo\/image\/\"}},{\"@type\":\"Person\",\"@id\":\"https:\/\/mulheresacesta.com.br\/en\/#\/schema\/person\/11ebd3af76a9fcb3d26c815924faac42\",\"name\":\"mulheres\",\"sameAs\":[\"http:\/\/localhost\/mulheresacesta\"],\"url\":\"https:\/\/mulheresacesta.com.br\/en\/author\/mulheres\/\"}]}<\/script>\n<!-- \/ Yoast SEO plugin. -->","yoast_head_json":{"title":"Sele\u00e7\u00e3o Brasileira feminina \u00e9 convocada para o Tour na WNBA com jogos contra Chicago Sky e Indiana Fever","description":"Ap\u00f3s a divulga\u00e7\u00e3o da pr\u00e9-lista, a comiss\u00e3o t\u00e9cnica definiu as 12 atletas que ir\u00e3o representar o Brasil, incluindo a jovem Catarina Ferreira, eleita MVP do","robots":{"index":"index","follow":"follow","max-snippet":"max-snippet:-1","max-image-preview":"max-image-preview:large","max-video-preview":"max-video-preview:-1"},"canonical":"https:\/\/mulheresacesta.com.br\/en\/2025\/04\/selecao-brasileira-feminina-e-convocada-para-o-tour-na-wnba-com-jogos-contra-chicago-sky-e-indiana-fever\/","og_locale":"en_US","og_type":"article","og_title":"[:pt]Sele\u00e7\u00e3o Brasileira feminina \u00e9 convocada para o Tour na WNBA com jogos contra Chicago Sky e Indiana Fever[:] - Mulheres \u00e0 Cesta","og_description":"Ap\u00f3s a divulga\u00e7\u00e3o da pr\u00e9-lista, a comiss\u00e3o t\u00e9cnica definiu as 12 atletas que ir\u00e3o representar o Brasil, incluindo a jovem Catarina Ferreira, eleita MVP do","og_url":"https:\/\/mulheresacesta.com.br\/en\/2025\/04\/selecao-brasileira-feminina-e-convocada-para-o-tour-na-wnba-com-jogos-contra-chicago-sky-e-indiana-fever\/","og_site_name":"Mulheres \u00e0 Cesta","article_published_time":"2025-04-14T12:00:00+00:00","article_modified_time":"2025-04-15T12:20:26+00:00","og_image":[{"width":1500,"height":890,"url":"https:\/\/mulheresacesta.com.br\/wp-content\/uploads\/2025\/04\/Mulheres-a-cesta-1500-x-890-px-1.png","type":"image\/png"}],"author":"mulheres","twitter_card":"summary_large_image","twitter_misc":{"Written by":"mulheres","Est. reading time":"2 minutes"},"schema":{"@context":"https:\/\/schema.org","@graph":[{"@type":"Article","@id":"https:\/\/mulheresacesta.com.br\/en\/2025\/04\/selecao-brasileira-feminina-e-convocada-para-o-tour-na-wnba-com-jogos-contra-chicago-sky-e-indiana-fever\/#article","isPartOf":{"@id":"https:\/\/mulheresacesta.com.br\/en\/2025\/04\/selecao-brasileira-feminina-e-convocada-para-o-tour-na-wnba-com-jogos-contra-chicago-sky-e-indiana-fever\/"},"author":{"name":"mulheres","@id":"https:\/\/mulheresacesta.com.br\/en\/#\/schema\/person\/11ebd3af76a9fcb3d26c815924faac42"},"headline":"Sele\u00e7\u00e3o Brasileira feminina \u00e9 convocada para o Tour na WNBA com jogos contra Chicago Sky e Indiana Fever","datePublished":"2025-04-14T12:00:00+00:00","dateModified":"2025-04-15T12:20:26+00:00","mainEntityOfPage":{"@id":"https:\/\/mulheresacesta.com.br\/en\/2025\/04\/selecao-brasileira-feminina-e-convocada-para-o-tour-na-wnba-com-jogos-contra-chicago-sky-e-indiana-fever\/"},"wordCount":424,"commentCount":0,"publisher":{"@id":"https:\/\/mulheresacesta.com.br\/en\/#organization"},"image":{"@id":"https:\/\/mulheresacesta.com.br\/en\/2025\/04\/selecao-brasileira-feminina-e-convocada-para-o-tour-na-wnba-com-jogos-contra-chicago-sky-e-indiana-fever\/#primaryimage"},"thumbnailUrl":"https:\/\/mulheresacesta.com.br\/wp-content\/uploads\/2025\/04\/Mulheres-a-cesta-1500-x-890-px-1.png","articleSection":["Blog"],"inLanguage":"en-US","potentialAction":[{"@type":"CommentAction","name":"Comment","target":["https:\/\/mulheresacesta.com.br\/en\/2025\/04\/selecao-brasileira-feminina-e-convocada-para-o-tour-na-wnba-com-jogos-contra-chicago-sky-e-indiana-fever\/#respond"]}]},{"@type":"WebPage","@id":"https:\/\/mulheresacesta.com.br\/en\/2025\/04\/selecao-brasileira-feminina-e-convocada-para-o-tour-na-wnba-com-jogos-contra-chicago-sky-e-indiana-fever\/","url":"https:\/\/mulheresacesta.com.br\/en\/2025\/04\/selecao-brasileira-feminina-e-convocada-para-o-tour-na-wnba-com-jogos-contra-chicago-sky-e-indiana-fever\/","name":"Sele\u00e7\u00e3o Brasileira feminina \u00e9 convocada para o Tour na WNBA com jogos contra Chicago Sky e Indiana Fever","isPartOf":{"@id":"https:\/\/mulheresacesta.com.br\/en\/#website"},"primaryImageOfPage":{"@id":"https:\/\/mulheresacesta.com.br\/en\/2025\/04\/selecao-brasileira-feminina-e-convocada-para-o-tour-na-wnba-com-jogos-contra-chicago-sky-e-indiana-fever\/#primaryimage"},"image":{"@id":"https:\/\/mulheresacesta.com.br\/en\/2025\/04\/selecao-brasileira-feminina-e-convocada-para-o-tour-na-wnba-com-jogos-contra-chicago-sky-e-indiana-fever\/#primaryimage"},"thumbnailUrl":"https:\/\/mulheresacesta.com.br\/wp-content\/uploads\/2025\/04\/Mulheres-a-cesta-1500-x-890-px-1.png","datePublished":"2025-04-14T12:00:00+00:00","dateModified":"2025-04-15T12:20:26+00:00","description":"Ap\u00f3s a divulga\u00e7\u00e3o da pr\u00e9-lista, a comiss\u00e3o t\u00e9cnica definiu as 12 atletas que ir\u00e3o representar o Brasil, incluindo a jovem Catarina Ferreira, eleita MVP do","breadcrumb":{"@id":"https:\/\/mulheresacesta.com.br\/en\/2025\/04\/selecao-brasileira-feminina-e-convocada-para-o-tour-na-wnba-com-jogos-contra-chicago-sky-e-indiana-fever\/#breadcrumb"},"inLanguage":"en-US","potentialAction":[{"@type":"ReadAction","target":["https:\/\/mulheresacesta.com.br\/en\/2025\/04\/selecao-brasileira-feminina-e-convocada-para-o-tour-na-wnba-com-jogos-contra-chicago-sky-e-indiana-fever\/"]}]},{"@type":"ImageObject","inLanguage":"en-US","@id":"https:\/\/mulheresacesta.com.br\/en\/2025\/04\/selecao-brasileira-feminina-e-convocada-para-o-tour-na-wnba-com-jogos-contra-chicago-sky-e-indiana-fever\/#primaryimage","url":"https:\/\/mulheresacesta.com.br\/wp-content\/uploads\/2025\/04\/Mulheres-a-cesta-1500-x-890-px-1.png","contentUrl":"https:\/\/mulheresacesta.com.br\/wp-content\/uploads\/2025\/04\/Mulheres-a-cesta-1500-x-890-px-1.png","width":1500,"height":890},{"@type":"BreadcrumbList","@id":"https:\/\/mulheresacesta.com.br\/en\/2025\/04\/selecao-brasileira-feminina-e-convocada-para-o-tour-na-wnba-com-jogos-contra-chicago-sky-e-indiana-fever\/#breadcrumb","itemListElement":[{"@type":"ListItem","position":1,"name":"In\u00edcio","item":"https:\/\/mulheresacesta.com.br\/"},{"@type":"ListItem","position":2,"name":"Sele\u00e7\u00e3o Brasileira feminina \u00e9 convocada para o Tour na WNBA com jogos contra Chicago Sky e Indiana Fever"}]},{"@type":"WebSite","@id":"https:\/\/mulheresacesta.com.br\/en\/#website","url":"https:\/\/mulheresacesta.com.br\/en\/","name":"Mulheres \u00e0 Cesta","description":"","publisher":{"@id":"https:\/\/mulheresacesta.com.br\/en\/#organization"},"potentialAction":[{"@type":"SearchAction","target":{"@type":"EntryPoint","urlTemplate":"https:\/\/mulheresacesta.com.br\/en\/?s={search_term_string}"},"query-input":{"@type":"PropertyValueSpecification","valueRequired":true,"valueName":"search_term_string"}}],"inLanguage":"en-US"},{"@type":"Organization","@id":"https:\/\/mulheresacesta.com.br\/en\/#organization","name":"Mulheres \u00e0 Cesta","url":"https:\/\/mulheresacesta.com.br\/en\/","logo":{"@type":"ImageObject","inLanguage":"en-US","@id":"https:\/\/mulheresacesta.com.br\/en\/#\/schema\/logo\/image\/","url":"https:\/\/mulheresacesta.com.br\/wp-content\/uploads\/2020\/10\/mulheres-a-cesta.jpg","contentUrl":"https:\/\/mulheresacesta.com.br\/wp-content\/uploads\/2020\/10\/mulheres-a-cesta.jpg","width":400,"height":300,"caption":"Mulheres \u00e0 Cesta"},"image":{"@id":"https:\/\/mulheresacesta.com.br\/en\/#\/schema\/logo\/image\/"}},{"@type":"Person","@id":"https:\/\/mulheresacesta.com.br\/en\/#\/schema\/person\/11ebd3af76a9fcb3d26c815924faac42","name":"mulheres","sameAs":["http:\/\/localhost\/mulheresacesta"],"url":"https:\/\/mulheresacesta.com.br\/en\/author\/mulheres\/"}]}},"_links":{"self":[{"href":"https:\/\/mulheresacesta.com.br\/en\/wp-json\/wp\/v2\/posts\/6456","targetHints":{"allow":["GET"]}}],"collection":[{"href":"https:\/\/mulheresacesta.com.br\/en\/wp-json\/wp\/v2\/posts"}],"about":[{"href":"https:\/\/mulheresacesta.com.br\/en\/wp-json\/wp\/v2\/types\/post"}],"author":[{"embeddable":true,"href":"https:\/\/mulheresacesta.com.br\/en\/wp-json\/wp\/v2\/users\/1"}],"replies":[{"embeddable":true,"href":"https:\/\/mulheresacesta.com.br\/en\/wp-json\/wp\/v2\/comments?post=6456"}],"version-history":[{"count":2,"href":"https:\/\/mulheresacesta.com.br\/en\/wp-json\/wp\/v2\/posts\/6456\/revisions"}],"predecessor-version":[{"id":6459,"href":"https:\/\/mulheresacesta.com.br\/en\/wp-json\/wp\/v2\/posts\/6456\/revisions\/6459"}],"wp:featuredmedia":[{"embeddable":true,"href":"https:\/\/mulheresacesta.com.br\/en\/wp-json\/wp\/v2\/media\/6457"}],"wp:attachment":[{"href":"https:\/\/mulheresacesta.com.br\/en\/wp-json\/wp\/v2\/media?parent=6456"}],"wp:term":[{"taxonomy":"category","embeddable":true,"href":"https:\/\/mulheresacesta.com.br\/en\/wp-json\/wp\/v2\/categories?post=6456"},{"taxonomy":"post_tag","embeddable":true,"href":"https:\/\/mulheresacesta.com.br\/en\/wp-json\/wp\/v2\/tags?post=6456"}],"curies":[{"name":"wp","href":"https:\/\/api.w.org\/{rel}","templated":true}]}}