{"id":6462,"date":"2025-04-16T09:00:00","date_gmt":"2025-04-16T12:00:00","guid":{"rendered":"https:\/\/mulheresacesta.com.br\/?p=6462"},"modified":"2025-04-15T09:20:09","modified_gmt":"2025-04-15T12:20:09","slug":"conheca-mari-dias","status":"publish","type":"post","link":"https:\/\/mulheresacesta.com.br\/en\/2025\/04\/conheca-mari-dias\/","title":{"rendered":"Conhe\u00e7a Mari Dias"},"content":{"rendered":"\n<p>A atleta \u00e9 bicampe\u00e3 da Liga de Basquete (LBF) e campe\u00e3 do Pan-americano de basquete feminino de 2023.<\/p>\n\n\n\n<p>Sua trajet\u00f3ria no esporte come\u00e7ou em 2010, na APAB, sob a orienta\u00e7\u00e3o da t\u00e9cnica Cinthia de Almeida. Ela permaneceu no clube barretense at\u00e9 2015. Em seguida, passou por Jundia\u00ed (2016 e 2017) e, em 2018, chegou ao Vera Cruz Campinas, onde conquistou a titularidade como ala\/piv\u00f4.<\/p>\n\n\n\n<p>Em 2024, Mari entrou para o elenco do Corinthians, ano em que o clube reativou sua equipe de basquete feminino. Sua estreia com a camisa alvinegra aconteceu no 1\u00ba de mar\u00e7o de 2024, em partida contra o S\u00e3o Jos\u00e9 Basketball, pela LBF. Na ocasi\u00e3o, a jogadora estreou como reserva. <\/p>\n\n\n\n<p>No entanto, um ano depois, Mari j\u00e1 figura como titular e mostra que tem garra e habilidade t\u00e9cnica para ser uma das grandes estrelas desta temporada da LBF. <\/p>\n\n\n\n<p>No \u00faltimo domingo, 13 de abril, a ala\/piv\u00f4 brilhou em quadra, sendo eleita MVP da partida, anotando 21 pontos, 13 rebotes e uma efici\u00eancia de 22 em 43 minutos, sendo pe\u00e7a-chave na vit\u00f3ria do Tim\u00e3o.<\/p>\n","protected":false},"excerpt":{"rendered":"<p>A atleta \u00e9 bicampe\u00e3 da Liga de Basquete (LBF) e campe\u00e3 do Pan-americano de basquete feminino de 2023. Sua trajet\u00f3ria no esporte come\u00e7ou em 2010, na APAB, sob a orienta\u00e7\u00e3o da t\u00e9cnica Cinthia de Almeida. Ela permaneceu no clube barretense at\u00e9 2015. Em seguida, passou por Jundia\u00ed (2016 e 2017) e, em 2018, chegou ao [&hellip;]<\/p>\n","protected":false},"author":1,"featured_media":6463,"comment_status":"open","ping_status":"open","sticky":false,"template":"","format":"standard","meta":{"footnotes":""},"categories":[12],"tags":[],"class_list":["post-6462","post","type-post","status-publish","format-standard","has-post-thumbnail","hentry","category-blog"],"acf":[],"yoast_head":"<!-- This site is optimized with the Yoast SEO plugin v26.4 - https:\/\/yoast.com\/wordpress\/plugins\/seo\/ -->\n<title>Conhe\u00e7a Mari Dias<\/title>\n<meta name=\"description\" content=\"A atleta \u00e9 bicampe\u00e3 da Liga de Basquete (LBF) e campe\u00e3 do Pan-americano de basquete feminino de 2023. Sua trajet\u00f3ria no esporte come\u00e7ou em 2010, na APAB,\" \/>\n<meta name=\"robots\" content=\"index, follow, max-snippet:-1, max-image-preview:large, max-video-preview:-1\" \/>\n<link rel=\"canonical\" href=\"https:\/\/mulheresacesta.com.br\/en\/2025\/04\/conheca-mari-dias\/\" \/>\n<meta property=\"og:locale\" content=\"en_US\" \/>\n<meta property=\"og:locale:alternate\" content=\"pt_BR\" \/>\n<meta property=\"og:type\" content=\"article\" \/>\n<meta property=\"og:title\" content=\"Conhe\u00e7a Mari Dias\" \/>\n<meta property=\"og:description\" content=\"A atleta \u00e9 bicampe\u00e3 da Liga de Basquete (LBF) e campe\u00e3 do Pan-americano de basquete feminino de 2023. Sua trajet\u00f3ria no esporte come\u00e7ou em 2010, na APAB,\" \/>\n<meta property=\"og:url\" content=\"https:\/\/mulheresacesta.com.br\/en\/2025\/04\/conheca-mari-dias\/\" \/>\n<meta property=\"og:site_name\" content=\"Mulheres \u00e0 Cesta\" \/>\n<meta property=\"article:published_time\" content=\"2025-04-16T12:00:00+00:00\" \/>\n<meta property=\"og:image\" content=\"https:\/\/mulheresacesta.com.br\/wp-content\/uploads\/2025\/04\/Mulheres-a-Cesta_POST-1500-x-890-px.png\" \/>\n\t<meta property=\"og:image:width\" content=\"1500\" \/>\n\t<meta property=\"og:image:height\" content=\"890\" \/>\n\t<meta property=\"og:image:type\" content=\"image\/png\" \/>\n<meta name=\"author\" content=\"mulheres\" \/>\n<meta name=\"twitter:card\" content=\"summary_large_image\" \/>\n<meta name=\"twitter:label1\" content=\"Written by\" \/>\n\t<meta name=\"twitter:data1\" content=\"mulheres\" \/>\n\t<meta name=\"twitter:label2\" content=\"Est. reading time\" \/>\n\t<meta name=\"twitter:data2\" content=\"1 minute\" \/>\n<script type=\"application\/ld+json\" class=\"yoast-schema-graph\">{\"@context\":\"https:\/\/schema.org\",\"@graph\":[{\"@type\":\"Article\",\"@id\":\"https:\/\/mulheresacesta.com.br\/en\/2025\/04\/conheca-mari-dias\/#article\",\"isPartOf\":{\"@id\":\"https:\/\/mulheresacesta.com.br\/en\/2025\/04\/conheca-mari-dias\/\"},\"author\":{\"name\":\"mulheres\",\"@id\":\"https:\/\/mulheresacesta.com.br\/en\/#\/schema\/person\/11ebd3af76a9fcb3d26c815924faac42\"},\"headline\":\"Conhe\u00e7a Mari Dias\",\"datePublished\":\"2025-04-16T12:00:00+00:00\",\"mainEntityOfPage\":{\"@id\":\"https:\/\/mulheresacesta.com.br\/en\/2025\/04\/conheca-mari-dias\/\"},\"wordCount\":181,\"commentCount\":0,\"publisher\":{\"@id\":\"https:\/\/mulheresacesta.com.br\/en\/#organization\"},\"image\":{\"@id\":\"https:\/\/mulheresacesta.com.br\/en\/2025\/04\/conheca-mari-dias\/#primaryimage\"},\"thumbnailUrl\":\"https:\/\/mulheresacesta.com.br\/wp-content\/uploads\/2025\/04\/Mulheres-a-Cesta_POST-1500-x-890-px.png\",\"articleSection\":[\"Blog\"],\"inLanguage\":\"en-US\",\"potentialAction\":[{\"@type\":\"CommentAction\",\"name\":\"Comment\",\"target\":[\"https:\/\/mulheresacesta.com.br\/en\/2025\/04\/conheca-mari-dias\/#respond\"]}]},{\"@type\":\"WebPage\",\"@id\":\"https:\/\/mulheresacesta.com.br\/en\/2025\/04\/conheca-mari-dias\/\",\"url\":\"https:\/\/mulheresacesta.com.br\/en\/2025\/04\/conheca-mari-dias\/\",\"name\":\"Conhe\u00e7a Mari Dias\",\"isPartOf\":{\"@id\":\"https:\/\/mulheresacesta.com.br\/en\/#website\"},\"primaryImageOfPage\":{\"@id\":\"https:\/\/mulheresacesta.com.br\/en\/2025\/04\/conheca-mari-dias\/#primaryimage\"},\"image\":{\"@id\":\"https:\/\/mulheresacesta.com.br\/en\/2025\/04\/conheca-mari-dias\/#primaryimage\"},\"thumbnailUrl\":\"https:\/\/mulheresacesta.com.br\/wp-content\/uploads\/2025\/04\/Mulheres-a-Cesta_POST-1500-x-890-px.png\",\"datePublished\":\"2025-04-16T12:00:00+00:00\",\"description\":\"A atleta \u00e9 bicampe\u00e3 da Liga de Basquete (LBF) e campe\u00e3 do Pan-americano de basquete feminino de 2023. Sua trajet\u00f3ria no esporte come\u00e7ou em 2010, na APAB,\",\"breadcrumb\":{\"@id\":\"https:\/\/mulheresacesta.com.br\/en\/2025\/04\/conheca-mari-dias\/#breadcrumb\"},\"inLanguage\":\"en-US\",\"potentialAction\":[{\"@type\":\"ReadAction\",\"target\":[\"https:\/\/mulheresacesta.com.br\/en\/2025\/04\/conheca-mari-dias\/\"]}]},{\"@type\":\"ImageObject\",\"inLanguage\":\"en-US\",\"@id\":\"https:\/\/mulheresacesta.com.br\/en\/2025\/04\/conheca-mari-dias\/#primaryimage\",\"url\":\"https:\/\/mulheresacesta.com.br\/wp-content\/uploads\/2025\/04\/Mulheres-a-Cesta_POST-1500-x-890-px.png\",\"contentUrl\":\"https:\/\/mulheresacesta.com.br\/wp-content\/uploads\/2025\/04\/Mulheres-a-Cesta_POST-1500-x-890-px.png\",\"width\":1500,\"height\":890},{\"@type\":\"BreadcrumbList\",\"@id\":\"https:\/\/mulheresacesta.com.br\/en\/2025\/04\/conheca-mari-dias\/#breadcrumb\",\"itemListElement\":[{\"@type\":\"ListItem\",\"position\":1,\"name\":\"In\u00edcio\",\"item\":\"https:\/\/mulheresacesta.com.br\/\"},{\"@type\":\"ListItem\",\"position\":2,\"name\":\"Conhe\u00e7a Mari Dias\"}]},{\"@type\":\"WebSite\",\"@id\":\"https:\/\/mulheresacesta.com.br\/en\/#website\",\"url\":\"https:\/\/mulheresacesta.com.br\/en\/\",\"name\":\"Mulheres \u00e0 Cesta\",\"description\":\"\",\"publisher\":{\"@id\":\"https:\/\/mulheresacesta.com.br\/en\/#organization\"},\"potentialAction\":[{\"@type\":\"SearchAction\",\"target\":{\"@type\":\"EntryPoint\",\"urlTemplate\":\"https:\/\/mulheresacesta.com.br\/en\/?s={search_term_string}\"},\"query-input\":{\"@type\":\"PropertyValueSpecification\",\"valueRequired\":true,\"valueName\":\"search_term_string\"}}],\"inLanguage\":\"en-US\"},{\"@type\":\"Organization\",\"@id\":\"https:\/\/mulheresacesta.com.br\/en\/#organization\",\"name\":\"Mulheres \u00e0 Cesta\",\"url\":\"https:\/\/mulheresacesta.com.br\/en\/\",\"logo\":{\"@type\":\"ImageObject\",\"inLanguage\":\"en-US\",\"@id\":\"https:\/\/mulheresacesta.com.br\/en\/#\/schema\/logo\/image\/\",\"url\":\"https:\/\/mulheresacesta.com.br\/wp-content\/uploads\/2020\/10\/mulheres-a-cesta.jpg\",\"contentUrl\":\"https:\/\/mulheresacesta.com.br\/wp-content\/uploads\/2020\/10\/mulheres-a-cesta.jpg\",\"width\":400,\"height\":300,\"caption\":\"Mulheres \u00e0 Cesta\"},\"image\":{\"@id\":\"https:\/\/mulheresacesta.com.br\/en\/#\/schema\/logo\/image\/\"}},{\"@type\":\"Person\",\"@id\":\"https:\/\/mulheresacesta.com.br\/en\/#\/schema\/person\/11ebd3af76a9fcb3d26c815924faac42\",\"name\":\"mulheres\",\"sameAs\":[\"http:\/\/localhost\/mulheresacesta\"],\"url\":\"https:\/\/mulheresacesta.com.br\/en\/author\/mulheres\/\"}]}<\/script>\n<!-- \/ Yoast SEO plugin. -->","yoast_head_json":{"title":"Conhe\u00e7a Mari Dias","description":"A atleta \u00e9 bicampe\u00e3 da Liga de Basquete (LBF) e campe\u00e3 do Pan-americano de basquete feminino de 2023. Sua trajet\u00f3ria no esporte come\u00e7ou em 2010, na APAB,","robots":{"index":"index","follow":"follow","max-snippet":"max-snippet:-1","max-image-preview":"max-image-preview:large","max-video-preview":"max-video-preview:-1"},"canonical":"https:\/\/mulheresacesta.com.br\/en\/2025\/04\/conheca-mari-dias\/","og_locale":"en_US","og_type":"article","og_title":"[:pt]Conhe\u00e7a Mari Dias[:] - Mulheres \u00e0 Cesta","og_description":"A atleta \u00e9 bicampe\u00e3 da Liga de Basquete (LBF) e campe\u00e3 do Pan-americano de basquete feminino de 2023. Sua trajet\u00f3ria no esporte come\u00e7ou em 2010, na APAB,","og_url":"https:\/\/mulheresacesta.com.br\/en\/2025\/04\/conheca-mari-dias\/","og_site_name":"Mulheres \u00e0 Cesta","article_published_time":"2025-04-16T12:00:00+00:00","og_image":[{"width":1500,"height":890,"url":"https:\/\/mulheresacesta.com.br\/wp-content\/uploads\/2025\/04\/Mulheres-a-Cesta_POST-1500-x-890-px.png","type":"image\/png"}],"author":"mulheres","twitter_card":"summary_large_image","twitter_misc":{"Written by":"mulheres","Est. reading time":"1 minute"},"schema":{"@context":"https:\/\/schema.org","@graph":[{"@type":"Article","@id":"https:\/\/mulheresacesta.com.br\/en\/2025\/04\/conheca-mari-dias\/#article","isPartOf":{"@id":"https:\/\/mulheresacesta.com.br\/en\/2025\/04\/conheca-mari-dias\/"},"author":{"name":"mulheres","@id":"https:\/\/mulheresacesta.com.br\/en\/#\/schema\/person\/11ebd3af76a9fcb3d26c815924faac42"},"headline":"Conhe\u00e7a Mari Dias","datePublished":"2025-04-16T12:00:00+00:00","mainEntityOfPage":{"@id":"https:\/\/mulheresacesta.com.br\/en\/2025\/04\/conheca-mari-dias\/"},"wordCount":181,"commentCount":0,"publisher":{"@id":"https:\/\/mulheresacesta.com.br\/en\/#organization"},"image":{"@id":"https:\/\/mulheresacesta.com.br\/en\/2025\/04\/conheca-mari-dias\/#primaryimage"},"thumbnailUrl":"https:\/\/mulheresacesta.com.br\/wp-content\/uploads\/2025\/04\/Mulheres-a-Cesta_POST-1500-x-890-px.png","articleSection":["Blog"],"inLanguage":"en-US","potentialAction":[{"@type":"CommentAction","name":"Comment","target":["https:\/\/mulheresacesta.com.br\/en\/2025\/04\/conheca-mari-dias\/#respond"]}]},{"@type":"WebPage","@id":"https:\/\/mulheresacesta.com.br\/en\/2025\/04\/conheca-mari-dias\/","url":"https:\/\/mulheresacesta.com.br\/en\/2025\/04\/conheca-mari-dias\/","name":"Conhe\u00e7a Mari Dias","isPartOf":{"@id":"https:\/\/mulheresacesta.com.br\/en\/#website"},"primaryImageOfPage":{"@id":"https:\/\/mulheresacesta.com.br\/en\/2025\/04\/conheca-mari-dias\/#primaryimage"},"image":{"@id":"https:\/\/mulheresacesta.com.br\/en\/2025\/04\/conheca-mari-dias\/#primaryimage"},"thumbnailUrl":"https:\/\/mulheresacesta.com.br\/wp-content\/uploads\/2025\/04\/Mulheres-a-Cesta_POST-1500-x-890-px.png","datePublished":"2025-04-16T12:00:00+00:00","description":"A atleta \u00e9 bicampe\u00e3 da Liga de Basquete (LBF) e campe\u00e3 do Pan-americano de basquete feminino de 2023. Sua trajet\u00f3ria no esporte come\u00e7ou em 2010, na APAB,","breadcrumb":{"@id":"https:\/\/mulheresacesta.com.br\/en\/2025\/04\/conheca-mari-dias\/#breadcrumb"},"inLanguage":"en-US","potentialAction":[{"@type":"ReadAction","target":["https:\/\/mulheresacesta.com.br\/en\/2025\/04\/conheca-mari-dias\/"]}]},{"@type":"ImageObject","inLanguage":"en-US","@id":"https:\/\/mulheresacesta.com.br\/en\/2025\/04\/conheca-mari-dias\/#primaryimage","url":"https:\/\/mulheresacesta.com.br\/wp-content\/uploads\/2025\/04\/Mulheres-a-Cesta_POST-1500-x-890-px.png","contentUrl":"https:\/\/mulheresacesta.com.br\/wp-content\/uploads\/2025\/04\/Mulheres-a-Cesta_POST-1500-x-890-px.png","width":1500,"height":890},{"@type":"BreadcrumbList","@id":"https:\/\/mulheresacesta.com.br\/en\/2025\/04\/conheca-mari-dias\/#breadcrumb","itemListElement":[{"@type":"ListItem","position":1,"name":"In\u00edcio","item":"https:\/\/mulheresacesta.com.br\/"},{"@type":"ListItem","position":2,"name":"Conhe\u00e7a Mari Dias"}]},{"@type":"WebSite","@id":"https:\/\/mulheresacesta.com.br\/en\/#website","url":"https:\/\/mulheresacesta.com.br\/en\/","name":"Mulheres \u00e0 Cesta","description":"","publisher":{"@id":"https:\/\/mulheresacesta.com.br\/en\/#organization"},"potentialAction":[{"@type":"SearchAction","target":{"@type":"EntryPoint","urlTemplate":"https:\/\/mulheresacesta.com.br\/en\/?s={search_term_string}"},"query-input":{"@type":"PropertyValueSpecification","valueRequired":true,"valueName":"search_term_string"}}],"inLanguage":"en-US"},{"@type":"Organization","@id":"https:\/\/mulheresacesta.com.br\/en\/#organization","name":"Mulheres \u00e0 Cesta","url":"https:\/\/mulheresacesta.com.br\/en\/","logo":{"@type":"ImageObject","inLanguage":"en-US","@id":"https:\/\/mulheresacesta.com.br\/en\/#\/schema\/logo\/image\/","url":"https:\/\/mulheresacesta.com.br\/wp-content\/uploads\/2020\/10\/mulheres-a-cesta.jpg","contentUrl":"https:\/\/mulheresacesta.com.br\/wp-content\/uploads\/2020\/10\/mulheres-a-cesta.jpg","width":400,"height":300,"caption":"Mulheres \u00e0 Cesta"},"image":{"@id":"https:\/\/mulheresacesta.com.br\/en\/#\/schema\/logo\/image\/"}},{"@type":"Person","@id":"https:\/\/mulheresacesta.com.br\/en\/#\/schema\/person\/11ebd3af76a9fcb3d26c815924faac42","name":"mulheres","sameAs":["http:\/\/localhost\/mulheresacesta"],"url":"https:\/\/mulheresacesta.com.br\/en\/author\/mulheres\/"}]}},"_links":{"self":[{"href":"https:\/\/mulheresacesta.com.br\/en\/wp-json\/wp\/v2\/posts\/6462","targetHints":{"allow":["GET"]}}],"collection":[{"href":"https:\/\/mulheresacesta.com.br\/en\/wp-json\/wp\/v2\/posts"}],"about":[{"href":"https:\/\/mulheresacesta.com.br\/en\/wp-json\/wp\/v2\/types\/post"}],"author":[{"embeddable":true,"href":"https:\/\/mulheresacesta.com.br\/en\/wp-json\/wp\/v2\/users\/1"}],"replies":[{"embeddable":true,"href":"https:\/\/mulheresacesta.com.br\/en\/wp-json\/wp\/v2\/comments?post=6462"}],"version-history":[{"count":2,"href":"https:\/\/mulheresacesta.com.br\/en\/wp-json\/wp\/v2\/posts\/6462\/revisions"}],"predecessor-version":[{"id":6465,"href":"https:\/\/mulheresacesta.com.br\/en\/wp-json\/wp\/v2\/posts\/6462\/revisions\/6465"}],"wp:featuredmedia":[{"embeddable":true,"href":"https:\/\/mulheresacesta.com.br\/en\/wp-json\/wp\/v2\/media\/6463"}],"wp:attachment":[{"href":"https:\/\/mulheresacesta.com.br\/en\/wp-json\/wp\/v2\/media?parent=6462"}],"wp:term":[{"taxonomy":"category","embeddable":true,"href":"https:\/\/mulheresacesta.com.br\/en\/wp-json\/wp\/v2\/categories?post=6462"},{"taxonomy":"post_tag","embeddable":true,"href":"https:\/\/mulheresacesta.com.br\/en\/wp-json\/wp\/v2\/tags?post=6462"}],"curies":[{"name":"wp","href":"https:\/\/api.w.org\/{rel}","templated":true}]}}