{"id":6556,"date":"2025-05-19T09:00:00","date_gmt":"2025-05-19T12:00:00","guid":{"rendered":"https:\/\/mulheresacesta.com.br\/?p=6556"},"modified":"2025-06-02T14:42:18","modified_gmt":"2025-06-02T17:42:18","slug":"selecao-brasileira-feminina-de-3x3-e-convocada-para-a-qualificatoria-da-copa-do-mundo","status":"publish","type":"post","link":"https:\/\/mulheresacesta.com.br\/en\/2025\/05\/selecao-brasileira-feminina-de-3x3-e-convocada-para-a-qualificatoria-da-copa-do-mundo\/","title":{"rendered":"Sele\u00e7\u00e3o Brasileira feminina de 3&#215;3 \u00e9 convocada para a qualificat\u00f3ria da Copa do Mundo"},"content":{"rendered":"\n<p>Com Gabriela Soss\u00f4, Luana Batista, Kawanni Firmino e Gabi Guimar\u00e3es, a equipe embarca nesta segunda-feira rumo ao Azerbaij\u00e3o, onde disputa a Qualificat\u00f3ria para a Copa do Mundo da modalidade.<\/p>\n\n\n\n<p>Na \u00faltima semana, o Brasil conheceu seus advers\u00e1rios. A competi\u00e7\u00e3o acontece nos dias 24 e 25 de maio, com transmiss\u00e3o ao vivo pelo canal da FIBA 3&#215;3 no YouTube. As atletas ainda participam de sess\u00f5es de treinamento no local antes da estreia.<\/p>\n\n\n\n<p>Seis sele\u00e7\u00f5es est\u00e3o divididas em dois grupos. No Grupo A est\u00e3o Brasil, Chile e Taipei; no Grupo B, Let\u00f4nia, Azerbaij\u00e3o e Egito. Tr\u00eas vagas para o Mundial, que acontece entre 23 e 29 de junho em Ulaanbaatar, na Mong\u00f3lia, estar\u00e3o em jogo.<\/p>\n\n\n\n<p>O formato prev\u00ea que os dois melhores de cada grupo avancem para a fase decisiva. Nela, A1 enfrenta B2, B1 enfrenta A2 e A2 encara B2. Os tr\u00eas vencedores garantem presen\u00e7a na Copa do Mundo.<\/p>\n\n\n\n<p><strong>Jogos do Brasil<\/strong><br>? <em>24 de maio<\/em><br>9h \u2013 Brasil x Chile<br>10h50 \u2013 Brasil x Taipei<\/p>\n\n\n\n<p>? <em>25 de maio<\/em><br>Quadrangular final<\/p>\n\n\n\n<p><strong>Convocadas \u2013 Sele\u00e7\u00e3o Feminina 3&#215;3<\/strong><\/p>\n\n\n\n<ul class=\"wp-block-list\"><li><strong>Gabriela Soss\u00f4<\/strong> \u2013 SESI Araraquara<\/li><li><strong>Kawanni Firmino<\/strong> \u2013 Ourinhos<\/li><li><strong>Luana Batista<\/strong> \u2013 Unimed Campinas<\/li><li><strong>Gabi Guimar\u00e3es<\/strong> \u2013 Sampaio Basquete<\/li><\/ul>\n\n\n\n<p><strong>Comiss\u00e3o T\u00e9cnica<\/strong><\/p>\n\n\n\n<ul class=\"wp-block-list\"><li>Thiago Biscuola de Sordi \u2013 Coordenador T\u00e9cnico<\/li><li>Elen Rosa Viana de Souza \u2013 Treinadora<\/li><li>Thiago Rodolpho Ramalho \u2013 Fisioterapeuta<\/li><\/ul>\n","protected":false},"excerpt":{"rendered":"<p>Com Gabriela Soss\u00f4, Luana Batista, Kawanni Firmino e Gabi Guimar\u00e3es, a equipe embarca nesta segunda-feira rumo ao Azerbaij\u00e3o, onde disputa a Qualificat\u00f3ria para a Copa do Mundo da modalidade. Na \u00faltima semana, o Brasil conheceu seus advers\u00e1rios. A competi\u00e7\u00e3o acontece nos dias 24 e 25 de maio, com transmiss\u00e3o ao vivo pelo canal da FIBA [&hellip;]<\/p>\n","protected":false},"author":1,"featured_media":6559,"comment_status":"open","ping_status":"open","sticky":false,"template":"","format":"standard","meta":{"footnotes":""},"categories":[12],"tags":[],"class_list":["post-6556","post","type-post","status-publish","format-standard","has-post-thumbnail","hentry","category-blog"],"acf":[],"yoast_head":"<!-- This site is optimized with the Yoast SEO plugin v26.4 - https:\/\/yoast.com\/wordpress\/plugins\/seo\/ -->\n<title>Sele\u00e7\u00e3o Brasileira feminina de 3x3 \u00e9 convocada para a qualificat\u00f3ria da Copa do Mundo<\/title>\n<meta name=\"description\" content=\"Com Gabriela Soss\u00f4, Luana Batista, Kawanni Firmino e Gabi Guimar\u00e3es, a equipe embarca nesta segunda-feira rumo ao Azerbaij\u00e3o, onde disputa a\" \/>\n<meta name=\"robots\" content=\"index, follow, max-snippet:-1, max-image-preview:large, max-video-preview:-1\" \/>\n<link rel=\"canonical\" href=\"https:\/\/mulheresacesta.com.br\/en\/2025\/05\/selecao-brasileira-feminina-de-3x3-e-convocada-para-a-qualificatoria-da-copa-do-mundo\/\" \/>\n<meta property=\"og:locale\" content=\"en_US\" \/>\n<meta property=\"og:locale:alternate\" content=\"pt_BR\" \/>\n<meta property=\"og:type\" content=\"article\" \/>\n<meta property=\"og:title\" content=\"Sele\u00e7\u00e3o Brasileira feminina de 3x3 \u00e9 convocada para a qualificat\u00f3ria da Copa do Mundo\" \/>\n<meta property=\"og:description\" content=\"Com Gabriela Soss\u00f4, Luana Batista, Kawanni Firmino e Gabi Guimar\u00e3es, a equipe embarca nesta segunda-feira rumo ao Azerbaij\u00e3o, onde disputa a\" \/>\n<meta property=\"og:url\" content=\"https:\/\/mulheresacesta.com.br\/en\/2025\/05\/selecao-brasileira-feminina-de-3x3-e-convocada-para-a-qualificatoria-da-copa-do-mundo\/\" \/>\n<meta property=\"og:site_name\" content=\"Mulheres \u00e0 Cesta\" \/>\n<meta property=\"article:published_time\" content=\"2025-05-19T12:00:00+00:00\" \/>\n<meta property=\"article:modified_time\" content=\"2025-06-02T17:42:18+00:00\" \/>\n<meta property=\"og:image\" content=\"https:\/\/mulheresacesta.com.br\/wp-content\/uploads\/2025\/05\/Mulheres-a-Cesta_POST-1500-x-890-px-1-6.png\" \/>\n\t<meta property=\"og:image:width\" content=\"1500\" \/>\n\t<meta property=\"og:image:height\" content=\"890\" \/>\n\t<meta property=\"og:image:type\" content=\"image\/png\" \/>\n<meta name=\"author\" content=\"mulheres\" \/>\n<meta name=\"twitter:card\" content=\"summary_large_image\" \/>\n<meta name=\"twitter:label1\" content=\"Written by\" \/>\n\t<meta name=\"twitter:data1\" content=\"mulheres\" \/>\n\t<meta name=\"twitter:label2\" content=\"Est. reading time\" \/>\n\t<meta name=\"twitter:data2\" content=\"1 minute\" \/>\n<script type=\"application\/ld+json\" class=\"yoast-schema-graph\">{\"@context\":\"https:\/\/schema.org\",\"@graph\":[{\"@type\":\"Article\",\"@id\":\"https:\/\/mulheresacesta.com.br\/en\/2025\/05\/selecao-brasileira-feminina-de-3x3-e-convocada-para-a-qualificatoria-da-copa-do-mundo\/#article\",\"isPartOf\":{\"@id\":\"https:\/\/mulheresacesta.com.br\/en\/2025\/05\/selecao-brasileira-feminina-de-3x3-e-convocada-para-a-qualificatoria-da-copa-do-mundo\/\"},\"author\":{\"name\":\"mulheres\",\"@id\":\"https:\/\/mulheresacesta.com.br\/en\/#\/schema\/person\/11ebd3af76a9fcb3d26c815924faac42\"},\"headline\":\"Sele\u00e7\u00e3o Brasileira feminina de 3&#215;3 \u00e9 convocada para a qualificat\u00f3ria da Copa do Mundo\",\"datePublished\":\"2025-05-19T12:00:00+00:00\",\"dateModified\":\"2025-06-02T17:42:18+00:00\",\"mainEntityOfPage\":{\"@id\":\"https:\/\/mulheresacesta.com.br\/en\/2025\/05\/selecao-brasileira-feminina-de-3x3-e-convocada-para-a-qualificatoria-da-copa-do-mundo\/\"},\"wordCount\":237,\"commentCount\":0,\"publisher\":{\"@id\":\"https:\/\/mulheresacesta.com.br\/en\/#organization\"},\"image\":{\"@id\":\"https:\/\/mulheresacesta.com.br\/en\/2025\/05\/selecao-brasileira-feminina-de-3x3-e-convocada-para-a-qualificatoria-da-copa-do-mundo\/#primaryimage\"},\"thumbnailUrl\":\"https:\/\/mulheresacesta.com.br\/wp-content\/uploads\/2025\/05\/Mulheres-a-Cesta_POST-1500-x-890-px-1-6.png\",\"articleSection\":[\"Blog\"],\"inLanguage\":\"en-US\",\"potentialAction\":[{\"@type\":\"CommentAction\",\"name\":\"Comment\",\"target\":[\"https:\/\/mulheresacesta.com.br\/en\/2025\/05\/selecao-brasileira-feminina-de-3x3-e-convocada-para-a-qualificatoria-da-copa-do-mundo\/#respond\"]}]},{\"@type\":\"WebPage\",\"@id\":\"https:\/\/mulheresacesta.com.br\/en\/2025\/05\/selecao-brasileira-feminina-de-3x3-e-convocada-para-a-qualificatoria-da-copa-do-mundo\/\",\"url\":\"https:\/\/mulheresacesta.com.br\/en\/2025\/05\/selecao-brasileira-feminina-de-3x3-e-convocada-para-a-qualificatoria-da-copa-do-mundo\/\",\"name\":\"Sele\u00e7\u00e3o Brasileira feminina de 3x3 \u00e9 convocada para a qualificat\u00f3ria da Copa do Mundo\",\"isPartOf\":{\"@id\":\"https:\/\/mulheresacesta.com.br\/en\/#website\"},\"primaryImageOfPage\":{\"@id\":\"https:\/\/mulheresacesta.com.br\/en\/2025\/05\/selecao-brasileira-feminina-de-3x3-e-convocada-para-a-qualificatoria-da-copa-do-mundo\/#primaryimage\"},\"image\":{\"@id\":\"https:\/\/mulheresacesta.com.br\/en\/2025\/05\/selecao-brasileira-feminina-de-3x3-e-convocada-para-a-qualificatoria-da-copa-do-mundo\/#primaryimage\"},\"thumbnailUrl\":\"https:\/\/mulheresacesta.com.br\/wp-content\/uploads\/2025\/05\/Mulheres-a-Cesta_POST-1500-x-890-px-1-6.png\",\"datePublished\":\"2025-05-19T12:00:00+00:00\",\"dateModified\":\"2025-06-02T17:42:18+00:00\",\"description\":\"Com Gabriela Soss\u00f4, Luana Batista, Kawanni Firmino e Gabi Guimar\u00e3es, a equipe embarca nesta segunda-feira rumo ao Azerbaij\u00e3o, onde disputa a\",\"breadcrumb\":{\"@id\":\"https:\/\/mulheresacesta.com.br\/en\/2025\/05\/selecao-brasileira-feminina-de-3x3-e-convocada-para-a-qualificatoria-da-copa-do-mundo\/#breadcrumb\"},\"inLanguage\":\"en-US\",\"potentialAction\":[{\"@type\":\"ReadAction\",\"target\":[\"https:\/\/mulheresacesta.com.br\/en\/2025\/05\/selecao-brasileira-feminina-de-3x3-e-convocada-para-a-qualificatoria-da-copa-do-mundo\/\"]}]},{\"@type\":\"ImageObject\",\"inLanguage\":\"en-US\",\"@id\":\"https:\/\/mulheresacesta.com.br\/en\/2025\/05\/selecao-brasileira-feminina-de-3x3-e-convocada-para-a-qualificatoria-da-copa-do-mundo\/#primaryimage\",\"url\":\"https:\/\/mulheresacesta.com.br\/wp-content\/uploads\/2025\/05\/Mulheres-a-Cesta_POST-1500-x-890-px-1-6.png\",\"contentUrl\":\"https:\/\/mulheresacesta.com.br\/wp-content\/uploads\/2025\/05\/Mulheres-a-Cesta_POST-1500-x-890-px-1-6.png\",\"width\":1500,\"height\":890},{\"@type\":\"BreadcrumbList\",\"@id\":\"https:\/\/mulheresacesta.com.br\/en\/2025\/05\/selecao-brasileira-feminina-de-3x3-e-convocada-para-a-qualificatoria-da-copa-do-mundo\/#breadcrumb\",\"itemListElement\":[{\"@type\":\"ListItem\",\"position\":1,\"name\":\"In\u00edcio\",\"item\":\"https:\/\/mulheresacesta.com.br\/\"},{\"@type\":\"ListItem\",\"position\":2,\"name\":\"Sele\u00e7\u00e3o Brasileira feminina de 3&#215;3 \u00e9 convocada para a qualificat\u00f3ria da Copa do Mundo\"}]},{\"@type\":\"WebSite\",\"@id\":\"https:\/\/mulheresacesta.com.br\/en\/#website\",\"url\":\"https:\/\/mulheresacesta.com.br\/en\/\",\"name\":\"Mulheres \u00e0 Cesta\",\"description\":\"\",\"publisher\":{\"@id\":\"https:\/\/mulheresacesta.com.br\/en\/#organization\"},\"potentialAction\":[{\"@type\":\"SearchAction\",\"target\":{\"@type\":\"EntryPoint\",\"urlTemplate\":\"https:\/\/mulheresacesta.com.br\/en\/?s={search_term_string}\"},\"query-input\":{\"@type\":\"PropertyValueSpecification\",\"valueRequired\":true,\"valueName\":\"search_term_string\"}}],\"inLanguage\":\"en-US\"},{\"@type\":\"Organization\",\"@id\":\"https:\/\/mulheresacesta.com.br\/en\/#organization\",\"name\":\"Mulheres \u00e0 Cesta\",\"url\":\"https:\/\/mulheresacesta.com.br\/en\/\",\"logo\":{\"@type\":\"ImageObject\",\"inLanguage\":\"en-US\",\"@id\":\"https:\/\/mulheresacesta.com.br\/en\/#\/schema\/logo\/image\/\",\"url\":\"https:\/\/mulheresacesta.com.br\/wp-content\/uploads\/2020\/10\/mulheres-a-cesta.jpg\",\"contentUrl\":\"https:\/\/mulheresacesta.com.br\/wp-content\/uploads\/2020\/10\/mulheres-a-cesta.jpg\",\"width\":400,\"height\":300,\"caption\":\"Mulheres \u00e0 Cesta\"},\"image\":{\"@id\":\"https:\/\/mulheresacesta.com.br\/en\/#\/schema\/logo\/image\/\"}},{\"@type\":\"Person\",\"@id\":\"https:\/\/mulheresacesta.com.br\/en\/#\/schema\/person\/11ebd3af76a9fcb3d26c815924faac42\",\"name\":\"mulheres\",\"sameAs\":[\"http:\/\/localhost\/mulheresacesta\"],\"url\":\"https:\/\/mulheresacesta.com.br\/en\/author\/mulheres\/\"}]}<\/script>\n<!-- \/ Yoast SEO plugin. -->","yoast_head_json":{"title":"Sele\u00e7\u00e3o Brasileira feminina de 3x3 \u00e9 convocada para a qualificat\u00f3ria da Copa do Mundo","description":"Com Gabriela Soss\u00f4, Luana Batista, Kawanni Firmino e Gabi Guimar\u00e3es, a equipe embarca nesta segunda-feira rumo ao Azerbaij\u00e3o, onde disputa a","robots":{"index":"index","follow":"follow","max-snippet":"max-snippet:-1","max-image-preview":"max-image-preview:large","max-video-preview":"max-video-preview:-1"},"canonical":"https:\/\/mulheresacesta.com.br\/en\/2025\/05\/selecao-brasileira-feminina-de-3x3-e-convocada-para-a-qualificatoria-da-copa-do-mundo\/","og_locale":"en_US","og_type":"article","og_title":"[:pt]Sele\u00e7\u00e3o Brasileira feminina de 3x3 \u00e9 convocada para a qualificat\u00f3ria da Copa do Mundo[:] - Mulheres \u00e0 Cesta","og_description":"Com Gabriela Soss\u00f4, Luana Batista, Kawanni Firmino e Gabi Guimar\u00e3es, a equipe embarca nesta segunda-feira rumo ao Azerbaij\u00e3o, onde disputa a","og_url":"https:\/\/mulheresacesta.com.br\/en\/2025\/05\/selecao-brasileira-feminina-de-3x3-e-convocada-para-a-qualificatoria-da-copa-do-mundo\/","og_site_name":"Mulheres \u00e0 Cesta","article_published_time":"2025-05-19T12:00:00+00:00","article_modified_time":"2025-06-02T17:42:18+00:00","og_image":[{"width":1500,"height":890,"url":"https:\/\/mulheresacesta.com.br\/wp-content\/uploads\/2025\/05\/Mulheres-a-Cesta_POST-1500-x-890-px-1-6.png","type":"image\/png"}],"author":"mulheres","twitter_card":"summary_large_image","twitter_misc":{"Written by":"mulheres","Est. reading time":"1 minute"},"schema":{"@context":"https:\/\/schema.org","@graph":[{"@type":"Article","@id":"https:\/\/mulheresacesta.com.br\/en\/2025\/05\/selecao-brasileira-feminina-de-3x3-e-convocada-para-a-qualificatoria-da-copa-do-mundo\/#article","isPartOf":{"@id":"https:\/\/mulheresacesta.com.br\/en\/2025\/05\/selecao-brasileira-feminina-de-3x3-e-convocada-para-a-qualificatoria-da-copa-do-mundo\/"},"author":{"name":"mulheres","@id":"https:\/\/mulheresacesta.com.br\/en\/#\/schema\/person\/11ebd3af76a9fcb3d26c815924faac42"},"headline":"Sele\u00e7\u00e3o Brasileira feminina de 3&#215;3 \u00e9 convocada para a qualificat\u00f3ria da Copa do Mundo","datePublished":"2025-05-19T12:00:00+00:00","dateModified":"2025-06-02T17:42:18+00:00","mainEntityOfPage":{"@id":"https:\/\/mulheresacesta.com.br\/en\/2025\/05\/selecao-brasileira-feminina-de-3x3-e-convocada-para-a-qualificatoria-da-copa-do-mundo\/"},"wordCount":237,"commentCount":0,"publisher":{"@id":"https:\/\/mulheresacesta.com.br\/en\/#organization"},"image":{"@id":"https:\/\/mulheresacesta.com.br\/en\/2025\/05\/selecao-brasileira-feminina-de-3x3-e-convocada-para-a-qualificatoria-da-copa-do-mundo\/#primaryimage"},"thumbnailUrl":"https:\/\/mulheresacesta.com.br\/wp-content\/uploads\/2025\/05\/Mulheres-a-Cesta_POST-1500-x-890-px-1-6.png","articleSection":["Blog"],"inLanguage":"en-US","potentialAction":[{"@type":"CommentAction","name":"Comment","target":["https:\/\/mulheresacesta.com.br\/en\/2025\/05\/selecao-brasileira-feminina-de-3x3-e-convocada-para-a-qualificatoria-da-copa-do-mundo\/#respond"]}]},{"@type":"WebPage","@id":"https:\/\/mulheresacesta.com.br\/en\/2025\/05\/selecao-brasileira-feminina-de-3x3-e-convocada-para-a-qualificatoria-da-copa-do-mundo\/","url":"https:\/\/mulheresacesta.com.br\/en\/2025\/05\/selecao-brasileira-feminina-de-3x3-e-convocada-para-a-qualificatoria-da-copa-do-mundo\/","name":"Sele\u00e7\u00e3o Brasileira feminina de 3x3 \u00e9 convocada para a qualificat\u00f3ria da Copa do Mundo","isPartOf":{"@id":"https:\/\/mulheresacesta.com.br\/en\/#website"},"primaryImageOfPage":{"@id":"https:\/\/mulheresacesta.com.br\/en\/2025\/05\/selecao-brasileira-feminina-de-3x3-e-convocada-para-a-qualificatoria-da-copa-do-mundo\/#primaryimage"},"image":{"@id":"https:\/\/mulheresacesta.com.br\/en\/2025\/05\/selecao-brasileira-feminina-de-3x3-e-convocada-para-a-qualificatoria-da-copa-do-mundo\/#primaryimage"},"thumbnailUrl":"https:\/\/mulheresacesta.com.br\/wp-content\/uploads\/2025\/05\/Mulheres-a-Cesta_POST-1500-x-890-px-1-6.png","datePublished":"2025-05-19T12:00:00+00:00","dateModified":"2025-06-02T17:42:18+00:00","description":"Com Gabriela Soss\u00f4, Luana Batista, Kawanni Firmino e Gabi Guimar\u00e3es, a equipe embarca nesta segunda-feira rumo ao Azerbaij\u00e3o, onde disputa a","breadcrumb":{"@id":"https:\/\/mulheresacesta.com.br\/en\/2025\/05\/selecao-brasileira-feminina-de-3x3-e-convocada-para-a-qualificatoria-da-copa-do-mundo\/#breadcrumb"},"inLanguage":"en-US","potentialAction":[{"@type":"ReadAction","target":["https:\/\/mulheresacesta.com.br\/en\/2025\/05\/selecao-brasileira-feminina-de-3x3-e-convocada-para-a-qualificatoria-da-copa-do-mundo\/"]}]},{"@type":"ImageObject","inLanguage":"en-US","@id":"https:\/\/mulheresacesta.com.br\/en\/2025\/05\/selecao-brasileira-feminina-de-3x3-e-convocada-para-a-qualificatoria-da-copa-do-mundo\/#primaryimage","url":"https:\/\/mulheresacesta.com.br\/wp-content\/uploads\/2025\/05\/Mulheres-a-Cesta_POST-1500-x-890-px-1-6.png","contentUrl":"https:\/\/mulheresacesta.com.br\/wp-content\/uploads\/2025\/05\/Mulheres-a-Cesta_POST-1500-x-890-px-1-6.png","width":1500,"height":890},{"@type":"BreadcrumbList","@id":"https:\/\/mulheresacesta.com.br\/en\/2025\/05\/selecao-brasileira-feminina-de-3x3-e-convocada-para-a-qualificatoria-da-copa-do-mundo\/#breadcrumb","itemListElement":[{"@type":"ListItem","position":1,"name":"In\u00edcio","item":"https:\/\/mulheresacesta.com.br\/"},{"@type":"ListItem","position":2,"name":"Sele\u00e7\u00e3o Brasileira feminina de 3&#215;3 \u00e9 convocada para a qualificat\u00f3ria da Copa do Mundo"}]},{"@type":"WebSite","@id":"https:\/\/mulheresacesta.com.br\/en\/#website","url":"https:\/\/mulheresacesta.com.br\/en\/","name":"Mulheres \u00e0 Cesta","description":"","publisher":{"@id":"https:\/\/mulheresacesta.com.br\/en\/#organization"},"potentialAction":[{"@type":"SearchAction","target":{"@type":"EntryPoint","urlTemplate":"https:\/\/mulheresacesta.com.br\/en\/?s={search_term_string}"},"query-input":{"@type":"PropertyValueSpecification","valueRequired":true,"valueName":"search_term_string"}}],"inLanguage":"en-US"},{"@type":"Organization","@id":"https:\/\/mulheresacesta.com.br\/en\/#organization","name":"Mulheres \u00e0 Cesta","url":"https:\/\/mulheresacesta.com.br\/en\/","logo":{"@type":"ImageObject","inLanguage":"en-US","@id":"https:\/\/mulheresacesta.com.br\/en\/#\/schema\/logo\/image\/","url":"https:\/\/mulheresacesta.com.br\/wp-content\/uploads\/2020\/10\/mulheres-a-cesta.jpg","contentUrl":"https:\/\/mulheresacesta.com.br\/wp-content\/uploads\/2020\/10\/mulheres-a-cesta.jpg","width":400,"height":300,"caption":"Mulheres \u00e0 Cesta"},"image":{"@id":"https:\/\/mulheresacesta.com.br\/en\/#\/schema\/logo\/image\/"}},{"@type":"Person","@id":"https:\/\/mulheresacesta.com.br\/en\/#\/schema\/person\/11ebd3af76a9fcb3d26c815924faac42","name":"mulheres","sameAs":["http:\/\/localhost\/mulheresacesta"],"url":"https:\/\/mulheresacesta.com.br\/en\/author\/mulheres\/"}]}},"_links":{"self":[{"href":"https:\/\/mulheresacesta.com.br\/en\/wp-json\/wp\/v2\/posts\/6556","targetHints":{"allow":["GET"]}}],"collection":[{"href":"https:\/\/mulheresacesta.com.br\/en\/wp-json\/wp\/v2\/posts"}],"about":[{"href":"https:\/\/mulheresacesta.com.br\/en\/wp-json\/wp\/v2\/types\/post"}],"author":[{"embeddable":true,"href":"https:\/\/mulheresacesta.com.br\/en\/wp-json\/wp\/v2\/users\/1"}],"replies":[{"embeddable":true,"href":"https:\/\/mulheresacesta.com.br\/en\/wp-json\/wp\/v2\/comments?post=6556"}],"version-history":[{"count":4,"href":"https:\/\/mulheresacesta.com.br\/en\/wp-json\/wp\/v2\/posts\/6556\/revisions"}],"predecessor-version":[{"id":6562,"href":"https:\/\/mulheresacesta.com.br\/en\/wp-json\/wp\/v2\/posts\/6556\/revisions\/6562"}],"wp:featuredmedia":[{"embeddable":true,"href":"https:\/\/mulheresacesta.com.br\/en\/wp-json\/wp\/v2\/media\/6559"}],"wp:attachment":[{"href":"https:\/\/mulheresacesta.com.br\/en\/wp-json\/wp\/v2\/media?parent=6556"}],"wp:term":[{"taxonomy":"category","embeddable":true,"href":"https:\/\/mulheresacesta.com.br\/en\/wp-json\/wp\/v2\/categories?post=6556"},{"taxonomy":"post_tag","embeddable":true,"href":"https:\/\/mulheresacesta.com.br\/en\/wp-json\/wp\/v2\/tags?post=6556"}],"curies":[{"name":"wp","href":"https:\/\/api.w.org\/{rel}","templated":true}]}}