{"id":6567,"date":"2025-05-23T09:00:00","date_gmt":"2025-05-23T12:00:00","guid":{"rendered":"https:\/\/mulheresacesta.com.br\/?p=6567"},"modified":"2025-05-16T16:11:21","modified_gmt":"2025-05-16T19:11:21","slug":"basquete-feminino-sub-19-brasil-pronto-para-disputar-o-mundial","status":"publish","type":"post","link":"https:\/\/mulheresacesta.com.br\/en\/2025\/05\/basquete-feminino-sub-19-brasil-pronto-para-disputar-o-mundial\/","title":{"rendered":"Basquete Feminino Sub-19: Brasil pronto para disputar o Mundial"},"content":{"rendered":"\n<p>A Sele\u00e7\u00e3o Brasileira feminina est\u00e1 pronta para mais um grande desafio: a <strong>Copa do Mundo Sub-19<\/strong>, que ser\u00e1 disputada entre os dias <strong>12 e 20 de julho<\/strong>, na <strong>Rep\u00fablica Tcheca<\/strong>. <\/p>\n\n\n\n<p>A prepara\u00e7\u00e3o come\u00e7a no dia <strong>15 de junho<\/strong>, com treinos em S\u00e3o Paulo. Depois, a equipe embarca para a <strong>Cro\u00e1cia<\/strong>, onde disputa amistosos nos dias <strong>8 e 9 de julho<\/strong>, antes de seguir para Brno (Rep\u00fablica Tcheca) para a estreia no Mundial.<\/p>\n\n\n\n<p><strong>\u201c\u00c9 uma gera\u00e7\u00e3o talentosa e experiente. Algumas jogadoras estiveram no \u00faltimo Mundial e o grupo vem de bons resultados. Temos uma chave dif\u00edcil, mas muito potencial para fazer uma grande campanha.\u201d<\/strong><br>\u2013 L\u00e9o Figueir\u00f3, t\u00e9cnico da Sele\u00e7\u00e3o Sub-19<\/p>\n\n\n\n<p>O Brasil est\u00e1 no <strong>Grupo C<\/strong>, ao lado de:<\/p>\n\n\n\n<ul class=\"wp-block-list\"><li><strong>Austr\u00e1lia<\/strong><\/li><li><strong>Fran\u00e7a<\/strong><\/li><li><strong>Mali<\/strong><\/li><\/ul>\n\n\n\n<p>Todas as sele\u00e7\u00f5es avan\u00e7am para as oitavas, e a partir da\u00ed \u00e9 <strong>mata-mata<\/strong>. Os jogos ser\u00e3o transmitidos ao vivo pelo canal da <strong>FIBA no YouTube<\/strong>.<\/p>\n\n\n\n<p><strong>Destaques da trajet\u00f3ria:<\/strong><\/p>\n\n\n\n<ul class=\"wp-block-list\"><li>Classifica\u00e7\u00e3o garantida com o 4\u00ba lugar na <strong>Copa Am\u00e9rica Sub-18<\/strong>, mesmo com desfalques<\/li><li>T\u00edtulo do <strong>Sul-Americano Sub-17<\/strong>, em 2023, na Col\u00f4mbia<\/li><\/ul>\n\n\n\n<p>Vamos com tudo, meninas!<\/p>\n\n\n\n<p><strong>Atletas convocadas<\/strong><br>Universidades dos EUA, clubes brasileiros e at\u00e9 uma representante na Espanha \u2014 o talento brasileiro est\u00e1 em todos os cantos<br><br>Confira a lista completa no site da <a aria-label=\"undefined (opens in a new tab)\" href=\"https:\/\/www.cbb.com.br\/noticia\/4855\/selecao-feminina-e-convocada-para-copa-do-mundo-sub-19\" target=\"_blank\" rel=\"noreferrer noopener\">CBB <\/a>ou acompanhe tudo com a gente aqui!<\/p>\n","protected":false},"excerpt":{"rendered":"<p>A Sele\u00e7\u00e3o Brasileira feminina est\u00e1 pronta para mais um grande desafio: a Copa do Mundo Sub-19, que ser\u00e1 disputada entre os dias 12 e 20 de julho, na Rep\u00fablica Tcheca. A prepara\u00e7\u00e3o come\u00e7a no dia 15 de junho, com treinos em S\u00e3o Paulo. Depois, a equipe embarca para a Cro\u00e1cia, onde disputa amistosos nos dias [&hellip;]<\/p>\n","protected":false},"author":1,"featured_media":6568,"comment_status":"open","ping_status":"open","sticky":false,"template":"","format":"standard","meta":{"footnotes":""},"categories":[12],"tags":[],"class_list":["post-6567","post","type-post","status-publish","format-standard","has-post-thumbnail","hentry","category-blog"],"acf":[],"yoast_head":"<!-- This site is optimized with the Yoast SEO plugin v26.4 - https:\/\/yoast.com\/wordpress\/plugins\/seo\/ -->\n<title>Basquete Feminino Sub-19: Brasil pronto para disputar o Mundial<\/title>\n<meta name=\"description\" content=\"A Sele\u00e7\u00e3o Brasileira feminina est\u00e1 pronta para mais um grande desafio: a Copa do Mundo Sub-19, que ser\u00e1 disputada entre os dias 12 e 20 de julho, na\" \/>\n<meta name=\"robots\" content=\"index, follow, max-snippet:-1, max-image-preview:large, max-video-preview:-1\" \/>\n<link rel=\"canonical\" href=\"https:\/\/mulheresacesta.com.br\/en\/2025\/05\/basquete-feminino-sub-19-brasil-pronto-para-disputar-o-mundial\/\" \/>\n<meta property=\"og:locale\" content=\"en_US\" \/>\n<meta property=\"og:locale:alternate\" content=\"pt_BR\" \/>\n<meta property=\"og:type\" content=\"article\" \/>\n<meta property=\"og:title\" content=\"Basquete Feminino Sub-19: Brasil pronto para disputar o Mundial\" \/>\n<meta property=\"og:description\" content=\"A Sele\u00e7\u00e3o Brasileira feminina est\u00e1 pronta para mais um grande desafio: a Copa do Mundo Sub-19, que ser\u00e1 disputada entre os dias 12 e 20 de julho, na\" \/>\n<meta property=\"og:url\" content=\"https:\/\/mulheresacesta.com.br\/en\/2025\/05\/basquete-feminino-sub-19-brasil-pronto-para-disputar-o-mundial\/\" \/>\n<meta property=\"og:site_name\" content=\"Mulheres \u00e0 Cesta\" \/>\n<meta property=\"article:published_time\" content=\"2025-05-23T12:00:00+00:00\" \/>\n<meta property=\"og:image\" content=\"https:\/\/mulheresacesta.com.br\/wp-content\/uploads\/2025\/05\/Mulheres-a-Cesta_POST-1500-x-890-px-2-co\u0301pia.png\" \/>\n\t<meta property=\"og:image:width\" content=\"1500\" \/>\n\t<meta property=\"og:image:height\" content=\"890\" \/>\n\t<meta property=\"og:image:type\" content=\"image\/png\" \/>\n<meta name=\"author\" content=\"mulheres\" \/>\n<meta name=\"twitter:card\" content=\"summary_large_image\" \/>\n<meta name=\"twitter:label1\" content=\"Written by\" \/>\n\t<meta name=\"twitter:data1\" content=\"mulheres\" \/>\n\t<meta name=\"twitter:label2\" content=\"Est. reading time\" \/>\n\t<meta name=\"twitter:data2\" content=\"1 minute\" \/>\n<script type=\"application\/ld+json\" class=\"yoast-schema-graph\">{\"@context\":\"https:\/\/schema.org\",\"@graph\":[{\"@type\":\"Article\",\"@id\":\"https:\/\/mulheresacesta.com.br\/2025\/05\/basquete-feminino-sub-19-brasil-pronto-para-disputar-o-mundial\/#article\",\"isPartOf\":{\"@id\":\"https:\/\/mulheresacesta.com.br\/2025\/05\/basquete-feminino-sub-19-brasil-pronto-para-disputar-o-mundial\/\"},\"author\":{\"name\":\"mulheres\",\"@id\":\"https:\/\/mulheresacesta.com.br\/en\/#\/schema\/person\/11ebd3af76a9fcb3d26c815924faac42\"},\"headline\":\"Basquete Feminino Sub-19: Brasil pronto para disputar o Mundial\",\"datePublished\":\"2025-05-23T12:00:00+00:00\",\"mainEntityOfPage\":{\"@id\":\"https:\/\/mulheresacesta.com.br\/2025\/05\/basquete-feminino-sub-19-brasil-pronto-para-disputar-o-mundial\/\"},\"wordCount\":234,\"commentCount\":0,\"publisher\":{\"@id\":\"https:\/\/mulheresacesta.com.br\/en\/#organization\"},\"image\":{\"@id\":\"https:\/\/mulheresacesta.com.br\/2025\/05\/basquete-feminino-sub-19-brasil-pronto-para-disputar-o-mundial\/#primaryimage\"},\"thumbnailUrl\":\"https:\/\/mulheresacesta.com.br\/wp-content\/uploads\/2025\/05\/Mulheres-a-Cesta_POST-1500-x-890-px-2-co\u0301pia.png\",\"articleSection\":[\"Blog\"],\"inLanguage\":\"en-US\",\"potentialAction\":[{\"@type\":\"CommentAction\",\"name\":\"Comment\",\"target\":[\"https:\/\/mulheresacesta.com.br\/2025\/05\/basquete-feminino-sub-19-brasil-pronto-para-disputar-o-mundial\/#respond\"]}]},{\"@type\":\"WebPage\",\"@id\":\"https:\/\/mulheresacesta.com.br\/2025\/05\/basquete-feminino-sub-19-brasil-pronto-para-disputar-o-mundial\/\",\"url\":\"https:\/\/mulheresacesta.com.br\/2025\/05\/basquete-feminino-sub-19-brasil-pronto-para-disputar-o-mundial\/\",\"name\":\"Basquete Feminino Sub-19: Brasil pronto para disputar o Mundial\",\"isPartOf\":{\"@id\":\"https:\/\/mulheresacesta.com.br\/en\/#website\"},\"primaryImageOfPage\":{\"@id\":\"https:\/\/mulheresacesta.com.br\/2025\/05\/basquete-feminino-sub-19-brasil-pronto-para-disputar-o-mundial\/#primaryimage\"},\"image\":{\"@id\":\"https:\/\/mulheresacesta.com.br\/2025\/05\/basquete-feminino-sub-19-brasil-pronto-para-disputar-o-mundial\/#primaryimage\"},\"thumbnailUrl\":\"https:\/\/mulheresacesta.com.br\/wp-content\/uploads\/2025\/05\/Mulheres-a-Cesta_POST-1500-x-890-px-2-co\u0301pia.png\",\"datePublished\":\"2025-05-23T12:00:00+00:00\",\"description\":\"A Sele\u00e7\u00e3o Brasileira feminina est\u00e1 pronta para mais um grande desafio: a Copa do Mundo Sub-19, que ser\u00e1 disputada entre os dias 12 e 20 de julho, na\",\"breadcrumb\":{\"@id\":\"https:\/\/mulheresacesta.com.br\/2025\/05\/basquete-feminino-sub-19-brasil-pronto-para-disputar-o-mundial\/#breadcrumb\"},\"inLanguage\":\"en-US\",\"potentialAction\":[{\"@type\":\"ReadAction\",\"target\":[\"https:\/\/mulheresacesta.com.br\/2025\/05\/basquete-feminino-sub-19-brasil-pronto-para-disputar-o-mundial\/\"]}]},{\"@type\":\"ImageObject\",\"inLanguage\":\"en-US\",\"@id\":\"https:\/\/mulheresacesta.com.br\/2025\/05\/basquete-feminino-sub-19-brasil-pronto-para-disputar-o-mundial\/#primaryimage\",\"url\":\"https:\/\/mulheresacesta.com.br\/wp-content\/uploads\/2025\/05\/Mulheres-a-Cesta_POST-1500-x-890-px-2-co\u0301pia.png\",\"contentUrl\":\"https:\/\/mulheresacesta.com.br\/wp-content\/uploads\/2025\/05\/Mulheres-a-Cesta_POST-1500-x-890-px-2-co\u0301pia.png\",\"width\":1500,\"height\":890},{\"@type\":\"BreadcrumbList\",\"@id\":\"https:\/\/mulheresacesta.com.br\/2025\/05\/basquete-feminino-sub-19-brasil-pronto-para-disputar-o-mundial\/#breadcrumb\",\"itemListElement\":[{\"@type\":\"ListItem\",\"position\":1,\"name\":\"In\u00edcio\",\"item\":\"https:\/\/mulheresacesta.com.br\/\"},{\"@type\":\"ListItem\",\"position\":2,\"name\":\"Basquete Feminino Sub-19: Brasil pronto para disputar o Mundial\"}]},{\"@type\":\"WebSite\",\"@id\":\"https:\/\/mulheresacesta.com.br\/en\/#website\",\"url\":\"https:\/\/mulheresacesta.com.br\/en\/\",\"name\":\"Mulheres \u00e0 Cesta\",\"description\":\"\",\"publisher\":{\"@id\":\"https:\/\/mulheresacesta.com.br\/en\/#organization\"},\"potentialAction\":[{\"@type\":\"SearchAction\",\"target\":{\"@type\":\"EntryPoint\",\"urlTemplate\":\"https:\/\/mulheresacesta.com.br\/en\/?s={search_term_string}\"},\"query-input\":{\"@type\":\"PropertyValueSpecification\",\"valueRequired\":true,\"valueName\":\"search_term_string\"}}],\"inLanguage\":\"en-US\"},{\"@type\":\"Organization\",\"@id\":\"https:\/\/mulheresacesta.com.br\/en\/#organization\",\"name\":\"Mulheres \u00e0 Cesta\",\"url\":\"https:\/\/mulheresacesta.com.br\/en\/\",\"logo\":{\"@type\":\"ImageObject\",\"inLanguage\":\"en-US\",\"@id\":\"https:\/\/mulheresacesta.com.br\/en\/#\/schema\/logo\/image\/\",\"url\":\"https:\/\/mulheresacesta.com.br\/wp-content\/uploads\/2020\/10\/mulheres-a-cesta.jpg\",\"contentUrl\":\"https:\/\/mulheresacesta.com.br\/wp-content\/uploads\/2020\/10\/mulheres-a-cesta.jpg\",\"width\":400,\"height\":300,\"caption\":\"Mulheres \u00e0 Cesta\"},\"image\":{\"@id\":\"https:\/\/mulheresacesta.com.br\/en\/#\/schema\/logo\/image\/\"}},{\"@type\":\"Person\",\"@id\":\"https:\/\/mulheresacesta.com.br\/en\/#\/schema\/person\/11ebd3af76a9fcb3d26c815924faac42\",\"name\":\"mulheres\",\"sameAs\":[\"http:\/\/localhost\/mulheresacesta\"],\"url\":\"https:\/\/mulheresacesta.com.br\/en\/author\/mulheres\/\"}]}<\/script>\n<!-- \/ Yoast SEO plugin. -->","yoast_head_json":{"title":"Basquete Feminino Sub-19: Brasil pronto para disputar o Mundial","description":"A Sele\u00e7\u00e3o Brasileira feminina est\u00e1 pronta para mais um grande desafio: a Copa do Mundo Sub-19, que ser\u00e1 disputada entre os dias 12 e 20 de julho, na","robots":{"index":"index","follow":"follow","max-snippet":"max-snippet:-1","max-image-preview":"max-image-preview:large","max-video-preview":"max-video-preview:-1"},"canonical":"https:\/\/mulheresacesta.com.br\/en\/2025\/05\/basquete-feminino-sub-19-brasil-pronto-para-disputar-o-mundial\/","og_locale":"en_US","og_type":"article","og_title":"[:pt]Basquete Feminino Sub-19: Brasil pronto para disputar o Mundial[:] - Mulheres \u00e0 Cesta","og_description":"A Sele\u00e7\u00e3o Brasileira feminina est\u00e1 pronta para mais um grande desafio: a Copa do Mundo Sub-19, que ser\u00e1 disputada entre os dias 12 e 20 de julho, na","og_url":"https:\/\/mulheresacesta.com.br\/en\/2025\/05\/basquete-feminino-sub-19-brasil-pronto-para-disputar-o-mundial\/","og_site_name":"Mulheres \u00e0 Cesta","article_published_time":"2025-05-23T12:00:00+00:00","og_image":[{"width":1500,"height":890,"url":"https:\/\/mulheresacesta.com.br\/wp-content\/uploads\/2025\/05\/Mulheres-a-Cesta_POST-1500-x-890-px-2-co\u0301pia.png","type":"image\/png"}],"author":"mulheres","twitter_card":"summary_large_image","twitter_misc":{"Written by":"mulheres","Est. reading time":"1 minute"},"schema":{"@context":"https:\/\/schema.org","@graph":[{"@type":"Article","@id":"https:\/\/mulheresacesta.com.br\/2025\/05\/basquete-feminino-sub-19-brasil-pronto-para-disputar-o-mundial\/#article","isPartOf":{"@id":"https:\/\/mulheresacesta.com.br\/2025\/05\/basquete-feminino-sub-19-brasil-pronto-para-disputar-o-mundial\/"},"author":{"name":"mulheres","@id":"https:\/\/mulheresacesta.com.br\/en\/#\/schema\/person\/11ebd3af76a9fcb3d26c815924faac42"},"headline":"Basquete Feminino Sub-19: Brasil pronto para disputar o Mundial","datePublished":"2025-05-23T12:00:00+00:00","mainEntityOfPage":{"@id":"https:\/\/mulheresacesta.com.br\/2025\/05\/basquete-feminino-sub-19-brasil-pronto-para-disputar-o-mundial\/"},"wordCount":234,"commentCount":0,"publisher":{"@id":"https:\/\/mulheresacesta.com.br\/en\/#organization"},"image":{"@id":"https:\/\/mulheresacesta.com.br\/2025\/05\/basquete-feminino-sub-19-brasil-pronto-para-disputar-o-mundial\/#primaryimage"},"thumbnailUrl":"https:\/\/mulheresacesta.com.br\/wp-content\/uploads\/2025\/05\/Mulheres-a-Cesta_POST-1500-x-890-px-2-co\u0301pia.png","articleSection":["Blog"],"inLanguage":"en-US","potentialAction":[{"@type":"CommentAction","name":"Comment","target":["https:\/\/mulheresacesta.com.br\/2025\/05\/basquete-feminino-sub-19-brasil-pronto-para-disputar-o-mundial\/#respond"]}]},{"@type":"WebPage","@id":"https:\/\/mulheresacesta.com.br\/2025\/05\/basquete-feminino-sub-19-brasil-pronto-para-disputar-o-mundial\/","url":"https:\/\/mulheresacesta.com.br\/2025\/05\/basquete-feminino-sub-19-brasil-pronto-para-disputar-o-mundial\/","name":"Basquete Feminino Sub-19: Brasil pronto para disputar o Mundial","isPartOf":{"@id":"https:\/\/mulheresacesta.com.br\/en\/#website"},"primaryImageOfPage":{"@id":"https:\/\/mulheresacesta.com.br\/2025\/05\/basquete-feminino-sub-19-brasil-pronto-para-disputar-o-mundial\/#primaryimage"},"image":{"@id":"https:\/\/mulheresacesta.com.br\/2025\/05\/basquete-feminino-sub-19-brasil-pronto-para-disputar-o-mundial\/#primaryimage"},"thumbnailUrl":"https:\/\/mulheresacesta.com.br\/wp-content\/uploads\/2025\/05\/Mulheres-a-Cesta_POST-1500-x-890-px-2-co\u0301pia.png","datePublished":"2025-05-23T12:00:00+00:00","description":"A Sele\u00e7\u00e3o Brasileira feminina est\u00e1 pronta para mais um grande desafio: a Copa do Mundo Sub-19, que ser\u00e1 disputada entre os dias 12 e 20 de julho, na","breadcrumb":{"@id":"https:\/\/mulheresacesta.com.br\/2025\/05\/basquete-feminino-sub-19-brasil-pronto-para-disputar-o-mundial\/#breadcrumb"},"inLanguage":"en-US","potentialAction":[{"@type":"ReadAction","target":["https:\/\/mulheresacesta.com.br\/2025\/05\/basquete-feminino-sub-19-brasil-pronto-para-disputar-o-mundial\/"]}]},{"@type":"ImageObject","inLanguage":"en-US","@id":"https:\/\/mulheresacesta.com.br\/2025\/05\/basquete-feminino-sub-19-brasil-pronto-para-disputar-o-mundial\/#primaryimage","url":"https:\/\/mulheresacesta.com.br\/wp-content\/uploads\/2025\/05\/Mulheres-a-Cesta_POST-1500-x-890-px-2-co\u0301pia.png","contentUrl":"https:\/\/mulheresacesta.com.br\/wp-content\/uploads\/2025\/05\/Mulheres-a-Cesta_POST-1500-x-890-px-2-co\u0301pia.png","width":1500,"height":890},{"@type":"BreadcrumbList","@id":"https:\/\/mulheresacesta.com.br\/2025\/05\/basquete-feminino-sub-19-brasil-pronto-para-disputar-o-mundial\/#breadcrumb","itemListElement":[{"@type":"ListItem","position":1,"name":"In\u00edcio","item":"https:\/\/mulheresacesta.com.br\/"},{"@type":"ListItem","position":2,"name":"Basquete Feminino Sub-19: Brasil pronto para disputar o Mundial"}]},{"@type":"WebSite","@id":"https:\/\/mulheresacesta.com.br\/en\/#website","url":"https:\/\/mulheresacesta.com.br\/en\/","name":"Mulheres \u00e0 Cesta","description":"","publisher":{"@id":"https:\/\/mulheresacesta.com.br\/en\/#organization"},"potentialAction":[{"@type":"SearchAction","target":{"@type":"EntryPoint","urlTemplate":"https:\/\/mulheresacesta.com.br\/en\/?s={search_term_string}"},"query-input":{"@type":"PropertyValueSpecification","valueRequired":true,"valueName":"search_term_string"}}],"inLanguage":"en-US"},{"@type":"Organization","@id":"https:\/\/mulheresacesta.com.br\/en\/#organization","name":"Mulheres \u00e0 Cesta","url":"https:\/\/mulheresacesta.com.br\/en\/","logo":{"@type":"ImageObject","inLanguage":"en-US","@id":"https:\/\/mulheresacesta.com.br\/en\/#\/schema\/logo\/image\/","url":"https:\/\/mulheresacesta.com.br\/wp-content\/uploads\/2020\/10\/mulheres-a-cesta.jpg","contentUrl":"https:\/\/mulheresacesta.com.br\/wp-content\/uploads\/2020\/10\/mulheres-a-cesta.jpg","width":400,"height":300,"caption":"Mulheres \u00e0 Cesta"},"image":{"@id":"https:\/\/mulheresacesta.com.br\/en\/#\/schema\/logo\/image\/"}},{"@type":"Person","@id":"https:\/\/mulheresacesta.com.br\/en\/#\/schema\/person\/11ebd3af76a9fcb3d26c815924faac42","name":"mulheres","sameAs":["http:\/\/localhost\/mulheresacesta"],"url":"https:\/\/mulheresacesta.com.br\/en\/author\/mulheres\/"}]}},"_links":{"self":[{"href":"https:\/\/mulheresacesta.com.br\/en\/wp-json\/wp\/v2\/posts\/6567","targetHints":{"allow":["GET"]}}],"collection":[{"href":"https:\/\/mulheresacesta.com.br\/en\/wp-json\/wp\/v2\/posts"}],"about":[{"href":"https:\/\/mulheresacesta.com.br\/en\/wp-json\/wp\/v2\/types\/post"}],"author":[{"embeddable":true,"href":"https:\/\/mulheresacesta.com.br\/en\/wp-json\/wp\/v2\/users\/1"}],"replies":[{"embeddable":true,"href":"https:\/\/mulheresacesta.com.br\/en\/wp-json\/wp\/v2\/comments?post=6567"}],"version-history":[{"count":2,"href":"https:\/\/mulheresacesta.com.br\/en\/wp-json\/wp\/v2\/posts\/6567\/revisions"}],"predecessor-version":[{"id":6570,"href":"https:\/\/mulheresacesta.com.br\/en\/wp-json\/wp\/v2\/posts\/6567\/revisions\/6570"}],"wp:featuredmedia":[{"embeddable":true,"href":"https:\/\/mulheresacesta.com.br\/en\/wp-json\/wp\/v2\/media\/6568"}],"wp:attachment":[{"href":"https:\/\/mulheresacesta.com.br\/en\/wp-json\/wp\/v2\/media?parent=6567"}],"wp:term":[{"taxonomy":"category","embeddable":true,"href":"https:\/\/mulheresacesta.com.br\/en\/wp-json\/wp\/v2\/categories?post=6567"},{"taxonomy":"post_tag","embeddable":true,"href":"https:\/\/mulheresacesta.com.br\/en\/wp-json\/wp\/v2\/tags?post=6567"}],"curies":[{"name":"wp","href":"https:\/\/api.w.org\/{rel}","templated":true}]}}