{"id":6573,"date":"2025-05-26T09:15:45","date_gmt":"2025-05-26T12:15:45","guid":{"rendered":"https:\/\/mulheresacesta.com.br\/?p=6573"},"modified":"2025-05-26T09:19:35","modified_gmt":"2025-05-26T12:19:35","slug":"brasil-garante-vaga-na-copa-do-mundo-de-basquete-3x3-feminino-de-2025","status":"publish","type":"post","link":"https:\/\/mulheresacesta.com.br\/en\/2025\/05\/brasil-garante-vaga-na-copa-do-mundo-de-basquete-3x3-feminino-de-2025\/","title":{"rendered":"Brasil garante vaga na Copa do Mundo de Basquete 3&#215;3 Feminino de 2025"},"content":{"rendered":"\n<p>A classifica\u00e7\u00e3o foi conquistada neste domingo (25), ap\u00f3s uma campanha impec\u00e1vel no torneio qualificat\u00f3rio realizado em Baku, no Azerbaij\u00e3o.<\/p>\n\n\n\n<p>Invicta, a equipe brasileira venceu os tr\u00eas jogos que disputou. No s\u00e1bado (24), pelo Grupo A, o Brasil superou o Chile por 21 a 20 e Taipei por 21 a 16, assegurando a lideran\u00e7a da chave e o avan\u00e7o \u00e0 partida decisiva.<\/p>\n\n\n\n<p>A vaga foi confirmada no domingo com uma vit\u00f3ria por 18 a 15 sobre o Egito, carimbando o passaporte para o Mundial, que acontece de 23 a 29 de junho de 2025, em Ulaanbaatar, na Mong\u00f3lia.<\/p>\n\n\n\n<p>O elenco que representou o pa\u00eds foi formado por Gabriela Soss\u00f4, Luana Batista, Kawanni Firmino e Gabi Guimar\u00e3es. A equipe teve comando t\u00e9cnico da treinadora Elen Rosa e coordena\u00e7\u00e3o de Thiago de Sordi.<\/p>\n\n\n\n<p>A Copa do Mundo de Basquete 3&#215;3 reunir\u00e1 20 sele\u00e7\u00f5es e, ap\u00f3s uma campanha consistente no qualificat\u00f3rio, o Brasil j\u00e1 mira sua prepara\u00e7\u00e3o para brilhar mais uma vez no cen\u00e1rio internacional.<\/p>\n\n\n\n<p>Fonte: Assessoria CBB<\/p>\n","protected":false},"excerpt":{"rendered":"<p>A classifica\u00e7\u00e3o foi conquistada neste domingo (25), ap\u00f3s uma campanha impec\u00e1vel no torneio qualificat\u00f3rio realizado em Baku, no Azerbaij\u00e3o. Invicta, a equipe brasileira venceu os tr\u00eas jogos que disputou. No s\u00e1bado (24), pelo Grupo A, o Brasil superou o Chile por 21 a 20 e Taipei por 21 a 16, assegurando a lideran\u00e7a da chave [&hellip;]<\/p>\n","protected":false},"author":1,"featured_media":6574,"comment_status":"open","ping_status":"open","sticky":false,"template":"","format":"standard","meta":{"footnotes":""},"categories":[12],"tags":[],"class_list":["post-6573","post","type-post","status-publish","format-standard","has-post-thumbnail","hentry","category-blog"],"acf":[],"yoast_head":"<!-- This site is optimized with the Yoast SEO plugin v26.4 - https:\/\/yoast.com\/wordpress\/plugins\/seo\/ -->\n<title>Brasil garante vaga na Copa do Mundo de Basquete 3x3 Feminino de 2025<\/title>\n<meta name=\"description\" content=\"A classifica\u00e7\u00e3o foi conquistada neste domingo (25), ap\u00f3s uma campanha impec\u00e1vel no torneio qualificat\u00f3rio realizado em Baku, no Azerbaij\u00e3o. Invicta, a\" \/>\n<meta name=\"robots\" content=\"index, follow, max-snippet:-1, max-image-preview:large, max-video-preview:-1\" \/>\n<link rel=\"canonical\" href=\"https:\/\/mulheresacesta.com.br\/en\/2025\/05\/brasil-garante-vaga-na-copa-do-mundo-de-basquete-3x3-feminino-de-2025\/\" \/>\n<meta property=\"og:locale\" content=\"en_US\" \/>\n<meta property=\"og:locale:alternate\" content=\"pt_BR\" \/>\n<meta property=\"og:type\" content=\"article\" \/>\n<meta property=\"og:title\" content=\"Brasil garante vaga na Copa do Mundo de Basquete 3x3 Feminino de 2025\" \/>\n<meta property=\"og:description\" content=\"A classifica\u00e7\u00e3o foi conquistada neste domingo (25), ap\u00f3s uma campanha impec\u00e1vel no torneio qualificat\u00f3rio realizado em Baku, no Azerbaij\u00e3o. Invicta, a\" \/>\n<meta property=\"og:url\" content=\"https:\/\/mulheresacesta.com.br\/en\/2025\/05\/brasil-garante-vaga-na-copa-do-mundo-de-basquete-3x3-feminino-de-2025\/\" \/>\n<meta property=\"og:site_name\" content=\"Mulheres \u00e0 Cesta\" \/>\n<meta property=\"article:published_time\" content=\"2025-05-26T12:15:45+00:00\" \/>\n<meta property=\"article:modified_time\" content=\"2025-05-26T12:19:35+00:00\" \/>\n<meta property=\"og:image\" content=\"https:\/\/mulheresacesta.com.br\/wp-content\/uploads\/2025\/05\/marcia-britto_post-1580-x-890-px-1080-x-1080-px-1500-x-890-px.png\" \/>\n\t<meta property=\"og:image:width\" content=\"1500\" \/>\n\t<meta property=\"og:image:height\" content=\"890\" \/>\n\t<meta property=\"og:image:type\" content=\"image\/png\" \/>\n<meta name=\"author\" content=\"mulheres\" \/>\n<meta name=\"twitter:card\" content=\"summary_large_image\" \/>\n<meta name=\"twitter:label1\" content=\"Written by\" \/>\n\t<meta name=\"twitter:data1\" content=\"mulheres\" \/>\n\t<meta name=\"twitter:label2\" content=\"Est. reading time\" \/>\n\t<meta name=\"twitter:data2\" content=\"1 minute\" \/>\n<script type=\"application\/ld+json\" class=\"yoast-schema-graph\">{\"@context\":\"https:\/\/schema.org\",\"@graph\":[{\"@type\":\"Article\",\"@id\":\"https:\/\/mulheresacesta.com.br\/2025\/05\/brasil-garante-vaga-na-copa-do-mundo-de-basquete-3x3-feminino-de-2025\/#article\",\"isPartOf\":{\"@id\":\"https:\/\/mulheresacesta.com.br\/2025\/05\/brasil-garante-vaga-na-copa-do-mundo-de-basquete-3x3-feminino-de-2025\/\"},\"author\":{\"name\":\"mulheres\",\"@id\":\"https:\/\/mulheresacesta.com.br\/en\/#\/schema\/person\/11ebd3af76a9fcb3d26c815924faac42\"},\"headline\":\"Brasil garante vaga na Copa do Mundo de Basquete 3&#215;3 Feminino de 2025\",\"datePublished\":\"2025-05-26T12:15:45+00:00\",\"dateModified\":\"2025-05-26T12:19:35+00:00\",\"mainEntityOfPage\":{\"@id\":\"https:\/\/mulheresacesta.com.br\/2025\/05\/brasil-garante-vaga-na-copa-do-mundo-de-basquete-3x3-feminino-de-2025\/\"},\"wordCount\":185,\"commentCount\":0,\"publisher\":{\"@id\":\"https:\/\/mulheresacesta.com.br\/en\/#organization\"},\"image\":{\"@id\":\"https:\/\/mulheresacesta.com.br\/2025\/05\/brasil-garante-vaga-na-copa-do-mundo-de-basquete-3x3-feminino-de-2025\/#primaryimage\"},\"thumbnailUrl\":\"https:\/\/mulheresacesta.com.br\/wp-content\/uploads\/2025\/05\/marcia-britto_post-1580-x-890-px-1080-x-1080-px-1500-x-890-px.png\",\"articleSection\":[\"Blog\"],\"inLanguage\":\"en-US\",\"potentialAction\":[{\"@type\":\"CommentAction\",\"name\":\"Comment\",\"target\":[\"https:\/\/mulheresacesta.com.br\/2025\/05\/brasil-garante-vaga-na-copa-do-mundo-de-basquete-3x3-feminino-de-2025\/#respond\"]}]},{\"@type\":\"WebPage\",\"@id\":\"https:\/\/mulheresacesta.com.br\/2025\/05\/brasil-garante-vaga-na-copa-do-mundo-de-basquete-3x3-feminino-de-2025\/\",\"url\":\"https:\/\/mulheresacesta.com.br\/2025\/05\/brasil-garante-vaga-na-copa-do-mundo-de-basquete-3x3-feminino-de-2025\/\",\"name\":\"Brasil garante vaga na Copa do Mundo de Basquete 3x3 Feminino de 2025\",\"isPartOf\":{\"@id\":\"https:\/\/mulheresacesta.com.br\/en\/#website\"},\"primaryImageOfPage\":{\"@id\":\"https:\/\/mulheresacesta.com.br\/2025\/05\/brasil-garante-vaga-na-copa-do-mundo-de-basquete-3x3-feminino-de-2025\/#primaryimage\"},\"image\":{\"@id\":\"https:\/\/mulheresacesta.com.br\/2025\/05\/brasil-garante-vaga-na-copa-do-mundo-de-basquete-3x3-feminino-de-2025\/#primaryimage\"},\"thumbnailUrl\":\"https:\/\/mulheresacesta.com.br\/wp-content\/uploads\/2025\/05\/marcia-britto_post-1580-x-890-px-1080-x-1080-px-1500-x-890-px.png\",\"datePublished\":\"2025-05-26T12:15:45+00:00\",\"dateModified\":\"2025-05-26T12:19:35+00:00\",\"description\":\"A classifica\u00e7\u00e3o foi conquistada neste domingo (25), ap\u00f3s uma campanha impec\u00e1vel no torneio qualificat\u00f3rio realizado em Baku, no Azerbaij\u00e3o. Invicta, a\",\"breadcrumb\":{\"@id\":\"https:\/\/mulheresacesta.com.br\/2025\/05\/brasil-garante-vaga-na-copa-do-mundo-de-basquete-3x3-feminino-de-2025\/#breadcrumb\"},\"inLanguage\":\"en-US\",\"potentialAction\":[{\"@type\":\"ReadAction\",\"target\":[\"https:\/\/mulheresacesta.com.br\/2025\/05\/brasil-garante-vaga-na-copa-do-mundo-de-basquete-3x3-feminino-de-2025\/\"]}]},{\"@type\":\"ImageObject\",\"inLanguage\":\"en-US\",\"@id\":\"https:\/\/mulheresacesta.com.br\/2025\/05\/brasil-garante-vaga-na-copa-do-mundo-de-basquete-3x3-feminino-de-2025\/#primaryimage\",\"url\":\"https:\/\/mulheresacesta.com.br\/wp-content\/uploads\/2025\/05\/marcia-britto_post-1580-x-890-px-1080-x-1080-px-1500-x-890-px.png\",\"contentUrl\":\"https:\/\/mulheresacesta.com.br\/wp-content\/uploads\/2025\/05\/marcia-britto_post-1580-x-890-px-1080-x-1080-px-1500-x-890-px.png\",\"width\":1500,\"height\":890},{\"@type\":\"BreadcrumbList\",\"@id\":\"https:\/\/mulheresacesta.com.br\/2025\/05\/brasil-garante-vaga-na-copa-do-mundo-de-basquete-3x3-feminino-de-2025\/#breadcrumb\",\"itemListElement\":[{\"@type\":\"ListItem\",\"position\":1,\"name\":\"In\u00edcio\",\"item\":\"https:\/\/mulheresacesta.com.br\/\"},{\"@type\":\"ListItem\",\"position\":2,\"name\":\"Brasil garante vaga na Copa do Mundo de Basquete 3&#215;3 Feminino de 2025\"}]},{\"@type\":\"WebSite\",\"@id\":\"https:\/\/mulheresacesta.com.br\/en\/#website\",\"url\":\"https:\/\/mulheresacesta.com.br\/en\/\",\"name\":\"Mulheres \u00e0 Cesta\",\"description\":\"\",\"publisher\":{\"@id\":\"https:\/\/mulheresacesta.com.br\/en\/#organization\"},\"potentialAction\":[{\"@type\":\"SearchAction\",\"target\":{\"@type\":\"EntryPoint\",\"urlTemplate\":\"https:\/\/mulheresacesta.com.br\/en\/?s={search_term_string}\"},\"query-input\":{\"@type\":\"PropertyValueSpecification\",\"valueRequired\":true,\"valueName\":\"search_term_string\"}}],\"inLanguage\":\"en-US\"},{\"@type\":\"Organization\",\"@id\":\"https:\/\/mulheresacesta.com.br\/en\/#organization\",\"name\":\"Mulheres \u00e0 Cesta\",\"url\":\"https:\/\/mulheresacesta.com.br\/en\/\",\"logo\":{\"@type\":\"ImageObject\",\"inLanguage\":\"en-US\",\"@id\":\"https:\/\/mulheresacesta.com.br\/en\/#\/schema\/logo\/image\/\",\"url\":\"https:\/\/mulheresacesta.com.br\/wp-content\/uploads\/2020\/10\/mulheres-a-cesta.jpg\",\"contentUrl\":\"https:\/\/mulheresacesta.com.br\/wp-content\/uploads\/2020\/10\/mulheres-a-cesta.jpg\",\"width\":400,\"height\":300,\"caption\":\"Mulheres \u00e0 Cesta\"},\"image\":{\"@id\":\"https:\/\/mulheresacesta.com.br\/en\/#\/schema\/logo\/image\/\"}},{\"@type\":\"Person\",\"@id\":\"https:\/\/mulheresacesta.com.br\/en\/#\/schema\/person\/11ebd3af76a9fcb3d26c815924faac42\",\"name\":\"mulheres\",\"sameAs\":[\"http:\/\/localhost\/mulheresacesta\"],\"url\":\"https:\/\/mulheresacesta.com.br\/en\/author\/mulheres\/\"}]}<\/script>\n<!-- \/ Yoast SEO plugin. -->","yoast_head_json":{"title":"Brasil garante vaga na Copa do Mundo de Basquete 3x3 Feminino de 2025","description":"A classifica\u00e7\u00e3o foi conquistada neste domingo (25), ap\u00f3s uma campanha impec\u00e1vel no torneio qualificat\u00f3rio realizado em Baku, no Azerbaij\u00e3o. Invicta, a","robots":{"index":"index","follow":"follow","max-snippet":"max-snippet:-1","max-image-preview":"max-image-preview:large","max-video-preview":"max-video-preview:-1"},"canonical":"https:\/\/mulheresacesta.com.br\/en\/2025\/05\/brasil-garante-vaga-na-copa-do-mundo-de-basquete-3x3-feminino-de-2025\/","og_locale":"en_US","og_type":"article","og_title":"[:pt]Brasil garante vaga na Copa do Mundo de Basquete 3x3 Feminino de 2025[:] - Mulheres \u00e0 Cesta","og_description":"A classifica\u00e7\u00e3o foi conquistada neste domingo (25), ap\u00f3s uma campanha impec\u00e1vel no torneio qualificat\u00f3rio realizado em Baku, no Azerbaij\u00e3o. Invicta, a","og_url":"https:\/\/mulheresacesta.com.br\/en\/2025\/05\/brasil-garante-vaga-na-copa-do-mundo-de-basquete-3x3-feminino-de-2025\/","og_site_name":"Mulheres \u00e0 Cesta","article_published_time":"2025-05-26T12:15:45+00:00","article_modified_time":"2025-05-26T12:19:35+00:00","og_image":[{"width":1500,"height":890,"url":"https:\/\/mulheresacesta.com.br\/wp-content\/uploads\/2025\/05\/marcia-britto_post-1580-x-890-px-1080-x-1080-px-1500-x-890-px.png","type":"image\/png"}],"author":"mulheres","twitter_card":"summary_large_image","twitter_misc":{"Written by":"mulheres","Est. reading time":"1 minute"},"schema":{"@context":"https:\/\/schema.org","@graph":[{"@type":"Article","@id":"https:\/\/mulheresacesta.com.br\/2025\/05\/brasil-garante-vaga-na-copa-do-mundo-de-basquete-3x3-feminino-de-2025\/#article","isPartOf":{"@id":"https:\/\/mulheresacesta.com.br\/2025\/05\/brasil-garante-vaga-na-copa-do-mundo-de-basquete-3x3-feminino-de-2025\/"},"author":{"name":"mulheres","@id":"https:\/\/mulheresacesta.com.br\/en\/#\/schema\/person\/11ebd3af76a9fcb3d26c815924faac42"},"headline":"Brasil garante vaga na Copa do Mundo de Basquete 3&#215;3 Feminino de 2025","datePublished":"2025-05-26T12:15:45+00:00","dateModified":"2025-05-26T12:19:35+00:00","mainEntityOfPage":{"@id":"https:\/\/mulheresacesta.com.br\/2025\/05\/brasil-garante-vaga-na-copa-do-mundo-de-basquete-3x3-feminino-de-2025\/"},"wordCount":185,"commentCount":0,"publisher":{"@id":"https:\/\/mulheresacesta.com.br\/en\/#organization"},"image":{"@id":"https:\/\/mulheresacesta.com.br\/2025\/05\/brasil-garante-vaga-na-copa-do-mundo-de-basquete-3x3-feminino-de-2025\/#primaryimage"},"thumbnailUrl":"https:\/\/mulheresacesta.com.br\/wp-content\/uploads\/2025\/05\/marcia-britto_post-1580-x-890-px-1080-x-1080-px-1500-x-890-px.png","articleSection":["Blog"],"inLanguage":"en-US","potentialAction":[{"@type":"CommentAction","name":"Comment","target":["https:\/\/mulheresacesta.com.br\/2025\/05\/brasil-garante-vaga-na-copa-do-mundo-de-basquete-3x3-feminino-de-2025\/#respond"]}]},{"@type":"WebPage","@id":"https:\/\/mulheresacesta.com.br\/2025\/05\/brasil-garante-vaga-na-copa-do-mundo-de-basquete-3x3-feminino-de-2025\/","url":"https:\/\/mulheresacesta.com.br\/2025\/05\/brasil-garante-vaga-na-copa-do-mundo-de-basquete-3x3-feminino-de-2025\/","name":"Brasil garante vaga na Copa do Mundo de Basquete 3x3 Feminino de 2025","isPartOf":{"@id":"https:\/\/mulheresacesta.com.br\/en\/#website"},"primaryImageOfPage":{"@id":"https:\/\/mulheresacesta.com.br\/2025\/05\/brasil-garante-vaga-na-copa-do-mundo-de-basquete-3x3-feminino-de-2025\/#primaryimage"},"image":{"@id":"https:\/\/mulheresacesta.com.br\/2025\/05\/brasil-garante-vaga-na-copa-do-mundo-de-basquete-3x3-feminino-de-2025\/#primaryimage"},"thumbnailUrl":"https:\/\/mulheresacesta.com.br\/wp-content\/uploads\/2025\/05\/marcia-britto_post-1580-x-890-px-1080-x-1080-px-1500-x-890-px.png","datePublished":"2025-05-26T12:15:45+00:00","dateModified":"2025-05-26T12:19:35+00:00","description":"A classifica\u00e7\u00e3o foi conquistada neste domingo (25), ap\u00f3s uma campanha impec\u00e1vel no torneio qualificat\u00f3rio realizado em Baku, no Azerbaij\u00e3o. Invicta, a","breadcrumb":{"@id":"https:\/\/mulheresacesta.com.br\/2025\/05\/brasil-garante-vaga-na-copa-do-mundo-de-basquete-3x3-feminino-de-2025\/#breadcrumb"},"inLanguage":"en-US","potentialAction":[{"@type":"ReadAction","target":["https:\/\/mulheresacesta.com.br\/2025\/05\/brasil-garante-vaga-na-copa-do-mundo-de-basquete-3x3-feminino-de-2025\/"]}]},{"@type":"ImageObject","inLanguage":"en-US","@id":"https:\/\/mulheresacesta.com.br\/2025\/05\/brasil-garante-vaga-na-copa-do-mundo-de-basquete-3x3-feminino-de-2025\/#primaryimage","url":"https:\/\/mulheresacesta.com.br\/wp-content\/uploads\/2025\/05\/marcia-britto_post-1580-x-890-px-1080-x-1080-px-1500-x-890-px.png","contentUrl":"https:\/\/mulheresacesta.com.br\/wp-content\/uploads\/2025\/05\/marcia-britto_post-1580-x-890-px-1080-x-1080-px-1500-x-890-px.png","width":1500,"height":890},{"@type":"BreadcrumbList","@id":"https:\/\/mulheresacesta.com.br\/2025\/05\/brasil-garante-vaga-na-copa-do-mundo-de-basquete-3x3-feminino-de-2025\/#breadcrumb","itemListElement":[{"@type":"ListItem","position":1,"name":"In\u00edcio","item":"https:\/\/mulheresacesta.com.br\/"},{"@type":"ListItem","position":2,"name":"Brasil garante vaga na Copa do Mundo de Basquete 3&#215;3 Feminino de 2025"}]},{"@type":"WebSite","@id":"https:\/\/mulheresacesta.com.br\/en\/#website","url":"https:\/\/mulheresacesta.com.br\/en\/","name":"Mulheres \u00e0 Cesta","description":"","publisher":{"@id":"https:\/\/mulheresacesta.com.br\/en\/#organization"},"potentialAction":[{"@type":"SearchAction","target":{"@type":"EntryPoint","urlTemplate":"https:\/\/mulheresacesta.com.br\/en\/?s={search_term_string}"},"query-input":{"@type":"PropertyValueSpecification","valueRequired":true,"valueName":"search_term_string"}}],"inLanguage":"en-US"},{"@type":"Organization","@id":"https:\/\/mulheresacesta.com.br\/en\/#organization","name":"Mulheres \u00e0 Cesta","url":"https:\/\/mulheresacesta.com.br\/en\/","logo":{"@type":"ImageObject","inLanguage":"en-US","@id":"https:\/\/mulheresacesta.com.br\/en\/#\/schema\/logo\/image\/","url":"https:\/\/mulheresacesta.com.br\/wp-content\/uploads\/2020\/10\/mulheres-a-cesta.jpg","contentUrl":"https:\/\/mulheresacesta.com.br\/wp-content\/uploads\/2020\/10\/mulheres-a-cesta.jpg","width":400,"height":300,"caption":"Mulheres \u00e0 Cesta"},"image":{"@id":"https:\/\/mulheresacesta.com.br\/en\/#\/schema\/logo\/image\/"}},{"@type":"Person","@id":"https:\/\/mulheresacesta.com.br\/en\/#\/schema\/person\/11ebd3af76a9fcb3d26c815924faac42","name":"mulheres","sameAs":["http:\/\/localhost\/mulheresacesta"],"url":"https:\/\/mulheresacesta.com.br\/en\/author\/mulheres\/"}]}},"_links":{"self":[{"href":"https:\/\/mulheresacesta.com.br\/en\/wp-json\/wp\/v2\/posts\/6573","targetHints":{"allow":["GET"]}}],"collection":[{"href":"https:\/\/mulheresacesta.com.br\/en\/wp-json\/wp\/v2\/posts"}],"about":[{"href":"https:\/\/mulheresacesta.com.br\/en\/wp-json\/wp\/v2\/types\/post"}],"author":[{"embeddable":true,"href":"https:\/\/mulheresacesta.com.br\/en\/wp-json\/wp\/v2\/users\/1"}],"replies":[{"embeddable":true,"href":"https:\/\/mulheresacesta.com.br\/en\/wp-json\/wp\/v2\/comments?post=6573"}],"version-history":[{"count":3,"href":"https:\/\/mulheresacesta.com.br\/en\/wp-json\/wp\/v2\/posts\/6573\/revisions"}],"predecessor-version":[{"id":6577,"href":"https:\/\/mulheresacesta.com.br\/en\/wp-json\/wp\/v2\/posts\/6573\/revisions\/6577"}],"wp:featuredmedia":[{"embeddable":true,"href":"https:\/\/mulheresacesta.com.br\/en\/wp-json\/wp\/v2\/media\/6574"}],"wp:attachment":[{"href":"https:\/\/mulheresacesta.com.br\/en\/wp-json\/wp\/v2\/media?parent=6573"}],"wp:term":[{"taxonomy":"category","embeddable":true,"href":"https:\/\/mulheresacesta.com.br\/en\/wp-json\/wp\/v2\/categories?post=6573"},{"taxonomy":"post_tag","embeddable":true,"href":"https:\/\/mulheresacesta.com.br\/en\/wp-json\/wp\/v2\/tags?post=6573"}],"curies":[{"name":"wp","href":"https:\/\/api.w.org\/{rel}","templated":true}]}}