{"id":6639,"date":"2025-06-06T09:00:00","date_gmt":"2025-06-06T12:00:00","guid":{"rendered":"https:\/\/mulheresacesta.com.br\/?p=6639"},"modified":"2025-06-05T14:33:12","modified_gmt":"2025-06-05T17:33:12","slug":"brasil-convoca-18-atletas-e-inicia-preparacao-para-defender-o-titulo-da-americup-feminina","status":"publish","type":"post","link":"https:\/\/mulheresacesta.com.br\/en\/2025\/06\/brasil-convoca-18-atletas-e-inicia-preparacao-para-defender-o-titulo-da-americup-feminina\/","title":{"rendered":"Brasil convoca 18 atletas e inicia prepara\u00e7\u00e3o para defender o t\u00edtulo da AmeriCup Feminina"},"content":{"rendered":"\n<p>A Sele\u00e7\u00e3o Brasileira feminina de basquete est\u00e1 convocada para a disputa da <strong>FIBA AmeriCup Women 2025<\/strong>, que acontece de <strong>28 de junho a 6 de julho<\/strong>, em <strong>Santiago, no Chile<\/strong>. A equipe, comandada pela t\u00e9cnica americana <strong>Pokey Chatman<\/strong>, contar\u00e1 com 18 jogadoras nesta fase de treinos, com o objetivo de defender o t\u00edtulo conquistado em 2023.<\/p>\n\n\n\n<p>\u2014 <em>Tenho respeito por todas as sele\u00e7\u00f5es, pois cada uma apresentar\u00e1 desafios diferentes. Nosso foco segue sendo o desenvolvimento do elenco e a implementa\u00e7\u00e3o do nosso sistema de jogo, passo a passo<\/em>, afirmou Pokey.<\/p>\n\n\n\n<p>Neste novo formato da competi\u00e7\u00e3o, <strong>apenas a sele\u00e7\u00e3o campe\u00e3<\/strong> garante vaga direta para a <strong>Copa do Mundo de 2026<\/strong>, marcada para julho na Alemanha. J\u00e1 as equipes que terminarem entre o segundo e o sexto lugares disputar\u00e3o o <strong>Pr\u00e9-Mundial<\/strong> em fevereiro do mesmo ano \u2014 \u00faltima chance de classifica\u00e7\u00e3o.<\/p>\n\n\n\n<p>As atletas se apresentam no pr\u00f3ximo dia <strong>15 de junho<\/strong>, no <strong>Gin\u00e1sio do Corinthians<\/strong>, em S\u00e3o Paulo. As piv\u00f4s <strong>Kamilla Cardoso<\/strong> e <strong>Damiris Dantas<\/strong>, que atuam na WNBA, se juntar\u00e3o ao grupo diretamente em Santiago. Como parte da prepara\u00e7\u00e3o, o Brasil enfrentar\u00e1 o <strong>Canad\u00e1<\/strong> em um amistoso no dia <strong>22 de junho, \u00e0s 17h<\/strong>, na <strong>Arena Mercado Livre Pacaembu<\/strong>, com ingressos j\u00e1 dispon\u00edveis na <strong>Ticketmaster<\/strong>. O jogo integra a programa\u00e7\u00e3o do <strong>Jogo das Estrelas da LBF<\/strong>.<\/p>\n\n\n\n<p>A delega\u00e7\u00e3o embarca para o Chile no dia <strong>25 de junho<\/strong>. A estreia do Brasil ser\u00e1 diante da <strong>Argentina<\/strong>, no dia <strong>28<\/strong>, \u00e0s 15h10 (hor\u00e1rio de Bras\u00edlia). O grupo brasileiro tamb\u00e9m enfrenta <strong>Canad\u00e1, El Salvador e Rep\u00fablica Dominicana<\/strong>.<\/p>\n\n\n\n<h3 class=\"wp-block-heading\">Tabela de jogos do Brasil:<\/h3>\n\n\n\n<ul class=\"wp-block-list\"><li><strong>28\/6 | 15h10<\/strong> \u2013 Brasil x Argentina<\/li><li><strong>30\/6 | 15h10<\/strong> \u2013 Brasil x Canad\u00e1<\/li><li><strong>1\/7 | 12h40<\/strong> \u2013 Brasil x Rep\u00fablica Dominicana<\/li><li><strong>2\/7 | 12h40<\/strong> \u2013 Brasil x El Salvador<\/li><\/ul>\n\n\n\n<p>Os jogos ser\u00e3o realizados no <strong>Parque Est\u00e1dio Nacional<\/strong>. As quatro melhores equipes de cada grupo avan\u00e7am \u00e0s quartas de final no sistema ol\u00edmpico (A1 x B4, A2 x B3, etc.). A decis\u00e3o ser\u00e1 no dia <strong>6 de julho<\/strong>.<\/p>\n\n\n\n<h3 class=\"wp-block-heading\">Grupo A (Brasil):<\/h3>\n\n\n\n<p>Brasil, Argentina, Canad\u00e1, Rep\u00fablica Dominicana e El Salvador<\/p>\n\n\n\n<h3 class=\"wp-block-heading\">Grupo B:<\/h3>\n\n\n\n<p>Estados Unidos, M\u00e9xico, Col\u00f4mbia, Porto Rico e Chile<\/p>\n\n\n\n<p><strong>Fonte:&nbsp;<\/strong><a>Assessoria CBB<\/a><\/p>\n","protected":false},"excerpt":{"rendered":"<p>A Sele\u00e7\u00e3o Brasileira feminina de basquete est\u00e1 convocada para a disputa da FIBA AmeriCup Women 2025, que acontece de 28 de junho a 6 de julho, em Santiago, no Chile. A equipe, comandada pela t\u00e9cnica americana Pokey Chatman, contar\u00e1 com 18 jogadoras nesta fase de treinos, com o objetivo de defender o t\u00edtulo conquistado em [&hellip;]<\/p>\n","protected":false},"author":1,"featured_media":6640,"comment_status":"open","ping_status":"open","sticky":false,"template":"","format":"standard","meta":{"footnotes":""},"categories":[12],"tags":[],"class_list":["post-6639","post","type-post","status-publish","format-standard","has-post-thumbnail","hentry","category-blog"],"acf":[],"yoast_head":"<!-- This site is optimized with the Yoast SEO plugin v26.4 - https:\/\/yoast.com\/wordpress\/plugins\/seo\/ -->\n<title>Brasil convoca 18 atletas e inicia prepara\u00e7\u00e3o para defender o t\u00edtulo da AmeriCup Feminina<\/title>\n<meta name=\"description\" content=\"A Sele\u00e7\u00e3o Brasileira feminina de basquete est\u00e1 convocada para a disputa da FIBA AmeriCup Women 2025, que acontece de 28 de junho a 6 de julho, em\" \/>\n<meta name=\"robots\" content=\"index, follow, max-snippet:-1, max-image-preview:large, max-video-preview:-1\" \/>\n<link rel=\"canonical\" href=\"https:\/\/mulheresacesta.com.br\/en\/2025\/06\/brasil-convoca-18-atletas-e-inicia-preparacao-para-defender-o-titulo-da-americup-feminina\/\" \/>\n<meta property=\"og:locale\" content=\"en_US\" \/>\n<meta property=\"og:locale:alternate\" content=\"pt_BR\" \/>\n<meta property=\"og:type\" content=\"article\" \/>\n<meta property=\"og:title\" content=\"Brasil convoca 18 atletas e inicia prepara\u00e7\u00e3o para defender o t\u00edtulo da AmeriCup Feminina\" \/>\n<meta property=\"og:description\" content=\"A Sele\u00e7\u00e3o Brasileira feminina de basquete est\u00e1 convocada para a disputa da FIBA AmeriCup Women 2025, que acontece de 28 de junho a 6 de julho, em\" \/>\n<meta property=\"og:url\" content=\"https:\/\/mulheresacesta.com.br\/en\/2025\/06\/brasil-convoca-18-atletas-e-inicia-preparacao-para-defender-o-titulo-da-americup-feminina\/\" \/>\n<meta property=\"og:site_name\" content=\"Mulheres \u00e0 Cesta\" \/>\n<meta property=\"article:published_time\" content=\"2025-06-06T12:00:00+00:00\" \/>\n<meta property=\"og:image\" content=\"https:\/\/mulheresacesta.com.br\/wp-content\/uploads\/2025\/06\/1.png\" \/>\n\t<meta property=\"og:image:width\" content=\"1500\" \/>\n\t<meta property=\"og:image:height\" content=\"890\" \/>\n\t<meta property=\"og:image:type\" content=\"image\/png\" \/>\n<meta name=\"author\" content=\"mulheres\" \/>\n<meta name=\"twitter:card\" content=\"summary_large_image\" \/>\n<meta name=\"twitter:label1\" content=\"Written by\" \/>\n\t<meta name=\"twitter:data1\" content=\"mulheres\" \/>\n\t<meta name=\"twitter:label2\" content=\"Est. reading time\" \/>\n\t<meta name=\"twitter:data2\" content=\"2 minutes\" \/>\n<script type=\"application\/ld+json\" class=\"yoast-schema-graph\">{\"@context\":\"https:\/\/schema.org\",\"@graph\":[{\"@type\":\"Article\",\"@id\":\"https:\/\/mulheresacesta.com.br\/2025\/06\/brasil-convoca-18-atletas-e-inicia-preparacao-para-defender-o-titulo-da-americup-feminina\/#article\",\"isPartOf\":{\"@id\":\"https:\/\/mulheresacesta.com.br\/2025\/06\/brasil-convoca-18-atletas-e-inicia-preparacao-para-defender-o-titulo-da-americup-feminina\/\"},\"author\":{\"name\":\"mulheres\",\"@id\":\"https:\/\/mulheresacesta.com.br\/en\/#\/schema\/person\/11ebd3af76a9fcb3d26c815924faac42\"},\"headline\":\"Brasil convoca 18 atletas e inicia prepara\u00e7\u00e3o para defender o t\u00edtulo da AmeriCup Feminina\",\"datePublished\":\"2025-06-06T12:00:00+00:00\",\"mainEntityOfPage\":{\"@id\":\"https:\/\/mulheresacesta.com.br\/2025\/06\/brasil-convoca-18-atletas-e-inicia-preparacao-para-defender-o-titulo-da-americup-feminina\/\"},\"wordCount\":375,\"commentCount\":0,\"publisher\":{\"@id\":\"https:\/\/mulheresacesta.com.br\/en\/#organization\"},\"image\":{\"@id\":\"https:\/\/mulheresacesta.com.br\/2025\/06\/brasil-convoca-18-atletas-e-inicia-preparacao-para-defender-o-titulo-da-americup-feminina\/#primaryimage\"},\"thumbnailUrl\":\"https:\/\/mulheresacesta.com.br\/wp-content\/uploads\/2025\/06\/1.png\",\"articleSection\":[\"Blog\"],\"inLanguage\":\"en-US\",\"potentialAction\":[{\"@type\":\"CommentAction\",\"name\":\"Comment\",\"target\":[\"https:\/\/mulheresacesta.com.br\/2025\/06\/brasil-convoca-18-atletas-e-inicia-preparacao-para-defender-o-titulo-da-americup-feminina\/#respond\"]}]},{\"@type\":\"WebPage\",\"@id\":\"https:\/\/mulheresacesta.com.br\/2025\/06\/brasil-convoca-18-atletas-e-inicia-preparacao-para-defender-o-titulo-da-americup-feminina\/\",\"url\":\"https:\/\/mulheresacesta.com.br\/2025\/06\/brasil-convoca-18-atletas-e-inicia-preparacao-para-defender-o-titulo-da-americup-feminina\/\",\"name\":\"Brasil convoca 18 atletas e inicia prepara\u00e7\u00e3o para defender o t\u00edtulo da AmeriCup Feminina\",\"isPartOf\":{\"@id\":\"https:\/\/mulheresacesta.com.br\/en\/#website\"},\"primaryImageOfPage\":{\"@id\":\"https:\/\/mulheresacesta.com.br\/2025\/06\/brasil-convoca-18-atletas-e-inicia-preparacao-para-defender-o-titulo-da-americup-feminina\/#primaryimage\"},\"image\":{\"@id\":\"https:\/\/mulheresacesta.com.br\/2025\/06\/brasil-convoca-18-atletas-e-inicia-preparacao-para-defender-o-titulo-da-americup-feminina\/#primaryimage\"},\"thumbnailUrl\":\"https:\/\/mulheresacesta.com.br\/wp-content\/uploads\/2025\/06\/1.png\",\"datePublished\":\"2025-06-06T12:00:00+00:00\",\"description\":\"A Sele\u00e7\u00e3o Brasileira feminina de basquete est\u00e1 convocada para a disputa da FIBA AmeriCup Women 2025, que acontece de 28 de junho a 6 de julho, em\",\"breadcrumb\":{\"@id\":\"https:\/\/mulheresacesta.com.br\/2025\/06\/brasil-convoca-18-atletas-e-inicia-preparacao-para-defender-o-titulo-da-americup-feminina\/#breadcrumb\"},\"inLanguage\":\"en-US\",\"potentialAction\":[{\"@type\":\"ReadAction\",\"target\":[\"https:\/\/mulheresacesta.com.br\/2025\/06\/brasil-convoca-18-atletas-e-inicia-preparacao-para-defender-o-titulo-da-americup-feminina\/\"]}]},{\"@type\":\"ImageObject\",\"inLanguage\":\"en-US\",\"@id\":\"https:\/\/mulheresacesta.com.br\/2025\/06\/brasil-convoca-18-atletas-e-inicia-preparacao-para-defender-o-titulo-da-americup-feminina\/#primaryimage\",\"url\":\"https:\/\/mulheresacesta.com.br\/wp-content\/uploads\/2025\/06\/1.png\",\"contentUrl\":\"https:\/\/mulheresacesta.com.br\/wp-content\/uploads\/2025\/06\/1.png\",\"width\":1500,\"height\":890},{\"@type\":\"BreadcrumbList\",\"@id\":\"https:\/\/mulheresacesta.com.br\/2025\/06\/brasil-convoca-18-atletas-e-inicia-preparacao-para-defender-o-titulo-da-americup-feminina\/#breadcrumb\",\"itemListElement\":[{\"@type\":\"ListItem\",\"position\":1,\"name\":\"In\u00edcio\",\"item\":\"https:\/\/mulheresacesta.com.br\/\"},{\"@type\":\"ListItem\",\"position\":2,\"name\":\"Brasil convoca 18 atletas e inicia prepara\u00e7\u00e3o para defender o t\u00edtulo da AmeriCup Feminina\"}]},{\"@type\":\"WebSite\",\"@id\":\"https:\/\/mulheresacesta.com.br\/en\/#website\",\"url\":\"https:\/\/mulheresacesta.com.br\/en\/\",\"name\":\"Mulheres \u00e0 Cesta\",\"description\":\"\",\"publisher\":{\"@id\":\"https:\/\/mulheresacesta.com.br\/en\/#organization\"},\"potentialAction\":[{\"@type\":\"SearchAction\",\"target\":{\"@type\":\"EntryPoint\",\"urlTemplate\":\"https:\/\/mulheresacesta.com.br\/en\/?s={search_term_string}\"},\"query-input\":{\"@type\":\"PropertyValueSpecification\",\"valueRequired\":true,\"valueName\":\"search_term_string\"}}],\"inLanguage\":\"en-US\"},{\"@type\":\"Organization\",\"@id\":\"https:\/\/mulheresacesta.com.br\/en\/#organization\",\"name\":\"Mulheres \u00e0 Cesta\",\"url\":\"https:\/\/mulheresacesta.com.br\/en\/\",\"logo\":{\"@type\":\"ImageObject\",\"inLanguage\":\"en-US\",\"@id\":\"https:\/\/mulheresacesta.com.br\/en\/#\/schema\/logo\/image\/\",\"url\":\"https:\/\/mulheresacesta.com.br\/wp-content\/uploads\/2020\/10\/mulheres-a-cesta.jpg\",\"contentUrl\":\"https:\/\/mulheresacesta.com.br\/wp-content\/uploads\/2020\/10\/mulheres-a-cesta.jpg\",\"width\":400,\"height\":300,\"caption\":\"Mulheres \u00e0 Cesta\"},\"image\":{\"@id\":\"https:\/\/mulheresacesta.com.br\/en\/#\/schema\/logo\/image\/\"}},{\"@type\":\"Person\",\"@id\":\"https:\/\/mulheresacesta.com.br\/en\/#\/schema\/person\/11ebd3af76a9fcb3d26c815924faac42\",\"name\":\"mulheres\",\"sameAs\":[\"http:\/\/localhost\/mulheresacesta\"],\"url\":\"https:\/\/mulheresacesta.com.br\/en\/author\/mulheres\/\"}]}<\/script>\n<!-- \/ Yoast SEO plugin. -->","yoast_head_json":{"title":"Brasil convoca 18 atletas e inicia prepara\u00e7\u00e3o para defender o t\u00edtulo da AmeriCup Feminina","description":"A Sele\u00e7\u00e3o Brasileira feminina de basquete est\u00e1 convocada para a disputa da FIBA AmeriCup Women 2025, que acontece de 28 de junho a 6 de julho, em","robots":{"index":"index","follow":"follow","max-snippet":"max-snippet:-1","max-image-preview":"max-image-preview:large","max-video-preview":"max-video-preview:-1"},"canonical":"https:\/\/mulheresacesta.com.br\/en\/2025\/06\/brasil-convoca-18-atletas-e-inicia-preparacao-para-defender-o-titulo-da-americup-feminina\/","og_locale":"en_US","og_type":"article","og_title":"[:pt]Brasil convoca 18 atletas e inicia prepara\u00e7\u00e3o para defender o t\u00edtulo da AmeriCup Feminina[:] - Mulheres \u00e0 Cesta","og_description":"A Sele\u00e7\u00e3o Brasileira feminina de basquete est\u00e1 convocada para a disputa da FIBA AmeriCup Women 2025, que acontece de 28 de junho a 6 de julho, em","og_url":"https:\/\/mulheresacesta.com.br\/en\/2025\/06\/brasil-convoca-18-atletas-e-inicia-preparacao-para-defender-o-titulo-da-americup-feminina\/","og_site_name":"Mulheres \u00e0 Cesta","article_published_time":"2025-06-06T12:00:00+00:00","og_image":[{"width":1500,"height":890,"url":"https:\/\/mulheresacesta.com.br\/wp-content\/uploads\/2025\/06\/1.png","type":"image\/png"}],"author":"mulheres","twitter_card":"summary_large_image","twitter_misc":{"Written by":"mulheres","Est. reading time":"2 minutes"},"schema":{"@context":"https:\/\/schema.org","@graph":[{"@type":"Article","@id":"https:\/\/mulheresacesta.com.br\/2025\/06\/brasil-convoca-18-atletas-e-inicia-preparacao-para-defender-o-titulo-da-americup-feminina\/#article","isPartOf":{"@id":"https:\/\/mulheresacesta.com.br\/2025\/06\/brasil-convoca-18-atletas-e-inicia-preparacao-para-defender-o-titulo-da-americup-feminina\/"},"author":{"name":"mulheres","@id":"https:\/\/mulheresacesta.com.br\/en\/#\/schema\/person\/11ebd3af76a9fcb3d26c815924faac42"},"headline":"Brasil convoca 18 atletas e inicia prepara\u00e7\u00e3o para defender o t\u00edtulo da AmeriCup Feminina","datePublished":"2025-06-06T12:00:00+00:00","mainEntityOfPage":{"@id":"https:\/\/mulheresacesta.com.br\/2025\/06\/brasil-convoca-18-atletas-e-inicia-preparacao-para-defender-o-titulo-da-americup-feminina\/"},"wordCount":375,"commentCount":0,"publisher":{"@id":"https:\/\/mulheresacesta.com.br\/en\/#organization"},"image":{"@id":"https:\/\/mulheresacesta.com.br\/2025\/06\/brasil-convoca-18-atletas-e-inicia-preparacao-para-defender-o-titulo-da-americup-feminina\/#primaryimage"},"thumbnailUrl":"https:\/\/mulheresacesta.com.br\/wp-content\/uploads\/2025\/06\/1.png","articleSection":["Blog"],"inLanguage":"en-US","potentialAction":[{"@type":"CommentAction","name":"Comment","target":["https:\/\/mulheresacesta.com.br\/2025\/06\/brasil-convoca-18-atletas-e-inicia-preparacao-para-defender-o-titulo-da-americup-feminina\/#respond"]}]},{"@type":"WebPage","@id":"https:\/\/mulheresacesta.com.br\/2025\/06\/brasil-convoca-18-atletas-e-inicia-preparacao-para-defender-o-titulo-da-americup-feminina\/","url":"https:\/\/mulheresacesta.com.br\/2025\/06\/brasil-convoca-18-atletas-e-inicia-preparacao-para-defender-o-titulo-da-americup-feminina\/","name":"Brasil convoca 18 atletas e inicia prepara\u00e7\u00e3o para defender o t\u00edtulo da AmeriCup Feminina","isPartOf":{"@id":"https:\/\/mulheresacesta.com.br\/en\/#website"},"primaryImageOfPage":{"@id":"https:\/\/mulheresacesta.com.br\/2025\/06\/brasil-convoca-18-atletas-e-inicia-preparacao-para-defender-o-titulo-da-americup-feminina\/#primaryimage"},"image":{"@id":"https:\/\/mulheresacesta.com.br\/2025\/06\/brasil-convoca-18-atletas-e-inicia-preparacao-para-defender-o-titulo-da-americup-feminina\/#primaryimage"},"thumbnailUrl":"https:\/\/mulheresacesta.com.br\/wp-content\/uploads\/2025\/06\/1.png","datePublished":"2025-06-06T12:00:00+00:00","description":"A Sele\u00e7\u00e3o Brasileira feminina de basquete est\u00e1 convocada para a disputa da FIBA AmeriCup Women 2025, que acontece de 28 de junho a 6 de julho, em","breadcrumb":{"@id":"https:\/\/mulheresacesta.com.br\/2025\/06\/brasil-convoca-18-atletas-e-inicia-preparacao-para-defender-o-titulo-da-americup-feminina\/#breadcrumb"},"inLanguage":"en-US","potentialAction":[{"@type":"ReadAction","target":["https:\/\/mulheresacesta.com.br\/2025\/06\/brasil-convoca-18-atletas-e-inicia-preparacao-para-defender-o-titulo-da-americup-feminina\/"]}]},{"@type":"ImageObject","inLanguage":"en-US","@id":"https:\/\/mulheresacesta.com.br\/2025\/06\/brasil-convoca-18-atletas-e-inicia-preparacao-para-defender-o-titulo-da-americup-feminina\/#primaryimage","url":"https:\/\/mulheresacesta.com.br\/wp-content\/uploads\/2025\/06\/1.png","contentUrl":"https:\/\/mulheresacesta.com.br\/wp-content\/uploads\/2025\/06\/1.png","width":1500,"height":890},{"@type":"BreadcrumbList","@id":"https:\/\/mulheresacesta.com.br\/2025\/06\/brasil-convoca-18-atletas-e-inicia-preparacao-para-defender-o-titulo-da-americup-feminina\/#breadcrumb","itemListElement":[{"@type":"ListItem","position":1,"name":"In\u00edcio","item":"https:\/\/mulheresacesta.com.br\/"},{"@type":"ListItem","position":2,"name":"Brasil convoca 18 atletas e inicia prepara\u00e7\u00e3o para defender o t\u00edtulo da AmeriCup Feminina"}]},{"@type":"WebSite","@id":"https:\/\/mulheresacesta.com.br\/en\/#website","url":"https:\/\/mulheresacesta.com.br\/en\/","name":"Mulheres \u00e0 Cesta","description":"","publisher":{"@id":"https:\/\/mulheresacesta.com.br\/en\/#organization"},"potentialAction":[{"@type":"SearchAction","target":{"@type":"EntryPoint","urlTemplate":"https:\/\/mulheresacesta.com.br\/en\/?s={search_term_string}"},"query-input":{"@type":"PropertyValueSpecification","valueRequired":true,"valueName":"search_term_string"}}],"inLanguage":"en-US"},{"@type":"Organization","@id":"https:\/\/mulheresacesta.com.br\/en\/#organization","name":"Mulheres \u00e0 Cesta","url":"https:\/\/mulheresacesta.com.br\/en\/","logo":{"@type":"ImageObject","inLanguage":"en-US","@id":"https:\/\/mulheresacesta.com.br\/en\/#\/schema\/logo\/image\/","url":"https:\/\/mulheresacesta.com.br\/wp-content\/uploads\/2020\/10\/mulheres-a-cesta.jpg","contentUrl":"https:\/\/mulheresacesta.com.br\/wp-content\/uploads\/2020\/10\/mulheres-a-cesta.jpg","width":400,"height":300,"caption":"Mulheres \u00e0 Cesta"},"image":{"@id":"https:\/\/mulheresacesta.com.br\/en\/#\/schema\/logo\/image\/"}},{"@type":"Person","@id":"https:\/\/mulheresacesta.com.br\/en\/#\/schema\/person\/11ebd3af76a9fcb3d26c815924faac42","name":"mulheres","sameAs":["http:\/\/localhost\/mulheresacesta"],"url":"https:\/\/mulheresacesta.com.br\/en\/author\/mulheres\/"}]}},"_links":{"self":[{"href":"https:\/\/mulheresacesta.com.br\/en\/wp-json\/wp\/v2\/posts\/6639","targetHints":{"allow":["GET"]}}],"collection":[{"href":"https:\/\/mulheresacesta.com.br\/en\/wp-json\/wp\/v2\/posts"}],"about":[{"href":"https:\/\/mulheresacesta.com.br\/en\/wp-json\/wp\/v2\/types\/post"}],"author":[{"embeddable":true,"href":"https:\/\/mulheresacesta.com.br\/en\/wp-json\/wp\/v2\/users\/1"}],"replies":[{"embeddable":true,"href":"https:\/\/mulheresacesta.com.br\/en\/wp-json\/wp\/v2\/comments?post=6639"}],"version-history":[{"count":1,"href":"https:\/\/mulheresacesta.com.br\/en\/wp-json\/wp\/v2\/posts\/6639\/revisions"}],"predecessor-version":[{"id":6641,"href":"https:\/\/mulheresacesta.com.br\/en\/wp-json\/wp\/v2\/posts\/6639\/revisions\/6641"}],"wp:featuredmedia":[{"embeddable":true,"href":"https:\/\/mulheresacesta.com.br\/en\/wp-json\/wp\/v2\/media\/6640"}],"wp:attachment":[{"href":"https:\/\/mulheresacesta.com.br\/en\/wp-json\/wp\/v2\/media?parent=6639"}],"wp:term":[{"taxonomy":"category","embeddable":true,"href":"https:\/\/mulheresacesta.com.br\/en\/wp-json\/wp\/v2\/categories?post=6639"},{"taxonomy":"post_tag","embeddable":true,"href":"https:\/\/mulheresacesta.com.br\/en\/wp-json\/wp\/v2\/tags?post=6639"}],"curies":[{"name":"wp","href":"https:\/\/api.w.org\/{rel}","templated":true}]}}