{"id":6711,"date":"2025-07-07T08:48:41","date_gmt":"2025-07-07T11:48:41","guid":{"rendered":"https:\/\/mulheresacesta.com.br\/?p=6711"},"modified":"2025-07-07T08:59:07","modified_gmt":"2025-07-07T11:59:07","slug":"brasil-encerra-americupw-com-prata-e-atuacoes-que-brilham-mais-que-medalha","status":"publish","type":"post","link":"https:\/\/mulheresacesta.com.br\/en\/2025\/07\/brasil-encerra-americupw-com-prata-e-atuacoes-que-brilham-mais-que-medalha\/","title":{"rendered":"Brasil \u00e9 prata na AmeriCupW 2025!"},"content":{"rendered":"\n<p>A Sele\u00e7\u00e3o Brasileira Feminina deu show na AmeriCup 2025 e voltou de Santiago, no Chile, com a medalha de prata no peito e um saldo mais do que positivo. Ap\u00f3s uma campanha impec\u00e1vel com seis vit\u00f3rias, a equipe caiu na final diante dos Estados Unidos por 92 a 84, mas deixou claro que o futuro \u00e9 promissor e o presente j\u00e1 \u00e9 de muita entrega e talento.<\/p>\n\n\n\n<p>Damiris Dantas teve uma atua\u00e7\u00e3o de gala na decis\u00e3o: foram <strong>35 pontos, 8 rebotes e 4 assist\u00eancias<\/strong> \u2014 uma performance hist\u00f3rica. Kamilla Cardoso, mesmo limitada pelo n\u00famero de faltas, marcou <strong>19 pontos<\/strong>. E Bella Nascimento, estreante na Sele\u00e7\u00e3o principal, cravou <strong>22 pontos<\/strong> e confirmou que \u00e9 uma das grandes promessas da nova gera\u00e7\u00e3o.<\/p>\n\n\n\n<p>O desempenho coletivo e individual rendeu ao Brasil destaque tamb\u00e9m no quinteto ideal da AmeriCupW, com <strong>Damiris Dantas<\/strong>, a maior pontuadora do torneio (quase 22 de m\u00e9dia), e <strong>Kamilla Cardoso<\/strong>, a mais eficiente (mais de 24 de m\u00e9dia). Bella brilhou nas bolas de 3, com <strong>24 convertidas<\/strong>, liderando o quesito.<\/p>\n\n\n\n<p>Apesar de a vaga direta para a Copa do Mundo 2026 n\u00e3o ter vindo, o Brasil segue firme na disputa. A pr\u00f3xima chance ser\u00e1 no <strong>Pr\u00e9-Mundial<\/strong>, em mar\u00e7o de 2026, que ter\u00e1 quatro sedes e reunir\u00e1 seis sele\u00e7\u00f5es por grupo. As melhores de cada chave garantem vaga no Mundial da Alemanha.<\/p>\n\n\n\n<p>E o ano n\u00e3o para por a\u00ed: a agenda da Sele\u00e7\u00e3o Feminina segue intensa, com participa\u00e7\u00f5es no <strong>Mundial Sub-19, Globl Jam e nos Jogos Mundiais Universit\u00e1rios<\/strong>, refor\u00e7ando a prepara\u00e7\u00e3o tanto da base quanto da equipe principal.<\/p>\n\n\n\n<h3 class=\"wp-block-heading\">Campanha do Brasil na AmeriCupW 2025:<\/h3>\n\n\n\n<ul class=\"wp-block-list\">\n<li>\ud83c\udde7\ud83c\uddf7 71 x 50 \ud83c\udde6\ud83c\uddf7 Argentina<\/li>\n\n\n\n<li>\ud83c\udde7\ud83c\uddf7 74 x 65 \ud83c\udde8\ud83c\udde6 Canad\u00e1<\/li>\n\n\n\n<li>\ud83c\udde7\ud83c\uddf7 73 x 46 \ud83c\udde9\ud83c\uddf4 Rep\u00fablica Dominicana<\/li>\n\n\n\n<li>\ud83c\udde7\ud83c\uddf7 106 x 49 \ud83c\uddf8\ud83c\uddfb El Salvador<\/li>\n\n\n\n<li>\ud83c\udfc0 Quartas: \ud83c\udde7\ud83c\uddf7 84 x 61 \ud83c\uddf2\ud83c\uddfd M\u00e9xico<\/li>\n\n\n\n<li>\ud83c\udfc0 Semifinal: \ud83c\udde7\ud83c\uddf7 108 x 68 \ud83c\udde6\ud83c\uddf7 Argentina<\/li>\n\n\n\n<li>\ud83c\udfc0 Final: \ud83c\udde7\ud83c\uddf7 84 x 92 \ud83c\uddfa\ud83c\uddf8 Estados Unidos<\/li>\n<\/ul>\n\n\n\n<h3 class=\"wp-block-heading\">As convocadas que defenderam o Brasil:<\/h3>\n\n\n\n<ul class=\"wp-block-list\">\n<li><strong>Bella Nascimento<\/strong> (William &#038; Mary \u2013 EUA)<\/li>\n\n\n\n<li><strong>Alana Gon\u00e7alo<\/strong> (Corinthians \u2013 SP)<\/li>\n\n\n\n<li><strong>Carina Martins<\/strong> (Sampaio \u2013 MA)<\/li>\n\n\n\n<li><strong>Catarina Ferreira<\/strong> (Oregon State \u2013 EUA)<\/li>\n\n\n\n<li><strong>Emanuely Oliveira<\/strong> (SESI Araraquara \u2013 SP)<\/li>\n\n\n\n<li><strong>Vit\u00f3ria Marcelino<\/strong> (SESI Araraquara \u2013 SP)<\/li>\n\n\n\n<li><strong>Thayn\u00e1 Silva<\/strong> (Sampaio \u2013 MA)<\/li>\n\n\n\n<li><strong>Ayla McDowell<\/strong> (South Carolina \u2013 EUA)<\/li>\n\n\n\n<li><strong>Manu Alves<\/strong> (Illinois \u2013 EUA)<\/li>\n\n\n\n<li><strong>Aline Moura<\/strong> (SESI Araraquara \u2013 SP)<\/li>\n\n\n\n<li><strong>Damiris Dantas<\/strong> (Indiana Fever \u2013 EUA)<\/li>\n\n\n\n<li><strong>Kamilla Cardoso<\/strong> (Chicago Sky \u2013 EUA)<\/li>\n<\/ul>\n\n\n\n<h3 class=\"wp-block-heading\">Comiss\u00e3o T\u00e9cnica:<\/h3>\n\n\n\n<p>Comandada por <strong>Pokey Chatman<\/strong>, a comiss\u00e3o reuniu profissionais que cuidaram de cada detalhe dentro e fora de quadra, garantindo estrutura, suporte e excel\u00eancia \u00e0 equipe.<\/p>\n\n\n\n<hr class=\"wp-block-separator has-alpha-channel-opacity\"\/>\n\n\n\n<p>O vice-campeonato \u00e9 s\u00f3 o come\u00e7o. A Sele\u00e7\u00e3o mostrou for\u00e7a, entrosamento e uma gera\u00e7\u00e3o cheia de brilho. Que venha o Pr\u00e9-Mundial \u2014 e que a trajet\u00f3ria siga sendo escrita com coragem, talento e muita bola na cesta!<\/p>\n","protected":false},"excerpt":{"rendered":"<p>A Sele\u00e7\u00e3o Brasileira Feminina deu show na AmeriCup 2025 e voltou de Santiago, no Chile, com a medalha de prata no peito e um saldo mais do que positivo. Ap\u00f3s uma campanha impec\u00e1vel com seis vit\u00f3rias, a equipe caiu na final diante dos Estados Unidos por 92 a 84, mas deixou claro que o futuro [&hellip;]<\/p>\n","protected":false},"author":1,"featured_media":6714,"comment_status":"open","ping_status":"open","sticky":false,"template":"","format":"standard","meta":{"footnotes":""},"categories":[12],"tags":[],"class_list":["post-6711","post","type-post","status-publish","format-standard","has-post-thumbnail","hentry","category-blog"],"acf":[],"yoast_head":"<!-- This site is optimized with the Yoast SEO plugin v26.4 - https:\/\/yoast.com\/wordpress\/plugins\/seo\/ -->\n<title>Brasil \u00e9 prata na AmeriCupW 2025!<\/title>\n<meta name=\"description\" content=\"A Sele\u00e7\u00e3o Brasileira Feminina deu show na AmeriCup 2025 e voltou de Santiago, no Chile, com a medalha de prata no peito e um saldo mais do que positivo.\" \/>\n<meta name=\"robots\" content=\"index, follow, max-snippet:-1, max-image-preview:large, max-video-preview:-1\" \/>\n<link rel=\"canonical\" href=\"https:\/\/mulheresacesta.com.br\/en\/2025\/07\/brasil-encerra-americupw-com-prata-e-atuacoes-que-brilham-mais-que-medalha\/\" \/>\n<meta property=\"og:locale\" content=\"en_US\" \/>\n<meta property=\"og:locale:alternate\" content=\"pt_BR\" \/>\n<meta property=\"og:type\" content=\"article\" \/>\n<meta property=\"og:title\" content=\"Brasil \u00e9 prata na AmeriCupW 2025!\" \/>\n<meta property=\"og:description\" content=\"A Sele\u00e7\u00e3o Brasileira Feminina deu show na AmeriCup 2025 e voltou de Santiago, no Chile, com a medalha de prata no peito e um saldo mais do que positivo.\" \/>\n<meta property=\"og:url\" content=\"https:\/\/mulheresacesta.com.br\/en\/2025\/07\/brasil-encerra-americupw-com-prata-e-atuacoes-que-brilham-mais-que-medalha\/\" \/>\n<meta property=\"og:site_name\" content=\"Mulheres \u00e0 Cesta\" \/>\n<meta property=\"article:published_time\" content=\"2025-07-07T11:48:41+00:00\" \/>\n<meta property=\"article:modified_time\" content=\"2025-07-07T11:59:07+00:00\" \/>\n<meta property=\"og:image\" content=\"https:\/\/mulheresacesta.com.br\/wp-content\/uploads\/2025\/07\/Mulheres-a-Cesta_POST-1500-x-890-px-3-3.png\" \/>\n\t<meta property=\"og:image:width\" content=\"1500\" \/>\n\t<meta property=\"og:image:height\" content=\"890\" \/>\n\t<meta property=\"og:image:type\" content=\"image\/png\" \/>\n<meta name=\"author\" content=\"mulheres\" \/>\n<meta name=\"twitter:card\" content=\"summary_large_image\" \/>\n<meta name=\"twitter:label1\" content=\"Written by\" \/>\n\t<meta name=\"twitter:data1\" content=\"mulheres\" \/>\n\t<meta name=\"twitter:label2\" content=\"Est. reading time\" \/>\n\t<meta name=\"twitter:data2\" content=\"3 minutes\" \/>\n<script type=\"application\/ld+json\" class=\"yoast-schema-graph\">{\"@context\":\"https:\/\/schema.org\",\"@graph\":[{\"@type\":\"Article\",\"@id\":\"https:\/\/mulheresacesta.com.br\/2025\/07\/brasil-encerra-americupw-com-prata-e-atuacoes-que-brilham-mais-que-medalha\/#article\",\"isPartOf\":{\"@id\":\"https:\/\/mulheresacesta.com.br\/2025\/07\/brasil-encerra-americupw-com-prata-e-atuacoes-que-brilham-mais-que-medalha\/\"},\"author\":{\"name\":\"mulheres\",\"@id\":\"https:\/\/mulheresacesta.com.br\/en\/#\/schema\/person\/11ebd3af76a9fcb3d26c815924faac42\"},\"headline\":\"Brasil \u00e9 prata na AmeriCupW 2025!\",\"datePublished\":\"2025-07-07T11:48:41+00:00\",\"dateModified\":\"2025-07-07T11:59:07+00:00\",\"mainEntityOfPage\":{\"@id\":\"https:\/\/mulheresacesta.com.br\/2025\/07\/brasil-encerra-americupw-com-prata-e-atuacoes-que-brilham-mais-que-medalha\/\"},\"wordCount\":433,\"commentCount\":0,\"publisher\":{\"@id\":\"https:\/\/mulheresacesta.com.br\/en\/#organization\"},\"image\":{\"@id\":\"https:\/\/mulheresacesta.com.br\/2025\/07\/brasil-encerra-americupw-com-prata-e-atuacoes-que-brilham-mais-que-medalha\/#primaryimage\"},\"thumbnailUrl\":\"https:\/\/mulheresacesta.com.br\/wp-content\/uploads\/2025\/07\/Mulheres-a-Cesta_POST-1500-x-890-px-3-3.png\",\"articleSection\":[\"Blog\"],\"inLanguage\":\"en-US\",\"potentialAction\":[{\"@type\":\"CommentAction\",\"name\":\"Comment\",\"target\":[\"https:\/\/mulheresacesta.com.br\/2025\/07\/brasil-encerra-americupw-com-prata-e-atuacoes-que-brilham-mais-que-medalha\/#respond\"]}]},{\"@type\":\"WebPage\",\"@id\":\"https:\/\/mulheresacesta.com.br\/2025\/07\/brasil-encerra-americupw-com-prata-e-atuacoes-que-brilham-mais-que-medalha\/\",\"url\":\"https:\/\/mulheresacesta.com.br\/2025\/07\/brasil-encerra-americupw-com-prata-e-atuacoes-que-brilham-mais-que-medalha\/\",\"name\":\"Brasil \u00e9 prata na AmeriCupW 2025!\",\"isPartOf\":{\"@id\":\"https:\/\/mulheresacesta.com.br\/en\/#website\"},\"primaryImageOfPage\":{\"@id\":\"https:\/\/mulheresacesta.com.br\/2025\/07\/brasil-encerra-americupw-com-prata-e-atuacoes-que-brilham-mais-que-medalha\/#primaryimage\"},\"image\":{\"@id\":\"https:\/\/mulheresacesta.com.br\/2025\/07\/brasil-encerra-americupw-com-prata-e-atuacoes-que-brilham-mais-que-medalha\/#primaryimage\"},\"thumbnailUrl\":\"https:\/\/mulheresacesta.com.br\/wp-content\/uploads\/2025\/07\/Mulheres-a-Cesta_POST-1500-x-890-px-3-3.png\",\"datePublished\":\"2025-07-07T11:48:41+00:00\",\"dateModified\":\"2025-07-07T11:59:07+00:00\",\"description\":\"A Sele\u00e7\u00e3o Brasileira Feminina deu show na AmeriCup 2025 e voltou de Santiago, no Chile, com a medalha de prata no peito e um saldo mais do que positivo.\",\"breadcrumb\":{\"@id\":\"https:\/\/mulheresacesta.com.br\/2025\/07\/brasil-encerra-americupw-com-prata-e-atuacoes-que-brilham-mais-que-medalha\/#breadcrumb\"},\"inLanguage\":\"en-US\",\"potentialAction\":[{\"@type\":\"ReadAction\",\"target\":[\"https:\/\/mulheresacesta.com.br\/2025\/07\/brasil-encerra-americupw-com-prata-e-atuacoes-que-brilham-mais-que-medalha\/\"]}]},{\"@type\":\"ImageObject\",\"inLanguage\":\"en-US\",\"@id\":\"https:\/\/mulheresacesta.com.br\/2025\/07\/brasil-encerra-americupw-com-prata-e-atuacoes-que-brilham-mais-que-medalha\/#primaryimage\",\"url\":\"https:\/\/mulheresacesta.com.br\/wp-content\/uploads\/2025\/07\/Mulheres-a-Cesta_POST-1500-x-890-px-3-3.png\",\"contentUrl\":\"https:\/\/mulheresacesta.com.br\/wp-content\/uploads\/2025\/07\/Mulheres-a-Cesta_POST-1500-x-890-px-3-3.png\",\"width\":1500,\"height\":890},{\"@type\":\"BreadcrumbList\",\"@id\":\"https:\/\/mulheresacesta.com.br\/2025\/07\/brasil-encerra-americupw-com-prata-e-atuacoes-que-brilham-mais-que-medalha\/#breadcrumb\",\"itemListElement\":[{\"@type\":\"ListItem\",\"position\":1,\"name\":\"In\u00edcio\",\"item\":\"https:\/\/mulheresacesta.com.br\/\"},{\"@type\":\"ListItem\",\"position\":2,\"name\":\"Brasil \u00e9 prata na AmeriCupW 2025!\"}]},{\"@type\":\"WebSite\",\"@id\":\"https:\/\/mulheresacesta.com.br\/en\/#website\",\"url\":\"https:\/\/mulheresacesta.com.br\/en\/\",\"name\":\"Mulheres \u00e0 Cesta\",\"description\":\"\",\"publisher\":{\"@id\":\"https:\/\/mulheresacesta.com.br\/en\/#organization\"},\"potentialAction\":[{\"@type\":\"SearchAction\",\"target\":{\"@type\":\"EntryPoint\",\"urlTemplate\":\"https:\/\/mulheresacesta.com.br\/en\/?s={search_term_string}\"},\"query-input\":{\"@type\":\"PropertyValueSpecification\",\"valueRequired\":true,\"valueName\":\"search_term_string\"}}],\"inLanguage\":\"en-US\"},{\"@type\":\"Organization\",\"@id\":\"https:\/\/mulheresacesta.com.br\/en\/#organization\",\"name\":\"Mulheres \u00e0 Cesta\",\"url\":\"https:\/\/mulheresacesta.com.br\/en\/\",\"logo\":{\"@type\":\"ImageObject\",\"inLanguage\":\"en-US\",\"@id\":\"https:\/\/mulheresacesta.com.br\/en\/#\/schema\/logo\/image\/\",\"url\":\"https:\/\/mulheresacesta.com.br\/wp-content\/uploads\/2020\/10\/mulheres-a-cesta.jpg\",\"contentUrl\":\"https:\/\/mulheresacesta.com.br\/wp-content\/uploads\/2020\/10\/mulheres-a-cesta.jpg\",\"width\":400,\"height\":300,\"caption\":\"Mulheres \u00e0 Cesta\"},\"image\":{\"@id\":\"https:\/\/mulheresacesta.com.br\/en\/#\/schema\/logo\/image\/\"}},{\"@type\":\"Person\",\"@id\":\"https:\/\/mulheresacesta.com.br\/en\/#\/schema\/person\/11ebd3af76a9fcb3d26c815924faac42\",\"name\":\"mulheres\",\"sameAs\":[\"http:\/\/localhost\/mulheresacesta\"],\"url\":\"https:\/\/mulheresacesta.com.br\/en\/author\/mulheres\/\"}]}<\/script>\n<!-- \/ Yoast SEO plugin. -->","yoast_head_json":{"title":"Brasil \u00e9 prata na AmeriCupW 2025!","description":"A Sele\u00e7\u00e3o Brasileira Feminina deu show na AmeriCup 2025 e voltou de Santiago, no Chile, com a medalha de prata no peito e um saldo mais do que positivo.","robots":{"index":"index","follow":"follow","max-snippet":"max-snippet:-1","max-image-preview":"max-image-preview:large","max-video-preview":"max-video-preview:-1"},"canonical":"https:\/\/mulheresacesta.com.br\/en\/2025\/07\/brasil-encerra-americupw-com-prata-e-atuacoes-que-brilham-mais-que-medalha\/","og_locale":"en_US","og_type":"article","og_title":"[:pt]Brasil \u00e9 prata na AmeriCupW 2025![:] - Mulheres \u00e0 Cesta","og_description":"A Sele\u00e7\u00e3o Brasileira Feminina deu show na AmeriCup 2025 e voltou de Santiago, no Chile, com a medalha de prata no peito e um saldo mais do que positivo.","og_url":"https:\/\/mulheresacesta.com.br\/en\/2025\/07\/brasil-encerra-americupw-com-prata-e-atuacoes-que-brilham-mais-que-medalha\/","og_site_name":"Mulheres \u00e0 Cesta","article_published_time":"2025-07-07T11:48:41+00:00","article_modified_time":"2025-07-07T11:59:07+00:00","og_image":[{"width":1500,"height":890,"url":"https:\/\/mulheresacesta.com.br\/wp-content\/uploads\/2025\/07\/Mulheres-a-Cesta_POST-1500-x-890-px-3-3.png","type":"image\/png"}],"author":"mulheres","twitter_card":"summary_large_image","twitter_misc":{"Written by":"mulheres","Est. reading time":"3 minutes"},"schema":{"@context":"https:\/\/schema.org","@graph":[{"@type":"Article","@id":"https:\/\/mulheresacesta.com.br\/2025\/07\/brasil-encerra-americupw-com-prata-e-atuacoes-que-brilham-mais-que-medalha\/#article","isPartOf":{"@id":"https:\/\/mulheresacesta.com.br\/2025\/07\/brasil-encerra-americupw-com-prata-e-atuacoes-que-brilham-mais-que-medalha\/"},"author":{"name":"mulheres","@id":"https:\/\/mulheresacesta.com.br\/en\/#\/schema\/person\/11ebd3af76a9fcb3d26c815924faac42"},"headline":"Brasil \u00e9 prata na AmeriCupW 2025!","datePublished":"2025-07-07T11:48:41+00:00","dateModified":"2025-07-07T11:59:07+00:00","mainEntityOfPage":{"@id":"https:\/\/mulheresacesta.com.br\/2025\/07\/brasil-encerra-americupw-com-prata-e-atuacoes-que-brilham-mais-que-medalha\/"},"wordCount":433,"commentCount":0,"publisher":{"@id":"https:\/\/mulheresacesta.com.br\/en\/#organization"},"image":{"@id":"https:\/\/mulheresacesta.com.br\/2025\/07\/brasil-encerra-americupw-com-prata-e-atuacoes-que-brilham-mais-que-medalha\/#primaryimage"},"thumbnailUrl":"https:\/\/mulheresacesta.com.br\/wp-content\/uploads\/2025\/07\/Mulheres-a-Cesta_POST-1500-x-890-px-3-3.png","articleSection":["Blog"],"inLanguage":"en-US","potentialAction":[{"@type":"CommentAction","name":"Comment","target":["https:\/\/mulheresacesta.com.br\/2025\/07\/brasil-encerra-americupw-com-prata-e-atuacoes-que-brilham-mais-que-medalha\/#respond"]}]},{"@type":"WebPage","@id":"https:\/\/mulheresacesta.com.br\/2025\/07\/brasil-encerra-americupw-com-prata-e-atuacoes-que-brilham-mais-que-medalha\/","url":"https:\/\/mulheresacesta.com.br\/2025\/07\/brasil-encerra-americupw-com-prata-e-atuacoes-que-brilham-mais-que-medalha\/","name":"Brasil \u00e9 prata na AmeriCupW 2025!","isPartOf":{"@id":"https:\/\/mulheresacesta.com.br\/en\/#website"},"primaryImageOfPage":{"@id":"https:\/\/mulheresacesta.com.br\/2025\/07\/brasil-encerra-americupw-com-prata-e-atuacoes-que-brilham-mais-que-medalha\/#primaryimage"},"image":{"@id":"https:\/\/mulheresacesta.com.br\/2025\/07\/brasil-encerra-americupw-com-prata-e-atuacoes-que-brilham-mais-que-medalha\/#primaryimage"},"thumbnailUrl":"https:\/\/mulheresacesta.com.br\/wp-content\/uploads\/2025\/07\/Mulheres-a-Cesta_POST-1500-x-890-px-3-3.png","datePublished":"2025-07-07T11:48:41+00:00","dateModified":"2025-07-07T11:59:07+00:00","description":"A Sele\u00e7\u00e3o Brasileira Feminina deu show na AmeriCup 2025 e voltou de Santiago, no Chile, com a medalha de prata no peito e um saldo mais do que positivo.","breadcrumb":{"@id":"https:\/\/mulheresacesta.com.br\/2025\/07\/brasil-encerra-americupw-com-prata-e-atuacoes-que-brilham-mais-que-medalha\/#breadcrumb"},"inLanguage":"en-US","potentialAction":[{"@type":"ReadAction","target":["https:\/\/mulheresacesta.com.br\/2025\/07\/brasil-encerra-americupw-com-prata-e-atuacoes-que-brilham-mais-que-medalha\/"]}]},{"@type":"ImageObject","inLanguage":"en-US","@id":"https:\/\/mulheresacesta.com.br\/2025\/07\/brasil-encerra-americupw-com-prata-e-atuacoes-que-brilham-mais-que-medalha\/#primaryimage","url":"https:\/\/mulheresacesta.com.br\/wp-content\/uploads\/2025\/07\/Mulheres-a-Cesta_POST-1500-x-890-px-3-3.png","contentUrl":"https:\/\/mulheresacesta.com.br\/wp-content\/uploads\/2025\/07\/Mulheres-a-Cesta_POST-1500-x-890-px-3-3.png","width":1500,"height":890},{"@type":"BreadcrumbList","@id":"https:\/\/mulheresacesta.com.br\/2025\/07\/brasil-encerra-americupw-com-prata-e-atuacoes-que-brilham-mais-que-medalha\/#breadcrumb","itemListElement":[{"@type":"ListItem","position":1,"name":"In\u00edcio","item":"https:\/\/mulheresacesta.com.br\/"},{"@type":"ListItem","position":2,"name":"Brasil \u00e9 prata na AmeriCupW 2025!"}]},{"@type":"WebSite","@id":"https:\/\/mulheresacesta.com.br\/en\/#website","url":"https:\/\/mulheresacesta.com.br\/en\/","name":"Mulheres \u00e0 Cesta","description":"","publisher":{"@id":"https:\/\/mulheresacesta.com.br\/en\/#organization"},"potentialAction":[{"@type":"SearchAction","target":{"@type":"EntryPoint","urlTemplate":"https:\/\/mulheresacesta.com.br\/en\/?s={search_term_string}"},"query-input":{"@type":"PropertyValueSpecification","valueRequired":true,"valueName":"search_term_string"}}],"inLanguage":"en-US"},{"@type":"Organization","@id":"https:\/\/mulheresacesta.com.br\/en\/#organization","name":"Mulheres \u00e0 Cesta","url":"https:\/\/mulheresacesta.com.br\/en\/","logo":{"@type":"ImageObject","inLanguage":"en-US","@id":"https:\/\/mulheresacesta.com.br\/en\/#\/schema\/logo\/image\/","url":"https:\/\/mulheresacesta.com.br\/wp-content\/uploads\/2020\/10\/mulheres-a-cesta.jpg","contentUrl":"https:\/\/mulheresacesta.com.br\/wp-content\/uploads\/2020\/10\/mulheres-a-cesta.jpg","width":400,"height":300,"caption":"Mulheres \u00e0 Cesta"},"image":{"@id":"https:\/\/mulheresacesta.com.br\/en\/#\/schema\/logo\/image\/"}},{"@type":"Person","@id":"https:\/\/mulheresacesta.com.br\/en\/#\/schema\/person\/11ebd3af76a9fcb3d26c815924faac42","name":"mulheres","sameAs":["http:\/\/localhost\/mulheresacesta"],"url":"https:\/\/mulheresacesta.com.br\/en\/author\/mulheres\/"}]}},"_links":{"self":[{"href":"https:\/\/mulheresacesta.com.br\/en\/wp-json\/wp\/v2\/posts\/6711","targetHints":{"allow":["GET"]}}],"collection":[{"href":"https:\/\/mulheresacesta.com.br\/en\/wp-json\/wp\/v2\/posts"}],"about":[{"href":"https:\/\/mulheresacesta.com.br\/en\/wp-json\/wp\/v2\/types\/post"}],"author":[{"embeddable":true,"href":"https:\/\/mulheresacesta.com.br\/en\/wp-json\/wp\/v2\/users\/1"}],"replies":[{"embeddable":true,"href":"https:\/\/mulheresacesta.com.br\/en\/wp-json\/wp\/v2\/comments?post=6711"}],"version-history":[{"count":2,"href":"https:\/\/mulheresacesta.com.br\/en\/wp-json\/wp\/v2\/posts\/6711\/revisions"}],"predecessor-version":[{"id":6713,"href":"https:\/\/mulheresacesta.com.br\/en\/wp-json\/wp\/v2\/posts\/6711\/revisions\/6713"}],"wp:featuredmedia":[{"embeddable":true,"href":"https:\/\/mulheresacesta.com.br\/en\/wp-json\/wp\/v2\/media\/6714"}],"wp:attachment":[{"href":"https:\/\/mulheresacesta.com.br\/en\/wp-json\/wp\/v2\/media?parent=6711"}],"wp:term":[{"taxonomy":"category","embeddable":true,"href":"https:\/\/mulheresacesta.com.br\/en\/wp-json\/wp\/v2\/categories?post=6711"},{"taxonomy":"post_tag","embeddable":true,"href":"https:\/\/mulheresacesta.com.br\/en\/wp-json\/wp\/v2\/tags?post=6711"}],"curies":[{"name":"wp","href":"https:\/\/api.w.org\/{rel}","templated":true}]}}