{"id":6718,"date":"2025-07-11T09:00:00","date_gmt":"2025-07-11T12:00:00","guid":{"rendered":"https:\/\/mulheresacesta.com.br\/?p=6718"},"modified":"2025-07-14T11:00:52","modified_gmt":"2025-07-14T14:00:52","slug":"a-forca-da-selecao-brasileira-feminina-na-americupw-2025","status":"publish","type":"post","link":"https:\/\/mulheresacesta.com.br\/en\/2025\/07\/a-forca-da-selecao-brasileira-feminina-na-americupw-2025\/","title":{"rendered":"A for\u00e7a da Sele\u00e7\u00e3o Brasileira Feminina na AmeriCupW 2025"},"content":{"rendered":"\n<p>Realizado em Santiago, no Chile, o torneio mostrou ao continente \u2013 e ao mundo \u2013 que o Brasil tem uma gera\u00e7\u00e3o talentosa, resiliente e com sede de protagonismo.<\/p>\n\n\n\n<p>Foram <strong>seis vit\u00f3rias em sete jogos<\/strong>, com atua\u00e7\u00f5es dominantes e um vice-campeonato que, embora n\u00e3o tenha vindo com o ouro, coroou uma equipe em plena ascens\u00e3o. O Brasil s\u00f3 foi superado na final pelos Estados Unidos, numa partida intensa e de alt\u00edssimo n\u00edvel t\u00e9cnico, encerrada em 92 a 84.<\/p>\n\n\n\n<h3 class=\"wp-block-heading\">Damiris Dantas: a l\u00edder em quadra<\/h3>\n\n\n\n<p>Com atua\u00e7\u00f5es consistentes ao longo do campeonato, Damiris Dantas teve uma performance hist\u00f3rica na final: <strong>35 pontos, 8 rebotes e 4 assist\u00eancias<\/strong>, reafirmando seu papel de lideran\u00e7a e dom\u00ednio nas duas extremidades da quadra. Com m\u00e9dia de quase 22 pontos por jogo, foi a cestinha do torneio e integrou o quinteto ideal da competi\u00e7\u00e3o.<\/p>\n\n\n\n<h3 class=\"wp-block-heading\">Kamilla Cardoso: presen\u00e7a e pot\u00eancia<\/h3>\n\n\n\n<p>Mesmo limitada por faltas na final, Kamilla mostrou por que \u00e9 uma das piv\u00f4s mais promissoras do mundo. Com presen\u00e7a de garraf\u00e3o, rebotes e muita efici\u00eancia, tamb\u00e9m entrou para o quinteto ideal da AmeriCupW. Sua consist\u00eancia foi um dos pilares defensivos da equipe.<\/p>\n\n\n\n<h3 class=\"wp-block-heading\">Bella Nascimento e a nova gera\u00e7\u00e3o<\/h3>\n\n\n\n<p>Se algu\u00e9m ainda tinha d\u00favidas sobre o futuro da Sele\u00e7\u00e3o, Bella Nascimento tratou de dissip\u00e1-las. Com 22 pontos na final e atua\u00e7\u00f5es seguras em todos os jogos, ela se consolidou como nome certo para os pr\u00f3ximos ciclos. Sua entrega e maturidade impressionaram at\u00e9 os olhos mais experientes.<\/p>\n\n\n\n<h3 class=\"wp-block-heading\">Coletividade como diferencial<\/h3>\n\n\n\n<p>Sob o comando da t\u00e9cnica Pokey Chatman, o Brasil mostrou uma proposta clara: defesa intensa, rota\u00e7\u00e3o equilibrada e jogo coletivo. Em v\u00e1rios jogos, todas as atletas pontuaram, e a bola circulou com fluidez, mostrando um entrosamento promissor para um grupo que ainda tem margem de crescimento.<\/p>\n\n\n\n<h3 class=\"wp-block-heading\">E o que vem agora?<\/h3>\n\n\n\n<p>Com o segundo lugar na AmeriCupW, o Brasil garantiu vaga no Pr\u00e9-Mundial de 2026 \u2013 a \u00faltima etapa antes da t\u00e3o desejada Copa do Mundo, que ser\u00e1 disputada na Alemanha. O objetivo agora \u00e9 manter a base, investir na prepara\u00e7\u00e3o e continuar fortalecendo a visibilidade do basquete feminino.<\/p>\n\n\n\n<hr class=\"wp-block-separator has-alpha-channel-opacity\"\/>\n\n\n\n<p><strong>Mais do que medalhas: o impacto dessa campanha<\/strong><\/p>\n\n\n\n<p>A AmeriCupW 2025 mostrou que o basquete feminino brasileiro est\u00e1 em uma fase madura e cheia de possibilidades. Com talento, t\u00e9cnica e uni\u00e3o, essa Sele\u00e7\u00e3o inspira meninas, movimenta torcidas e refor\u00e7a o espa\u00e7o da mulher no esporte. Que essa prata seja combust\u00edvel para sonhos ainda maiores.<\/p>\n\n\n\n<p><\/p>\n","protected":false},"excerpt":{"rendered":"<p>Realizado em Santiago, no Chile, o torneio mostrou ao continente \u2013 e ao mundo \u2013 que o Brasil tem uma gera\u00e7\u00e3o talentosa, resiliente e com sede de protagonismo. Foram seis vit\u00f3rias em sete jogos, com atua\u00e7\u00f5es dominantes e um vice-campeonato que, embora n\u00e3o tenha vindo com o ouro, coroou uma equipe em plena ascens\u00e3o. O [&hellip;]<\/p>\n","protected":false},"author":1,"featured_media":6736,"comment_status":"open","ping_status":"open","sticky":false,"template":"","format":"standard","meta":{"footnotes":""},"categories":[12],"tags":[],"class_list":["post-6718","post","type-post","status-publish","format-standard","has-post-thumbnail","hentry","category-blog"],"acf":[],"yoast_head":"<!-- This site is optimized with the Yoast SEO plugin v26.4 - https:\/\/yoast.com\/wordpress\/plugins\/seo\/ -->\n<title>A for\u00e7a da Sele\u00e7\u00e3o Brasileira Feminina na AmeriCupW 2025<\/title>\n<meta name=\"description\" content=\"Realizado em Santiago, no Chile, o torneio mostrou ao continente \u2013 e ao mundo \u2013 que o Brasil tem uma gera\u00e7\u00e3o talentosa, resiliente e com sede de\" \/>\n<meta name=\"robots\" content=\"index, follow, max-snippet:-1, max-image-preview:large, max-video-preview:-1\" \/>\n<link rel=\"canonical\" href=\"https:\/\/mulheresacesta.com.br\/en\/2025\/07\/a-forca-da-selecao-brasileira-feminina-na-americupw-2025\/\" \/>\n<meta property=\"og:locale\" content=\"en_US\" \/>\n<meta property=\"og:locale:alternate\" content=\"pt_BR\" \/>\n<meta property=\"og:type\" content=\"article\" \/>\n<meta property=\"og:title\" content=\"A for\u00e7a da Sele\u00e7\u00e3o Brasileira Feminina na AmeriCupW 2025\" \/>\n<meta property=\"og:description\" content=\"Realizado em Santiago, no Chile, o torneio mostrou ao continente \u2013 e ao mundo \u2013 que o Brasil tem uma gera\u00e7\u00e3o talentosa, resiliente e com sede de\" \/>\n<meta property=\"og:url\" content=\"https:\/\/mulheresacesta.com.br\/en\/2025\/07\/a-forca-da-selecao-brasileira-feminina-na-americupw-2025\/\" \/>\n<meta property=\"og:site_name\" content=\"Mulheres \u00e0 Cesta\" \/>\n<meta property=\"article:published_time\" content=\"2025-07-11T12:00:00+00:00\" \/>\n<meta property=\"article:modified_time\" content=\"2025-07-14T14:00:52+00:00\" \/>\n<meta property=\"og:image\" content=\"https:\/\/mulheresacesta.com.br\/wp-content\/uploads\/2025\/07\/americupw-thumb2-1.jpg\" \/>\n\t<meta property=\"og:image:width\" content=\"1500\" \/>\n\t<meta property=\"og:image:height\" content=\"890\" \/>\n\t<meta property=\"og:image:type\" content=\"image\/jpeg\" \/>\n<meta name=\"author\" content=\"mulheres\" \/>\n<meta name=\"twitter:card\" content=\"summary_large_image\" \/>\n<meta name=\"twitter:label1\" content=\"Written by\" \/>\n\t<meta name=\"twitter:data1\" content=\"mulheres\" \/>\n\t<meta name=\"twitter:label2\" content=\"Est. reading time\" \/>\n\t<meta name=\"twitter:data2\" content=\"3 minutes\" \/>\n<script type=\"application\/ld+json\" class=\"yoast-schema-graph\">{\"@context\":\"https:\/\/schema.org\",\"@graph\":[{\"@type\":\"Article\",\"@id\":\"https:\/\/mulheresacesta.com.br\/2025\/07\/a-forca-da-selecao-brasileira-feminina-na-americupw-2025\/#article\",\"isPartOf\":{\"@id\":\"https:\/\/mulheresacesta.com.br\/2025\/07\/a-forca-da-selecao-brasileira-feminina-na-americupw-2025\/\"},\"author\":{\"name\":\"mulheres\",\"@id\":\"https:\/\/mulheresacesta.com.br\/en\/#\/schema\/person\/11ebd3af76a9fcb3d26c815924faac42\"},\"headline\":\"A for\u00e7a da Sele\u00e7\u00e3o Brasileira Feminina na AmeriCupW 2025\",\"datePublished\":\"2025-07-11T12:00:00+00:00\",\"dateModified\":\"2025-07-14T14:00:52+00:00\",\"mainEntityOfPage\":{\"@id\":\"https:\/\/mulheresacesta.com.br\/2025\/07\/a-forca-da-selecao-brasileira-feminina-na-americupw-2025\/\"},\"wordCount\":435,\"commentCount\":0,\"publisher\":{\"@id\":\"https:\/\/mulheresacesta.com.br\/en\/#organization\"},\"image\":{\"@id\":\"https:\/\/mulheresacesta.com.br\/2025\/07\/a-forca-da-selecao-brasileira-feminina-na-americupw-2025\/#primaryimage\"},\"thumbnailUrl\":\"https:\/\/mulheresacesta.com.br\/wp-content\/uploads\/2025\/07\/americupw-thumb2-1.jpg\",\"articleSection\":[\"Blog\"],\"inLanguage\":\"en-US\",\"potentialAction\":[{\"@type\":\"CommentAction\",\"name\":\"Comment\",\"target\":[\"https:\/\/mulheresacesta.com.br\/2025\/07\/a-forca-da-selecao-brasileira-feminina-na-americupw-2025\/#respond\"]}]},{\"@type\":\"WebPage\",\"@id\":\"https:\/\/mulheresacesta.com.br\/2025\/07\/a-forca-da-selecao-brasileira-feminina-na-americupw-2025\/\",\"url\":\"https:\/\/mulheresacesta.com.br\/2025\/07\/a-forca-da-selecao-brasileira-feminina-na-americupw-2025\/\",\"name\":\"A for\u00e7a da Sele\u00e7\u00e3o Brasileira Feminina na AmeriCupW 2025\",\"isPartOf\":{\"@id\":\"https:\/\/mulheresacesta.com.br\/en\/#website\"},\"primaryImageOfPage\":{\"@id\":\"https:\/\/mulheresacesta.com.br\/2025\/07\/a-forca-da-selecao-brasileira-feminina-na-americupw-2025\/#primaryimage\"},\"image\":{\"@id\":\"https:\/\/mulheresacesta.com.br\/2025\/07\/a-forca-da-selecao-brasileira-feminina-na-americupw-2025\/#primaryimage\"},\"thumbnailUrl\":\"https:\/\/mulheresacesta.com.br\/wp-content\/uploads\/2025\/07\/americupw-thumb2-1.jpg\",\"datePublished\":\"2025-07-11T12:00:00+00:00\",\"dateModified\":\"2025-07-14T14:00:52+00:00\",\"description\":\"Realizado em Santiago, no Chile, o torneio mostrou ao continente \u2013 e ao mundo \u2013 que o Brasil tem uma gera\u00e7\u00e3o talentosa, resiliente e com sede de\",\"breadcrumb\":{\"@id\":\"https:\/\/mulheresacesta.com.br\/2025\/07\/a-forca-da-selecao-brasileira-feminina-na-americupw-2025\/#breadcrumb\"},\"inLanguage\":\"en-US\",\"potentialAction\":[{\"@type\":\"ReadAction\",\"target\":[\"https:\/\/mulheresacesta.com.br\/2025\/07\/a-forca-da-selecao-brasileira-feminina-na-americupw-2025\/\"]}]},{\"@type\":\"ImageObject\",\"inLanguage\":\"en-US\",\"@id\":\"https:\/\/mulheresacesta.com.br\/2025\/07\/a-forca-da-selecao-brasileira-feminina-na-americupw-2025\/#primaryimage\",\"url\":\"https:\/\/mulheresacesta.com.br\/wp-content\/uploads\/2025\/07\/americupw-thumb2-1.jpg\",\"contentUrl\":\"https:\/\/mulheresacesta.com.br\/wp-content\/uploads\/2025\/07\/americupw-thumb2-1.jpg\",\"width\":1500,\"height\":890},{\"@type\":\"BreadcrumbList\",\"@id\":\"https:\/\/mulheresacesta.com.br\/2025\/07\/a-forca-da-selecao-brasileira-feminina-na-americupw-2025\/#breadcrumb\",\"itemListElement\":[{\"@type\":\"ListItem\",\"position\":1,\"name\":\"In\u00edcio\",\"item\":\"https:\/\/mulheresacesta.com.br\/\"},{\"@type\":\"ListItem\",\"position\":2,\"name\":\"A for\u00e7a da Sele\u00e7\u00e3o Brasileira Feminina na AmeriCupW 2025\"}]},{\"@type\":\"WebSite\",\"@id\":\"https:\/\/mulheresacesta.com.br\/en\/#website\",\"url\":\"https:\/\/mulheresacesta.com.br\/en\/\",\"name\":\"Mulheres \u00e0 Cesta\",\"description\":\"\",\"publisher\":{\"@id\":\"https:\/\/mulheresacesta.com.br\/en\/#organization\"},\"potentialAction\":[{\"@type\":\"SearchAction\",\"target\":{\"@type\":\"EntryPoint\",\"urlTemplate\":\"https:\/\/mulheresacesta.com.br\/en\/?s={search_term_string}\"},\"query-input\":{\"@type\":\"PropertyValueSpecification\",\"valueRequired\":true,\"valueName\":\"search_term_string\"}}],\"inLanguage\":\"en-US\"},{\"@type\":\"Organization\",\"@id\":\"https:\/\/mulheresacesta.com.br\/en\/#organization\",\"name\":\"Mulheres \u00e0 Cesta\",\"url\":\"https:\/\/mulheresacesta.com.br\/en\/\",\"logo\":{\"@type\":\"ImageObject\",\"inLanguage\":\"en-US\",\"@id\":\"https:\/\/mulheresacesta.com.br\/en\/#\/schema\/logo\/image\/\",\"url\":\"https:\/\/mulheresacesta.com.br\/wp-content\/uploads\/2020\/10\/mulheres-a-cesta.jpg\",\"contentUrl\":\"https:\/\/mulheresacesta.com.br\/wp-content\/uploads\/2020\/10\/mulheres-a-cesta.jpg\",\"width\":400,\"height\":300,\"caption\":\"Mulheres \u00e0 Cesta\"},\"image\":{\"@id\":\"https:\/\/mulheresacesta.com.br\/en\/#\/schema\/logo\/image\/\"}},{\"@type\":\"Person\",\"@id\":\"https:\/\/mulheresacesta.com.br\/en\/#\/schema\/person\/11ebd3af76a9fcb3d26c815924faac42\",\"name\":\"mulheres\",\"sameAs\":[\"http:\/\/localhost\/mulheresacesta\"],\"url\":\"https:\/\/mulheresacesta.com.br\/en\/author\/mulheres\/\"}]}<\/script>\n<!-- \/ Yoast SEO plugin. -->","yoast_head_json":{"title":"A for\u00e7a da Sele\u00e7\u00e3o Brasileira Feminina na AmeriCupW 2025","description":"Realizado em Santiago, no Chile, o torneio mostrou ao continente \u2013 e ao mundo \u2013 que o Brasil tem uma gera\u00e7\u00e3o talentosa, resiliente e com sede de","robots":{"index":"index","follow":"follow","max-snippet":"max-snippet:-1","max-image-preview":"max-image-preview:large","max-video-preview":"max-video-preview:-1"},"canonical":"https:\/\/mulheresacesta.com.br\/en\/2025\/07\/a-forca-da-selecao-brasileira-feminina-na-americupw-2025\/","og_locale":"en_US","og_type":"article","og_title":"[:pt]A for\u00e7a da Sele\u00e7\u00e3o Brasileira Feminina na AmeriCupW 2025[:] - Mulheres \u00e0 Cesta","og_description":"Realizado em Santiago, no Chile, o torneio mostrou ao continente \u2013 e ao mundo \u2013 que o Brasil tem uma gera\u00e7\u00e3o talentosa, resiliente e com sede de","og_url":"https:\/\/mulheresacesta.com.br\/en\/2025\/07\/a-forca-da-selecao-brasileira-feminina-na-americupw-2025\/","og_site_name":"Mulheres \u00e0 Cesta","article_published_time":"2025-07-11T12:00:00+00:00","article_modified_time":"2025-07-14T14:00:52+00:00","og_image":[{"width":1500,"height":890,"url":"https:\/\/mulheresacesta.com.br\/wp-content\/uploads\/2025\/07\/americupw-thumb2-1.jpg","type":"image\/jpeg"}],"author":"mulheres","twitter_card":"summary_large_image","twitter_misc":{"Written by":"mulheres","Est. reading time":"3 minutes"},"schema":{"@context":"https:\/\/schema.org","@graph":[{"@type":"Article","@id":"https:\/\/mulheresacesta.com.br\/2025\/07\/a-forca-da-selecao-brasileira-feminina-na-americupw-2025\/#article","isPartOf":{"@id":"https:\/\/mulheresacesta.com.br\/2025\/07\/a-forca-da-selecao-brasileira-feminina-na-americupw-2025\/"},"author":{"name":"mulheres","@id":"https:\/\/mulheresacesta.com.br\/en\/#\/schema\/person\/11ebd3af76a9fcb3d26c815924faac42"},"headline":"A for\u00e7a da Sele\u00e7\u00e3o Brasileira Feminina na AmeriCupW 2025","datePublished":"2025-07-11T12:00:00+00:00","dateModified":"2025-07-14T14:00:52+00:00","mainEntityOfPage":{"@id":"https:\/\/mulheresacesta.com.br\/2025\/07\/a-forca-da-selecao-brasileira-feminina-na-americupw-2025\/"},"wordCount":435,"commentCount":0,"publisher":{"@id":"https:\/\/mulheresacesta.com.br\/en\/#organization"},"image":{"@id":"https:\/\/mulheresacesta.com.br\/2025\/07\/a-forca-da-selecao-brasileira-feminina-na-americupw-2025\/#primaryimage"},"thumbnailUrl":"https:\/\/mulheresacesta.com.br\/wp-content\/uploads\/2025\/07\/americupw-thumb2-1.jpg","articleSection":["Blog"],"inLanguage":"en-US","potentialAction":[{"@type":"CommentAction","name":"Comment","target":["https:\/\/mulheresacesta.com.br\/2025\/07\/a-forca-da-selecao-brasileira-feminina-na-americupw-2025\/#respond"]}]},{"@type":"WebPage","@id":"https:\/\/mulheresacesta.com.br\/2025\/07\/a-forca-da-selecao-brasileira-feminina-na-americupw-2025\/","url":"https:\/\/mulheresacesta.com.br\/2025\/07\/a-forca-da-selecao-brasileira-feminina-na-americupw-2025\/","name":"A for\u00e7a da Sele\u00e7\u00e3o Brasileira Feminina na AmeriCupW 2025","isPartOf":{"@id":"https:\/\/mulheresacesta.com.br\/en\/#website"},"primaryImageOfPage":{"@id":"https:\/\/mulheresacesta.com.br\/2025\/07\/a-forca-da-selecao-brasileira-feminina-na-americupw-2025\/#primaryimage"},"image":{"@id":"https:\/\/mulheresacesta.com.br\/2025\/07\/a-forca-da-selecao-brasileira-feminina-na-americupw-2025\/#primaryimage"},"thumbnailUrl":"https:\/\/mulheresacesta.com.br\/wp-content\/uploads\/2025\/07\/americupw-thumb2-1.jpg","datePublished":"2025-07-11T12:00:00+00:00","dateModified":"2025-07-14T14:00:52+00:00","description":"Realizado em Santiago, no Chile, o torneio mostrou ao continente \u2013 e ao mundo \u2013 que o Brasil tem uma gera\u00e7\u00e3o talentosa, resiliente e com sede de","breadcrumb":{"@id":"https:\/\/mulheresacesta.com.br\/2025\/07\/a-forca-da-selecao-brasileira-feminina-na-americupw-2025\/#breadcrumb"},"inLanguage":"en-US","potentialAction":[{"@type":"ReadAction","target":["https:\/\/mulheresacesta.com.br\/2025\/07\/a-forca-da-selecao-brasileira-feminina-na-americupw-2025\/"]}]},{"@type":"ImageObject","inLanguage":"en-US","@id":"https:\/\/mulheresacesta.com.br\/2025\/07\/a-forca-da-selecao-brasileira-feminina-na-americupw-2025\/#primaryimage","url":"https:\/\/mulheresacesta.com.br\/wp-content\/uploads\/2025\/07\/americupw-thumb2-1.jpg","contentUrl":"https:\/\/mulheresacesta.com.br\/wp-content\/uploads\/2025\/07\/americupw-thumb2-1.jpg","width":1500,"height":890},{"@type":"BreadcrumbList","@id":"https:\/\/mulheresacesta.com.br\/2025\/07\/a-forca-da-selecao-brasileira-feminina-na-americupw-2025\/#breadcrumb","itemListElement":[{"@type":"ListItem","position":1,"name":"In\u00edcio","item":"https:\/\/mulheresacesta.com.br\/"},{"@type":"ListItem","position":2,"name":"A for\u00e7a da Sele\u00e7\u00e3o Brasileira Feminina na AmeriCupW 2025"}]},{"@type":"WebSite","@id":"https:\/\/mulheresacesta.com.br\/en\/#website","url":"https:\/\/mulheresacesta.com.br\/en\/","name":"Mulheres \u00e0 Cesta","description":"","publisher":{"@id":"https:\/\/mulheresacesta.com.br\/en\/#organization"},"potentialAction":[{"@type":"SearchAction","target":{"@type":"EntryPoint","urlTemplate":"https:\/\/mulheresacesta.com.br\/en\/?s={search_term_string}"},"query-input":{"@type":"PropertyValueSpecification","valueRequired":true,"valueName":"search_term_string"}}],"inLanguage":"en-US"},{"@type":"Organization","@id":"https:\/\/mulheresacesta.com.br\/en\/#organization","name":"Mulheres \u00e0 Cesta","url":"https:\/\/mulheresacesta.com.br\/en\/","logo":{"@type":"ImageObject","inLanguage":"en-US","@id":"https:\/\/mulheresacesta.com.br\/en\/#\/schema\/logo\/image\/","url":"https:\/\/mulheresacesta.com.br\/wp-content\/uploads\/2020\/10\/mulheres-a-cesta.jpg","contentUrl":"https:\/\/mulheresacesta.com.br\/wp-content\/uploads\/2020\/10\/mulheres-a-cesta.jpg","width":400,"height":300,"caption":"Mulheres \u00e0 Cesta"},"image":{"@id":"https:\/\/mulheresacesta.com.br\/en\/#\/schema\/logo\/image\/"}},{"@type":"Person","@id":"https:\/\/mulheresacesta.com.br\/en\/#\/schema\/person\/11ebd3af76a9fcb3d26c815924faac42","name":"mulheres","sameAs":["http:\/\/localhost\/mulheresacesta"],"url":"https:\/\/mulheresacesta.com.br\/en\/author\/mulheres\/"}]}},"_links":{"self":[{"href":"https:\/\/mulheresacesta.com.br\/en\/wp-json\/wp\/v2\/posts\/6718","targetHints":{"allow":["GET"]}}],"collection":[{"href":"https:\/\/mulheresacesta.com.br\/en\/wp-json\/wp\/v2\/posts"}],"about":[{"href":"https:\/\/mulheresacesta.com.br\/en\/wp-json\/wp\/v2\/types\/post"}],"author":[{"embeddable":true,"href":"https:\/\/mulheresacesta.com.br\/en\/wp-json\/wp\/v2\/users\/1"}],"replies":[{"embeddable":true,"href":"https:\/\/mulheresacesta.com.br\/en\/wp-json\/wp\/v2\/comments?post=6718"}],"version-history":[{"count":1,"href":"https:\/\/mulheresacesta.com.br\/en\/wp-json\/wp\/v2\/posts\/6718\/revisions"}],"predecessor-version":[{"id":6721,"href":"https:\/\/mulheresacesta.com.br\/en\/wp-json\/wp\/v2\/posts\/6718\/revisions\/6721"}],"wp:featuredmedia":[{"embeddable":true,"href":"https:\/\/mulheresacesta.com.br\/en\/wp-json\/wp\/v2\/media\/6736"}],"wp:attachment":[{"href":"https:\/\/mulheresacesta.com.br\/en\/wp-json\/wp\/v2\/media?parent=6718"}],"wp:term":[{"taxonomy":"category","embeddable":true,"href":"https:\/\/mulheresacesta.com.br\/en\/wp-json\/wp\/v2\/categories?post=6718"},{"taxonomy":"post_tag","embeddable":true,"href":"https:\/\/mulheresacesta.com.br\/en\/wp-json\/wp\/v2\/tags?post=6718"}],"curies":[{"name":"wp","href":"https:\/\/api.w.org\/{rel}","templated":true}]}}