{"id":7098,"date":"2025-10-13T09:00:00","date_gmt":"2025-10-13T12:00:00","guid":{"rendered":"https:\/\/mulheresacesta.com.br\/?p=7098"},"modified":"2025-10-13T09:19:26","modified_gmt":"2025-10-13T12:19:26","slug":"brasil-convoca-selecao-sub-17-feminina-para-o-sul-americano-de-basquete-2025","status":"publish","type":"post","link":"https:\/\/mulheresacesta.com.br\/en\/2025\/10\/brasil-convoca-selecao-sub-17-feminina-para-o-sul-americano-de-basquete-2025\/","title":{"rendered":"Brasil convoca Sele\u00e7\u00e3o Sub-17 Feminina para o Sul-Americano de Basquete 2025"},"content":{"rendered":"\n<p>A Sele\u00e7\u00e3o Brasileira Sub-17 Feminina est\u00e1 pronta para mais um desafio. A equipe foi convocada para disputar o Campeonato Sul-Americano da categoria, que ser\u00e1 realizado em Assun\u00e7\u00e3o, no Paraguai, entre os dias 20 e 26 de outubro.<\/p>\n\n\n\n<p>Os treinamentos preparat\u00f3rios acontecem de 11 a 17 de outubro, no CT Sportville, em Barueri (SP), sob o comando da treinadora Ana Diniz. Parte das atletas j\u00e1 havia participado do Camp de Desenvolvimento da CBB, realizado entre 24 e 28 de setembro. A jogadora Rebeca Soares, que atua nos Estados Unidos, foi liberada por motivos escolares.<\/p>\n\n\n\n<p>\u201cO camp contribuiu muito para o desenvolvimento das atletas e ajudou na conex\u00e3o da equipe. O grupo \u00e9 novo, talentoso e transmite confian\u00e7a. Sabemos que o desafio \u00e9 grande, mas estamos comprometidas em construir um bom trabalho, passo a passo\u201d, afirmou Ana Diniz.<\/p>\n\n\n\n<p>O torneio reunir\u00e1 nove sele\u00e7\u00f5es e ser\u00e1 decisivo no calend\u00e1rio da base sul-americana, servindo tamb\u00e9m como classificat\u00f3ria para o FIBA AmeriCup Sub-18 de 2026. As tr\u00eas melhores equipes garantir\u00e3o vaga na competi\u00e7\u00e3o continental.<\/p>\n\n\n\n<p>O Brasil integra o Grupo A, ao lado de Equador, Argentina, Bol\u00edvia e Uruguai. J\u00e1 o Grupo B conta com Chile, Col\u00f4mbia, Paraguai e Venezuela. Na primeira fase, cada equipe enfrentar\u00e1 todas as advers\u00e1rias do grupo, com as duas melhores avan\u00e7ando \u00e0s semifinais. As demais disputar\u00e3o a coloca\u00e7\u00e3o final, garantindo jogos at\u00e9 o \u00faltimo dia de torneio.<\/p>\n\n\n\n<p>\u201c\u00c9 uma nova gera\u00e7\u00e3o sendo formada. Nosso objetivo \u00e9 classificar para a Copa Am\u00e9rica e seguir at\u00e9 o Mundial. Temos atletas estreantes e outras com experi\u00eancia. \u00c9 o in\u00edcio de um ciclo promissor, e estamos muito motivados com o que vimos no camp\u201d, destacou L\u00e9o Figueir\u00f3, Coordenador da Base Feminina da CBB.<\/p>\n\n\n\n<p>Al\u00e9m da busca pela vaga no AmeriCup Sub-18, o campeonato representa um importante passo na consolida\u00e7\u00e3o das categorias de base e na forma\u00e7\u00e3o de jovens jogadoras em um ambiente competitivo e internacional.<\/p>\n\n\n\n<p>Jogos do Brasil:<\/p>\n\n\n\n<ul class=\"wp-block-list\">\n<li>Brasil x Bol\u00edvia \u2013 20 de outubro (segunda-feira)<\/li>\n\n\n\n<li>Brasil x Argentina \u2013 21 de outubro (ter\u00e7a-feira)<\/li>\n\n\n\n<li>Brasil x Uruguai \u2013 22 de outubro (quarta-feira)<\/li>\n\n\n\n<li>Brasil x Equador \u2013 24 de outubro (quinta-feira)<\/li>\n<\/ul>\n\n\n\n<p>Convocadas:<br>Alanna Janira Fabrini (Somerset Canyons \u2013 EUA)<br>Ana Carolina da Silva Moreira (Mangueira-RJ)<br>B\u00e1rbara Schlichting Bittencourt (S\u00e3o Jos\u00e9-SP)<br>Isabele Cristina Koerich (AJAB-SC)<br>Julia Vit\u00f3ria Preis da Silva (S\u00e3o Jos\u00e9-SP)<br>Lauryn Cristina Rodrigues Turibio (Itatiba-SP)<br>Maria Augusta Santos Sand (Thalia-PR)<br>Mayra Aparecida dos Santos Gregorio (Esperia-SP)<br>Micaela Cavalcanti Silva Duarte (DME Academy \u2013 EUA)<br>Pietra Pagioli Casotti (S\u00e3o Jos\u00e9-SP)<br>Sara Araujo Dagba (Central Pointe \u2013 EUA)<br>Sara Martins de Souza (S\u00e3o Jos\u00e9-SP)<\/p>\n\n\n\n<p>Comiss\u00e3o T\u00e9cnica:<br>Leonardo Figueir\u00f3 \u2013 Coordenador T\u00e9cnico<br>Fernanda Gomes \u2013 L\u00edder Operacional<br>Ana Diniz \u2013 Treinadora<br>Thelma Tavernari \u2013 Assistente T\u00e9cnica<br>Alessandro Unterkircher \u2013 Preparador F\u00edsico<br>Beatriz Valente \u2013 M\u00e9dica<br>Ana Rita Melo \u2013 M\u00e9dica<br>Paula Caciatore \u2013 Fisioterapeuta<br>Giovanna Fumagali \u2013 Fisioterapeuta<br>Denise Silva \u2013 Nutricionista<br>Manoella Fiochi \u2013 Psic\u00f3loga<\/p>\n\n\n\n<p>Fonte: Assessoria CBB<\/p>\n","protected":false},"excerpt":{"rendered":"<p>A Sele\u00e7\u00e3o Brasileira Sub-17 Feminina est\u00e1 pronta para mais um desafio. A equipe foi convocada para disputar o Campeonato Sul-Americano da categoria, que ser\u00e1 realizado em Assun\u00e7\u00e3o, no Paraguai, entre os dias 20 e 26 de outubro. Os treinamentos preparat\u00f3rios acontecem de 11 a 17 de outubro, no CT Sportville, em Barueri (SP), sob o [&hellip;]<\/p>\n","protected":false},"author":1,"featured_media":7125,"comment_status":"open","ping_status":"open","sticky":false,"template":"","format":"standard","meta":{"footnotes":""},"categories":[12],"tags":[],"class_list":["post-7098","post","type-post","status-publish","format-standard","has-post-thumbnail","hentry","category-blog"],"acf":[],"yoast_head":"<!-- This site is optimized with the Yoast SEO plugin v26.4 - https:\/\/yoast.com\/wordpress\/plugins\/seo\/ -->\n<title>Brasil convoca Sele\u00e7\u00e3o Sub-17 Feminina para o Sul-Americano de Basquete 2025<\/title>\n<meta name=\"description\" content=\"A Sele\u00e7\u00e3o Brasileira Sub-17 Feminina est\u00e1 pronta para mais um desafio. A equipe foi convocada para disputar o Campeonato Sul-Americano da categoria, que\" \/>\n<meta name=\"robots\" content=\"index, follow, max-snippet:-1, max-image-preview:large, max-video-preview:-1\" \/>\n<link rel=\"canonical\" href=\"https:\/\/mulheresacesta.com.br\/en\/2025\/10\/brasil-convoca-selecao-sub-17-feminina-para-o-sul-americano-de-basquete-2025\/\" \/>\n<meta property=\"og:locale\" content=\"en_US\" \/>\n<meta property=\"og:locale:alternate\" content=\"pt_BR\" \/>\n<meta property=\"og:type\" content=\"article\" \/>\n<meta property=\"og:title\" content=\"Brasil convoca Sele\u00e7\u00e3o Sub-17 Feminina para o Sul-Americano de Basquete 2025\" \/>\n<meta property=\"og:description\" content=\"A Sele\u00e7\u00e3o Brasileira Sub-17 Feminina est\u00e1 pronta para mais um desafio. A equipe foi convocada para disputar o Campeonato Sul-Americano da categoria, que\" \/>\n<meta property=\"og:url\" content=\"https:\/\/mulheresacesta.com.br\/en\/2025\/10\/brasil-convoca-selecao-sub-17-feminina-para-o-sul-americano-de-basquete-2025\/\" \/>\n<meta property=\"og:site_name\" content=\"Mulheres \u00e0 Cesta\" \/>\n<meta property=\"article:published_time\" content=\"2025-10-13T12:00:00+00:00\" \/>\n<meta property=\"article:modified_time\" content=\"2025-10-13T12:19:26+00:00\" \/>\n<meta property=\"og:image\" content=\"https:\/\/mulheresacesta.com.br\/wp-content\/uploads\/2025\/10\/mac-thumbs-10a_13-10.jpg\" \/>\n\t<meta property=\"og:image:width\" content=\"1500\" \/>\n\t<meta property=\"og:image:height\" content=\"890\" \/>\n\t<meta property=\"og:image:type\" content=\"image\/jpeg\" \/>\n<meta name=\"author\" content=\"mulheres\" \/>\n<meta name=\"twitter:card\" content=\"summary_large_image\" \/>\n<meta name=\"twitter:label1\" content=\"Written by\" \/>\n\t<meta name=\"twitter:data1\" content=\"mulheres\" \/>\n\t<meta name=\"twitter:label2\" content=\"Est. reading time\" \/>\n\t<meta name=\"twitter:data2\" content=\"3 minutes\" \/>\n<script type=\"application\/ld+json\" class=\"yoast-schema-graph\">{\"@context\":\"https:\/\/schema.org\",\"@graph\":[{\"@type\":\"Article\",\"@id\":\"https:\/\/mulheresacesta.com.br\/2025\/10\/brasil-convoca-selecao-sub-17-feminina-para-o-sul-americano-de-basquete-2025\/#article\",\"isPartOf\":{\"@id\":\"https:\/\/mulheresacesta.com.br\/2025\/10\/brasil-convoca-selecao-sub-17-feminina-para-o-sul-americano-de-basquete-2025\/\"},\"author\":{\"name\":\"mulheres\",\"@id\":\"https:\/\/mulheresacesta.com.br\/en\/#\/schema\/person\/11ebd3af76a9fcb3d26c815924faac42\"},\"headline\":\"Brasil convoca Sele\u00e7\u00e3o Sub-17 Feminina para o Sul-Americano de Basquete 2025\",\"datePublished\":\"2025-10-13T12:00:00+00:00\",\"dateModified\":\"2025-10-13T12:19:26+00:00\",\"mainEntityOfPage\":{\"@id\":\"https:\/\/mulheresacesta.com.br\/2025\/10\/brasil-convoca-selecao-sub-17-feminina-para-o-sul-americano-de-basquete-2025\/\"},\"wordCount\":487,\"commentCount\":0,\"publisher\":{\"@id\":\"https:\/\/mulheresacesta.com.br\/en\/#organization\"},\"image\":{\"@id\":\"https:\/\/mulheresacesta.com.br\/2025\/10\/brasil-convoca-selecao-sub-17-feminina-para-o-sul-americano-de-basquete-2025\/#primaryimage\"},\"thumbnailUrl\":\"https:\/\/mulheresacesta.com.br\/wp-content\/uploads\/2025\/10\/mac-thumbs-10a_13-10.jpg\",\"articleSection\":[\"Blog\"],\"inLanguage\":\"en-US\",\"potentialAction\":[{\"@type\":\"CommentAction\",\"name\":\"Comment\",\"target\":[\"https:\/\/mulheresacesta.com.br\/2025\/10\/brasil-convoca-selecao-sub-17-feminina-para-o-sul-americano-de-basquete-2025\/#respond\"]}]},{\"@type\":\"WebPage\",\"@id\":\"https:\/\/mulheresacesta.com.br\/2025\/10\/brasil-convoca-selecao-sub-17-feminina-para-o-sul-americano-de-basquete-2025\/\",\"url\":\"https:\/\/mulheresacesta.com.br\/2025\/10\/brasil-convoca-selecao-sub-17-feminina-para-o-sul-americano-de-basquete-2025\/\",\"name\":\"Brasil convoca Sele\u00e7\u00e3o Sub-17 Feminina para o Sul-Americano de Basquete 2025\",\"isPartOf\":{\"@id\":\"https:\/\/mulheresacesta.com.br\/en\/#website\"},\"primaryImageOfPage\":{\"@id\":\"https:\/\/mulheresacesta.com.br\/2025\/10\/brasil-convoca-selecao-sub-17-feminina-para-o-sul-americano-de-basquete-2025\/#primaryimage\"},\"image\":{\"@id\":\"https:\/\/mulheresacesta.com.br\/2025\/10\/brasil-convoca-selecao-sub-17-feminina-para-o-sul-americano-de-basquete-2025\/#primaryimage\"},\"thumbnailUrl\":\"https:\/\/mulheresacesta.com.br\/wp-content\/uploads\/2025\/10\/mac-thumbs-10a_13-10.jpg\",\"datePublished\":\"2025-10-13T12:00:00+00:00\",\"dateModified\":\"2025-10-13T12:19:26+00:00\",\"description\":\"A Sele\u00e7\u00e3o Brasileira Sub-17 Feminina est\u00e1 pronta para mais um desafio. A equipe foi convocada para disputar o Campeonato Sul-Americano da categoria, que\",\"breadcrumb\":{\"@id\":\"https:\/\/mulheresacesta.com.br\/2025\/10\/brasil-convoca-selecao-sub-17-feminina-para-o-sul-americano-de-basquete-2025\/#breadcrumb\"},\"inLanguage\":\"en-US\",\"potentialAction\":[{\"@type\":\"ReadAction\",\"target\":[\"https:\/\/mulheresacesta.com.br\/2025\/10\/brasil-convoca-selecao-sub-17-feminina-para-o-sul-americano-de-basquete-2025\/\"]}]},{\"@type\":\"ImageObject\",\"inLanguage\":\"en-US\",\"@id\":\"https:\/\/mulheresacesta.com.br\/2025\/10\/brasil-convoca-selecao-sub-17-feminina-para-o-sul-americano-de-basquete-2025\/#primaryimage\",\"url\":\"https:\/\/mulheresacesta.com.br\/wp-content\/uploads\/2025\/10\/mac-thumbs-10a_13-10.jpg\",\"contentUrl\":\"https:\/\/mulheresacesta.com.br\/wp-content\/uploads\/2025\/10\/mac-thumbs-10a_13-10.jpg\",\"width\":1500,\"height\":890},{\"@type\":\"BreadcrumbList\",\"@id\":\"https:\/\/mulheresacesta.com.br\/2025\/10\/brasil-convoca-selecao-sub-17-feminina-para-o-sul-americano-de-basquete-2025\/#breadcrumb\",\"itemListElement\":[{\"@type\":\"ListItem\",\"position\":1,\"name\":\"In\u00edcio\",\"item\":\"https:\/\/mulheresacesta.com.br\/\"},{\"@type\":\"ListItem\",\"position\":2,\"name\":\"Brasil convoca Sele\u00e7\u00e3o Sub-17 Feminina para o Sul-Americano de Basquete 2025\"}]},{\"@type\":\"WebSite\",\"@id\":\"https:\/\/mulheresacesta.com.br\/en\/#website\",\"url\":\"https:\/\/mulheresacesta.com.br\/en\/\",\"name\":\"Mulheres \u00e0 Cesta\",\"description\":\"\",\"publisher\":{\"@id\":\"https:\/\/mulheresacesta.com.br\/en\/#organization\"},\"potentialAction\":[{\"@type\":\"SearchAction\",\"target\":{\"@type\":\"EntryPoint\",\"urlTemplate\":\"https:\/\/mulheresacesta.com.br\/en\/?s={search_term_string}\"},\"query-input\":{\"@type\":\"PropertyValueSpecification\",\"valueRequired\":true,\"valueName\":\"search_term_string\"}}],\"inLanguage\":\"en-US\"},{\"@type\":\"Organization\",\"@id\":\"https:\/\/mulheresacesta.com.br\/en\/#organization\",\"name\":\"Mulheres \u00e0 Cesta\",\"url\":\"https:\/\/mulheresacesta.com.br\/en\/\",\"logo\":{\"@type\":\"ImageObject\",\"inLanguage\":\"en-US\",\"@id\":\"https:\/\/mulheresacesta.com.br\/en\/#\/schema\/logo\/image\/\",\"url\":\"https:\/\/mulheresacesta.com.br\/wp-content\/uploads\/2020\/10\/mulheres-a-cesta.jpg\",\"contentUrl\":\"https:\/\/mulheresacesta.com.br\/wp-content\/uploads\/2020\/10\/mulheres-a-cesta.jpg\",\"width\":400,\"height\":300,\"caption\":\"Mulheres \u00e0 Cesta\"},\"image\":{\"@id\":\"https:\/\/mulheresacesta.com.br\/en\/#\/schema\/logo\/image\/\"}},{\"@type\":\"Person\",\"@id\":\"https:\/\/mulheresacesta.com.br\/en\/#\/schema\/person\/11ebd3af76a9fcb3d26c815924faac42\",\"name\":\"mulheres\",\"sameAs\":[\"http:\/\/localhost\/mulheresacesta\"],\"url\":\"https:\/\/mulheresacesta.com.br\/en\/author\/mulheres\/\"}]}<\/script>\n<!-- \/ Yoast SEO plugin. -->","yoast_head_json":{"title":"Brasil convoca Sele\u00e7\u00e3o Sub-17 Feminina para o Sul-Americano de Basquete 2025","description":"A Sele\u00e7\u00e3o Brasileira Sub-17 Feminina est\u00e1 pronta para mais um desafio. A equipe foi convocada para disputar o Campeonato Sul-Americano da categoria, que","robots":{"index":"index","follow":"follow","max-snippet":"max-snippet:-1","max-image-preview":"max-image-preview:large","max-video-preview":"max-video-preview:-1"},"canonical":"https:\/\/mulheresacesta.com.br\/en\/2025\/10\/brasil-convoca-selecao-sub-17-feminina-para-o-sul-americano-de-basquete-2025\/","og_locale":"en_US","og_type":"article","og_title":"[:pt]Brasil convoca Sele\u00e7\u00e3o Sub-17 Feminina para o Sul-Americano de Basquete 2025[:] - Mulheres \u00e0 Cesta","og_description":"A Sele\u00e7\u00e3o Brasileira Sub-17 Feminina est\u00e1 pronta para mais um desafio. A equipe foi convocada para disputar o Campeonato Sul-Americano da categoria, que","og_url":"https:\/\/mulheresacesta.com.br\/en\/2025\/10\/brasil-convoca-selecao-sub-17-feminina-para-o-sul-americano-de-basquete-2025\/","og_site_name":"Mulheres \u00e0 Cesta","article_published_time":"2025-10-13T12:00:00+00:00","article_modified_time":"2025-10-13T12:19:26+00:00","og_image":[{"width":1500,"height":890,"url":"https:\/\/mulheresacesta.com.br\/wp-content\/uploads\/2025\/10\/mac-thumbs-10a_13-10.jpg","type":"image\/jpeg"}],"author":"mulheres","twitter_card":"summary_large_image","twitter_misc":{"Written by":"mulheres","Est. reading time":"3 minutes"},"schema":{"@context":"https:\/\/schema.org","@graph":[{"@type":"Article","@id":"https:\/\/mulheresacesta.com.br\/2025\/10\/brasil-convoca-selecao-sub-17-feminina-para-o-sul-americano-de-basquete-2025\/#article","isPartOf":{"@id":"https:\/\/mulheresacesta.com.br\/2025\/10\/brasil-convoca-selecao-sub-17-feminina-para-o-sul-americano-de-basquete-2025\/"},"author":{"name":"mulheres","@id":"https:\/\/mulheresacesta.com.br\/en\/#\/schema\/person\/11ebd3af76a9fcb3d26c815924faac42"},"headline":"Brasil convoca Sele\u00e7\u00e3o Sub-17 Feminina para o Sul-Americano de Basquete 2025","datePublished":"2025-10-13T12:00:00+00:00","dateModified":"2025-10-13T12:19:26+00:00","mainEntityOfPage":{"@id":"https:\/\/mulheresacesta.com.br\/2025\/10\/brasil-convoca-selecao-sub-17-feminina-para-o-sul-americano-de-basquete-2025\/"},"wordCount":487,"commentCount":0,"publisher":{"@id":"https:\/\/mulheresacesta.com.br\/en\/#organization"},"image":{"@id":"https:\/\/mulheresacesta.com.br\/2025\/10\/brasil-convoca-selecao-sub-17-feminina-para-o-sul-americano-de-basquete-2025\/#primaryimage"},"thumbnailUrl":"https:\/\/mulheresacesta.com.br\/wp-content\/uploads\/2025\/10\/mac-thumbs-10a_13-10.jpg","articleSection":["Blog"],"inLanguage":"en-US","potentialAction":[{"@type":"CommentAction","name":"Comment","target":["https:\/\/mulheresacesta.com.br\/2025\/10\/brasil-convoca-selecao-sub-17-feminina-para-o-sul-americano-de-basquete-2025\/#respond"]}]},{"@type":"WebPage","@id":"https:\/\/mulheresacesta.com.br\/2025\/10\/brasil-convoca-selecao-sub-17-feminina-para-o-sul-americano-de-basquete-2025\/","url":"https:\/\/mulheresacesta.com.br\/2025\/10\/brasil-convoca-selecao-sub-17-feminina-para-o-sul-americano-de-basquete-2025\/","name":"Brasil convoca Sele\u00e7\u00e3o Sub-17 Feminina para o Sul-Americano de Basquete 2025","isPartOf":{"@id":"https:\/\/mulheresacesta.com.br\/en\/#website"},"primaryImageOfPage":{"@id":"https:\/\/mulheresacesta.com.br\/2025\/10\/brasil-convoca-selecao-sub-17-feminina-para-o-sul-americano-de-basquete-2025\/#primaryimage"},"image":{"@id":"https:\/\/mulheresacesta.com.br\/2025\/10\/brasil-convoca-selecao-sub-17-feminina-para-o-sul-americano-de-basquete-2025\/#primaryimage"},"thumbnailUrl":"https:\/\/mulheresacesta.com.br\/wp-content\/uploads\/2025\/10\/mac-thumbs-10a_13-10.jpg","datePublished":"2025-10-13T12:00:00+00:00","dateModified":"2025-10-13T12:19:26+00:00","description":"A Sele\u00e7\u00e3o Brasileira Sub-17 Feminina est\u00e1 pronta para mais um desafio. A equipe foi convocada para disputar o Campeonato Sul-Americano da categoria, que","breadcrumb":{"@id":"https:\/\/mulheresacesta.com.br\/2025\/10\/brasil-convoca-selecao-sub-17-feminina-para-o-sul-americano-de-basquete-2025\/#breadcrumb"},"inLanguage":"en-US","potentialAction":[{"@type":"ReadAction","target":["https:\/\/mulheresacesta.com.br\/2025\/10\/brasil-convoca-selecao-sub-17-feminina-para-o-sul-americano-de-basquete-2025\/"]}]},{"@type":"ImageObject","inLanguage":"en-US","@id":"https:\/\/mulheresacesta.com.br\/2025\/10\/brasil-convoca-selecao-sub-17-feminina-para-o-sul-americano-de-basquete-2025\/#primaryimage","url":"https:\/\/mulheresacesta.com.br\/wp-content\/uploads\/2025\/10\/mac-thumbs-10a_13-10.jpg","contentUrl":"https:\/\/mulheresacesta.com.br\/wp-content\/uploads\/2025\/10\/mac-thumbs-10a_13-10.jpg","width":1500,"height":890},{"@type":"BreadcrumbList","@id":"https:\/\/mulheresacesta.com.br\/2025\/10\/brasil-convoca-selecao-sub-17-feminina-para-o-sul-americano-de-basquete-2025\/#breadcrumb","itemListElement":[{"@type":"ListItem","position":1,"name":"In\u00edcio","item":"https:\/\/mulheresacesta.com.br\/"},{"@type":"ListItem","position":2,"name":"Brasil convoca Sele\u00e7\u00e3o Sub-17 Feminina para o Sul-Americano de Basquete 2025"}]},{"@type":"WebSite","@id":"https:\/\/mulheresacesta.com.br\/en\/#website","url":"https:\/\/mulheresacesta.com.br\/en\/","name":"Mulheres \u00e0 Cesta","description":"","publisher":{"@id":"https:\/\/mulheresacesta.com.br\/en\/#organization"},"potentialAction":[{"@type":"SearchAction","target":{"@type":"EntryPoint","urlTemplate":"https:\/\/mulheresacesta.com.br\/en\/?s={search_term_string}"},"query-input":{"@type":"PropertyValueSpecification","valueRequired":true,"valueName":"search_term_string"}}],"inLanguage":"en-US"},{"@type":"Organization","@id":"https:\/\/mulheresacesta.com.br\/en\/#organization","name":"Mulheres \u00e0 Cesta","url":"https:\/\/mulheresacesta.com.br\/en\/","logo":{"@type":"ImageObject","inLanguage":"en-US","@id":"https:\/\/mulheresacesta.com.br\/en\/#\/schema\/logo\/image\/","url":"https:\/\/mulheresacesta.com.br\/wp-content\/uploads\/2020\/10\/mulheres-a-cesta.jpg","contentUrl":"https:\/\/mulheresacesta.com.br\/wp-content\/uploads\/2020\/10\/mulheres-a-cesta.jpg","width":400,"height":300,"caption":"Mulheres \u00e0 Cesta"},"image":{"@id":"https:\/\/mulheresacesta.com.br\/en\/#\/schema\/logo\/image\/"}},{"@type":"Person","@id":"https:\/\/mulheresacesta.com.br\/en\/#\/schema\/person\/11ebd3af76a9fcb3d26c815924faac42","name":"mulheres","sameAs":["http:\/\/localhost\/mulheresacesta"],"url":"https:\/\/mulheresacesta.com.br\/en\/author\/mulheres\/"}]}},"_links":{"self":[{"href":"https:\/\/mulheresacesta.com.br\/en\/wp-json\/wp\/v2\/posts\/7098","targetHints":{"allow":["GET"]}}],"collection":[{"href":"https:\/\/mulheresacesta.com.br\/en\/wp-json\/wp\/v2\/posts"}],"about":[{"href":"https:\/\/mulheresacesta.com.br\/en\/wp-json\/wp\/v2\/types\/post"}],"author":[{"embeddable":true,"href":"https:\/\/mulheresacesta.com.br\/en\/wp-json\/wp\/v2\/users\/1"}],"replies":[{"embeddable":true,"href":"https:\/\/mulheresacesta.com.br\/en\/wp-json\/wp\/v2\/comments?post=7098"}],"version-history":[{"count":1,"href":"https:\/\/mulheresacesta.com.br\/en\/wp-json\/wp\/v2\/posts\/7098\/revisions"}],"predecessor-version":[{"id":7099,"href":"https:\/\/mulheresacesta.com.br\/en\/wp-json\/wp\/v2\/posts\/7098\/revisions\/7099"}],"wp:featuredmedia":[{"embeddable":true,"href":"https:\/\/mulheresacesta.com.br\/en\/wp-json\/wp\/v2\/media\/7125"}],"wp:attachment":[{"href":"https:\/\/mulheresacesta.com.br\/en\/wp-json\/wp\/v2\/media?parent=7098"}],"wp:term":[{"taxonomy":"category","embeddable":true,"href":"https:\/\/mulheresacesta.com.br\/en\/wp-json\/wp\/v2\/categories?post=7098"},{"taxonomy":"post_tag","embeddable":true,"href":"https:\/\/mulheresacesta.com.br\/en\/wp-json\/wp\/v2\/tags?post=7098"}],"curies":[{"name":"wp","href":"https:\/\/api.w.org\/{rel}","templated":true}]}}