{"id":7127,"date":"2025-10-15T09:00:00","date_gmt":"2025-10-15T12:00:00","guid":{"rendered":"https:\/\/mulheresacesta.com.br\/?p=7127"},"modified":"2025-10-17T08:46:50","modified_gmt":"2025-10-17T11:46:50","slug":"selecao-brasileira-feminina-inicia-preparacao-para-o-pre-mundial-com-kamilla-e-damiris-em-sao-paulo","status":"publish","type":"post","link":"https:\/\/mulheresacesta.com.br\/en\/2025\/10\/selecao-brasileira-feminina-inicia-preparacao-para-o-pre-mundial-com-kamilla-e-damiris-em-sao-paulo\/","title":{"rendered":"Sele\u00e7\u00e3o Brasileira feminina inicia prepara\u00e7\u00e3o para o Pr\u00e9-Mundial com Kamilla e Damiris em S\u00e3o Paulo"},"content":{"rendered":"\n<p>O caminho rumo \u00e0 Copa do Mundo Feminina de Basquete FIBA 2026 j\u00e1 come\u00e7ou. De 11 a 18 de novembro, a Sele\u00e7\u00e3o Brasileira feminina estar\u00e1 reunida em S\u00e3o Paulo para a primeira etapa de treinos preparat\u00f3rios visando o Pr\u00e9-Mundial, que ser\u00e1 disputado em mar\u00e7o de 2026, na cidade de Wuhan, na China.<\/p>\n\n\n\n<p>A equipe comandada pela t\u00e9cnica <strong>Pokey Chatman<\/strong> treinar\u00e1 no <strong>Centro Ol\u00edmpico<\/strong>, em Moema, durante a janela FIBA do m\u00eas. A lista divulgada pela <strong>Confedera\u00e7\u00e3o Brasileira de Basketball (CBB)<\/strong> conta com <strong>18 jogadoras<\/strong>, entre nomes experientes e jovens promessas que v\u00eam ganhando espa\u00e7o nas competi\u00e7\u00f5es nacionais e internacionais.<\/p>\n\n\n\n<p>Entre os principais destaques est\u00e3o <strong>Damiris Dantas<\/strong> e <strong>Kamilla Cardoso<\/strong>, que retornam \u00e0 Sele\u00e7\u00e3o ap\u00f3s o fim da temporada da <strong>WNBA<\/strong> \u2014 onde defenderam Indiana Fever e Chicago Sky, respectivamente. A piv\u00f4 <strong>Stephanie Soares<\/strong>, ainda em processo de recupera\u00e7\u00e3o de les\u00e3o, tamb\u00e9m foi chamada e ser\u00e1 acompanhada de perto pelo Departamento de Sa\u00fade e Performance da CBB.<\/p>\n\n\n\n<p>A convoca\u00e7\u00e3o marca ainda o <strong>retorno de Tain\u00e1 Paix\u00e3o, Iza Sangalli, Gabi Guimar\u00e3es e Rapha Monteiro<\/strong>, que n\u00e3o haviam trabalhado com a atual comiss\u00e3o t\u00e9cnica, al\u00e9m da volta de <strong>Sass\u00e1 Gon\u00e7alves<\/strong>, recuperada de uma cirurgia no tend\u00e3o de Aquiles. J\u00e1 entre as novidades aparecem <strong>Evelyn Larissa, Brenda Barros e Ma\u00edsa Mar\u00e7al<\/strong>, refor\u00e7ando a renova\u00e7\u00e3o do grupo.<\/p>\n\n\n\n<p>A Sele\u00e7\u00e3o vem embalada ap\u00f3s o <strong>vice-campeonato da AmeriCupW 2025<\/strong>, disputada no Chile, onde chegou \u00e0 final de forma invicta e caiu apenas diante dos Estados Unidos \u2014 no torneio de estreia de Pokey Chatman \u00e0 frente do time. Al\u00e9m disso, o Brasil realizou no mesmo ano um <strong>Tour de amistosos na WNBA<\/strong>, enfrentando Chicago Sky e Indiana Fever, experi\u00eancias que fortaleceram a integra\u00e7\u00e3o entre gera\u00e7\u00f5es e elevaram o n\u00edvel t\u00e9cnico da equipe.<\/p>\n\n\n\n<p>No <strong>Pr\u00e9-Mundial<\/strong>, o Brasil enfrentar\u00e1 <strong>Mali, Sud\u00e3o do Sul, B\u00e9lgica, Rep\u00fablica Tcheca e China<\/strong>. Ser\u00e3o quatro torneios com seis equipes cada, classificando <strong>11 sele\u00e7\u00f5es<\/strong> para o Mundial de 2026, na Alemanha.<\/p>\n\n\n\n<p>A torcida brasileira j\u00e1 come\u00e7a a aquecer o cora\u00e7\u00e3o \u2014 e a esperan\u00e7a \u2014 por uma nova chance de ver o pa\u00eds de volta entre as pot\u00eancias do basquete feminino mundial.<\/p>\n\n\n\n<p>Fonte: CBB<\/p>\n\n\n\n<p><\/p>\n","protected":false},"excerpt":{"rendered":"<p>O caminho rumo \u00e0 Copa do Mundo Feminina de Basquete FIBA 2026 j\u00e1 come\u00e7ou. De 11 a 18 de novembro, a Sele\u00e7\u00e3o Brasileira feminina estar\u00e1 reunida em S\u00e3o Paulo para a primeira etapa de treinos preparat\u00f3rios visando o Pr\u00e9-Mundial, que ser\u00e1 disputado em mar\u00e7o de 2026, na cidade de Wuhan, na China. A equipe comandada [&hellip;]<\/p>\n","protected":false},"author":1,"featured_media":7135,"comment_status":"open","ping_status":"open","sticky":false,"template":"","format":"standard","meta":{"footnotes":""},"categories":[12],"tags":[],"class_list":["post-7127","post","type-post","status-publish","format-standard","has-post-thumbnail","hentry","category-blog"],"acf":[],"yoast_head":"<!-- This site is optimized with the Yoast SEO plugin v26.4 - https:\/\/yoast.com\/wordpress\/plugins\/seo\/ -->\n<title>Sele\u00e7\u00e3o Brasileira feminina inicia prepara\u00e7\u00e3o para o Pr\u00e9-Mundial com Kamilla e Damiris em S\u00e3o Paulo<\/title>\n<meta name=\"description\" content=\"O caminho rumo \u00e0 Copa do Mundo Feminina de Basquete FIBA 2026 j\u00e1 come\u00e7ou. De 11 a 18 de novembro, a Sele\u00e7\u00e3o Brasileira feminina estar\u00e1 reunida em S\u00e3o\" \/>\n<meta name=\"robots\" content=\"index, follow, max-snippet:-1, max-image-preview:large, max-video-preview:-1\" \/>\n<link rel=\"canonical\" href=\"https:\/\/mulheresacesta.com.br\/en\/2025\/10\/selecao-brasileira-feminina-inicia-preparacao-para-o-pre-mundial-com-kamilla-e-damiris-em-sao-paulo\/\" \/>\n<meta property=\"og:locale\" content=\"en_US\" \/>\n<meta property=\"og:locale:alternate\" content=\"pt_BR\" \/>\n<meta property=\"og:type\" content=\"article\" \/>\n<meta property=\"og:title\" content=\"Sele\u00e7\u00e3o Brasileira feminina inicia prepara\u00e7\u00e3o para o Pr\u00e9-Mundial com Kamilla e Damiris em S\u00e3o Paulo\" \/>\n<meta property=\"og:description\" content=\"O caminho rumo \u00e0 Copa do Mundo Feminina de Basquete FIBA 2026 j\u00e1 come\u00e7ou. De 11 a 18 de novembro, a Sele\u00e7\u00e3o Brasileira feminina estar\u00e1 reunida em S\u00e3o\" \/>\n<meta property=\"og:url\" content=\"https:\/\/mulheresacesta.com.br\/en\/2025\/10\/selecao-brasileira-feminina-inicia-preparacao-para-o-pre-mundial-com-kamilla-e-damiris-em-sao-paulo\/\" \/>\n<meta property=\"og:site_name\" content=\"Mulheres \u00e0 Cesta\" \/>\n<meta property=\"article:published_time\" content=\"2025-10-15T12:00:00+00:00\" \/>\n<meta property=\"article:modified_time\" content=\"2025-10-17T11:46:50+00:00\" \/>\n<meta property=\"og:image\" content=\"https:\/\/mulheresacesta.com.br\/wp-content\/uploads\/2025\/10\/mac-thumbs-10b_15-10.jpg\" \/>\n\t<meta property=\"og:image:width\" content=\"1500\" \/>\n\t<meta property=\"og:image:height\" content=\"890\" \/>\n\t<meta property=\"og:image:type\" content=\"image\/jpeg\" \/>\n<meta name=\"author\" content=\"mulheres\" \/>\n<meta name=\"twitter:card\" content=\"summary_large_image\" \/>\n<meta name=\"twitter:label1\" content=\"Written by\" \/>\n\t<meta name=\"twitter:data1\" content=\"mulheres\" \/>\n\t<meta name=\"twitter:label2\" content=\"Est. reading time\" \/>\n\t<meta name=\"twitter:data2\" content=\"3 minutes\" \/>\n<script type=\"application\/ld+json\" class=\"yoast-schema-graph\">{\"@context\":\"https:\/\/schema.org\",\"@graph\":[{\"@type\":\"Article\",\"@id\":\"https:\/\/mulheresacesta.com.br\/2025\/10\/selecao-brasileira-feminina-inicia-preparacao-para-o-pre-mundial-com-kamilla-e-damiris-em-sao-paulo\/#article\",\"isPartOf\":{\"@id\":\"https:\/\/mulheresacesta.com.br\/2025\/10\/selecao-brasileira-feminina-inicia-preparacao-para-o-pre-mundial-com-kamilla-e-damiris-em-sao-paulo\/\"},\"author\":{\"name\":\"mulheres\",\"@id\":\"https:\/\/mulheresacesta.com.br\/en\/#\/schema\/person\/11ebd3af76a9fcb3d26c815924faac42\"},\"headline\":\"Sele\u00e7\u00e3o Brasileira feminina inicia prepara\u00e7\u00e3o para o Pr\u00e9-Mundial com Kamilla e Damiris em S\u00e3o Paulo\",\"datePublished\":\"2025-10-15T12:00:00+00:00\",\"dateModified\":\"2025-10-17T11:46:50+00:00\",\"mainEntityOfPage\":{\"@id\":\"https:\/\/mulheresacesta.com.br\/2025\/10\/selecao-brasileira-feminina-inicia-preparacao-para-o-pre-mundial-com-kamilla-e-damiris-em-sao-paulo\/\"},\"wordCount\":406,\"commentCount\":0,\"publisher\":{\"@id\":\"https:\/\/mulheresacesta.com.br\/en\/#organization\"},\"image\":{\"@id\":\"https:\/\/mulheresacesta.com.br\/2025\/10\/selecao-brasileira-feminina-inicia-preparacao-para-o-pre-mundial-com-kamilla-e-damiris-em-sao-paulo\/#primaryimage\"},\"thumbnailUrl\":\"https:\/\/mulheresacesta.com.br\/wp-content\/uploads\/2025\/10\/mac-thumbs-10b_15-10.jpg\",\"articleSection\":[\"Blog\"],\"inLanguage\":\"en-US\",\"potentialAction\":[{\"@type\":\"CommentAction\",\"name\":\"Comment\",\"target\":[\"https:\/\/mulheresacesta.com.br\/2025\/10\/selecao-brasileira-feminina-inicia-preparacao-para-o-pre-mundial-com-kamilla-e-damiris-em-sao-paulo\/#respond\"]}]},{\"@type\":\"WebPage\",\"@id\":\"https:\/\/mulheresacesta.com.br\/2025\/10\/selecao-brasileira-feminina-inicia-preparacao-para-o-pre-mundial-com-kamilla-e-damiris-em-sao-paulo\/\",\"url\":\"https:\/\/mulheresacesta.com.br\/2025\/10\/selecao-brasileira-feminina-inicia-preparacao-para-o-pre-mundial-com-kamilla-e-damiris-em-sao-paulo\/\",\"name\":\"Sele\u00e7\u00e3o Brasileira feminina inicia prepara\u00e7\u00e3o para o Pr\u00e9-Mundial com Kamilla e Damiris em S\u00e3o Paulo\",\"isPartOf\":{\"@id\":\"https:\/\/mulheresacesta.com.br\/en\/#website\"},\"primaryImageOfPage\":{\"@id\":\"https:\/\/mulheresacesta.com.br\/2025\/10\/selecao-brasileira-feminina-inicia-preparacao-para-o-pre-mundial-com-kamilla-e-damiris-em-sao-paulo\/#primaryimage\"},\"image\":{\"@id\":\"https:\/\/mulheresacesta.com.br\/2025\/10\/selecao-brasileira-feminina-inicia-preparacao-para-o-pre-mundial-com-kamilla-e-damiris-em-sao-paulo\/#primaryimage\"},\"thumbnailUrl\":\"https:\/\/mulheresacesta.com.br\/wp-content\/uploads\/2025\/10\/mac-thumbs-10b_15-10.jpg\",\"datePublished\":\"2025-10-15T12:00:00+00:00\",\"dateModified\":\"2025-10-17T11:46:50+00:00\",\"description\":\"O caminho rumo \u00e0 Copa do Mundo Feminina de Basquete FIBA 2026 j\u00e1 come\u00e7ou. De 11 a 18 de novembro, a Sele\u00e7\u00e3o Brasileira feminina estar\u00e1 reunida em S\u00e3o\",\"breadcrumb\":{\"@id\":\"https:\/\/mulheresacesta.com.br\/2025\/10\/selecao-brasileira-feminina-inicia-preparacao-para-o-pre-mundial-com-kamilla-e-damiris-em-sao-paulo\/#breadcrumb\"},\"inLanguage\":\"en-US\",\"potentialAction\":[{\"@type\":\"ReadAction\",\"target\":[\"https:\/\/mulheresacesta.com.br\/2025\/10\/selecao-brasileira-feminina-inicia-preparacao-para-o-pre-mundial-com-kamilla-e-damiris-em-sao-paulo\/\"]}]},{\"@type\":\"ImageObject\",\"inLanguage\":\"en-US\",\"@id\":\"https:\/\/mulheresacesta.com.br\/2025\/10\/selecao-brasileira-feminina-inicia-preparacao-para-o-pre-mundial-com-kamilla-e-damiris-em-sao-paulo\/#primaryimage\",\"url\":\"https:\/\/mulheresacesta.com.br\/wp-content\/uploads\/2025\/10\/mac-thumbs-10b_15-10.jpg\",\"contentUrl\":\"https:\/\/mulheresacesta.com.br\/wp-content\/uploads\/2025\/10\/mac-thumbs-10b_15-10.jpg\",\"width\":1500,\"height\":890},{\"@type\":\"BreadcrumbList\",\"@id\":\"https:\/\/mulheresacesta.com.br\/2025\/10\/selecao-brasileira-feminina-inicia-preparacao-para-o-pre-mundial-com-kamilla-e-damiris-em-sao-paulo\/#breadcrumb\",\"itemListElement\":[{\"@type\":\"ListItem\",\"position\":1,\"name\":\"In\u00edcio\",\"item\":\"https:\/\/mulheresacesta.com.br\/\"},{\"@type\":\"ListItem\",\"position\":2,\"name\":\"Sele\u00e7\u00e3o Brasileira feminina inicia prepara\u00e7\u00e3o para o Pr\u00e9-Mundial com Kamilla e Damiris em S\u00e3o Paulo\"}]},{\"@type\":\"WebSite\",\"@id\":\"https:\/\/mulheresacesta.com.br\/en\/#website\",\"url\":\"https:\/\/mulheresacesta.com.br\/en\/\",\"name\":\"Mulheres \u00e0 Cesta\",\"description\":\"\",\"publisher\":{\"@id\":\"https:\/\/mulheresacesta.com.br\/en\/#organization\"},\"potentialAction\":[{\"@type\":\"SearchAction\",\"target\":{\"@type\":\"EntryPoint\",\"urlTemplate\":\"https:\/\/mulheresacesta.com.br\/en\/?s={search_term_string}\"},\"query-input\":{\"@type\":\"PropertyValueSpecification\",\"valueRequired\":true,\"valueName\":\"search_term_string\"}}],\"inLanguage\":\"en-US\"},{\"@type\":\"Organization\",\"@id\":\"https:\/\/mulheresacesta.com.br\/en\/#organization\",\"name\":\"Mulheres \u00e0 Cesta\",\"url\":\"https:\/\/mulheresacesta.com.br\/en\/\",\"logo\":{\"@type\":\"ImageObject\",\"inLanguage\":\"en-US\",\"@id\":\"https:\/\/mulheresacesta.com.br\/en\/#\/schema\/logo\/image\/\",\"url\":\"https:\/\/mulheresacesta.com.br\/wp-content\/uploads\/2020\/10\/mulheres-a-cesta.jpg\",\"contentUrl\":\"https:\/\/mulheresacesta.com.br\/wp-content\/uploads\/2020\/10\/mulheres-a-cesta.jpg\",\"width\":400,\"height\":300,\"caption\":\"Mulheres \u00e0 Cesta\"},\"image\":{\"@id\":\"https:\/\/mulheresacesta.com.br\/en\/#\/schema\/logo\/image\/\"}},{\"@type\":\"Person\",\"@id\":\"https:\/\/mulheresacesta.com.br\/en\/#\/schema\/person\/11ebd3af76a9fcb3d26c815924faac42\",\"name\":\"mulheres\",\"sameAs\":[\"http:\/\/localhost\/mulheresacesta\"],\"url\":\"https:\/\/mulheresacesta.com.br\/en\/author\/mulheres\/\"}]}<\/script>\n<!-- \/ Yoast SEO plugin. -->","yoast_head_json":{"title":"Sele\u00e7\u00e3o Brasileira feminina inicia prepara\u00e7\u00e3o para o Pr\u00e9-Mundial com Kamilla e Damiris em S\u00e3o Paulo","description":"O caminho rumo \u00e0 Copa do Mundo Feminina de Basquete FIBA 2026 j\u00e1 come\u00e7ou. De 11 a 18 de novembro, a Sele\u00e7\u00e3o Brasileira feminina estar\u00e1 reunida em S\u00e3o","robots":{"index":"index","follow":"follow","max-snippet":"max-snippet:-1","max-image-preview":"max-image-preview:large","max-video-preview":"max-video-preview:-1"},"canonical":"https:\/\/mulheresacesta.com.br\/en\/2025\/10\/selecao-brasileira-feminina-inicia-preparacao-para-o-pre-mundial-com-kamilla-e-damiris-em-sao-paulo\/","og_locale":"en_US","og_type":"article","og_title":"[:pt]Sele\u00e7\u00e3o Brasileira feminina inicia prepara\u00e7\u00e3o para o Pr\u00e9-Mundial com Kamilla e Damiris em S\u00e3o Paulo[:] - Mulheres \u00e0 Cesta","og_description":"O caminho rumo \u00e0 Copa do Mundo Feminina de Basquete FIBA 2026 j\u00e1 come\u00e7ou. De 11 a 18 de novembro, a Sele\u00e7\u00e3o Brasileira feminina estar\u00e1 reunida em S\u00e3o","og_url":"https:\/\/mulheresacesta.com.br\/en\/2025\/10\/selecao-brasileira-feminina-inicia-preparacao-para-o-pre-mundial-com-kamilla-e-damiris-em-sao-paulo\/","og_site_name":"Mulheres \u00e0 Cesta","article_published_time":"2025-10-15T12:00:00+00:00","article_modified_time":"2025-10-17T11:46:50+00:00","og_image":[{"width":1500,"height":890,"url":"https:\/\/mulheresacesta.com.br\/wp-content\/uploads\/2025\/10\/mac-thumbs-10b_15-10.jpg","type":"image\/jpeg"}],"author":"mulheres","twitter_card":"summary_large_image","twitter_misc":{"Written by":"mulheres","Est. reading time":"3 minutes"},"schema":{"@context":"https:\/\/schema.org","@graph":[{"@type":"Article","@id":"https:\/\/mulheresacesta.com.br\/2025\/10\/selecao-brasileira-feminina-inicia-preparacao-para-o-pre-mundial-com-kamilla-e-damiris-em-sao-paulo\/#article","isPartOf":{"@id":"https:\/\/mulheresacesta.com.br\/2025\/10\/selecao-brasileira-feminina-inicia-preparacao-para-o-pre-mundial-com-kamilla-e-damiris-em-sao-paulo\/"},"author":{"name":"mulheres","@id":"https:\/\/mulheresacesta.com.br\/en\/#\/schema\/person\/11ebd3af76a9fcb3d26c815924faac42"},"headline":"Sele\u00e7\u00e3o Brasileira feminina inicia prepara\u00e7\u00e3o para o Pr\u00e9-Mundial com Kamilla e Damiris em S\u00e3o Paulo","datePublished":"2025-10-15T12:00:00+00:00","dateModified":"2025-10-17T11:46:50+00:00","mainEntityOfPage":{"@id":"https:\/\/mulheresacesta.com.br\/2025\/10\/selecao-brasileira-feminina-inicia-preparacao-para-o-pre-mundial-com-kamilla-e-damiris-em-sao-paulo\/"},"wordCount":406,"commentCount":0,"publisher":{"@id":"https:\/\/mulheresacesta.com.br\/en\/#organization"},"image":{"@id":"https:\/\/mulheresacesta.com.br\/2025\/10\/selecao-brasileira-feminina-inicia-preparacao-para-o-pre-mundial-com-kamilla-e-damiris-em-sao-paulo\/#primaryimage"},"thumbnailUrl":"https:\/\/mulheresacesta.com.br\/wp-content\/uploads\/2025\/10\/mac-thumbs-10b_15-10.jpg","articleSection":["Blog"],"inLanguage":"en-US","potentialAction":[{"@type":"CommentAction","name":"Comment","target":["https:\/\/mulheresacesta.com.br\/2025\/10\/selecao-brasileira-feminina-inicia-preparacao-para-o-pre-mundial-com-kamilla-e-damiris-em-sao-paulo\/#respond"]}]},{"@type":"WebPage","@id":"https:\/\/mulheresacesta.com.br\/2025\/10\/selecao-brasileira-feminina-inicia-preparacao-para-o-pre-mundial-com-kamilla-e-damiris-em-sao-paulo\/","url":"https:\/\/mulheresacesta.com.br\/2025\/10\/selecao-brasileira-feminina-inicia-preparacao-para-o-pre-mundial-com-kamilla-e-damiris-em-sao-paulo\/","name":"Sele\u00e7\u00e3o Brasileira feminina inicia prepara\u00e7\u00e3o para o Pr\u00e9-Mundial com Kamilla e Damiris em S\u00e3o Paulo","isPartOf":{"@id":"https:\/\/mulheresacesta.com.br\/en\/#website"},"primaryImageOfPage":{"@id":"https:\/\/mulheresacesta.com.br\/2025\/10\/selecao-brasileira-feminina-inicia-preparacao-para-o-pre-mundial-com-kamilla-e-damiris-em-sao-paulo\/#primaryimage"},"image":{"@id":"https:\/\/mulheresacesta.com.br\/2025\/10\/selecao-brasileira-feminina-inicia-preparacao-para-o-pre-mundial-com-kamilla-e-damiris-em-sao-paulo\/#primaryimage"},"thumbnailUrl":"https:\/\/mulheresacesta.com.br\/wp-content\/uploads\/2025\/10\/mac-thumbs-10b_15-10.jpg","datePublished":"2025-10-15T12:00:00+00:00","dateModified":"2025-10-17T11:46:50+00:00","description":"O caminho rumo \u00e0 Copa do Mundo Feminina de Basquete FIBA 2026 j\u00e1 come\u00e7ou. De 11 a 18 de novembro, a Sele\u00e7\u00e3o Brasileira feminina estar\u00e1 reunida em S\u00e3o","breadcrumb":{"@id":"https:\/\/mulheresacesta.com.br\/2025\/10\/selecao-brasileira-feminina-inicia-preparacao-para-o-pre-mundial-com-kamilla-e-damiris-em-sao-paulo\/#breadcrumb"},"inLanguage":"en-US","potentialAction":[{"@type":"ReadAction","target":["https:\/\/mulheresacesta.com.br\/2025\/10\/selecao-brasileira-feminina-inicia-preparacao-para-o-pre-mundial-com-kamilla-e-damiris-em-sao-paulo\/"]}]},{"@type":"ImageObject","inLanguage":"en-US","@id":"https:\/\/mulheresacesta.com.br\/2025\/10\/selecao-brasileira-feminina-inicia-preparacao-para-o-pre-mundial-com-kamilla-e-damiris-em-sao-paulo\/#primaryimage","url":"https:\/\/mulheresacesta.com.br\/wp-content\/uploads\/2025\/10\/mac-thumbs-10b_15-10.jpg","contentUrl":"https:\/\/mulheresacesta.com.br\/wp-content\/uploads\/2025\/10\/mac-thumbs-10b_15-10.jpg","width":1500,"height":890},{"@type":"BreadcrumbList","@id":"https:\/\/mulheresacesta.com.br\/2025\/10\/selecao-brasileira-feminina-inicia-preparacao-para-o-pre-mundial-com-kamilla-e-damiris-em-sao-paulo\/#breadcrumb","itemListElement":[{"@type":"ListItem","position":1,"name":"In\u00edcio","item":"https:\/\/mulheresacesta.com.br\/"},{"@type":"ListItem","position":2,"name":"Sele\u00e7\u00e3o Brasileira feminina inicia prepara\u00e7\u00e3o para o Pr\u00e9-Mundial com Kamilla e Damiris em S\u00e3o Paulo"}]},{"@type":"WebSite","@id":"https:\/\/mulheresacesta.com.br\/en\/#website","url":"https:\/\/mulheresacesta.com.br\/en\/","name":"Mulheres \u00e0 Cesta","description":"","publisher":{"@id":"https:\/\/mulheresacesta.com.br\/en\/#organization"},"potentialAction":[{"@type":"SearchAction","target":{"@type":"EntryPoint","urlTemplate":"https:\/\/mulheresacesta.com.br\/en\/?s={search_term_string}"},"query-input":{"@type":"PropertyValueSpecification","valueRequired":true,"valueName":"search_term_string"}}],"inLanguage":"en-US"},{"@type":"Organization","@id":"https:\/\/mulheresacesta.com.br\/en\/#organization","name":"Mulheres \u00e0 Cesta","url":"https:\/\/mulheresacesta.com.br\/en\/","logo":{"@type":"ImageObject","inLanguage":"en-US","@id":"https:\/\/mulheresacesta.com.br\/en\/#\/schema\/logo\/image\/","url":"https:\/\/mulheresacesta.com.br\/wp-content\/uploads\/2020\/10\/mulheres-a-cesta.jpg","contentUrl":"https:\/\/mulheresacesta.com.br\/wp-content\/uploads\/2020\/10\/mulheres-a-cesta.jpg","width":400,"height":300,"caption":"Mulheres \u00e0 Cesta"},"image":{"@id":"https:\/\/mulheresacesta.com.br\/en\/#\/schema\/logo\/image\/"}},{"@type":"Person","@id":"https:\/\/mulheresacesta.com.br\/en\/#\/schema\/person\/11ebd3af76a9fcb3d26c815924faac42","name":"mulheres","sameAs":["http:\/\/localhost\/mulheresacesta"],"url":"https:\/\/mulheresacesta.com.br\/en\/author\/mulheres\/"}]}},"_links":{"self":[{"href":"https:\/\/mulheresacesta.com.br\/en\/wp-json\/wp\/v2\/posts\/7127","targetHints":{"allow":["GET"]}}],"collection":[{"href":"https:\/\/mulheresacesta.com.br\/en\/wp-json\/wp\/v2\/posts"}],"about":[{"href":"https:\/\/mulheresacesta.com.br\/en\/wp-json\/wp\/v2\/types\/post"}],"author":[{"embeddable":true,"href":"https:\/\/mulheresacesta.com.br\/en\/wp-json\/wp\/v2\/users\/1"}],"replies":[{"embeddable":true,"href":"https:\/\/mulheresacesta.com.br\/en\/wp-json\/wp\/v2\/comments?post=7127"}],"version-history":[{"count":6,"href":"https:\/\/mulheresacesta.com.br\/en\/wp-json\/wp\/v2\/posts\/7127\/revisions"}],"predecessor-version":[{"id":7136,"href":"https:\/\/mulheresacesta.com.br\/en\/wp-json\/wp\/v2\/posts\/7127\/revisions\/7136"}],"wp:featuredmedia":[{"embeddable":true,"href":"https:\/\/mulheresacesta.com.br\/en\/wp-json\/wp\/v2\/media\/7135"}],"wp:attachment":[{"href":"https:\/\/mulheresacesta.com.br\/en\/wp-json\/wp\/v2\/media?parent=7127"}],"wp:term":[{"taxonomy":"category","embeddable":true,"href":"https:\/\/mulheresacesta.com.br\/en\/wp-json\/wp\/v2\/categories?post=7127"},{"taxonomy":"post_tag","embeddable":true,"href":"https:\/\/mulheresacesta.com.br\/en\/wp-json\/wp\/v2\/tags?post=7127"}],"curies":[{"name":"wp","href":"https:\/\/api.w.org\/{rel}","templated":true}]}}