{"id":7214,"date":"2025-11-17T09:00:00","date_gmt":"2025-11-17T12:00:00","guid":{"rendered":"https:\/\/mulheresacesta.com.br\/?p=7214"},"modified":"2025-11-14T18:01:16","modified_gmt":"2025-11-14T21:01:16","slug":"selecao-brasileira-feminina-inicia-treinos-rumo-ao-pre-mundial-2027","status":"publish","type":"post","link":"https:\/\/mulheresacesta.com.br\/en\/2025\/11\/selecao-brasileira-feminina-inicia-treinos-rumo-ao-pre-mundial-2027\/","title":{"rendered":"Sele\u00e7\u00e3o Brasileira feminina iniciou treinos rumo ao Pr\u00e9-Mundial 2027"},"content":{"rendered":"\n<p>A Sele\u00e7\u00e3o Brasileira feminina de basquete <strong>se apresentou na ter\u00e7a-feira, 11 de novembro<\/strong>, em S\u00e3o Paulo, para o in\u00edcio do per\u00edodo de treinos voltado ao <strong>Pr\u00e9-Mundial de 2027<\/strong>, que ser\u00e1 disputado entre <strong>11 e 17 de mar\u00e7o de 2026<\/strong>, em <strong>Wuhan, na China<\/strong>.<\/p>\n\n\n\n<p>Essa foi a <strong>primeira grande etapa de trabalho no Brasil sob o comando da t\u00e9cnica norte-americana Pokey Chatman<\/strong>, que chegou trazendo novas perspectivas e um estilo de jogo que combina intensidade, disciplina e criatividade.<\/p>\n\n\n\n<p>Os treinos aconteceram no <strong>Centro Ol\u00edmpico (Av. Ibirapuera, 1315 \u2013 Vila Clementino, S\u00e3o Paulo)<\/strong>, com acesso liberado \u00e0 imprensa mediante credenciamento pelo e-mail <strong><a>imprensa@basquetebrasil.org.br<\/a><\/strong>.<\/p>\n\n\n\n<p>O Brasil teve pela frente um desafio de peso no Pr\u00e9-Mundial, com <strong>Mali, Sud\u00e3o do Sul, B\u00e9lgica, Rep\u00fablica Tcheca e China<\/strong> no mesmo grupo.<\/p>\n\n\n\n<h3 class=\"wp-block-heading\">Retrospectiva recente<\/h3>\n\n\n\n<p>Sob o comando de Chatman, a Sele\u00e7\u00e3o vinha de uma \u00f3tima campanha na <strong>AmeriCupW 2025<\/strong>, disputada no Chile \u2014 onde conquistou o <strong>vice-campeonato<\/strong> ap\u00f3s chegar invicta at\u00e9 a final contra os Estados Unidos. Ainda naquele ano, o grupo tamb\u00e9m participou de um <strong>Tour de amistosos na WNBA<\/strong>, enfrentando <strong>Chicago Sky<\/strong> e <strong>Indiana Fever<\/strong>, em uma importante troca de experi\u00eancias com algumas das melhores atletas do mundo.<\/p>\n\n\n\n<h3 class=\"wp-block-heading\">Sobre o Pr\u00e9-Mundial<\/h3>\n\n\n\n<p>A competi\u00e7\u00e3o classificou <strong>11 equipes<\/strong> para o Mundial e foi dividida em <strong>quatro torneios com seis sele\u00e7\u00f5es cada<\/strong>. As equipes classificadas nos torneios continentais de 2025, somadas \u00e0 <strong>Alemanha<\/strong> (pa\u00eds-sede), disputaram as vagas \u2014 sendo que <strong>cada grupo teve tr\u00eas vagas diretas<\/strong>, exceto o grupo da Alemanha, que ofereceu duas.<\/p>\n\n\n\n<h3 class=\"wp-block-heading\">Convocadas para o per\u00edodo de treinos<\/h3>\n\n\n\n<p><strong>Armadoras:<\/strong><\/p>\n\n\n\n<ul class=\"wp-block-list\">\n<li>Alana Gon\u00e7alo (Corinthians)<\/li>\n\n\n\n<li>Maria Albiero (Ourinhos)<\/li>\n\n\n\n<li>Maisa Mar\u00e7al (Ourinhos)<\/li>\n<\/ul>\n\n\n\n<p><strong>Alas:<\/strong><\/p>\n\n\n\n<ul class=\"wp-block-list\">\n<li>Iza Nicoletti (Unimed Campinas)<\/li>\n\n\n\n<li>Tain\u00e1 Paix\u00e3o (S\u00e3o Jos\u00e9 Basketball)<\/li>\n\n\n\n<li>Bella Nascimento (Uni\u00e3o Sportiva \u2013 Portugal)<\/li>\n\n\n\n<li>Vit\u00f3ria Marcelino (SESI Araraquara)<\/li>\n\n\n\n<li>Iza Sangalli (Unimed Campinas)<\/li>\n\n\n\n<li>Rapha Monteiro (Melilla \u2013 Espanha)<\/li>\n\n\n\n<li>Aline Moura (SESI Araraquara)<\/li>\n\n\n\n<li>Sass\u00e1 Gon\u00e7alves (Santo Andr\u00e9)<\/li>\n\n\n\n<li>Evelyn Larissa (SESI Araraquara)<\/li>\n\n\n\n<li>Thayna Silva (Corinthians)<\/li>\n\n\n\n<li>Brenda Barros (Unimed Campinas)<\/li>\n<\/ul>\n\n\n\n<p><strong>Piv\u00f4s:<\/strong><\/p>\n\n\n\n<ul class=\"wp-block-list\">\n<li>Iza Varej\u00e3o (Partizan \u2013 S\u00e9rvia)<\/li>\n\n\n\n<li>Damiris Dantas (Indiana Fever)<\/li>\n\n\n\n<li>Kamilla Cardoso (Chicago Sky)<\/li>\n\n\n\n<li>Stephanie Soares (Free Agent)<\/li>\n<\/ul>\n\n\n\n<h3 class=\"wp-block-heading\">Comiss\u00e3o T\u00e9cnica<\/h3>\n\n\n\n<ul class=\"wp-block-list\">\n<li><strong>Pokey Chatman<\/strong> \u2013 Treinadora<\/li>\n\n\n\n<li><strong>Leonardo Figueir\u00f3<\/strong> e <strong>Bruno Guidorizzi<\/strong> \u2013 Assistentes t\u00e9cnicos<\/li>\n\n\n\n<li><strong>Vita Haddad<\/strong> \u2013 Preparador f\u00edsico<\/li>\n\n\n\n<li><strong>Fernanda Gomes<\/strong> \u2013 L\u00edder operacional<\/li>\n\n\n\n<li><strong>Paulo Szeles<\/strong> e <strong>Cristina Casagrande<\/strong> \u2013 M\u00e9dicos<\/li>\n\n\n\n<li><strong>Isabel Rosa<\/strong>, <strong>Giovanna Fumagalli<\/strong> e <strong>Joana Paiva<\/strong> \u2013 Fisioterapeutas<\/li>\n\n\n\n<li><strong>Manoella Fiochi<\/strong> \u2013 Psic\u00f3loga<\/li>\n\n\n\n<li><strong>Denise Silva<\/strong> \u2013 Nutricionista<\/li>\n\n\n\n<li><strong>Nicholas Santos<\/strong> \u2013 Apoio t\u00e9cnico<\/li>\n<\/ul>\n\n\n\n<h3 class=\"wp-block-heading\">Programa\u00e7\u00e3o de treinos<\/h3>\n\n\n\n<p><strong>11\/11 (Ter\u00e7a-feira)<\/strong> \u2013 16h<br><strong>12\/11 (Quarta-feira)<\/strong> \u2013 9h e 17h<br><strong>13\/11 (Quinta-feira)<\/strong> \u2013 9h e 17h<br><strong>14\/11 (Sexta-feira)<\/strong> \u2013 Folga<br><strong>15\/11 (S\u00e1bado)<\/strong> \u2013 9h e 17h<br><strong>16\/11 (Domingo)<\/strong> \u2013 10h \u2013 Amistoso fechado no Paulistano<br><strong>17\/11 (Segunda-feira)<\/strong> \u2013 9h e 17h<br><strong>18\/11 (Ter\u00e7a-feira)<\/strong> \u2013 8h30<\/p>\n\n\n\n<p>Com o grupo reunido e sob novo comando, o Brasil deu in\u00edcio a mais um cap\u00edtulo em sua trajet\u00f3ria rumo ao Mundial. A fase de treinos marcou o come\u00e7o de um novo ciclo, cheio de expectativa, renova\u00e7\u00e3o e talento.<\/p>\n\n\n\n<p><strong>Vamos juntas, Sele\u00e7\u00e3o!<\/strong><\/p>\n\n\n\n<p><em>Fonte: Assessoria CBB<\/em><\/p>\n","protected":false},"excerpt":{"rendered":"<p>A Sele\u00e7\u00e3o Brasileira feminina de basquete se apresentou na ter\u00e7a-feira, 11 de novembro, em S\u00e3o Paulo, para o in\u00edcio do per\u00edodo de treinos voltado ao Pr\u00e9-Mundial de 2027, que ser\u00e1 disputado entre 11 e 17 de mar\u00e7o de 2026, em Wuhan, na China. Essa foi a primeira grande etapa de trabalho no Brasil sob o [&hellip;]<\/p>\n","protected":false},"author":1,"featured_media":7220,"comment_status":"open","ping_status":"open","sticky":false,"template":"","format":"standard","meta":{"footnotes":""},"categories":[12],"tags":[],"class_list":["post-7214","post","type-post","status-publish","format-standard","has-post-thumbnail","hentry","category-blog"],"acf":[],"yoast_head":"<!-- This site is optimized with the Yoast SEO plugin v26.4 - https:\/\/yoast.com\/wordpress\/plugins\/seo\/ -->\n<title>Sele\u00e7\u00e3o Brasileira feminina iniciou treinos rumo ao Pr\u00e9-Mundial 2027<\/title>\n<meta name=\"description\" content=\"A Sele\u00e7\u00e3o Brasileira feminina de basquete se apresentou na ter\u00e7a-feira, 11 de novembro, em S\u00e3o Paulo, para o in\u00edcio do per\u00edodo de treinos voltado ao\" \/>\n<meta name=\"robots\" content=\"index, follow, max-snippet:-1, max-image-preview:large, max-video-preview:-1\" \/>\n<link rel=\"canonical\" href=\"https:\/\/mulheresacesta.com.br\/en\/2025\/11\/selecao-brasileira-feminina-inicia-treinos-rumo-ao-pre-mundial-2027\/\" \/>\n<meta property=\"og:locale\" content=\"en_US\" \/>\n<meta property=\"og:locale:alternate\" content=\"pt_BR\" \/>\n<meta property=\"og:type\" content=\"article\" \/>\n<meta property=\"og:title\" content=\"Sele\u00e7\u00e3o Brasileira feminina iniciou treinos rumo ao Pr\u00e9-Mundial 2027\" \/>\n<meta property=\"og:description\" content=\"A Sele\u00e7\u00e3o Brasileira feminina de basquete se apresentou na ter\u00e7a-feira, 11 de novembro, em S\u00e3o Paulo, para o in\u00edcio do per\u00edodo de treinos voltado ao\" \/>\n<meta property=\"og:url\" content=\"https:\/\/mulheresacesta.com.br\/en\/2025\/11\/selecao-brasileira-feminina-inicia-treinos-rumo-ao-pre-mundial-2027\/\" \/>\n<meta property=\"og:site_name\" content=\"Mulheres \u00e0 Cesta\" \/>\n<meta property=\"article:published_time\" content=\"2025-11-17T12:00:00+00:00\" \/>\n<meta property=\"og:image\" content=\"https:\/\/mulheresacesta.com.br\/wp-content\/uploads\/2025\/11\/mac-thumbs-11a_-17-11.jpg\" \/>\n\t<meta property=\"og:image:width\" content=\"1500\" \/>\n\t<meta property=\"og:image:height\" content=\"890\" \/>\n\t<meta property=\"og:image:type\" content=\"image\/jpeg\" \/>\n<meta name=\"author\" content=\"mulheres\" \/>\n<meta name=\"twitter:card\" content=\"summary_large_image\" \/>\n<meta name=\"twitter:label1\" content=\"Written by\" \/>\n\t<meta name=\"twitter:data1\" content=\"mulheres\" \/>\n\t<meta name=\"twitter:label2\" content=\"Est. reading time\" \/>\n\t<meta name=\"twitter:data2\" content=\"3 minutes\" \/>\n<script type=\"application\/ld+json\" class=\"yoast-schema-graph\">{\"@context\":\"https:\/\/schema.org\",\"@graph\":[{\"@type\":\"Article\",\"@id\":\"https:\/\/mulheresacesta.com.br\/2025\/11\/selecao-brasileira-feminina-inicia-treinos-rumo-ao-pre-mundial-2027\/#article\",\"isPartOf\":{\"@id\":\"https:\/\/mulheresacesta.com.br\/2025\/11\/selecao-brasileira-feminina-inicia-treinos-rumo-ao-pre-mundial-2027\/\"},\"author\":{\"name\":\"mulheres\",\"@id\":\"https:\/\/mulheresacesta.com.br\/en\/#\/schema\/person\/11ebd3af76a9fcb3d26c815924faac42\"},\"headline\":\"Sele\u00e7\u00e3o Brasileira feminina iniciou treinos rumo ao Pr\u00e9-Mundial 2027\",\"datePublished\":\"2025-11-17T12:00:00+00:00\",\"mainEntityOfPage\":{\"@id\":\"https:\/\/mulheresacesta.com.br\/2025\/11\/selecao-brasileira-feminina-inicia-treinos-rumo-ao-pre-mundial-2027\/\"},\"wordCount\":498,\"commentCount\":0,\"publisher\":{\"@id\":\"https:\/\/mulheresacesta.com.br\/en\/#organization\"},\"image\":{\"@id\":\"https:\/\/mulheresacesta.com.br\/2025\/11\/selecao-brasileira-feminina-inicia-treinos-rumo-ao-pre-mundial-2027\/#primaryimage\"},\"thumbnailUrl\":\"https:\/\/mulheresacesta.com.br\/wp-content\/uploads\/2025\/11\/mac-thumbs-11a_-17-11.jpg\",\"articleSection\":[\"Blog\"],\"inLanguage\":\"en-US\",\"potentialAction\":[{\"@type\":\"CommentAction\",\"name\":\"Comment\",\"target\":[\"https:\/\/mulheresacesta.com.br\/2025\/11\/selecao-brasileira-feminina-inicia-treinos-rumo-ao-pre-mundial-2027\/#respond\"]}]},{\"@type\":\"WebPage\",\"@id\":\"https:\/\/mulheresacesta.com.br\/2025\/11\/selecao-brasileira-feminina-inicia-treinos-rumo-ao-pre-mundial-2027\/\",\"url\":\"https:\/\/mulheresacesta.com.br\/2025\/11\/selecao-brasileira-feminina-inicia-treinos-rumo-ao-pre-mundial-2027\/\",\"name\":\"Sele\u00e7\u00e3o Brasileira feminina iniciou treinos rumo ao Pr\u00e9-Mundial 2027\",\"isPartOf\":{\"@id\":\"https:\/\/mulheresacesta.com.br\/en\/#website\"},\"primaryImageOfPage\":{\"@id\":\"https:\/\/mulheresacesta.com.br\/2025\/11\/selecao-brasileira-feminina-inicia-treinos-rumo-ao-pre-mundial-2027\/#primaryimage\"},\"image\":{\"@id\":\"https:\/\/mulheresacesta.com.br\/2025\/11\/selecao-brasileira-feminina-inicia-treinos-rumo-ao-pre-mundial-2027\/#primaryimage\"},\"thumbnailUrl\":\"https:\/\/mulheresacesta.com.br\/wp-content\/uploads\/2025\/11\/mac-thumbs-11a_-17-11.jpg\",\"datePublished\":\"2025-11-17T12:00:00+00:00\",\"description\":\"A Sele\u00e7\u00e3o Brasileira feminina de basquete se apresentou na ter\u00e7a-feira, 11 de novembro, em S\u00e3o Paulo, para o in\u00edcio do per\u00edodo de treinos voltado ao\",\"breadcrumb\":{\"@id\":\"https:\/\/mulheresacesta.com.br\/2025\/11\/selecao-brasileira-feminina-inicia-treinos-rumo-ao-pre-mundial-2027\/#breadcrumb\"},\"inLanguage\":\"en-US\",\"potentialAction\":[{\"@type\":\"ReadAction\",\"target\":[\"https:\/\/mulheresacesta.com.br\/2025\/11\/selecao-brasileira-feminina-inicia-treinos-rumo-ao-pre-mundial-2027\/\"]}]},{\"@type\":\"ImageObject\",\"inLanguage\":\"en-US\",\"@id\":\"https:\/\/mulheresacesta.com.br\/2025\/11\/selecao-brasileira-feminina-inicia-treinos-rumo-ao-pre-mundial-2027\/#primaryimage\",\"url\":\"https:\/\/mulheresacesta.com.br\/wp-content\/uploads\/2025\/11\/mac-thumbs-11a_-17-11.jpg\",\"contentUrl\":\"https:\/\/mulheresacesta.com.br\/wp-content\/uploads\/2025\/11\/mac-thumbs-11a_-17-11.jpg\",\"width\":1500,\"height\":890},{\"@type\":\"BreadcrumbList\",\"@id\":\"https:\/\/mulheresacesta.com.br\/2025\/11\/selecao-brasileira-feminina-inicia-treinos-rumo-ao-pre-mundial-2027\/#breadcrumb\",\"itemListElement\":[{\"@type\":\"ListItem\",\"position\":1,\"name\":\"In\u00edcio\",\"item\":\"https:\/\/mulheresacesta.com.br\/\"},{\"@type\":\"ListItem\",\"position\":2,\"name\":\"Sele\u00e7\u00e3o Brasileira feminina iniciou treinos rumo ao Pr\u00e9-Mundial 2027\"}]},{\"@type\":\"WebSite\",\"@id\":\"https:\/\/mulheresacesta.com.br\/en\/#website\",\"url\":\"https:\/\/mulheresacesta.com.br\/en\/\",\"name\":\"Mulheres \u00e0 Cesta\",\"description\":\"\",\"publisher\":{\"@id\":\"https:\/\/mulheresacesta.com.br\/en\/#organization\"},\"potentialAction\":[{\"@type\":\"SearchAction\",\"target\":{\"@type\":\"EntryPoint\",\"urlTemplate\":\"https:\/\/mulheresacesta.com.br\/en\/?s={search_term_string}\"},\"query-input\":{\"@type\":\"PropertyValueSpecification\",\"valueRequired\":true,\"valueName\":\"search_term_string\"}}],\"inLanguage\":\"en-US\"},{\"@type\":\"Organization\",\"@id\":\"https:\/\/mulheresacesta.com.br\/en\/#organization\",\"name\":\"Mulheres \u00e0 Cesta\",\"url\":\"https:\/\/mulheresacesta.com.br\/en\/\",\"logo\":{\"@type\":\"ImageObject\",\"inLanguage\":\"en-US\",\"@id\":\"https:\/\/mulheresacesta.com.br\/en\/#\/schema\/logo\/image\/\",\"url\":\"https:\/\/mulheresacesta.com.br\/wp-content\/uploads\/2020\/10\/mulheres-a-cesta.jpg\",\"contentUrl\":\"https:\/\/mulheresacesta.com.br\/wp-content\/uploads\/2020\/10\/mulheres-a-cesta.jpg\",\"width\":400,\"height\":300,\"caption\":\"Mulheres \u00e0 Cesta\"},\"image\":{\"@id\":\"https:\/\/mulheresacesta.com.br\/en\/#\/schema\/logo\/image\/\"}},{\"@type\":\"Person\",\"@id\":\"https:\/\/mulheresacesta.com.br\/en\/#\/schema\/person\/11ebd3af76a9fcb3d26c815924faac42\",\"name\":\"mulheres\",\"sameAs\":[\"http:\/\/localhost\/mulheresacesta\"],\"url\":\"https:\/\/mulheresacesta.com.br\/en\/author\/mulheres\/\"}]}<\/script>\n<!-- \/ Yoast SEO plugin. -->","yoast_head_json":{"title":"Sele\u00e7\u00e3o Brasileira feminina iniciou treinos rumo ao Pr\u00e9-Mundial 2027","description":"A Sele\u00e7\u00e3o Brasileira feminina de basquete se apresentou na ter\u00e7a-feira, 11 de novembro, em S\u00e3o Paulo, para o in\u00edcio do per\u00edodo de treinos voltado ao","robots":{"index":"index","follow":"follow","max-snippet":"max-snippet:-1","max-image-preview":"max-image-preview:large","max-video-preview":"max-video-preview:-1"},"canonical":"https:\/\/mulheresacesta.com.br\/en\/2025\/11\/selecao-brasileira-feminina-inicia-treinos-rumo-ao-pre-mundial-2027\/","og_locale":"en_US","og_type":"article","og_title":"[:pt]Sele\u00e7\u00e3o Brasileira feminina iniciou treinos rumo ao Pr\u00e9-Mundial 2027[:] - Mulheres \u00e0 Cesta","og_description":"A Sele\u00e7\u00e3o Brasileira feminina de basquete se apresentou na ter\u00e7a-feira, 11 de novembro, em S\u00e3o Paulo, para o in\u00edcio do per\u00edodo de treinos voltado ao","og_url":"https:\/\/mulheresacesta.com.br\/en\/2025\/11\/selecao-brasileira-feminina-inicia-treinos-rumo-ao-pre-mundial-2027\/","og_site_name":"Mulheres \u00e0 Cesta","article_published_time":"2025-11-17T12:00:00+00:00","og_image":[{"width":1500,"height":890,"url":"https:\/\/mulheresacesta.com.br\/wp-content\/uploads\/2025\/11\/mac-thumbs-11a_-17-11.jpg","type":"image\/jpeg"}],"author":"mulheres","twitter_card":"summary_large_image","twitter_misc":{"Written by":"mulheres","Est. reading time":"3 minutes"},"schema":{"@context":"https:\/\/schema.org","@graph":[{"@type":"Article","@id":"https:\/\/mulheresacesta.com.br\/2025\/11\/selecao-brasileira-feminina-inicia-treinos-rumo-ao-pre-mundial-2027\/#article","isPartOf":{"@id":"https:\/\/mulheresacesta.com.br\/2025\/11\/selecao-brasileira-feminina-inicia-treinos-rumo-ao-pre-mundial-2027\/"},"author":{"name":"mulheres","@id":"https:\/\/mulheresacesta.com.br\/en\/#\/schema\/person\/11ebd3af76a9fcb3d26c815924faac42"},"headline":"Sele\u00e7\u00e3o Brasileira feminina iniciou treinos rumo ao Pr\u00e9-Mundial 2027","datePublished":"2025-11-17T12:00:00+00:00","mainEntityOfPage":{"@id":"https:\/\/mulheresacesta.com.br\/2025\/11\/selecao-brasileira-feminina-inicia-treinos-rumo-ao-pre-mundial-2027\/"},"wordCount":498,"commentCount":0,"publisher":{"@id":"https:\/\/mulheresacesta.com.br\/en\/#organization"},"image":{"@id":"https:\/\/mulheresacesta.com.br\/2025\/11\/selecao-brasileira-feminina-inicia-treinos-rumo-ao-pre-mundial-2027\/#primaryimage"},"thumbnailUrl":"https:\/\/mulheresacesta.com.br\/wp-content\/uploads\/2025\/11\/mac-thumbs-11a_-17-11.jpg","articleSection":["Blog"],"inLanguage":"en-US","potentialAction":[{"@type":"CommentAction","name":"Comment","target":["https:\/\/mulheresacesta.com.br\/2025\/11\/selecao-brasileira-feminina-inicia-treinos-rumo-ao-pre-mundial-2027\/#respond"]}]},{"@type":"WebPage","@id":"https:\/\/mulheresacesta.com.br\/2025\/11\/selecao-brasileira-feminina-inicia-treinos-rumo-ao-pre-mundial-2027\/","url":"https:\/\/mulheresacesta.com.br\/2025\/11\/selecao-brasileira-feminina-inicia-treinos-rumo-ao-pre-mundial-2027\/","name":"Sele\u00e7\u00e3o Brasileira feminina iniciou treinos rumo ao Pr\u00e9-Mundial 2027","isPartOf":{"@id":"https:\/\/mulheresacesta.com.br\/en\/#website"},"primaryImageOfPage":{"@id":"https:\/\/mulheresacesta.com.br\/2025\/11\/selecao-brasileira-feminina-inicia-treinos-rumo-ao-pre-mundial-2027\/#primaryimage"},"image":{"@id":"https:\/\/mulheresacesta.com.br\/2025\/11\/selecao-brasileira-feminina-inicia-treinos-rumo-ao-pre-mundial-2027\/#primaryimage"},"thumbnailUrl":"https:\/\/mulheresacesta.com.br\/wp-content\/uploads\/2025\/11\/mac-thumbs-11a_-17-11.jpg","datePublished":"2025-11-17T12:00:00+00:00","description":"A Sele\u00e7\u00e3o Brasileira feminina de basquete se apresentou na ter\u00e7a-feira, 11 de novembro, em S\u00e3o Paulo, para o in\u00edcio do per\u00edodo de treinos voltado ao","breadcrumb":{"@id":"https:\/\/mulheresacesta.com.br\/2025\/11\/selecao-brasileira-feminina-inicia-treinos-rumo-ao-pre-mundial-2027\/#breadcrumb"},"inLanguage":"en-US","potentialAction":[{"@type":"ReadAction","target":["https:\/\/mulheresacesta.com.br\/2025\/11\/selecao-brasileira-feminina-inicia-treinos-rumo-ao-pre-mundial-2027\/"]}]},{"@type":"ImageObject","inLanguage":"en-US","@id":"https:\/\/mulheresacesta.com.br\/2025\/11\/selecao-brasileira-feminina-inicia-treinos-rumo-ao-pre-mundial-2027\/#primaryimage","url":"https:\/\/mulheresacesta.com.br\/wp-content\/uploads\/2025\/11\/mac-thumbs-11a_-17-11.jpg","contentUrl":"https:\/\/mulheresacesta.com.br\/wp-content\/uploads\/2025\/11\/mac-thumbs-11a_-17-11.jpg","width":1500,"height":890},{"@type":"BreadcrumbList","@id":"https:\/\/mulheresacesta.com.br\/2025\/11\/selecao-brasileira-feminina-inicia-treinos-rumo-ao-pre-mundial-2027\/#breadcrumb","itemListElement":[{"@type":"ListItem","position":1,"name":"In\u00edcio","item":"https:\/\/mulheresacesta.com.br\/"},{"@type":"ListItem","position":2,"name":"Sele\u00e7\u00e3o Brasileira feminina iniciou treinos rumo ao Pr\u00e9-Mundial 2027"}]},{"@type":"WebSite","@id":"https:\/\/mulheresacesta.com.br\/en\/#website","url":"https:\/\/mulheresacesta.com.br\/en\/","name":"Mulheres \u00e0 Cesta","description":"","publisher":{"@id":"https:\/\/mulheresacesta.com.br\/en\/#organization"},"potentialAction":[{"@type":"SearchAction","target":{"@type":"EntryPoint","urlTemplate":"https:\/\/mulheresacesta.com.br\/en\/?s={search_term_string}"},"query-input":{"@type":"PropertyValueSpecification","valueRequired":true,"valueName":"search_term_string"}}],"inLanguage":"en-US"},{"@type":"Organization","@id":"https:\/\/mulheresacesta.com.br\/en\/#organization","name":"Mulheres \u00e0 Cesta","url":"https:\/\/mulheresacesta.com.br\/en\/","logo":{"@type":"ImageObject","inLanguage":"en-US","@id":"https:\/\/mulheresacesta.com.br\/en\/#\/schema\/logo\/image\/","url":"https:\/\/mulheresacesta.com.br\/wp-content\/uploads\/2020\/10\/mulheres-a-cesta.jpg","contentUrl":"https:\/\/mulheresacesta.com.br\/wp-content\/uploads\/2020\/10\/mulheres-a-cesta.jpg","width":400,"height":300,"caption":"Mulheres \u00e0 Cesta"},"image":{"@id":"https:\/\/mulheresacesta.com.br\/en\/#\/schema\/logo\/image\/"}},{"@type":"Person","@id":"https:\/\/mulheresacesta.com.br\/en\/#\/schema\/person\/11ebd3af76a9fcb3d26c815924faac42","name":"mulheres","sameAs":["http:\/\/localhost\/mulheresacesta"],"url":"https:\/\/mulheresacesta.com.br\/en\/author\/mulheres\/"}]}},"_links":{"self":[{"href":"https:\/\/mulheresacesta.com.br\/en\/wp-json\/wp\/v2\/posts\/7214","targetHints":{"allow":["GET"]}}],"collection":[{"href":"https:\/\/mulheresacesta.com.br\/en\/wp-json\/wp\/v2\/posts"}],"about":[{"href":"https:\/\/mulheresacesta.com.br\/en\/wp-json\/wp\/v2\/types\/post"}],"author":[{"embeddable":true,"href":"https:\/\/mulheresacesta.com.br\/en\/wp-json\/wp\/v2\/users\/1"}],"replies":[{"embeddable":true,"href":"https:\/\/mulheresacesta.com.br\/en\/wp-json\/wp\/v2\/comments?post=7214"}],"version-history":[{"count":2,"href":"https:\/\/mulheresacesta.com.br\/en\/wp-json\/wp\/v2\/posts\/7214\/revisions"}],"predecessor-version":[{"id":7216,"href":"https:\/\/mulheresacesta.com.br\/en\/wp-json\/wp\/v2\/posts\/7214\/revisions\/7216"}],"wp:featuredmedia":[{"embeddable":true,"href":"https:\/\/mulheresacesta.com.br\/en\/wp-json\/wp\/v2\/media\/7220"}],"wp:attachment":[{"href":"https:\/\/mulheresacesta.com.br\/en\/wp-json\/wp\/v2\/media?parent=7214"}],"wp:term":[{"taxonomy":"category","embeddable":true,"href":"https:\/\/mulheresacesta.com.br\/en\/wp-json\/wp\/v2\/categories?post=7214"},{"taxonomy":"post_tag","embeddable":true,"href":"https:\/\/mulheresacesta.com.br\/en\/wp-json\/wp\/v2\/tags?post=7214"}],"curies":[{"name":"wp","href":"https:\/\/api.w.org\/{rel}","templated":true}]}}