{"id":7218,"date":"2025-11-19T09:00:00","date_gmt":"2025-11-19T12:00:00","guid":{"rendered":"https:\/\/mulheresacesta.com.br\/?p=7218"},"modified":"2025-11-27T10:20:39","modified_gmt":"2025-11-27T13:20:39","slug":"brasil-define-equipes-masculina-e-feminina-para-a-americup-3x3-2025","status":"publish","type":"post","link":"https:\/\/mulheresacesta.com.br\/en\/2025\/11\/brasil-define-equipes-masculina-e-feminina-para-a-americup-3x3-2025\/","title":{"rendered":"Brasil define equipes masculina e feminina para a AmeriCup 3&#215;3 2025"},"content":{"rendered":"\n<p>A disputa \u00e9 especialmente decisiva: o campe\u00e3o garante vaga direta no Mundial de 2026, enquanto o vice carimba presen\u00e7a no Pr\u00e9-Mundial. As Sele\u00e7\u00f5es se re\u00fanem no dia 24 de novembro para a viagem rumo ao M\u00e9xico, onde o Brasil buscar\u00e1 mais um cap\u00edtulo importante na modalidade.<\/p>\n\n\n\n<h3 class=\"wp-block-heading\">Caminhos do Brasil no torneio<\/h3>\n\n\n\n<p>No masculino, o Brasil integra o Grupo D, ao lado do Chile e de uma equipe que vir\u00e1 do qualificat\u00f3rio. J\u00e1 no feminino, a disputa ser\u00e1 no Grupo B, com confrontos contra Estados Unidos e Jamaica. Em ambos os naipes, os dois primeiros colocados avan\u00e7am \u00e0s fases finais.<\/p>\n\n\n\n<h3 class=\"wp-block-heading\">A for\u00e7a do Brasil no 3&#215;3 feminino<\/h3>\n\n\n\n<p>O retrospecto recente do pa\u00eds coloca a Sele\u00e7\u00e3o Feminina entre as pot\u00eancias das Am\u00e9ricas. Em 2024, o Brasil subiu ao p\u00f3dio pela <strong>quarta vez consecutiva<\/strong>, garantindo o terceiro lugar na edi\u00e7\u00e3o realizada em San Juan, Porto Rico. A sequ\u00eancia refor\u00e7a o protagonismo brasileiro no cen\u00e1rio continental.<\/p>\n\n\n\n<h3 class=\"wp-block-heading\">O desafio masculino para 2025<\/h3>\n\n\n\n<p>A equipe masculina vinha de tr\u00eas p\u00f3dios seguidos, mas ficou fora da medalha em 2024. O objetivo para 2025 \u00e9 claro: retomar o lugar entre os finalistas e brigar pelo p\u00f3dio.<\/p>\n\n\n\n<hr class=\"wp-block-separator has-alpha-channel-opacity\"\/>\n\n\n\n<h2 class=\"wp-block-heading\">Convocadas e convocados<\/h2>\n\n\n\n<h3 class=\"wp-block-heading\"><strong>Sele\u00e7\u00e3o Feminina<\/strong><\/h3>\n\n\n\n<ul class=\"wp-block-list\">\n<li><strong>Gabriela Guimar\u00e3es<\/strong> (Ourinhos\/AOBE)<\/li>\n\n\n\n<li><strong>Luana Batista<\/strong> (Unimed Campinas)<\/li>\n\n\n\n<li><strong>Vit\u00f3ria Moura<\/strong> (Pennsylvania State \u2013 EUA)<\/li>\n\n\n\n<li><strong>Rayane San\u2019tanna<\/strong> (S\u00e3o Jos\u00e9 Basquete)<\/li>\n<\/ul>\n\n\n\n<h3 class=\"wp-block-heading\"><strong>Sele\u00e7\u00e3o Masculina<\/strong><\/h3>\n\n\n\n<ul class=\"wp-block-list\">\n<li><strong>Jonatas Mello<\/strong> (Praia Clube)<\/li>\n\n\n\n<li><strong>Will Weihermann<\/strong> (Praia Clube)<\/li>\n\n\n\n<li><strong>L\u00e9o Branquinho<\/strong> (Beijing Royal Fighters \u2013 CHN)<\/li>\n\n\n\n<li><strong>Daniel Owenu<\/strong> (Flamengo)<\/li>\n<\/ul>\n\n\n\n<h3 class=\"wp-block-heading\">Comiss\u00e3o T\u00e9cnica<\/h3>\n\n\n\n<ul class=\"wp-block-list\">\n<li><strong>T\u00e9cnico Masculino:<\/strong> Thiago De Sordi<\/li>\n\n\n\n<li><strong>T\u00e9cnica Feminina:<\/strong> Elen Rosa<\/li>\n\n\n\n<li><strong>Assistente:<\/strong> Mauro Macedo<\/li>\n\n\n\n<li><strong>Fisioterapeuta:<\/strong> Thiago Ramalho<\/li>\n<\/ul>\n\n\n\n<p>Com a mistura de talentos experientes e novos desafios, o Brasil chega motivado para fazer hist\u00f3ria na AmeriCup 3&#215;3 e seguir firme na busca por vagas internacionais importantes<\/p>\n\n\n\n<p><em>Fonte: Assessoria CBB<\/em><\/p>\n\n\n\n<p><\/p>\n","protected":false},"excerpt":{"rendered":"<p>A disputa \u00e9 especialmente decisiva: o campe\u00e3o garante vaga direta no Mundial de 2026, enquanto o vice carimba presen\u00e7a no Pr\u00e9-Mundial. As Sele\u00e7\u00f5es se re\u00fanem no dia 24 de novembro para a viagem rumo ao M\u00e9xico, onde o Brasil buscar\u00e1 mais um cap\u00edtulo importante na modalidade. Caminhos do Brasil no torneio No masculino, o Brasil [&hellip;]<\/p>\n","protected":false},"author":1,"featured_media":7222,"comment_status":"open","ping_status":"open","sticky":false,"template":"","format":"standard","meta":{"footnotes":""},"categories":[12],"tags":[],"class_list":["post-7218","post","type-post","status-publish","format-standard","has-post-thumbnail","hentry","category-blog"],"acf":[],"yoast_head":"<!-- This site is optimized with the Yoast SEO plugin v26.4 - https:\/\/yoast.com\/wordpress\/plugins\/seo\/ -->\n<title>Brasil define equipes masculina e feminina para a AmeriCup 3x3 2025<\/title>\n<meta name=\"description\" content=\"A disputa \u00e9 especialmente decisiva: o campe\u00e3o garante vaga direta no Mundial de 2026, enquanto o vice carimba presen\u00e7a no Pr\u00e9-Mundial. As Sele\u00e7\u00f5es se\" \/>\n<meta name=\"robots\" content=\"index, follow, max-snippet:-1, max-image-preview:large, max-video-preview:-1\" \/>\n<link rel=\"canonical\" href=\"https:\/\/mulheresacesta.com.br\/en\/2025\/11\/brasil-define-equipes-masculina-e-feminina-para-a-americup-3x3-2025\/\" \/>\n<meta property=\"og:locale\" content=\"en_US\" \/>\n<meta property=\"og:locale:alternate\" content=\"pt_BR\" \/>\n<meta property=\"og:type\" content=\"article\" \/>\n<meta property=\"og:title\" content=\"Brasil define equipes masculina e feminina para a AmeriCup 3x3 2025\" \/>\n<meta property=\"og:description\" content=\"A disputa \u00e9 especialmente decisiva: o campe\u00e3o garante vaga direta no Mundial de 2026, enquanto o vice carimba presen\u00e7a no Pr\u00e9-Mundial. As Sele\u00e7\u00f5es se\" \/>\n<meta property=\"og:url\" content=\"https:\/\/mulheresacesta.com.br\/en\/2025\/11\/brasil-define-equipes-masculina-e-feminina-para-a-americup-3x3-2025\/\" \/>\n<meta property=\"og:site_name\" content=\"Mulheres \u00e0 Cesta\" \/>\n<meta property=\"article:published_time\" content=\"2025-11-19T12:00:00+00:00\" \/>\n<meta property=\"article:modified_time\" content=\"2025-11-27T13:20:39+00:00\" \/>\n<meta property=\"og:image\" content=\"https:\/\/mulheresacesta.com.br\/wp-content\/uploads\/2025\/11\/mac-thumbs-11b_19-11b.jpg\" \/>\n\t<meta property=\"og:image:width\" content=\"1500\" \/>\n\t<meta property=\"og:image:height\" content=\"890\" \/>\n\t<meta property=\"og:image:type\" content=\"image\/jpeg\" \/>\n<meta name=\"author\" content=\"mulheres\" \/>\n<meta name=\"twitter:card\" content=\"summary_large_image\" \/>\n<meta name=\"twitter:label1\" content=\"Written by\" \/>\n\t<meta name=\"twitter:data1\" content=\"mulheres\" \/>\n\t<meta name=\"twitter:label2\" content=\"Est. reading time\" \/>\n\t<meta name=\"twitter:data2\" content=\"2 minutes\" \/>\n<script type=\"application\/ld+json\" class=\"yoast-schema-graph\">{\"@context\":\"https:\/\/schema.org\",\"@graph\":[{\"@type\":\"Article\",\"@id\":\"https:\/\/mulheresacesta.com.br\/2025\/11\/brasil-define-equipes-masculina-e-feminina-para-a-americup-3x3-2025\/#article\",\"isPartOf\":{\"@id\":\"https:\/\/mulheresacesta.com.br\/2025\/11\/brasil-define-equipes-masculina-e-feminina-para-a-americup-3x3-2025\/\"},\"author\":{\"name\":\"mulheres\",\"@id\":\"https:\/\/mulheresacesta.com.br\/en\/#\/schema\/person\/11ebd3af76a9fcb3d26c815924faac42\"},\"headline\":\"Brasil define equipes masculina e feminina para a AmeriCup 3&#215;3 2025\",\"datePublished\":\"2025-11-19T12:00:00+00:00\",\"dateModified\":\"2025-11-27T13:20:39+00:00\",\"mainEntityOfPage\":{\"@id\":\"https:\/\/mulheresacesta.com.br\/2025\/11\/brasil-define-equipes-masculina-e-feminina-para-a-americup-3x3-2025\/\"},\"wordCount\":316,\"commentCount\":0,\"publisher\":{\"@id\":\"https:\/\/mulheresacesta.com.br\/en\/#organization\"},\"image\":{\"@id\":\"https:\/\/mulheresacesta.com.br\/2025\/11\/brasil-define-equipes-masculina-e-feminina-para-a-americup-3x3-2025\/#primaryimage\"},\"thumbnailUrl\":\"https:\/\/mulheresacesta.com.br\/wp-content\/uploads\/2025\/11\/mac-thumbs-11b_19-11b.jpg\",\"articleSection\":[\"Blog\"],\"inLanguage\":\"en-US\",\"potentialAction\":[{\"@type\":\"CommentAction\",\"name\":\"Comment\",\"target\":[\"https:\/\/mulheresacesta.com.br\/2025\/11\/brasil-define-equipes-masculina-e-feminina-para-a-americup-3x3-2025\/#respond\"]}]},{\"@type\":\"WebPage\",\"@id\":\"https:\/\/mulheresacesta.com.br\/2025\/11\/brasil-define-equipes-masculina-e-feminina-para-a-americup-3x3-2025\/\",\"url\":\"https:\/\/mulheresacesta.com.br\/2025\/11\/brasil-define-equipes-masculina-e-feminina-para-a-americup-3x3-2025\/\",\"name\":\"Brasil define equipes masculina e feminina para a AmeriCup 3x3 2025\",\"isPartOf\":{\"@id\":\"https:\/\/mulheresacesta.com.br\/en\/#website\"},\"primaryImageOfPage\":{\"@id\":\"https:\/\/mulheresacesta.com.br\/2025\/11\/brasil-define-equipes-masculina-e-feminina-para-a-americup-3x3-2025\/#primaryimage\"},\"image\":{\"@id\":\"https:\/\/mulheresacesta.com.br\/2025\/11\/brasil-define-equipes-masculina-e-feminina-para-a-americup-3x3-2025\/#primaryimage\"},\"thumbnailUrl\":\"https:\/\/mulheresacesta.com.br\/wp-content\/uploads\/2025\/11\/mac-thumbs-11b_19-11b.jpg\",\"datePublished\":\"2025-11-19T12:00:00+00:00\",\"dateModified\":\"2025-11-27T13:20:39+00:00\",\"description\":\"A disputa \u00e9 especialmente decisiva: o campe\u00e3o garante vaga direta no Mundial de 2026, enquanto o vice carimba presen\u00e7a no Pr\u00e9-Mundial. As Sele\u00e7\u00f5es se\",\"breadcrumb\":{\"@id\":\"https:\/\/mulheresacesta.com.br\/2025\/11\/brasil-define-equipes-masculina-e-feminina-para-a-americup-3x3-2025\/#breadcrumb\"},\"inLanguage\":\"en-US\",\"potentialAction\":[{\"@type\":\"ReadAction\",\"target\":[\"https:\/\/mulheresacesta.com.br\/2025\/11\/brasil-define-equipes-masculina-e-feminina-para-a-americup-3x3-2025\/\"]}]},{\"@type\":\"ImageObject\",\"inLanguage\":\"en-US\",\"@id\":\"https:\/\/mulheresacesta.com.br\/2025\/11\/brasil-define-equipes-masculina-e-feminina-para-a-americup-3x3-2025\/#primaryimage\",\"url\":\"https:\/\/mulheresacesta.com.br\/wp-content\/uploads\/2025\/11\/mac-thumbs-11b_19-11b.jpg\",\"contentUrl\":\"https:\/\/mulheresacesta.com.br\/wp-content\/uploads\/2025\/11\/mac-thumbs-11b_19-11b.jpg\",\"width\":1500,\"height\":890},{\"@type\":\"BreadcrumbList\",\"@id\":\"https:\/\/mulheresacesta.com.br\/2025\/11\/brasil-define-equipes-masculina-e-feminina-para-a-americup-3x3-2025\/#breadcrumb\",\"itemListElement\":[{\"@type\":\"ListItem\",\"position\":1,\"name\":\"In\u00edcio\",\"item\":\"https:\/\/mulheresacesta.com.br\/\"},{\"@type\":\"ListItem\",\"position\":2,\"name\":\"Brasil define equipes masculina e feminina para a AmeriCup 3&#215;3 2025\"}]},{\"@type\":\"WebSite\",\"@id\":\"https:\/\/mulheresacesta.com.br\/en\/#website\",\"url\":\"https:\/\/mulheresacesta.com.br\/en\/\",\"name\":\"Mulheres \u00e0 Cesta\",\"description\":\"\",\"publisher\":{\"@id\":\"https:\/\/mulheresacesta.com.br\/en\/#organization\"},\"potentialAction\":[{\"@type\":\"SearchAction\",\"target\":{\"@type\":\"EntryPoint\",\"urlTemplate\":\"https:\/\/mulheresacesta.com.br\/en\/?s={search_term_string}\"},\"query-input\":{\"@type\":\"PropertyValueSpecification\",\"valueRequired\":true,\"valueName\":\"search_term_string\"}}],\"inLanguage\":\"en-US\"},{\"@type\":\"Organization\",\"@id\":\"https:\/\/mulheresacesta.com.br\/en\/#organization\",\"name\":\"Mulheres \u00e0 Cesta\",\"url\":\"https:\/\/mulheresacesta.com.br\/en\/\",\"logo\":{\"@type\":\"ImageObject\",\"inLanguage\":\"en-US\",\"@id\":\"https:\/\/mulheresacesta.com.br\/en\/#\/schema\/logo\/image\/\",\"url\":\"https:\/\/mulheresacesta.com.br\/wp-content\/uploads\/2020\/10\/mulheres-a-cesta.jpg\",\"contentUrl\":\"https:\/\/mulheresacesta.com.br\/wp-content\/uploads\/2020\/10\/mulheres-a-cesta.jpg\",\"width\":400,\"height\":300,\"caption\":\"Mulheres \u00e0 Cesta\"},\"image\":{\"@id\":\"https:\/\/mulheresacesta.com.br\/en\/#\/schema\/logo\/image\/\"}},{\"@type\":\"Person\",\"@id\":\"https:\/\/mulheresacesta.com.br\/en\/#\/schema\/person\/11ebd3af76a9fcb3d26c815924faac42\",\"name\":\"mulheres\",\"sameAs\":[\"http:\/\/localhost\/mulheresacesta\"],\"url\":\"https:\/\/mulheresacesta.com.br\/en\/author\/mulheres\/\"}]}<\/script>\n<!-- \/ Yoast SEO plugin. -->","yoast_head_json":{"title":"Brasil define equipes masculina e feminina para a AmeriCup 3x3 2025","description":"A disputa \u00e9 especialmente decisiva: o campe\u00e3o garante vaga direta no Mundial de 2026, enquanto o vice carimba presen\u00e7a no Pr\u00e9-Mundial. As Sele\u00e7\u00f5es se","robots":{"index":"index","follow":"follow","max-snippet":"max-snippet:-1","max-image-preview":"max-image-preview:large","max-video-preview":"max-video-preview:-1"},"canonical":"https:\/\/mulheresacesta.com.br\/en\/2025\/11\/brasil-define-equipes-masculina-e-feminina-para-a-americup-3x3-2025\/","og_locale":"en_US","og_type":"article","og_title":"[:pt]Brasil define equipes masculina e feminina para a AmeriCup 3x3 2025[:] - Mulheres \u00e0 Cesta","og_description":"A disputa \u00e9 especialmente decisiva: o campe\u00e3o garante vaga direta no Mundial de 2026, enquanto o vice carimba presen\u00e7a no Pr\u00e9-Mundial. As Sele\u00e7\u00f5es se","og_url":"https:\/\/mulheresacesta.com.br\/en\/2025\/11\/brasil-define-equipes-masculina-e-feminina-para-a-americup-3x3-2025\/","og_site_name":"Mulheres \u00e0 Cesta","article_published_time":"2025-11-19T12:00:00+00:00","article_modified_time":"2025-11-27T13:20:39+00:00","og_image":[{"width":1500,"height":890,"url":"https:\/\/mulheresacesta.com.br\/wp-content\/uploads\/2025\/11\/mac-thumbs-11b_19-11b.jpg","type":"image\/jpeg"}],"author":"mulheres","twitter_card":"summary_large_image","twitter_misc":{"Written by":"mulheres","Est. reading time":"2 minutes"},"schema":{"@context":"https:\/\/schema.org","@graph":[{"@type":"Article","@id":"https:\/\/mulheresacesta.com.br\/2025\/11\/brasil-define-equipes-masculina-e-feminina-para-a-americup-3x3-2025\/#article","isPartOf":{"@id":"https:\/\/mulheresacesta.com.br\/2025\/11\/brasil-define-equipes-masculina-e-feminina-para-a-americup-3x3-2025\/"},"author":{"name":"mulheres","@id":"https:\/\/mulheresacesta.com.br\/en\/#\/schema\/person\/11ebd3af76a9fcb3d26c815924faac42"},"headline":"Brasil define equipes masculina e feminina para a AmeriCup 3&#215;3 2025","datePublished":"2025-11-19T12:00:00+00:00","dateModified":"2025-11-27T13:20:39+00:00","mainEntityOfPage":{"@id":"https:\/\/mulheresacesta.com.br\/2025\/11\/brasil-define-equipes-masculina-e-feminina-para-a-americup-3x3-2025\/"},"wordCount":316,"commentCount":0,"publisher":{"@id":"https:\/\/mulheresacesta.com.br\/en\/#organization"},"image":{"@id":"https:\/\/mulheresacesta.com.br\/2025\/11\/brasil-define-equipes-masculina-e-feminina-para-a-americup-3x3-2025\/#primaryimage"},"thumbnailUrl":"https:\/\/mulheresacesta.com.br\/wp-content\/uploads\/2025\/11\/mac-thumbs-11b_19-11b.jpg","articleSection":["Blog"],"inLanguage":"en-US","potentialAction":[{"@type":"CommentAction","name":"Comment","target":["https:\/\/mulheresacesta.com.br\/2025\/11\/brasil-define-equipes-masculina-e-feminina-para-a-americup-3x3-2025\/#respond"]}]},{"@type":"WebPage","@id":"https:\/\/mulheresacesta.com.br\/2025\/11\/brasil-define-equipes-masculina-e-feminina-para-a-americup-3x3-2025\/","url":"https:\/\/mulheresacesta.com.br\/2025\/11\/brasil-define-equipes-masculina-e-feminina-para-a-americup-3x3-2025\/","name":"Brasil define equipes masculina e feminina para a AmeriCup 3x3 2025","isPartOf":{"@id":"https:\/\/mulheresacesta.com.br\/en\/#website"},"primaryImageOfPage":{"@id":"https:\/\/mulheresacesta.com.br\/2025\/11\/brasil-define-equipes-masculina-e-feminina-para-a-americup-3x3-2025\/#primaryimage"},"image":{"@id":"https:\/\/mulheresacesta.com.br\/2025\/11\/brasil-define-equipes-masculina-e-feminina-para-a-americup-3x3-2025\/#primaryimage"},"thumbnailUrl":"https:\/\/mulheresacesta.com.br\/wp-content\/uploads\/2025\/11\/mac-thumbs-11b_19-11b.jpg","datePublished":"2025-11-19T12:00:00+00:00","dateModified":"2025-11-27T13:20:39+00:00","description":"A disputa \u00e9 especialmente decisiva: o campe\u00e3o garante vaga direta no Mundial de 2026, enquanto o vice carimba presen\u00e7a no Pr\u00e9-Mundial. As Sele\u00e7\u00f5es se","breadcrumb":{"@id":"https:\/\/mulheresacesta.com.br\/2025\/11\/brasil-define-equipes-masculina-e-feminina-para-a-americup-3x3-2025\/#breadcrumb"},"inLanguage":"en-US","potentialAction":[{"@type":"ReadAction","target":["https:\/\/mulheresacesta.com.br\/2025\/11\/brasil-define-equipes-masculina-e-feminina-para-a-americup-3x3-2025\/"]}]},{"@type":"ImageObject","inLanguage":"en-US","@id":"https:\/\/mulheresacesta.com.br\/2025\/11\/brasil-define-equipes-masculina-e-feminina-para-a-americup-3x3-2025\/#primaryimage","url":"https:\/\/mulheresacesta.com.br\/wp-content\/uploads\/2025\/11\/mac-thumbs-11b_19-11b.jpg","contentUrl":"https:\/\/mulheresacesta.com.br\/wp-content\/uploads\/2025\/11\/mac-thumbs-11b_19-11b.jpg","width":1500,"height":890},{"@type":"BreadcrumbList","@id":"https:\/\/mulheresacesta.com.br\/2025\/11\/brasil-define-equipes-masculina-e-feminina-para-a-americup-3x3-2025\/#breadcrumb","itemListElement":[{"@type":"ListItem","position":1,"name":"In\u00edcio","item":"https:\/\/mulheresacesta.com.br\/"},{"@type":"ListItem","position":2,"name":"Brasil define equipes masculina e feminina para a AmeriCup 3&#215;3 2025"}]},{"@type":"WebSite","@id":"https:\/\/mulheresacesta.com.br\/en\/#website","url":"https:\/\/mulheresacesta.com.br\/en\/","name":"Mulheres \u00e0 Cesta","description":"","publisher":{"@id":"https:\/\/mulheresacesta.com.br\/en\/#organization"},"potentialAction":[{"@type":"SearchAction","target":{"@type":"EntryPoint","urlTemplate":"https:\/\/mulheresacesta.com.br\/en\/?s={search_term_string}"},"query-input":{"@type":"PropertyValueSpecification","valueRequired":true,"valueName":"search_term_string"}}],"inLanguage":"en-US"},{"@type":"Organization","@id":"https:\/\/mulheresacesta.com.br\/en\/#organization","name":"Mulheres \u00e0 Cesta","url":"https:\/\/mulheresacesta.com.br\/en\/","logo":{"@type":"ImageObject","inLanguage":"en-US","@id":"https:\/\/mulheresacesta.com.br\/en\/#\/schema\/logo\/image\/","url":"https:\/\/mulheresacesta.com.br\/wp-content\/uploads\/2020\/10\/mulheres-a-cesta.jpg","contentUrl":"https:\/\/mulheresacesta.com.br\/wp-content\/uploads\/2020\/10\/mulheres-a-cesta.jpg","width":400,"height":300,"caption":"Mulheres \u00e0 Cesta"},"image":{"@id":"https:\/\/mulheresacesta.com.br\/en\/#\/schema\/logo\/image\/"}},{"@type":"Person","@id":"https:\/\/mulheresacesta.com.br\/en\/#\/schema\/person\/11ebd3af76a9fcb3d26c815924faac42","name":"mulheres","sameAs":["http:\/\/localhost\/mulheresacesta"],"url":"https:\/\/mulheresacesta.com.br\/en\/author\/mulheres\/"}]}},"_links":{"self":[{"href":"https:\/\/mulheresacesta.com.br\/en\/wp-json\/wp\/v2\/posts\/7218","targetHints":{"allow":["GET"]}}],"collection":[{"href":"https:\/\/mulheresacesta.com.br\/en\/wp-json\/wp\/v2\/posts"}],"about":[{"href":"https:\/\/mulheresacesta.com.br\/en\/wp-json\/wp\/v2\/types\/post"}],"author":[{"embeddable":true,"href":"https:\/\/mulheresacesta.com.br\/en\/wp-json\/wp\/v2\/users\/1"}],"replies":[{"embeddable":true,"href":"https:\/\/mulheresacesta.com.br\/en\/wp-json\/wp\/v2\/comments?post=7218"}],"version-history":[{"count":4,"href":"https:\/\/mulheresacesta.com.br\/en\/wp-json\/wp\/v2\/posts\/7218\/revisions"}],"predecessor-version":[{"id":7298,"href":"https:\/\/mulheresacesta.com.br\/en\/wp-json\/wp\/v2\/posts\/7218\/revisions\/7298"}],"wp:featuredmedia":[{"embeddable":true,"href":"https:\/\/mulheresacesta.com.br\/en\/wp-json\/wp\/v2\/media\/7222"}],"wp:attachment":[{"href":"https:\/\/mulheresacesta.com.br\/en\/wp-json\/wp\/v2\/media?parent=7218"}],"wp:term":[{"taxonomy":"category","embeddable":true,"href":"https:\/\/mulheresacesta.com.br\/en\/wp-json\/wp\/v2\/categories?post=7218"},{"taxonomy":"post_tag","embeddable":true,"href":"https:\/\/mulheresacesta.com.br\/en\/wp-json\/wp\/v2\/tags?post=7218"}],"curies":[{"name":"wp","href":"https:\/\/api.w.org\/{rel}","templated":true}]}}