{"id":7245,"date":"2025-12-08T09:00:00","date_gmt":"2025-12-08T12:00:00","guid":{"rendered":"https:\/\/mulheresacesta.com.br\/?p=7245"},"modified":"2025-12-03T11:15:15","modified_gmt":"2025-12-03T14:15:15","slug":"os-campeonatos-que-a-selecao-feminina-vai-disputar-em-2026-e-por-que-eles-importam-tanto","status":"publish","type":"post","link":"https:\/\/mulheresacesta.com.br\/en\/2025\/12\/os-campeonatos-que-a-selecao-feminina-vai-disputar-em-2026-e-por-que-eles-importam-tanto\/","title":{"rendered":"Os campeonatos que a Sele\u00e7\u00e3o Feminina vai disputar em 2026 e por que eles importam tanto"},"content":{"rendered":"\n<p>Em 2026, a Sele\u00e7\u00e3o Brasileira Feminina entra em um dos ciclos mais desafiadores dos \u00faltimos anos. \u00c9 uma temporada que vai definir n\u00e3o s\u00f3 o posicionamento do Brasil no ranking mundial, mas tamb\u00e9m o rumo do projeto da equipe adulta para o pr\u00f3ximo ciclo ol\u00edmpico. Tudo come\u00e7a no <strong>Pr\u00e9-Mundial<\/strong>, etapa essencial que pode garantir o pa\u00eds no Mundial de 2026. \u00c9 um torneio curto, intenso e com advers\u00e1rios diretos, onde qualquer deslize pesa.<\/p>\n\n\n\n<p>Se vier a vaga, o <strong>Mundial<\/strong> \u00e9 o ponto mais alto da temporada. Ele define status, visibilidade, atrai investimento e serve como vitrine para atletas jovens e experientes. A <strong>AmeriCup<\/strong> tamb\u00e9m aparece como pe\u00e7a-chave: al\u00e9m de rivalidades hist\u00f3ricas, \u00e9 o campeonato que posiciona o Brasil dentro das Am\u00e9ricas e influencia convites, rankings e cruzamentos internacionais.<\/p>\n\n\n\n<p>Outro ponto importante \u00e9 o <strong>Sul-Americano<\/strong>, competi\u00e7\u00e3o que parece menor, mas \u00e9 vital para manter a hegemonia regional e testar novas atletas. Diferente disso, o <strong>Pr\u00e9-Ol\u00edmpico<\/strong> \u00e9 o mais tenso de todos: \u00e9 onde se confirma ou n\u00e3o a presen\u00e7a do Brasil em grandes torneios e onde a equipe precisa mostrar maturidade, regularidade e for\u00e7a coletiva.<\/p>\n\n\n\n<p>2026 ser\u00e1 um ano de reconstru\u00e7\u00e3o, afirma\u00e7\u00e3o e prova de fogo para a Sele\u00e7\u00e3o. \u00c9 um daqueles momentos em que o resultado n\u00e3o \u00e9 importante s\u00f3 para o presente, mas para o futuro do basquete feminino brasileiro.<\/p>\n\n\n\n<p><\/p>\n","protected":false},"excerpt":{"rendered":"<p>Em 2026, a Sele\u00e7\u00e3o Brasileira Feminina entra em um dos ciclos mais desafiadores dos \u00faltimos anos. \u00c9 uma temporada que vai definir n\u00e3o s\u00f3 o posicionamento do Brasil no ranking mundial, mas tamb\u00e9m o rumo do projeto da equipe adulta para o pr\u00f3ximo ciclo ol\u00edmpico. Tudo come\u00e7a no Pr\u00e9-Mundial, etapa essencial que pode garantir o [&hellip;]<\/p>\n","protected":false},"author":1,"featured_media":7308,"comment_status":"open","ping_status":"open","sticky":false,"template":"","format":"standard","meta":{"footnotes":""},"categories":[12],"tags":[],"class_list":["post-7245","post","type-post","status-publish","format-standard","has-post-thumbnail","hentry","category-blog"],"acf":[],"yoast_head":"<!-- This site is optimized with the Yoast SEO plugin v26.4 - https:\/\/yoast.com\/wordpress\/plugins\/seo\/ -->\n<title>Os campeonatos que a Sele\u00e7\u00e3o Feminina vai disputar em 2026 e por que eles importam tanto<\/title>\n<meta name=\"description\" content=\"Em 2026, a Sele\u00e7\u00e3o Brasileira Feminina entra em um dos ciclos mais desafiadores dos \u00faltimos anos. \u00c9 uma temporada que vai definir n\u00e3o s\u00f3 o posicionamento\" \/>\n<meta name=\"robots\" content=\"index, follow, max-snippet:-1, max-image-preview:large, max-video-preview:-1\" \/>\n<link rel=\"canonical\" href=\"https:\/\/mulheresacesta.com.br\/en\/2025\/12\/os-campeonatos-que-a-selecao-feminina-vai-disputar-em-2026-e-por-que-eles-importam-tanto\/\" \/>\n<meta property=\"og:locale\" content=\"en_US\" \/>\n<meta property=\"og:locale:alternate\" content=\"pt_BR\" \/>\n<meta property=\"og:type\" content=\"article\" \/>\n<meta property=\"og:title\" content=\"Os campeonatos que a Sele\u00e7\u00e3o Feminina vai disputar em 2026 e por que eles importam tanto\" \/>\n<meta property=\"og:description\" content=\"Em 2026, a Sele\u00e7\u00e3o Brasileira Feminina entra em um dos ciclos mais desafiadores dos \u00faltimos anos. \u00c9 uma temporada que vai definir n\u00e3o s\u00f3 o posicionamento\" \/>\n<meta property=\"og:url\" content=\"https:\/\/mulheresacesta.com.br\/en\/2025\/12\/os-campeonatos-que-a-selecao-feminina-vai-disputar-em-2026-e-por-que-eles-importam-tanto\/\" \/>\n<meta property=\"og:site_name\" content=\"Mulheres \u00e0 Cesta\" \/>\n<meta property=\"article:published_time\" content=\"2025-12-08T12:00:00+00:00\" \/>\n<meta property=\"og:image\" content=\"https:\/\/mulheresacesta.com.br\/wp-content\/uploads\/2025\/12\/mac-thumbs-12a_08-12.jpg\" \/>\n\t<meta property=\"og:image:width\" content=\"1500\" \/>\n\t<meta property=\"og:image:height\" content=\"890\" \/>\n\t<meta property=\"og:image:type\" content=\"image\/jpeg\" \/>\n<meta name=\"author\" content=\"mulheres\" \/>\n<meta name=\"twitter:card\" content=\"summary_large_image\" \/>\n<meta name=\"twitter:label1\" content=\"Written by\" \/>\n\t<meta name=\"twitter:data1\" content=\"mulheres\" \/>\n\t<meta name=\"twitter:label2\" content=\"Est. reading time\" \/>\n\t<meta name=\"twitter:data2\" content=\"2 minutes\" \/>\n<script type=\"application\/ld+json\" class=\"yoast-schema-graph\">{\"@context\":\"https:\/\/schema.org\",\"@graph\":[{\"@type\":\"Article\",\"@id\":\"https:\/\/mulheresacesta.com.br\/2025\/12\/os-campeonatos-que-a-selecao-feminina-vai-disputar-em-2026-e-por-que-eles-importam-tanto\/#article\",\"isPartOf\":{\"@id\":\"https:\/\/mulheresacesta.com.br\/2025\/12\/os-campeonatos-que-a-selecao-feminina-vai-disputar-em-2026-e-por-que-eles-importam-tanto\/\"},\"author\":{\"name\":\"mulheres\",\"@id\":\"https:\/\/mulheresacesta.com.br\/en\/#\/schema\/person\/11ebd3af76a9fcb3d26c815924faac42\"},\"headline\":\"Os campeonatos que a Sele\u00e7\u00e3o Feminina vai disputar em 2026 e por que eles importam tanto\",\"datePublished\":\"2025-12-08T12:00:00+00:00\",\"mainEntityOfPage\":{\"@id\":\"https:\/\/mulheresacesta.com.br\/2025\/12\/os-campeonatos-que-a-selecao-feminina-vai-disputar-em-2026-e-por-que-eles-importam-tanto\/\"},\"wordCount\":250,\"commentCount\":0,\"publisher\":{\"@id\":\"https:\/\/mulheresacesta.com.br\/en\/#organization\"},\"image\":{\"@id\":\"https:\/\/mulheresacesta.com.br\/2025\/12\/os-campeonatos-que-a-selecao-feminina-vai-disputar-em-2026-e-por-que-eles-importam-tanto\/#primaryimage\"},\"thumbnailUrl\":\"https:\/\/mulheresacesta.com.br\/wp-content\/uploads\/2025\/12\/mac-thumbs-12a_08-12.jpg\",\"articleSection\":[\"Blog\"],\"inLanguage\":\"en-US\",\"potentialAction\":[{\"@type\":\"CommentAction\",\"name\":\"Comment\",\"target\":[\"https:\/\/mulheresacesta.com.br\/2025\/12\/os-campeonatos-que-a-selecao-feminina-vai-disputar-em-2026-e-por-que-eles-importam-tanto\/#respond\"]}]},{\"@type\":\"WebPage\",\"@id\":\"https:\/\/mulheresacesta.com.br\/2025\/12\/os-campeonatos-que-a-selecao-feminina-vai-disputar-em-2026-e-por-que-eles-importam-tanto\/\",\"url\":\"https:\/\/mulheresacesta.com.br\/2025\/12\/os-campeonatos-que-a-selecao-feminina-vai-disputar-em-2026-e-por-que-eles-importam-tanto\/\",\"name\":\"Os campeonatos que a Sele\u00e7\u00e3o Feminina vai disputar em 2026 e por que eles importam tanto\",\"isPartOf\":{\"@id\":\"https:\/\/mulheresacesta.com.br\/en\/#website\"},\"primaryImageOfPage\":{\"@id\":\"https:\/\/mulheresacesta.com.br\/2025\/12\/os-campeonatos-que-a-selecao-feminina-vai-disputar-em-2026-e-por-que-eles-importam-tanto\/#primaryimage\"},\"image\":{\"@id\":\"https:\/\/mulheresacesta.com.br\/2025\/12\/os-campeonatos-que-a-selecao-feminina-vai-disputar-em-2026-e-por-que-eles-importam-tanto\/#primaryimage\"},\"thumbnailUrl\":\"https:\/\/mulheresacesta.com.br\/wp-content\/uploads\/2025\/12\/mac-thumbs-12a_08-12.jpg\",\"datePublished\":\"2025-12-08T12:00:00+00:00\",\"description\":\"Em 2026, a Sele\u00e7\u00e3o Brasileira Feminina entra em um dos ciclos mais desafiadores dos \u00faltimos anos. \u00c9 uma temporada que vai definir n\u00e3o s\u00f3 o posicionamento\",\"breadcrumb\":{\"@id\":\"https:\/\/mulheresacesta.com.br\/2025\/12\/os-campeonatos-que-a-selecao-feminina-vai-disputar-em-2026-e-por-que-eles-importam-tanto\/#breadcrumb\"},\"inLanguage\":\"en-US\",\"potentialAction\":[{\"@type\":\"ReadAction\",\"target\":[\"https:\/\/mulheresacesta.com.br\/2025\/12\/os-campeonatos-que-a-selecao-feminina-vai-disputar-em-2026-e-por-que-eles-importam-tanto\/\"]}]},{\"@type\":\"ImageObject\",\"inLanguage\":\"en-US\",\"@id\":\"https:\/\/mulheresacesta.com.br\/2025\/12\/os-campeonatos-que-a-selecao-feminina-vai-disputar-em-2026-e-por-que-eles-importam-tanto\/#primaryimage\",\"url\":\"https:\/\/mulheresacesta.com.br\/wp-content\/uploads\/2025\/12\/mac-thumbs-12a_08-12.jpg\",\"contentUrl\":\"https:\/\/mulheresacesta.com.br\/wp-content\/uploads\/2025\/12\/mac-thumbs-12a_08-12.jpg\",\"width\":1500,\"height\":890},{\"@type\":\"BreadcrumbList\",\"@id\":\"https:\/\/mulheresacesta.com.br\/2025\/12\/os-campeonatos-que-a-selecao-feminina-vai-disputar-em-2026-e-por-que-eles-importam-tanto\/#breadcrumb\",\"itemListElement\":[{\"@type\":\"ListItem\",\"position\":1,\"name\":\"In\u00edcio\",\"item\":\"https:\/\/mulheresacesta.com.br\/\"},{\"@type\":\"ListItem\",\"position\":2,\"name\":\"Os campeonatos que a Sele\u00e7\u00e3o Feminina vai disputar em 2026 e por que eles importam tanto\"}]},{\"@type\":\"WebSite\",\"@id\":\"https:\/\/mulheresacesta.com.br\/en\/#website\",\"url\":\"https:\/\/mulheresacesta.com.br\/en\/\",\"name\":\"Mulheres \u00e0 Cesta\",\"description\":\"\",\"publisher\":{\"@id\":\"https:\/\/mulheresacesta.com.br\/en\/#organization\"},\"potentialAction\":[{\"@type\":\"SearchAction\",\"target\":{\"@type\":\"EntryPoint\",\"urlTemplate\":\"https:\/\/mulheresacesta.com.br\/en\/?s={search_term_string}\"},\"query-input\":{\"@type\":\"PropertyValueSpecification\",\"valueRequired\":true,\"valueName\":\"search_term_string\"}}],\"inLanguage\":\"en-US\"},{\"@type\":\"Organization\",\"@id\":\"https:\/\/mulheresacesta.com.br\/en\/#organization\",\"name\":\"Mulheres \u00e0 Cesta\",\"url\":\"https:\/\/mulheresacesta.com.br\/en\/\",\"logo\":{\"@type\":\"ImageObject\",\"inLanguage\":\"en-US\",\"@id\":\"https:\/\/mulheresacesta.com.br\/en\/#\/schema\/logo\/image\/\",\"url\":\"https:\/\/mulheresacesta.com.br\/wp-content\/uploads\/2020\/10\/mulheres-a-cesta.jpg\",\"contentUrl\":\"https:\/\/mulheresacesta.com.br\/wp-content\/uploads\/2020\/10\/mulheres-a-cesta.jpg\",\"width\":400,\"height\":300,\"caption\":\"Mulheres \u00e0 Cesta\"},\"image\":{\"@id\":\"https:\/\/mulheresacesta.com.br\/en\/#\/schema\/logo\/image\/\"}},{\"@type\":\"Person\",\"@id\":\"https:\/\/mulheresacesta.com.br\/en\/#\/schema\/person\/11ebd3af76a9fcb3d26c815924faac42\",\"name\":\"mulheres\",\"sameAs\":[\"http:\/\/localhost\/mulheresacesta\"],\"url\":\"https:\/\/mulheresacesta.com.br\/en\/author\/mulheres\/\"}]}<\/script>\n<!-- \/ Yoast SEO plugin. -->","yoast_head_json":{"title":"Os campeonatos que a Sele\u00e7\u00e3o Feminina vai disputar em 2026 e por que eles importam tanto","description":"Em 2026, a Sele\u00e7\u00e3o Brasileira Feminina entra em um dos ciclos mais desafiadores dos \u00faltimos anos. \u00c9 uma temporada que vai definir n\u00e3o s\u00f3 o posicionamento","robots":{"index":"index","follow":"follow","max-snippet":"max-snippet:-1","max-image-preview":"max-image-preview:large","max-video-preview":"max-video-preview:-1"},"canonical":"https:\/\/mulheresacesta.com.br\/en\/2025\/12\/os-campeonatos-que-a-selecao-feminina-vai-disputar-em-2026-e-por-que-eles-importam-tanto\/","og_locale":"en_US","og_type":"article","og_title":"[:pt]Os campeonatos que a Sele\u00e7\u00e3o Feminina vai disputar em 2026 e por que eles importam tanto[:] - Mulheres \u00e0 Cesta","og_description":"Em 2026, a Sele\u00e7\u00e3o Brasileira Feminina entra em um dos ciclos mais desafiadores dos \u00faltimos anos. \u00c9 uma temporada que vai definir n\u00e3o s\u00f3 o posicionamento","og_url":"https:\/\/mulheresacesta.com.br\/en\/2025\/12\/os-campeonatos-que-a-selecao-feminina-vai-disputar-em-2026-e-por-que-eles-importam-tanto\/","og_site_name":"Mulheres \u00e0 Cesta","article_published_time":"2025-12-08T12:00:00+00:00","og_image":[{"width":1500,"height":890,"url":"https:\/\/mulheresacesta.com.br\/wp-content\/uploads\/2025\/12\/mac-thumbs-12a_08-12.jpg","type":"image\/jpeg"}],"author":"mulheres","twitter_card":"summary_large_image","twitter_misc":{"Written by":"mulheres","Est. reading time":"2 minutes"},"schema":{"@context":"https:\/\/schema.org","@graph":[{"@type":"Article","@id":"https:\/\/mulheresacesta.com.br\/2025\/12\/os-campeonatos-que-a-selecao-feminina-vai-disputar-em-2026-e-por-que-eles-importam-tanto\/#article","isPartOf":{"@id":"https:\/\/mulheresacesta.com.br\/2025\/12\/os-campeonatos-que-a-selecao-feminina-vai-disputar-em-2026-e-por-que-eles-importam-tanto\/"},"author":{"name":"mulheres","@id":"https:\/\/mulheresacesta.com.br\/en\/#\/schema\/person\/11ebd3af76a9fcb3d26c815924faac42"},"headline":"Os campeonatos que a Sele\u00e7\u00e3o Feminina vai disputar em 2026 e por que eles importam tanto","datePublished":"2025-12-08T12:00:00+00:00","mainEntityOfPage":{"@id":"https:\/\/mulheresacesta.com.br\/2025\/12\/os-campeonatos-que-a-selecao-feminina-vai-disputar-em-2026-e-por-que-eles-importam-tanto\/"},"wordCount":250,"commentCount":0,"publisher":{"@id":"https:\/\/mulheresacesta.com.br\/en\/#organization"},"image":{"@id":"https:\/\/mulheresacesta.com.br\/2025\/12\/os-campeonatos-que-a-selecao-feminina-vai-disputar-em-2026-e-por-que-eles-importam-tanto\/#primaryimage"},"thumbnailUrl":"https:\/\/mulheresacesta.com.br\/wp-content\/uploads\/2025\/12\/mac-thumbs-12a_08-12.jpg","articleSection":["Blog"],"inLanguage":"en-US","potentialAction":[{"@type":"CommentAction","name":"Comment","target":["https:\/\/mulheresacesta.com.br\/2025\/12\/os-campeonatos-que-a-selecao-feminina-vai-disputar-em-2026-e-por-que-eles-importam-tanto\/#respond"]}]},{"@type":"WebPage","@id":"https:\/\/mulheresacesta.com.br\/2025\/12\/os-campeonatos-que-a-selecao-feminina-vai-disputar-em-2026-e-por-que-eles-importam-tanto\/","url":"https:\/\/mulheresacesta.com.br\/2025\/12\/os-campeonatos-que-a-selecao-feminina-vai-disputar-em-2026-e-por-que-eles-importam-tanto\/","name":"Os campeonatos que a Sele\u00e7\u00e3o Feminina vai disputar em 2026 e por que eles importam tanto","isPartOf":{"@id":"https:\/\/mulheresacesta.com.br\/en\/#website"},"primaryImageOfPage":{"@id":"https:\/\/mulheresacesta.com.br\/2025\/12\/os-campeonatos-que-a-selecao-feminina-vai-disputar-em-2026-e-por-que-eles-importam-tanto\/#primaryimage"},"image":{"@id":"https:\/\/mulheresacesta.com.br\/2025\/12\/os-campeonatos-que-a-selecao-feminina-vai-disputar-em-2026-e-por-que-eles-importam-tanto\/#primaryimage"},"thumbnailUrl":"https:\/\/mulheresacesta.com.br\/wp-content\/uploads\/2025\/12\/mac-thumbs-12a_08-12.jpg","datePublished":"2025-12-08T12:00:00+00:00","description":"Em 2026, a Sele\u00e7\u00e3o Brasileira Feminina entra em um dos ciclos mais desafiadores dos \u00faltimos anos. \u00c9 uma temporada que vai definir n\u00e3o s\u00f3 o posicionamento","breadcrumb":{"@id":"https:\/\/mulheresacesta.com.br\/2025\/12\/os-campeonatos-que-a-selecao-feminina-vai-disputar-em-2026-e-por-que-eles-importam-tanto\/#breadcrumb"},"inLanguage":"en-US","potentialAction":[{"@type":"ReadAction","target":["https:\/\/mulheresacesta.com.br\/2025\/12\/os-campeonatos-que-a-selecao-feminina-vai-disputar-em-2026-e-por-que-eles-importam-tanto\/"]}]},{"@type":"ImageObject","inLanguage":"en-US","@id":"https:\/\/mulheresacesta.com.br\/2025\/12\/os-campeonatos-que-a-selecao-feminina-vai-disputar-em-2026-e-por-que-eles-importam-tanto\/#primaryimage","url":"https:\/\/mulheresacesta.com.br\/wp-content\/uploads\/2025\/12\/mac-thumbs-12a_08-12.jpg","contentUrl":"https:\/\/mulheresacesta.com.br\/wp-content\/uploads\/2025\/12\/mac-thumbs-12a_08-12.jpg","width":1500,"height":890},{"@type":"BreadcrumbList","@id":"https:\/\/mulheresacesta.com.br\/2025\/12\/os-campeonatos-que-a-selecao-feminina-vai-disputar-em-2026-e-por-que-eles-importam-tanto\/#breadcrumb","itemListElement":[{"@type":"ListItem","position":1,"name":"In\u00edcio","item":"https:\/\/mulheresacesta.com.br\/"},{"@type":"ListItem","position":2,"name":"Os campeonatos que a Sele\u00e7\u00e3o Feminina vai disputar em 2026 e por que eles importam tanto"}]},{"@type":"WebSite","@id":"https:\/\/mulheresacesta.com.br\/en\/#website","url":"https:\/\/mulheresacesta.com.br\/en\/","name":"Mulheres \u00e0 Cesta","description":"","publisher":{"@id":"https:\/\/mulheresacesta.com.br\/en\/#organization"},"potentialAction":[{"@type":"SearchAction","target":{"@type":"EntryPoint","urlTemplate":"https:\/\/mulheresacesta.com.br\/en\/?s={search_term_string}"},"query-input":{"@type":"PropertyValueSpecification","valueRequired":true,"valueName":"search_term_string"}}],"inLanguage":"en-US"},{"@type":"Organization","@id":"https:\/\/mulheresacesta.com.br\/en\/#organization","name":"Mulheres \u00e0 Cesta","url":"https:\/\/mulheresacesta.com.br\/en\/","logo":{"@type":"ImageObject","inLanguage":"en-US","@id":"https:\/\/mulheresacesta.com.br\/en\/#\/schema\/logo\/image\/","url":"https:\/\/mulheresacesta.com.br\/wp-content\/uploads\/2020\/10\/mulheres-a-cesta.jpg","contentUrl":"https:\/\/mulheresacesta.com.br\/wp-content\/uploads\/2020\/10\/mulheres-a-cesta.jpg","width":400,"height":300,"caption":"Mulheres \u00e0 Cesta"},"image":{"@id":"https:\/\/mulheresacesta.com.br\/en\/#\/schema\/logo\/image\/"}},{"@type":"Person","@id":"https:\/\/mulheresacesta.com.br\/en\/#\/schema\/person\/11ebd3af76a9fcb3d26c815924faac42","name":"mulheres","sameAs":["http:\/\/localhost\/mulheresacesta"],"url":"https:\/\/mulheresacesta.com.br\/en\/author\/mulheres\/"}]}},"_links":{"self":[{"href":"https:\/\/mulheresacesta.com.br\/en\/wp-json\/wp\/v2\/posts\/7245","targetHints":{"allow":["GET"]}}],"collection":[{"href":"https:\/\/mulheresacesta.com.br\/en\/wp-json\/wp\/v2\/posts"}],"about":[{"href":"https:\/\/mulheresacesta.com.br\/en\/wp-json\/wp\/v2\/types\/post"}],"author":[{"embeddable":true,"href":"https:\/\/mulheresacesta.com.br\/en\/wp-json\/wp\/v2\/users\/1"}],"replies":[{"embeddable":true,"href":"https:\/\/mulheresacesta.com.br\/en\/wp-json\/wp\/v2\/comments?post=7245"}],"version-history":[{"count":3,"href":"https:\/\/mulheresacesta.com.br\/en\/wp-json\/wp\/v2\/posts\/7245\/revisions"}],"predecessor-version":[{"id":7248,"href":"https:\/\/mulheresacesta.com.br\/en\/wp-json\/wp\/v2\/posts\/7245\/revisions\/7248"}],"wp:featuredmedia":[{"embeddable":true,"href":"https:\/\/mulheresacesta.com.br\/en\/wp-json\/wp\/v2\/media\/7308"}],"wp:attachment":[{"href":"https:\/\/mulheresacesta.com.br\/en\/wp-json\/wp\/v2\/media?parent=7245"}],"wp:term":[{"taxonomy":"category","embeddable":true,"href":"https:\/\/mulheresacesta.com.br\/en\/wp-json\/wp\/v2\/categories?post=7245"},{"taxonomy":"post_tag","embeddable":true,"href":"https:\/\/mulheresacesta.com.br\/en\/wp-json\/wp\/v2\/tags?post=7245"}],"curies":[{"name":"wp","href":"https:\/\/api.w.org\/{rel}","templated":true}]}}