{"id":7252,"date":"2025-12-12T09:00:00","date_gmt":"2025-12-12T12:00:00","guid":{"rendered":"https:\/\/mulheresacesta.com.br\/?p=7252"},"modified":"2025-12-03T11:25:50","modified_gmt":"2025-12-03T14:25:50","slug":"a-geracao-de-2006-a-2016-um-periodo-silencioso-e-crucial-para-o-basquete-feminino-brasileiro","status":"publish","type":"post","link":"https:\/\/mulheresacesta.com.br\/en\/2025\/12\/a-geracao-de-2006-a-2016-um-periodo-silencioso-e-crucial-para-o-basquete-feminino-brasileiro\/","title":{"rendered":"A gera\u00e7\u00e3o de 2006 a 2016: um per\u00edodo silencioso e crucial para o basquete feminino brasileiro"},"content":{"rendered":"\n<p>Mas existe um per\u00edodo que quase nunca recebe o destaque merecido: a gera\u00e7\u00e3o que atuou entre <strong>2006 e 2016<\/strong>. Ela n\u00e3o conquistou medalhas hist\u00f3ricas nem viveu momentos de grande euforia nacional, mas foi fundamental para manter o esporte vivo em um dos ciclos mais dif\u00edceis.<\/p>\n\n\n\n<p>Essa foi a fase em que o Brasil enfrentou queda de investimento, menor visibilidade e uma renova\u00e7\u00e3o lenta, mas inevit\u00e1vel. Mesmo assim, jogadoras como <strong>Adrianinha, \u00c9rika, Palmira, Iziane, Tatiane Pinho, Karla, Chuca e Kelly Santos<\/strong> carregaram a Sele\u00e7\u00e3o nas costas, muitas vezes jogando contra rivais mais estruturados e em campeonatos de alt\u00edssimo n\u00edvel. Elas seguraram o time no Mundial de 2006, competiram em v\u00e1rios Pr\u00e9-Ol\u00edmpicos e Pan-Americanos, e foram respons\u00e1veis por manter o pa\u00eds presente em grandes torneios internacionais.<\/p>\n\n\n\n<p>Ao mesmo tempo, essa gera\u00e7\u00e3o foi essencial para construir a transi\u00e7\u00e3o que permitiria, anos depois, a chegada de uma nova leva de atletas. V\u00e1rias jovens que hoje lideram a Sele\u00e7\u00e3o \u2014 como Damiris, Tain\u00e1 Paix\u00e3o, Patty Teixeira e T\u00e1ssia \u2014 foram formadas ou inspiradas por essas veteranas. Nos clubes, muitas dessas atletas atuaram como l\u00edderes t\u00e9cnicas e emocionais, segurando equipes e mantendo vivo o ambiente competitivo da LBF e das competi\u00e7\u00f5es sul-americanas.<\/p>\n\n\n\n<p>Foi tamb\u00e9m um per\u00edodo de redefini\u00e7\u00e3o: o basquete mundial ficou mais f\u00edsico, t\u00e1tico e veloz, e essas jogadoras foram obrigadas a se adaptar. Elas enfrentaram adversidades externas e mudan\u00e7as internas, mas garantiram que o Brasil permanecesse competitivo e relevante. Sem elas, a reconstru\u00e7\u00e3o atual \u2014 com a chegada de jovens talentos e um projeto t\u00e9cnico mais s\u00f3lido \u2014 n\u00e3o seria poss\u00edvel.<\/p>\n\n\n\n<p>A gera\u00e7\u00e3o de 2006 a 2016 pode ter passado em sil\u00eancio para muita gente.<br>Mas, para quem acompanha o basquete feminino de perto, ela foi o elo que manteve a modalidade de p\u00e9 quando quase tudo conspirava contra. E isso \u00e9 t\u00e3o importante quanto qualquer medalha.<\/p>\n","protected":false},"excerpt":{"rendered":"<p>Mas existe um per\u00edodo que quase nunca recebe o destaque merecido: a gera\u00e7\u00e3o que atuou entre 2006 e 2016. Ela n\u00e3o conquistou medalhas hist\u00f3ricas nem viveu momentos de grande euforia nacional, mas foi fundamental para manter o esporte vivo em um dos ciclos mais dif\u00edceis. Essa foi a fase em que o Brasil enfrentou queda [&hellip;]<\/p>\n","protected":false},"author":1,"featured_media":7311,"comment_status":"open","ping_status":"open","sticky":false,"template":"","format":"standard","meta":{"footnotes":""},"categories":[12],"tags":[],"class_list":["post-7252","post","type-post","status-publish","format-standard","has-post-thumbnail","hentry","category-blog"],"acf":[],"yoast_head":"<!-- This site is optimized with the Yoast SEO plugin v26.4 - https:\/\/yoast.com\/wordpress\/plugins\/seo\/ -->\n<title>A gera\u00e7\u00e3o de 2006 a 2016: um per\u00edodo silencioso e crucial para o basquete feminino brasileiro<\/title>\n<meta name=\"description\" content=\"Mas existe um per\u00edodo que quase nunca recebe o destaque merecido: a gera\u00e7\u00e3o que atuou entre 2006 e 2016. Ela n\u00e3o conquistou medalhas hist\u00f3ricas nem viveu\" \/>\n<meta name=\"robots\" content=\"index, follow, max-snippet:-1, max-image-preview:large, max-video-preview:-1\" \/>\n<link rel=\"canonical\" href=\"https:\/\/mulheresacesta.com.br\/en\/2025\/12\/a-geracao-de-2006-a-2016-um-periodo-silencioso-e-crucial-para-o-basquete-feminino-brasileiro\/\" \/>\n<meta property=\"og:locale\" content=\"en_US\" \/>\n<meta property=\"og:locale:alternate\" content=\"pt_BR\" \/>\n<meta property=\"og:type\" content=\"article\" \/>\n<meta property=\"og:title\" content=\"A gera\u00e7\u00e3o de 2006 a 2016: um per\u00edodo silencioso e crucial para o basquete feminino brasileiro\" \/>\n<meta property=\"og:description\" content=\"Mas existe um per\u00edodo que quase nunca recebe o destaque merecido: a gera\u00e7\u00e3o que atuou entre 2006 e 2016. Ela n\u00e3o conquistou medalhas hist\u00f3ricas nem viveu\" \/>\n<meta property=\"og:url\" content=\"https:\/\/mulheresacesta.com.br\/en\/2025\/12\/a-geracao-de-2006-a-2016-um-periodo-silencioso-e-crucial-para-o-basquete-feminino-brasileiro\/\" \/>\n<meta property=\"og:site_name\" content=\"Mulheres \u00e0 Cesta\" \/>\n<meta property=\"article:published_time\" content=\"2025-12-12T12:00:00+00:00\" \/>\n<meta property=\"og:image\" content=\"https:\/\/mulheresacesta.com.br\/wp-content\/uploads\/2025\/12\/mac-thumbs-12a_12-12.jpg\" \/>\n\t<meta property=\"og:image:width\" content=\"1500\" \/>\n\t<meta property=\"og:image:height\" content=\"890\" \/>\n\t<meta property=\"og:image:type\" content=\"image\/jpeg\" \/>\n<meta name=\"author\" content=\"mulheres\" \/>\n<meta name=\"twitter:card\" content=\"summary_large_image\" \/>\n<meta name=\"twitter:label1\" content=\"Written by\" \/>\n\t<meta name=\"twitter:data1\" content=\"mulheres\" \/>\n\t<meta name=\"twitter:label2\" content=\"Est. reading time\" \/>\n\t<meta name=\"twitter:data2\" content=\"2 minutes\" \/>\n<script type=\"application\/ld+json\" class=\"yoast-schema-graph\">{\"@context\":\"https:\/\/schema.org\",\"@graph\":[{\"@type\":\"Article\",\"@id\":\"https:\/\/mulheresacesta.com.br\/2025\/12\/a-geracao-de-2006-a-2016-um-periodo-silencioso-e-crucial-para-o-basquete-feminino-brasileiro\/#article\",\"isPartOf\":{\"@id\":\"https:\/\/mulheresacesta.com.br\/2025\/12\/a-geracao-de-2006-a-2016-um-periodo-silencioso-e-crucial-para-o-basquete-feminino-brasileiro\/\"},\"author\":{\"name\":\"mulheres\",\"@id\":\"https:\/\/mulheresacesta.com.br\/en\/#\/schema\/person\/11ebd3af76a9fcb3d26c815924faac42\"},\"headline\":\"A gera\u00e7\u00e3o de 2006 a 2016: um per\u00edodo silencioso e crucial para o basquete feminino brasileiro\",\"datePublished\":\"2025-12-12T12:00:00+00:00\",\"mainEntityOfPage\":{\"@id\":\"https:\/\/mulheresacesta.com.br\/2025\/12\/a-geracao-de-2006-a-2016-um-periodo-silencioso-e-crucial-para-o-basquete-feminino-brasileiro\/\"},\"wordCount\":349,\"commentCount\":0,\"publisher\":{\"@id\":\"https:\/\/mulheresacesta.com.br\/en\/#organization\"},\"image\":{\"@id\":\"https:\/\/mulheresacesta.com.br\/2025\/12\/a-geracao-de-2006-a-2016-um-periodo-silencioso-e-crucial-para-o-basquete-feminino-brasileiro\/#primaryimage\"},\"thumbnailUrl\":\"https:\/\/mulheresacesta.com.br\/wp-content\/uploads\/2025\/12\/mac-thumbs-12a_12-12.jpg\",\"articleSection\":[\"Blog\"],\"inLanguage\":\"en-US\",\"potentialAction\":[{\"@type\":\"CommentAction\",\"name\":\"Comment\",\"target\":[\"https:\/\/mulheresacesta.com.br\/2025\/12\/a-geracao-de-2006-a-2016-um-periodo-silencioso-e-crucial-para-o-basquete-feminino-brasileiro\/#respond\"]}]},{\"@type\":\"WebPage\",\"@id\":\"https:\/\/mulheresacesta.com.br\/2025\/12\/a-geracao-de-2006-a-2016-um-periodo-silencioso-e-crucial-para-o-basquete-feminino-brasileiro\/\",\"url\":\"https:\/\/mulheresacesta.com.br\/2025\/12\/a-geracao-de-2006-a-2016-um-periodo-silencioso-e-crucial-para-o-basquete-feminino-brasileiro\/\",\"name\":\"A gera\u00e7\u00e3o de 2006 a 2016: um per\u00edodo silencioso e crucial para o basquete feminino brasileiro\",\"isPartOf\":{\"@id\":\"https:\/\/mulheresacesta.com.br\/en\/#website\"},\"primaryImageOfPage\":{\"@id\":\"https:\/\/mulheresacesta.com.br\/2025\/12\/a-geracao-de-2006-a-2016-um-periodo-silencioso-e-crucial-para-o-basquete-feminino-brasileiro\/#primaryimage\"},\"image\":{\"@id\":\"https:\/\/mulheresacesta.com.br\/2025\/12\/a-geracao-de-2006-a-2016-um-periodo-silencioso-e-crucial-para-o-basquete-feminino-brasileiro\/#primaryimage\"},\"thumbnailUrl\":\"https:\/\/mulheresacesta.com.br\/wp-content\/uploads\/2025\/12\/mac-thumbs-12a_12-12.jpg\",\"datePublished\":\"2025-12-12T12:00:00+00:00\",\"description\":\"Mas existe um per\u00edodo que quase nunca recebe o destaque merecido: a gera\u00e7\u00e3o que atuou entre 2006 e 2016. Ela n\u00e3o conquistou medalhas hist\u00f3ricas nem viveu\",\"breadcrumb\":{\"@id\":\"https:\/\/mulheresacesta.com.br\/2025\/12\/a-geracao-de-2006-a-2016-um-periodo-silencioso-e-crucial-para-o-basquete-feminino-brasileiro\/#breadcrumb\"},\"inLanguage\":\"en-US\",\"potentialAction\":[{\"@type\":\"ReadAction\",\"target\":[\"https:\/\/mulheresacesta.com.br\/2025\/12\/a-geracao-de-2006-a-2016-um-periodo-silencioso-e-crucial-para-o-basquete-feminino-brasileiro\/\"]}]},{\"@type\":\"ImageObject\",\"inLanguage\":\"en-US\",\"@id\":\"https:\/\/mulheresacesta.com.br\/2025\/12\/a-geracao-de-2006-a-2016-um-periodo-silencioso-e-crucial-para-o-basquete-feminino-brasileiro\/#primaryimage\",\"url\":\"https:\/\/mulheresacesta.com.br\/wp-content\/uploads\/2025\/12\/mac-thumbs-12a_12-12.jpg\",\"contentUrl\":\"https:\/\/mulheresacesta.com.br\/wp-content\/uploads\/2025\/12\/mac-thumbs-12a_12-12.jpg\",\"width\":1500,\"height\":890},{\"@type\":\"BreadcrumbList\",\"@id\":\"https:\/\/mulheresacesta.com.br\/2025\/12\/a-geracao-de-2006-a-2016-um-periodo-silencioso-e-crucial-para-o-basquete-feminino-brasileiro\/#breadcrumb\",\"itemListElement\":[{\"@type\":\"ListItem\",\"position\":1,\"name\":\"In\u00edcio\",\"item\":\"https:\/\/mulheresacesta.com.br\/\"},{\"@type\":\"ListItem\",\"position\":2,\"name\":\"A gera\u00e7\u00e3o de 2006 a 2016: um per\u00edodo silencioso e crucial para o basquete feminino brasileiro\"}]},{\"@type\":\"WebSite\",\"@id\":\"https:\/\/mulheresacesta.com.br\/en\/#website\",\"url\":\"https:\/\/mulheresacesta.com.br\/en\/\",\"name\":\"Mulheres \u00e0 Cesta\",\"description\":\"\",\"publisher\":{\"@id\":\"https:\/\/mulheresacesta.com.br\/en\/#organization\"},\"potentialAction\":[{\"@type\":\"SearchAction\",\"target\":{\"@type\":\"EntryPoint\",\"urlTemplate\":\"https:\/\/mulheresacesta.com.br\/en\/?s={search_term_string}\"},\"query-input\":{\"@type\":\"PropertyValueSpecification\",\"valueRequired\":true,\"valueName\":\"search_term_string\"}}],\"inLanguage\":\"en-US\"},{\"@type\":\"Organization\",\"@id\":\"https:\/\/mulheresacesta.com.br\/en\/#organization\",\"name\":\"Mulheres \u00e0 Cesta\",\"url\":\"https:\/\/mulheresacesta.com.br\/en\/\",\"logo\":{\"@type\":\"ImageObject\",\"inLanguage\":\"en-US\",\"@id\":\"https:\/\/mulheresacesta.com.br\/en\/#\/schema\/logo\/image\/\",\"url\":\"https:\/\/mulheresacesta.com.br\/wp-content\/uploads\/2020\/10\/mulheres-a-cesta.jpg\",\"contentUrl\":\"https:\/\/mulheresacesta.com.br\/wp-content\/uploads\/2020\/10\/mulheres-a-cesta.jpg\",\"width\":400,\"height\":300,\"caption\":\"Mulheres \u00e0 Cesta\"},\"image\":{\"@id\":\"https:\/\/mulheresacesta.com.br\/en\/#\/schema\/logo\/image\/\"}},{\"@type\":\"Person\",\"@id\":\"https:\/\/mulheresacesta.com.br\/en\/#\/schema\/person\/11ebd3af76a9fcb3d26c815924faac42\",\"name\":\"mulheres\",\"sameAs\":[\"http:\/\/localhost\/mulheresacesta\"],\"url\":\"https:\/\/mulheresacesta.com.br\/en\/author\/mulheres\/\"}]}<\/script>\n<!-- \/ Yoast SEO plugin. -->","yoast_head_json":{"title":"A gera\u00e7\u00e3o de 2006 a 2016: um per\u00edodo silencioso e crucial para o basquete feminino brasileiro","description":"Mas existe um per\u00edodo que quase nunca recebe o destaque merecido: a gera\u00e7\u00e3o que atuou entre 2006 e 2016. Ela n\u00e3o conquistou medalhas hist\u00f3ricas nem viveu","robots":{"index":"index","follow":"follow","max-snippet":"max-snippet:-1","max-image-preview":"max-image-preview:large","max-video-preview":"max-video-preview:-1"},"canonical":"https:\/\/mulheresacesta.com.br\/en\/2025\/12\/a-geracao-de-2006-a-2016-um-periodo-silencioso-e-crucial-para-o-basquete-feminino-brasileiro\/","og_locale":"en_US","og_type":"article","og_title":"[:pt]A gera\u00e7\u00e3o de 2006 a 2016: um per\u00edodo silencioso e crucial para o basquete feminino brasileiro[:] - Mulheres \u00e0 Cesta","og_description":"Mas existe um per\u00edodo que quase nunca recebe o destaque merecido: a gera\u00e7\u00e3o que atuou entre 2006 e 2016. Ela n\u00e3o conquistou medalhas hist\u00f3ricas nem viveu","og_url":"https:\/\/mulheresacesta.com.br\/en\/2025\/12\/a-geracao-de-2006-a-2016-um-periodo-silencioso-e-crucial-para-o-basquete-feminino-brasileiro\/","og_site_name":"Mulheres \u00e0 Cesta","article_published_time":"2025-12-12T12:00:00+00:00","og_image":[{"width":1500,"height":890,"url":"https:\/\/mulheresacesta.com.br\/wp-content\/uploads\/2025\/12\/mac-thumbs-12a_12-12.jpg","type":"image\/jpeg"}],"author":"mulheres","twitter_card":"summary_large_image","twitter_misc":{"Written by":"mulheres","Est. reading time":"2 minutes"},"schema":{"@context":"https:\/\/schema.org","@graph":[{"@type":"Article","@id":"https:\/\/mulheresacesta.com.br\/2025\/12\/a-geracao-de-2006-a-2016-um-periodo-silencioso-e-crucial-para-o-basquete-feminino-brasileiro\/#article","isPartOf":{"@id":"https:\/\/mulheresacesta.com.br\/2025\/12\/a-geracao-de-2006-a-2016-um-periodo-silencioso-e-crucial-para-o-basquete-feminino-brasileiro\/"},"author":{"name":"mulheres","@id":"https:\/\/mulheresacesta.com.br\/en\/#\/schema\/person\/11ebd3af76a9fcb3d26c815924faac42"},"headline":"A gera\u00e7\u00e3o de 2006 a 2016: um per\u00edodo silencioso e crucial para o basquete feminino brasileiro","datePublished":"2025-12-12T12:00:00+00:00","mainEntityOfPage":{"@id":"https:\/\/mulheresacesta.com.br\/2025\/12\/a-geracao-de-2006-a-2016-um-periodo-silencioso-e-crucial-para-o-basquete-feminino-brasileiro\/"},"wordCount":349,"commentCount":0,"publisher":{"@id":"https:\/\/mulheresacesta.com.br\/en\/#organization"},"image":{"@id":"https:\/\/mulheresacesta.com.br\/2025\/12\/a-geracao-de-2006-a-2016-um-periodo-silencioso-e-crucial-para-o-basquete-feminino-brasileiro\/#primaryimage"},"thumbnailUrl":"https:\/\/mulheresacesta.com.br\/wp-content\/uploads\/2025\/12\/mac-thumbs-12a_12-12.jpg","articleSection":["Blog"],"inLanguage":"en-US","potentialAction":[{"@type":"CommentAction","name":"Comment","target":["https:\/\/mulheresacesta.com.br\/2025\/12\/a-geracao-de-2006-a-2016-um-periodo-silencioso-e-crucial-para-o-basquete-feminino-brasileiro\/#respond"]}]},{"@type":"WebPage","@id":"https:\/\/mulheresacesta.com.br\/2025\/12\/a-geracao-de-2006-a-2016-um-periodo-silencioso-e-crucial-para-o-basquete-feminino-brasileiro\/","url":"https:\/\/mulheresacesta.com.br\/2025\/12\/a-geracao-de-2006-a-2016-um-periodo-silencioso-e-crucial-para-o-basquete-feminino-brasileiro\/","name":"A gera\u00e7\u00e3o de 2006 a 2016: um per\u00edodo silencioso e crucial para o basquete feminino brasileiro","isPartOf":{"@id":"https:\/\/mulheresacesta.com.br\/en\/#website"},"primaryImageOfPage":{"@id":"https:\/\/mulheresacesta.com.br\/2025\/12\/a-geracao-de-2006-a-2016-um-periodo-silencioso-e-crucial-para-o-basquete-feminino-brasileiro\/#primaryimage"},"image":{"@id":"https:\/\/mulheresacesta.com.br\/2025\/12\/a-geracao-de-2006-a-2016-um-periodo-silencioso-e-crucial-para-o-basquete-feminino-brasileiro\/#primaryimage"},"thumbnailUrl":"https:\/\/mulheresacesta.com.br\/wp-content\/uploads\/2025\/12\/mac-thumbs-12a_12-12.jpg","datePublished":"2025-12-12T12:00:00+00:00","description":"Mas existe um per\u00edodo que quase nunca recebe o destaque merecido: a gera\u00e7\u00e3o que atuou entre 2006 e 2016. Ela n\u00e3o conquistou medalhas hist\u00f3ricas nem viveu","breadcrumb":{"@id":"https:\/\/mulheresacesta.com.br\/2025\/12\/a-geracao-de-2006-a-2016-um-periodo-silencioso-e-crucial-para-o-basquete-feminino-brasileiro\/#breadcrumb"},"inLanguage":"en-US","potentialAction":[{"@type":"ReadAction","target":["https:\/\/mulheresacesta.com.br\/2025\/12\/a-geracao-de-2006-a-2016-um-periodo-silencioso-e-crucial-para-o-basquete-feminino-brasileiro\/"]}]},{"@type":"ImageObject","inLanguage":"en-US","@id":"https:\/\/mulheresacesta.com.br\/2025\/12\/a-geracao-de-2006-a-2016-um-periodo-silencioso-e-crucial-para-o-basquete-feminino-brasileiro\/#primaryimage","url":"https:\/\/mulheresacesta.com.br\/wp-content\/uploads\/2025\/12\/mac-thumbs-12a_12-12.jpg","contentUrl":"https:\/\/mulheresacesta.com.br\/wp-content\/uploads\/2025\/12\/mac-thumbs-12a_12-12.jpg","width":1500,"height":890},{"@type":"BreadcrumbList","@id":"https:\/\/mulheresacesta.com.br\/2025\/12\/a-geracao-de-2006-a-2016-um-periodo-silencioso-e-crucial-para-o-basquete-feminino-brasileiro\/#breadcrumb","itemListElement":[{"@type":"ListItem","position":1,"name":"In\u00edcio","item":"https:\/\/mulheresacesta.com.br\/"},{"@type":"ListItem","position":2,"name":"A gera\u00e7\u00e3o de 2006 a 2016: um per\u00edodo silencioso e crucial para o basquete feminino brasileiro"}]},{"@type":"WebSite","@id":"https:\/\/mulheresacesta.com.br\/en\/#website","url":"https:\/\/mulheresacesta.com.br\/en\/","name":"Mulheres \u00e0 Cesta","description":"","publisher":{"@id":"https:\/\/mulheresacesta.com.br\/en\/#organization"},"potentialAction":[{"@type":"SearchAction","target":{"@type":"EntryPoint","urlTemplate":"https:\/\/mulheresacesta.com.br\/en\/?s={search_term_string}"},"query-input":{"@type":"PropertyValueSpecification","valueRequired":true,"valueName":"search_term_string"}}],"inLanguage":"en-US"},{"@type":"Organization","@id":"https:\/\/mulheresacesta.com.br\/en\/#organization","name":"Mulheres \u00e0 Cesta","url":"https:\/\/mulheresacesta.com.br\/en\/","logo":{"@type":"ImageObject","inLanguage":"en-US","@id":"https:\/\/mulheresacesta.com.br\/en\/#\/schema\/logo\/image\/","url":"https:\/\/mulheresacesta.com.br\/wp-content\/uploads\/2020\/10\/mulheres-a-cesta.jpg","contentUrl":"https:\/\/mulheresacesta.com.br\/wp-content\/uploads\/2020\/10\/mulheres-a-cesta.jpg","width":400,"height":300,"caption":"Mulheres \u00e0 Cesta"},"image":{"@id":"https:\/\/mulheresacesta.com.br\/en\/#\/schema\/logo\/image\/"}},{"@type":"Person","@id":"https:\/\/mulheresacesta.com.br\/en\/#\/schema\/person\/11ebd3af76a9fcb3d26c815924faac42","name":"mulheres","sameAs":["http:\/\/localhost\/mulheresacesta"],"url":"https:\/\/mulheresacesta.com.br\/en\/author\/mulheres\/"}]}},"_links":{"self":[{"href":"https:\/\/mulheresacesta.com.br\/en\/wp-json\/wp\/v2\/posts\/7252","targetHints":{"allow":["GET"]}}],"collection":[{"href":"https:\/\/mulheresacesta.com.br\/en\/wp-json\/wp\/v2\/posts"}],"about":[{"href":"https:\/\/mulheresacesta.com.br\/en\/wp-json\/wp\/v2\/types\/post"}],"author":[{"embeddable":true,"href":"https:\/\/mulheresacesta.com.br\/en\/wp-json\/wp\/v2\/users\/1"}],"replies":[{"embeddable":true,"href":"https:\/\/mulheresacesta.com.br\/en\/wp-json\/wp\/v2\/comments?post=7252"}],"version-history":[{"count":2,"href":"https:\/\/mulheresacesta.com.br\/en\/wp-json\/wp\/v2\/posts\/7252\/revisions"}],"predecessor-version":[{"id":7254,"href":"https:\/\/mulheresacesta.com.br\/en\/wp-json\/wp\/v2\/posts\/7252\/revisions\/7254"}],"wp:featuredmedia":[{"embeddable":true,"href":"https:\/\/mulheresacesta.com.br\/en\/wp-json\/wp\/v2\/media\/7311"}],"wp:attachment":[{"href":"https:\/\/mulheresacesta.com.br\/en\/wp-json\/wp\/v2\/media?parent=7252"}],"wp:term":[{"taxonomy":"category","embeddable":true,"href":"https:\/\/mulheresacesta.com.br\/en\/wp-json\/wp\/v2\/categories?post=7252"},{"taxonomy":"post_tag","embeddable":true,"href":"https:\/\/mulheresacesta.com.br\/en\/wp-json\/wp\/v2\/tags?post=7252"}],"curies":[{"name":"wp","href":"https:\/\/api.w.org\/{rel}","templated":true}]}}