{"id":7374,"date":"2026-01-19T09:00:00","date_gmt":"2026-01-19T12:00:00","guid":{"rendered":"https:\/\/mulheresacesta.com.br\/?p=7374"},"modified":"2026-01-21T16:38:10","modified_gmt":"2026-01-21T19:38:10","slug":"planejamento-2026-selecao-brasileira-feminina-inicia-preparacao-para-o-pre-mundial","status":"publish","type":"post","link":"https:\/\/mulheresacesta.com.br\/en\/2026\/01\/planejamento-2026-selecao-brasileira-feminina-inicia-preparacao-para-o-pre-mundial\/","title":{"rendered":"Planejamento 2026: Sele\u00e7\u00e3o Brasileira Feminina inicia prepara\u00e7\u00e3o para o Pr\u00e9-Mundial"},"content":{"rendered":"\n<p>A Sele\u00e7\u00e3o Brasileira Feminina de Basquete deu o primeiro passo rumo a um dos ciclos mais importantes dos pr\u00f3ximos anos. A comiss\u00e3o t\u00e9cnica iniciou oficialmente o planejamento para a temporada de 2026, com foco total no Pr\u00e9-Mundial \u2014 etapa decisiva para manter o Brasil entre as principais for\u00e7as do basquete feminino internacional.<\/p>\n\n\n\n<p>Mais do que um calend\u00e1rio de jogos, esse planejamento representa organiza\u00e7\u00e3o, leitura estrat\u00e9gica do cen\u00e1rio global e constru\u00e7\u00e3o de um grupo competitivo, preparado f\u00edsica, t\u00e9cnica e mentalmente para enfrentar sele\u00e7\u00f5es de alto n\u00edvel.<\/p>\n\n\n\n<h3 class=\"wp-block-heading\">Um novo ciclo come\u00e7a agora<\/h3>\n\n\n\n<p>O trabalho envolve mapeamento de atletas, acompanhamento individualizado, defini\u00e7\u00e3o de per\u00edodos de treinamento e an\u00e1lise detalhada das competi\u00e7\u00f5es que antecedem o Pr\u00e9-Mundial. A ideia \u00e9 chegar ao torneio com um time entrosado, com identidade clara de jogo e capacidade de adapta\u00e7\u00e3o diante dos diferentes estilos encontrados no cen\u00e1rio internacional.<\/p>\n\n\n\n<p>Esse in\u00edcio antecipado tamb\u00e9m permite observar jogadoras que atuam tanto no Brasil quanto no exterior, ampliando o leque de op\u00e7\u00f5es e fortalecendo a renova\u00e7\u00e3o sem perder a experi\u00eancia acumulada em ciclos anteriores.<\/p>\n\n\n\n<h3 class=\"wp-block-heading\">Continuidade, evolu\u00e7\u00e3o e protagonismo<\/h3>\n\n\n\n<p>O planejamento para 2026 refor\u00e7a uma tend\u00eancia cada vez mais presente no basquete feminino brasileiro: pensar a longo prazo. A constru\u00e7\u00e3o do time n\u00e3o se limita a resultados imediatos, mas \u00e0 consolida\u00e7\u00e3o de uma sele\u00e7\u00e3o competitiva, capaz de evoluir jogo a jogo e manter o Brasil em evid\u00eancia nas grandes competi\u00e7\u00f5es.<\/p>\n\n\n\n<p>A <strong>Confedera\u00e7\u00e3o Brasileira de Basketball<\/strong> destaca que o processo passa por integra\u00e7\u00e3o entre comiss\u00f5es, di\u00e1logo constante com clubes e aten\u00e7\u00e3o especial \u00e0 prepara\u00e7\u00e3o f\u00edsica e \u00e0 preven\u00e7\u00e3o de les\u00f5es \u2014 fatores decisivos em torneios curtos e intensos como o Pr\u00e9-Mundial.<\/p>\n\n\n\n<h3 class=\"wp-block-heading\">O que esperar de 2026<\/h3>\n\n\n\n<p>O ano promete ser desafiador, com jogos de alto n\u00edvel e margem m\u00ednima para erros. Por isso, cada detalhe importa: desde a escolha das atletas at\u00e9 a forma como o grupo se prepara emocionalmente para competir sob press\u00e3o.<\/p>\n\n\n\n<p>Para o basquete feminino brasileiro, esse in\u00edcio de planejamento n\u00e3o \u00e9 apenas uma formalidade. \u00c9 um sinal claro de compromisso com o futuro, com o fortalecimento da modalidade e com o sonho de seguir disputando o cen\u00e1rio mundial em igualdade com as grandes pot\u00eancias.<\/p>\n\n\n\n<p>No <strong>Mulheres \u00e0 Cesta<\/strong>, seguimos acompanhando cada passo desse caminho \u2014 porque planejar bem hoje \u00e9 competir melhor amanh\u00e3.<br><br><strong>Fonte: Site CBB<\/strong><br><strong>Foto: site cbb<\/strong><\/p>\n","protected":false},"excerpt":{"rendered":"<p>A Sele\u00e7\u00e3o Brasileira Feminina de Basquete deu o primeiro passo rumo a um dos ciclos mais importantes dos pr\u00f3ximos anos. A comiss\u00e3o t\u00e9cnica iniciou oficialmente o planejamento para a temporada de 2026, com foco total no Pr\u00e9-Mundial \u2014 etapa decisiva para manter o Brasil entre as principais for\u00e7as do basquete feminino internacional. Mais do que [&hellip;]<\/p>\n","protected":false},"author":1,"featured_media":7416,"comment_status":"open","ping_status":"open","sticky":false,"template":"","format":"standard","meta":{"footnotes":""},"categories":[12],"tags":[],"class_list":["post-7374","post","type-post","status-publish","format-standard","has-post-thumbnail","hentry","category-blog"],"acf":[],"yoast_head":"<!-- This site is optimized with the Yoast SEO plugin v26.4 - https:\/\/yoast.com\/wordpress\/plugins\/seo\/ -->\n<title>Planejamento 2026: Sele\u00e7\u00e3o Brasileira Feminina inicia prepara\u00e7\u00e3o para o Pr\u00e9-Mundial<\/title>\n<meta name=\"description\" content=\"A Sele\u00e7\u00e3o Brasileira Feminina de Basquete deu o primeiro passo rumo a um dos ciclos mais importantes dos pr\u00f3ximos anos. A comiss\u00e3o t\u00e9cnica iniciou\" \/>\n<meta name=\"robots\" content=\"index, follow, max-snippet:-1, max-image-preview:large, max-video-preview:-1\" \/>\n<link rel=\"canonical\" href=\"https:\/\/mulheresacesta.com.br\/en\/2026\/01\/planejamento-2026-selecao-brasileira-feminina-inicia-preparacao-para-o-pre-mundial\/\" \/>\n<meta property=\"og:locale\" content=\"en_US\" \/>\n<meta property=\"og:locale:alternate\" content=\"pt_BR\" \/>\n<meta property=\"og:type\" content=\"article\" \/>\n<meta property=\"og:title\" content=\"Planejamento 2026: Sele\u00e7\u00e3o Brasileira Feminina inicia prepara\u00e7\u00e3o para o Pr\u00e9-Mundial\" \/>\n<meta property=\"og:description\" content=\"A Sele\u00e7\u00e3o Brasileira Feminina de Basquete deu o primeiro passo rumo a um dos ciclos mais importantes dos pr\u00f3ximos anos. A comiss\u00e3o t\u00e9cnica iniciou\" \/>\n<meta property=\"og:url\" content=\"https:\/\/mulheresacesta.com.br\/en\/2026\/01\/planejamento-2026-selecao-brasileira-feminina-inicia-preparacao-para-o-pre-mundial\/\" \/>\n<meta property=\"og:site_name\" content=\"Mulheres \u00e0 Cesta\" \/>\n<meta property=\"article:published_time\" content=\"2026-01-19T12:00:00+00:00\" \/>\n<meta property=\"article:modified_time\" content=\"2026-01-21T19:38:10+00:00\" \/>\n<meta property=\"og:image\" content=\"https:\/\/mulheresacesta.com.br\/wp-content\/uploads\/2026\/01\/mac-thumbs-01b_1901alt.jpg\" \/>\n\t<meta property=\"og:image:width\" content=\"1500\" \/>\n\t<meta property=\"og:image:height\" content=\"890\" \/>\n\t<meta property=\"og:image:type\" content=\"image\/jpeg\" \/>\n<meta name=\"author\" content=\"mulheres\" \/>\n<meta name=\"twitter:card\" content=\"summary_large_image\" \/>\n<meta name=\"twitter:label1\" content=\"Written by\" \/>\n\t<meta name=\"twitter:data1\" content=\"mulheres\" \/>\n\t<meta name=\"twitter:label2\" content=\"Est. reading time\" \/>\n\t<meta name=\"twitter:data2\" content=\"3 minutes\" \/>\n<script type=\"application\/ld+json\" class=\"yoast-schema-graph\">{\"@context\":\"https:\/\/schema.org\",\"@graph\":[{\"@type\":\"Article\",\"@id\":\"https:\/\/mulheresacesta.com.br\/2026\/01\/planejamento-2026-selecao-brasileira-feminina-inicia-preparacao-para-o-pre-mundial\/#article\",\"isPartOf\":{\"@id\":\"https:\/\/mulheresacesta.com.br\/2026\/01\/planejamento-2026-selecao-brasileira-feminina-inicia-preparacao-para-o-pre-mundial\/\"},\"author\":{\"name\":\"mulheres\",\"@id\":\"https:\/\/mulheresacesta.com.br\/en\/#\/schema\/person\/11ebd3af76a9fcb3d26c815924faac42\"},\"headline\":\"Planejamento 2026: Sele\u00e7\u00e3o Brasileira Feminina inicia prepara\u00e7\u00e3o para o Pr\u00e9-Mundial\",\"datePublished\":\"2026-01-19T12:00:00+00:00\",\"dateModified\":\"2026-01-21T19:38:10+00:00\",\"mainEntityOfPage\":{\"@id\":\"https:\/\/mulheresacesta.com.br\/2026\/01\/planejamento-2026-selecao-brasileira-feminina-inicia-preparacao-para-o-pre-mundial\/\"},\"wordCount\":432,\"commentCount\":0,\"publisher\":{\"@id\":\"https:\/\/mulheresacesta.com.br\/en\/#organization\"},\"image\":{\"@id\":\"https:\/\/mulheresacesta.com.br\/2026\/01\/planejamento-2026-selecao-brasileira-feminina-inicia-preparacao-para-o-pre-mundial\/#primaryimage\"},\"thumbnailUrl\":\"https:\/\/mulheresacesta.com.br\/wp-content\/uploads\/2026\/01\/mac-thumbs-01b_1901alt.jpg\",\"articleSection\":[\"Blog\"],\"inLanguage\":\"en-US\",\"potentialAction\":[{\"@type\":\"CommentAction\",\"name\":\"Comment\",\"target\":[\"https:\/\/mulheresacesta.com.br\/2026\/01\/planejamento-2026-selecao-brasileira-feminina-inicia-preparacao-para-o-pre-mundial\/#respond\"]}]},{\"@type\":\"WebPage\",\"@id\":\"https:\/\/mulheresacesta.com.br\/2026\/01\/planejamento-2026-selecao-brasileira-feminina-inicia-preparacao-para-o-pre-mundial\/\",\"url\":\"https:\/\/mulheresacesta.com.br\/2026\/01\/planejamento-2026-selecao-brasileira-feminina-inicia-preparacao-para-o-pre-mundial\/\",\"name\":\"Planejamento 2026: Sele\u00e7\u00e3o Brasileira Feminina inicia prepara\u00e7\u00e3o para o Pr\u00e9-Mundial\",\"isPartOf\":{\"@id\":\"https:\/\/mulheresacesta.com.br\/en\/#website\"},\"primaryImageOfPage\":{\"@id\":\"https:\/\/mulheresacesta.com.br\/2026\/01\/planejamento-2026-selecao-brasileira-feminina-inicia-preparacao-para-o-pre-mundial\/#primaryimage\"},\"image\":{\"@id\":\"https:\/\/mulheresacesta.com.br\/2026\/01\/planejamento-2026-selecao-brasileira-feminina-inicia-preparacao-para-o-pre-mundial\/#primaryimage\"},\"thumbnailUrl\":\"https:\/\/mulheresacesta.com.br\/wp-content\/uploads\/2026\/01\/mac-thumbs-01b_1901alt.jpg\",\"datePublished\":\"2026-01-19T12:00:00+00:00\",\"dateModified\":\"2026-01-21T19:38:10+00:00\",\"description\":\"A Sele\u00e7\u00e3o Brasileira Feminina de Basquete deu o primeiro passo rumo a um dos ciclos mais importantes dos pr\u00f3ximos anos. A comiss\u00e3o t\u00e9cnica iniciou\",\"breadcrumb\":{\"@id\":\"https:\/\/mulheresacesta.com.br\/2026\/01\/planejamento-2026-selecao-brasileira-feminina-inicia-preparacao-para-o-pre-mundial\/#breadcrumb\"},\"inLanguage\":\"en-US\",\"potentialAction\":[{\"@type\":\"ReadAction\",\"target\":[\"https:\/\/mulheresacesta.com.br\/2026\/01\/planejamento-2026-selecao-brasileira-feminina-inicia-preparacao-para-o-pre-mundial\/\"]}]},{\"@type\":\"ImageObject\",\"inLanguage\":\"en-US\",\"@id\":\"https:\/\/mulheresacesta.com.br\/2026\/01\/planejamento-2026-selecao-brasileira-feminina-inicia-preparacao-para-o-pre-mundial\/#primaryimage\",\"url\":\"https:\/\/mulheresacesta.com.br\/wp-content\/uploads\/2026\/01\/mac-thumbs-01b_1901alt.jpg\",\"contentUrl\":\"https:\/\/mulheresacesta.com.br\/wp-content\/uploads\/2026\/01\/mac-thumbs-01b_1901alt.jpg\",\"width\":1500,\"height\":890},{\"@type\":\"BreadcrumbList\",\"@id\":\"https:\/\/mulheresacesta.com.br\/2026\/01\/planejamento-2026-selecao-brasileira-feminina-inicia-preparacao-para-o-pre-mundial\/#breadcrumb\",\"itemListElement\":[{\"@type\":\"ListItem\",\"position\":1,\"name\":\"In\u00edcio\",\"item\":\"https:\/\/mulheresacesta.com.br\/\"},{\"@type\":\"ListItem\",\"position\":2,\"name\":\"Planejamento 2026: Sele\u00e7\u00e3o Brasileira Feminina inicia prepara\u00e7\u00e3o para o Pr\u00e9-Mundial\"}]},{\"@type\":\"WebSite\",\"@id\":\"https:\/\/mulheresacesta.com.br\/en\/#website\",\"url\":\"https:\/\/mulheresacesta.com.br\/en\/\",\"name\":\"Mulheres \u00e0 Cesta\",\"description\":\"\",\"publisher\":{\"@id\":\"https:\/\/mulheresacesta.com.br\/en\/#organization\"},\"potentialAction\":[{\"@type\":\"SearchAction\",\"target\":{\"@type\":\"EntryPoint\",\"urlTemplate\":\"https:\/\/mulheresacesta.com.br\/en\/?s={search_term_string}\"},\"query-input\":{\"@type\":\"PropertyValueSpecification\",\"valueRequired\":true,\"valueName\":\"search_term_string\"}}],\"inLanguage\":\"en-US\"},{\"@type\":\"Organization\",\"@id\":\"https:\/\/mulheresacesta.com.br\/en\/#organization\",\"name\":\"Mulheres \u00e0 Cesta\",\"url\":\"https:\/\/mulheresacesta.com.br\/en\/\",\"logo\":{\"@type\":\"ImageObject\",\"inLanguage\":\"en-US\",\"@id\":\"https:\/\/mulheresacesta.com.br\/en\/#\/schema\/logo\/image\/\",\"url\":\"https:\/\/mulheresacesta.com.br\/wp-content\/uploads\/2020\/10\/mulheres-a-cesta.jpg\",\"contentUrl\":\"https:\/\/mulheresacesta.com.br\/wp-content\/uploads\/2020\/10\/mulheres-a-cesta.jpg\",\"width\":400,\"height\":300,\"caption\":\"Mulheres \u00e0 Cesta\"},\"image\":{\"@id\":\"https:\/\/mulheresacesta.com.br\/en\/#\/schema\/logo\/image\/\"}},{\"@type\":\"Person\",\"@id\":\"https:\/\/mulheresacesta.com.br\/en\/#\/schema\/person\/11ebd3af76a9fcb3d26c815924faac42\",\"name\":\"mulheres\",\"sameAs\":[\"http:\/\/localhost\/mulheresacesta\"],\"url\":\"https:\/\/mulheresacesta.com.br\/en\/author\/mulheres\/\"}]}<\/script>\n<!-- \/ Yoast SEO plugin. -->","yoast_head_json":{"title":"Planejamento 2026: Sele\u00e7\u00e3o Brasileira Feminina inicia prepara\u00e7\u00e3o para o Pr\u00e9-Mundial","description":"A Sele\u00e7\u00e3o Brasileira Feminina de Basquete deu o primeiro passo rumo a um dos ciclos mais importantes dos pr\u00f3ximos anos. A comiss\u00e3o t\u00e9cnica iniciou","robots":{"index":"index","follow":"follow","max-snippet":"max-snippet:-1","max-image-preview":"max-image-preview:large","max-video-preview":"max-video-preview:-1"},"canonical":"https:\/\/mulheresacesta.com.br\/en\/2026\/01\/planejamento-2026-selecao-brasileira-feminina-inicia-preparacao-para-o-pre-mundial\/","og_locale":"en_US","og_type":"article","og_title":"[:pt]Planejamento 2026: Sele\u00e7\u00e3o Brasileira Feminina inicia prepara\u00e7\u00e3o para o Pr\u00e9-Mundial[:] - Mulheres \u00e0 Cesta","og_description":"A Sele\u00e7\u00e3o Brasileira Feminina de Basquete deu o primeiro passo rumo a um dos ciclos mais importantes dos pr\u00f3ximos anos. A comiss\u00e3o t\u00e9cnica iniciou","og_url":"https:\/\/mulheresacesta.com.br\/en\/2026\/01\/planejamento-2026-selecao-brasileira-feminina-inicia-preparacao-para-o-pre-mundial\/","og_site_name":"Mulheres \u00e0 Cesta","article_published_time":"2026-01-19T12:00:00+00:00","article_modified_time":"2026-01-21T19:38:10+00:00","og_image":[{"width":1500,"height":890,"url":"https:\/\/mulheresacesta.com.br\/wp-content\/uploads\/2026\/01\/mac-thumbs-01b_1901alt.jpg","type":"image\/jpeg"}],"author":"mulheres","twitter_card":"summary_large_image","twitter_misc":{"Written by":"mulheres","Est. reading time":"3 minutes"},"schema":{"@context":"https:\/\/schema.org","@graph":[{"@type":"Article","@id":"https:\/\/mulheresacesta.com.br\/2026\/01\/planejamento-2026-selecao-brasileira-feminina-inicia-preparacao-para-o-pre-mundial\/#article","isPartOf":{"@id":"https:\/\/mulheresacesta.com.br\/2026\/01\/planejamento-2026-selecao-brasileira-feminina-inicia-preparacao-para-o-pre-mundial\/"},"author":{"name":"mulheres","@id":"https:\/\/mulheresacesta.com.br\/en\/#\/schema\/person\/11ebd3af76a9fcb3d26c815924faac42"},"headline":"Planejamento 2026: Sele\u00e7\u00e3o Brasileira Feminina inicia prepara\u00e7\u00e3o para o Pr\u00e9-Mundial","datePublished":"2026-01-19T12:00:00+00:00","dateModified":"2026-01-21T19:38:10+00:00","mainEntityOfPage":{"@id":"https:\/\/mulheresacesta.com.br\/2026\/01\/planejamento-2026-selecao-brasileira-feminina-inicia-preparacao-para-o-pre-mundial\/"},"wordCount":432,"commentCount":0,"publisher":{"@id":"https:\/\/mulheresacesta.com.br\/en\/#organization"},"image":{"@id":"https:\/\/mulheresacesta.com.br\/2026\/01\/planejamento-2026-selecao-brasileira-feminina-inicia-preparacao-para-o-pre-mundial\/#primaryimage"},"thumbnailUrl":"https:\/\/mulheresacesta.com.br\/wp-content\/uploads\/2026\/01\/mac-thumbs-01b_1901alt.jpg","articleSection":["Blog"],"inLanguage":"en-US","potentialAction":[{"@type":"CommentAction","name":"Comment","target":["https:\/\/mulheresacesta.com.br\/2026\/01\/planejamento-2026-selecao-brasileira-feminina-inicia-preparacao-para-o-pre-mundial\/#respond"]}]},{"@type":"WebPage","@id":"https:\/\/mulheresacesta.com.br\/2026\/01\/planejamento-2026-selecao-brasileira-feminina-inicia-preparacao-para-o-pre-mundial\/","url":"https:\/\/mulheresacesta.com.br\/2026\/01\/planejamento-2026-selecao-brasileira-feminina-inicia-preparacao-para-o-pre-mundial\/","name":"Planejamento 2026: Sele\u00e7\u00e3o Brasileira Feminina inicia prepara\u00e7\u00e3o para o Pr\u00e9-Mundial","isPartOf":{"@id":"https:\/\/mulheresacesta.com.br\/en\/#website"},"primaryImageOfPage":{"@id":"https:\/\/mulheresacesta.com.br\/2026\/01\/planejamento-2026-selecao-brasileira-feminina-inicia-preparacao-para-o-pre-mundial\/#primaryimage"},"image":{"@id":"https:\/\/mulheresacesta.com.br\/2026\/01\/planejamento-2026-selecao-brasileira-feminina-inicia-preparacao-para-o-pre-mundial\/#primaryimage"},"thumbnailUrl":"https:\/\/mulheresacesta.com.br\/wp-content\/uploads\/2026\/01\/mac-thumbs-01b_1901alt.jpg","datePublished":"2026-01-19T12:00:00+00:00","dateModified":"2026-01-21T19:38:10+00:00","description":"A Sele\u00e7\u00e3o Brasileira Feminina de Basquete deu o primeiro passo rumo a um dos ciclos mais importantes dos pr\u00f3ximos anos. A comiss\u00e3o t\u00e9cnica iniciou","breadcrumb":{"@id":"https:\/\/mulheresacesta.com.br\/2026\/01\/planejamento-2026-selecao-brasileira-feminina-inicia-preparacao-para-o-pre-mundial\/#breadcrumb"},"inLanguage":"en-US","potentialAction":[{"@type":"ReadAction","target":["https:\/\/mulheresacesta.com.br\/2026\/01\/planejamento-2026-selecao-brasileira-feminina-inicia-preparacao-para-o-pre-mundial\/"]}]},{"@type":"ImageObject","inLanguage":"en-US","@id":"https:\/\/mulheresacesta.com.br\/2026\/01\/planejamento-2026-selecao-brasileira-feminina-inicia-preparacao-para-o-pre-mundial\/#primaryimage","url":"https:\/\/mulheresacesta.com.br\/wp-content\/uploads\/2026\/01\/mac-thumbs-01b_1901alt.jpg","contentUrl":"https:\/\/mulheresacesta.com.br\/wp-content\/uploads\/2026\/01\/mac-thumbs-01b_1901alt.jpg","width":1500,"height":890},{"@type":"BreadcrumbList","@id":"https:\/\/mulheresacesta.com.br\/2026\/01\/planejamento-2026-selecao-brasileira-feminina-inicia-preparacao-para-o-pre-mundial\/#breadcrumb","itemListElement":[{"@type":"ListItem","position":1,"name":"In\u00edcio","item":"https:\/\/mulheresacesta.com.br\/"},{"@type":"ListItem","position":2,"name":"Planejamento 2026: Sele\u00e7\u00e3o Brasileira Feminina inicia prepara\u00e7\u00e3o para o Pr\u00e9-Mundial"}]},{"@type":"WebSite","@id":"https:\/\/mulheresacesta.com.br\/en\/#website","url":"https:\/\/mulheresacesta.com.br\/en\/","name":"Mulheres \u00e0 Cesta","description":"","publisher":{"@id":"https:\/\/mulheresacesta.com.br\/en\/#organization"},"potentialAction":[{"@type":"SearchAction","target":{"@type":"EntryPoint","urlTemplate":"https:\/\/mulheresacesta.com.br\/en\/?s={search_term_string}"},"query-input":{"@type":"PropertyValueSpecification","valueRequired":true,"valueName":"search_term_string"}}],"inLanguage":"en-US"},{"@type":"Organization","@id":"https:\/\/mulheresacesta.com.br\/en\/#organization","name":"Mulheres \u00e0 Cesta","url":"https:\/\/mulheresacesta.com.br\/en\/","logo":{"@type":"ImageObject","inLanguage":"en-US","@id":"https:\/\/mulheresacesta.com.br\/en\/#\/schema\/logo\/image\/","url":"https:\/\/mulheresacesta.com.br\/wp-content\/uploads\/2020\/10\/mulheres-a-cesta.jpg","contentUrl":"https:\/\/mulheresacesta.com.br\/wp-content\/uploads\/2020\/10\/mulheres-a-cesta.jpg","width":400,"height":300,"caption":"Mulheres \u00e0 Cesta"},"image":{"@id":"https:\/\/mulheresacesta.com.br\/en\/#\/schema\/logo\/image\/"}},{"@type":"Person","@id":"https:\/\/mulheresacesta.com.br\/en\/#\/schema\/person\/11ebd3af76a9fcb3d26c815924faac42","name":"mulheres","sameAs":["http:\/\/localhost\/mulheresacesta"],"url":"https:\/\/mulheresacesta.com.br\/en\/author\/mulheres\/"}]}},"_links":{"self":[{"href":"https:\/\/mulheresacesta.com.br\/en\/wp-json\/wp\/v2\/posts\/7374","targetHints":{"allow":["GET"]}}],"collection":[{"href":"https:\/\/mulheresacesta.com.br\/en\/wp-json\/wp\/v2\/posts"}],"about":[{"href":"https:\/\/mulheresacesta.com.br\/en\/wp-json\/wp\/v2\/types\/post"}],"author":[{"embeddable":true,"href":"https:\/\/mulheresacesta.com.br\/en\/wp-json\/wp\/v2\/users\/1"}],"replies":[{"embeddable":true,"href":"https:\/\/mulheresacesta.com.br\/en\/wp-json\/wp\/v2\/comments?post=7374"}],"version-history":[{"count":3,"href":"https:\/\/mulheresacesta.com.br\/en\/wp-json\/wp\/v2\/posts\/7374\/revisions"}],"predecessor-version":[{"id":7420,"href":"https:\/\/mulheresacesta.com.br\/en\/wp-json\/wp\/v2\/posts\/7374\/revisions\/7420"}],"wp:featuredmedia":[{"embeddable":true,"href":"https:\/\/mulheresacesta.com.br\/en\/wp-json\/wp\/v2\/media\/7416"}],"wp:attachment":[{"href":"https:\/\/mulheresacesta.com.br\/en\/wp-json\/wp\/v2\/media?parent=7374"}],"wp:term":[{"taxonomy":"category","embeddable":true,"href":"https:\/\/mulheresacesta.com.br\/en\/wp-json\/wp\/v2\/categories?post=7374"},{"taxonomy":"post_tag","embeddable":true,"href":"https:\/\/mulheresacesta.com.br\/en\/wp-json\/wp\/v2\/tags?post=7374"}],"curies":[{"name":"wp","href":"https:\/\/api.w.org\/{rel}","templated":true}]}}