{"id":7463,"date":"2026-03-08T08:55:40","date_gmt":"2026-03-08T11:55:40","guid":{"rendered":"https:\/\/mulheresacesta.com.br\/?p=7463"},"modified":"2026-03-05T10:59:22","modified_gmt":"2026-03-05T13:59:22","slug":"8-de-marco-quando-uma-menina-entra-em-quadra-o-mundo-se-move-com-ela","status":"publish","type":"post","link":"https:\/\/mulheresacesta.com.br\/en\/2026\/03\/8-de-marco-quando-uma-menina-entra-em-quadra-o-mundo-se-move-com-ela\/","title":{"rendered":"8 de Mar\u00e7o: quando uma menina entra em quadra, o mundo se move com ela"},"content":{"rendered":"\n<p>O Dia Internacional da Mulher n\u00e3o \u00e9 apenas uma data simb\u00f3lica. \u00c9 um marco hist\u00f3rico de luta por direitos, visibilidade e equidade. No esporte \u2014 e especialmente no basquete \u2014 essa trajet\u00f3ria foi constru\u00edda com resist\u00eancia, talento e persist\u00eancia.<\/p>\n\n\n\n<p>Durante d\u00e9cadas, mulheres precisaram provar que podiam ocupar a quadra. Precisaram disputar espa\u00e7o, investimento, calend\u00e1rio, transmiss\u00e3o e respeito. Ainda hoje, os desafios existem: desigualdade estrutural, menor cobertura midi\u00e1tica e menos oportunidades de lideran\u00e7a. Mas a cada gera\u00e7\u00e3o, novas atletas ampliam o territ\u00f3rio conquistado.<\/p>\n\n\n\n<p>O basquete feminino brasileiro carrega hist\u00f3rias de protagonismo que atravessam gera\u00e7\u00f5es. De clubes formadores a sele\u00e7\u00f5es internacionais, o esporte se tornou ferramenta de autonomia, disciplina e transforma\u00e7\u00e3o social. Quando uma menina entra em quadra, ela n\u00e3o est\u00e1 apenas aprendendo fundamentos t\u00e9cnicos \u2014 ela est\u00e1 desenvolvendo voz, confian\u00e7a e senso de pertencimento.<\/p>\n\n\n\n<p>Celebrar o 8 de mar\u00e7o no contexto esportivo \u00e9 reconhecer que equidade n\u00e3o \u00e9 favor, \u00e9 direito. \u00c9 lembrar que pol\u00edticas p\u00fablicas, investimento em base, presen\u00e7a feminina na gest\u00e3o e visibilidade constante s\u00e3o caminhos reais para mudan\u00e7a.<\/p>\n\n\n\n<p>O esporte n\u00e3o resolve todas as desigualdades, mas tem o poder de formar mulheres que aprendem, desde cedo, a competir, liderar e ocupar espa\u00e7os. E isso muda o mundo.<\/p>\n\n\n\n<p>No basquete, cada cesta \u00e9 tamb\u00e9m um gesto pol\u00edtico. Cada partida \u00e9 tamb\u00e9m afirma\u00e7\u00e3o de presen\u00e7a.<\/p>\n\n\n\n<p>E a luta continua \u2014 dentro e fora da quadra.<\/p>\n","protected":false},"excerpt":{"rendered":"<p>O Dia Internacional da Mulher n\u00e3o \u00e9 apenas uma data simb\u00f3lica. \u00c9 um marco hist\u00f3rico de luta por direitos, visibilidade e equidade. No esporte \u2014 e especialmente no basquete \u2014 essa trajet\u00f3ria foi constru\u00edda com resist\u00eancia, talento e persist\u00eancia. Durante d\u00e9cadas, mulheres precisaram provar que podiam ocupar a quadra. Precisaram disputar espa\u00e7o, investimento, calend\u00e1rio, transmiss\u00e3o [&hellip;]<\/p>\n","protected":false},"author":1,"featured_media":7514,"comment_status":"open","ping_status":"open","sticky":false,"template":"","format":"standard","meta":{"footnotes":""},"categories":[12],"tags":[],"class_list":["post-7463","post","type-post","status-publish","format-standard","has-post-thumbnail","hentry","category-blog"],"acf":[],"yoast_head":"<!-- This site is optimized with the Yoast SEO plugin v26.4 - https:\/\/yoast.com\/wordpress\/plugins\/seo\/ -->\n<title>8 de Mar\u00e7o: quando uma menina entra em quadra, o mundo se move com ela<\/title>\n<meta name=\"description\" content=\"O Dia Internacional da Mulher n\u00e3o \u00e9 apenas uma data simb\u00f3lica. \u00c9 um marco hist\u00f3rico de luta por direitos, visibilidade e equidade. No esporte \u2014 e\" \/>\n<meta name=\"robots\" content=\"index, follow, max-snippet:-1, max-image-preview:large, max-video-preview:-1\" \/>\n<link rel=\"canonical\" href=\"https:\/\/mulheresacesta.com.br\/en\/2026\/03\/8-de-marco-quando-uma-menina-entra-em-quadra-o-mundo-se-move-com-ela\/\" \/>\n<meta property=\"og:locale\" content=\"en_US\" \/>\n<meta property=\"og:locale:alternate\" content=\"pt_BR\" \/>\n<meta property=\"og:type\" content=\"article\" \/>\n<meta property=\"og:title\" content=\"8 de Mar\u00e7o: quando uma menina entra em quadra, o mundo se move com ela\" \/>\n<meta property=\"og:description\" content=\"O Dia Internacional da Mulher n\u00e3o \u00e9 apenas uma data simb\u00f3lica. \u00c9 um marco hist\u00f3rico de luta por direitos, visibilidade e equidade. No esporte \u2014 e\" \/>\n<meta property=\"og:url\" content=\"https:\/\/mulheresacesta.com.br\/en\/2026\/03\/8-de-marco-quando-uma-menina-entra-em-quadra-o-mundo-se-move-com-ela\/\" \/>\n<meta property=\"og:site_name\" content=\"Mulheres \u00e0 Cesta\" \/>\n<meta property=\"article:published_time\" content=\"2026-03-08T11:55:40+00:00\" \/>\n<meta property=\"og:image\" content=\"https:\/\/mulheresacesta.com.br\/wp-content\/uploads\/2026\/03\/Thumb-08.03.jpg\" \/>\n\t<meta property=\"og:image:width\" content=\"1500\" \/>\n\t<meta property=\"og:image:height\" content=\"890\" \/>\n\t<meta property=\"og:image:type\" content=\"image\/jpeg\" \/>\n<meta name=\"author\" content=\"mulheres\" \/>\n<meta name=\"twitter:card\" content=\"summary_large_image\" \/>\n<meta name=\"twitter:label1\" content=\"Written by\" \/>\n\t<meta name=\"twitter:data1\" content=\"mulheres\" \/>\n\t<meta name=\"twitter:label2\" content=\"Est. reading time\" \/>\n\t<meta name=\"twitter:data2\" content=\"2 minutes\" \/>\n<script type=\"application\/ld+json\" class=\"yoast-schema-graph\">{\"@context\":\"https:\/\/schema.org\",\"@graph\":[{\"@type\":\"Article\",\"@id\":\"https:\/\/mulheresacesta.com.br\/2026\/03\/8-de-marco-quando-uma-menina-entra-em-quadra-o-mundo-se-move-com-ela\/#article\",\"isPartOf\":{\"@id\":\"https:\/\/mulheresacesta.com.br\/2026\/03\/8-de-marco-quando-uma-menina-entra-em-quadra-o-mundo-se-move-com-ela\/\"},\"author\":{\"name\":\"mulheres\",\"@id\":\"https:\/\/mulheresacesta.com.br\/en\/#\/schema\/person\/11ebd3af76a9fcb3d26c815924faac42\"},\"headline\":\"8 de Mar\u00e7o: quando uma menina entra em quadra, o mundo se move com ela\",\"datePublished\":\"2026-03-08T11:55:40+00:00\",\"mainEntityOfPage\":{\"@id\":\"https:\/\/mulheresacesta.com.br\/2026\/03\/8-de-marco-quando-uma-menina-entra-em-quadra-o-mundo-se-move-com-ela\/\"},\"wordCount\":266,\"commentCount\":0,\"publisher\":{\"@id\":\"https:\/\/mulheresacesta.com.br\/en\/#organization\"},\"image\":{\"@id\":\"https:\/\/mulheresacesta.com.br\/2026\/03\/8-de-marco-quando-uma-menina-entra-em-quadra-o-mundo-se-move-com-ela\/#primaryimage\"},\"thumbnailUrl\":\"https:\/\/mulheresacesta.com.br\/wp-content\/uploads\/2026\/03\/Thumb-08.03.jpg\",\"articleSection\":[\"Blog\"],\"inLanguage\":\"en-US\",\"potentialAction\":[{\"@type\":\"CommentAction\",\"name\":\"Comment\",\"target\":[\"https:\/\/mulheresacesta.com.br\/2026\/03\/8-de-marco-quando-uma-menina-entra-em-quadra-o-mundo-se-move-com-ela\/#respond\"]}]},{\"@type\":\"WebPage\",\"@id\":\"https:\/\/mulheresacesta.com.br\/2026\/03\/8-de-marco-quando-uma-menina-entra-em-quadra-o-mundo-se-move-com-ela\/\",\"url\":\"https:\/\/mulheresacesta.com.br\/2026\/03\/8-de-marco-quando-uma-menina-entra-em-quadra-o-mundo-se-move-com-ela\/\",\"name\":\"8 de Mar\u00e7o: quando uma menina entra em quadra, o mundo se move com ela\",\"isPartOf\":{\"@id\":\"https:\/\/mulheresacesta.com.br\/en\/#website\"},\"primaryImageOfPage\":{\"@id\":\"https:\/\/mulheresacesta.com.br\/2026\/03\/8-de-marco-quando-uma-menina-entra-em-quadra-o-mundo-se-move-com-ela\/#primaryimage\"},\"image\":{\"@id\":\"https:\/\/mulheresacesta.com.br\/2026\/03\/8-de-marco-quando-uma-menina-entra-em-quadra-o-mundo-se-move-com-ela\/#primaryimage\"},\"thumbnailUrl\":\"https:\/\/mulheresacesta.com.br\/wp-content\/uploads\/2026\/03\/Thumb-08.03.jpg\",\"datePublished\":\"2026-03-08T11:55:40+00:00\",\"description\":\"O Dia Internacional da Mulher n\u00e3o \u00e9 apenas uma data simb\u00f3lica. \u00c9 um marco hist\u00f3rico de luta por direitos, visibilidade e equidade. No esporte \u2014 e\",\"breadcrumb\":{\"@id\":\"https:\/\/mulheresacesta.com.br\/2026\/03\/8-de-marco-quando-uma-menina-entra-em-quadra-o-mundo-se-move-com-ela\/#breadcrumb\"},\"inLanguage\":\"en-US\",\"potentialAction\":[{\"@type\":\"ReadAction\",\"target\":[\"https:\/\/mulheresacesta.com.br\/2026\/03\/8-de-marco-quando-uma-menina-entra-em-quadra-o-mundo-se-move-com-ela\/\"]}]},{\"@type\":\"ImageObject\",\"inLanguage\":\"en-US\",\"@id\":\"https:\/\/mulheresacesta.com.br\/2026\/03\/8-de-marco-quando-uma-menina-entra-em-quadra-o-mundo-se-move-com-ela\/#primaryimage\",\"url\":\"https:\/\/mulheresacesta.com.br\/wp-content\/uploads\/2026\/03\/Thumb-08.03.jpg\",\"contentUrl\":\"https:\/\/mulheresacesta.com.br\/wp-content\/uploads\/2026\/03\/Thumb-08.03.jpg\",\"width\":1500,\"height\":890},{\"@type\":\"BreadcrumbList\",\"@id\":\"https:\/\/mulheresacesta.com.br\/2026\/03\/8-de-marco-quando-uma-menina-entra-em-quadra-o-mundo-se-move-com-ela\/#breadcrumb\",\"itemListElement\":[{\"@type\":\"ListItem\",\"position\":1,\"name\":\"In\u00edcio\",\"item\":\"https:\/\/mulheresacesta.com.br\/\"},{\"@type\":\"ListItem\",\"position\":2,\"name\":\"8 de Mar\u00e7o: quando uma menina entra em quadra, o mundo se move com ela\"}]},{\"@type\":\"WebSite\",\"@id\":\"https:\/\/mulheresacesta.com.br\/en\/#website\",\"url\":\"https:\/\/mulheresacesta.com.br\/en\/\",\"name\":\"Mulheres \u00e0 Cesta\",\"description\":\"\",\"publisher\":{\"@id\":\"https:\/\/mulheresacesta.com.br\/en\/#organization\"},\"potentialAction\":[{\"@type\":\"SearchAction\",\"target\":{\"@type\":\"EntryPoint\",\"urlTemplate\":\"https:\/\/mulheresacesta.com.br\/en\/?s={search_term_string}\"},\"query-input\":{\"@type\":\"PropertyValueSpecification\",\"valueRequired\":true,\"valueName\":\"search_term_string\"}}],\"inLanguage\":\"en-US\"},{\"@type\":\"Organization\",\"@id\":\"https:\/\/mulheresacesta.com.br\/en\/#organization\",\"name\":\"Mulheres \u00e0 Cesta\",\"url\":\"https:\/\/mulheresacesta.com.br\/en\/\",\"logo\":{\"@type\":\"ImageObject\",\"inLanguage\":\"en-US\",\"@id\":\"https:\/\/mulheresacesta.com.br\/en\/#\/schema\/logo\/image\/\",\"url\":\"https:\/\/mulheresacesta.com.br\/wp-content\/uploads\/2020\/10\/mulheres-a-cesta.jpg\",\"contentUrl\":\"https:\/\/mulheresacesta.com.br\/wp-content\/uploads\/2020\/10\/mulheres-a-cesta.jpg\",\"width\":400,\"height\":300,\"caption\":\"Mulheres \u00e0 Cesta\"},\"image\":{\"@id\":\"https:\/\/mulheresacesta.com.br\/en\/#\/schema\/logo\/image\/\"}},{\"@type\":\"Person\",\"@id\":\"https:\/\/mulheresacesta.com.br\/en\/#\/schema\/person\/11ebd3af76a9fcb3d26c815924faac42\",\"name\":\"mulheres\",\"sameAs\":[\"http:\/\/localhost\/mulheresacesta\"],\"url\":\"https:\/\/mulheresacesta.com.br\/en\/author\/mulheres\/\"}]}<\/script>\n<!-- \/ Yoast SEO plugin. -->","yoast_head_json":{"title":"8 de Mar\u00e7o: quando uma menina entra em quadra, o mundo se move com ela","description":"O Dia Internacional da Mulher n\u00e3o \u00e9 apenas uma data simb\u00f3lica. \u00c9 um marco hist\u00f3rico de luta por direitos, visibilidade e equidade. No esporte \u2014 e","robots":{"index":"index","follow":"follow","max-snippet":"max-snippet:-1","max-image-preview":"max-image-preview:large","max-video-preview":"max-video-preview:-1"},"canonical":"https:\/\/mulheresacesta.com.br\/en\/2026\/03\/8-de-marco-quando-uma-menina-entra-em-quadra-o-mundo-se-move-com-ela\/","og_locale":"en_US","og_type":"article","og_title":"[:pt]8 de Mar\u00e7o: quando uma menina entra em quadra, o mundo se move com ela[:] - Mulheres \u00e0 Cesta","og_description":"O Dia Internacional da Mulher n\u00e3o \u00e9 apenas uma data simb\u00f3lica. \u00c9 um marco hist\u00f3rico de luta por direitos, visibilidade e equidade. No esporte \u2014 e","og_url":"https:\/\/mulheresacesta.com.br\/en\/2026\/03\/8-de-marco-quando-uma-menina-entra-em-quadra-o-mundo-se-move-com-ela\/","og_site_name":"Mulheres \u00e0 Cesta","article_published_time":"2026-03-08T11:55:40+00:00","og_image":[{"width":1500,"height":890,"url":"https:\/\/mulheresacesta.com.br\/wp-content\/uploads\/2026\/03\/Thumb-08.03.jpg","type":"image\/jpeg"}],"author":"mulheres","twitter_card":"summary_large_image","twitter_misc":{"Written by":"mulheres","Est. reading time":"2 minutes"},"schema":{"@context":"https:\/\/schema.org","@graph":[{"@type":"Article","@id":"https:\/\/mulheresacesta.com.br\/2026\/03\/8-de-marco-quando-uma-menina-entra-em-quadra-o-mundo-se-move-com-ela\/#article","isPartOf":{"@id":"https:\/\/mulheresacesta.com.br\/2026\/03\/8-de-marco-quando-uma-menina-entra-em-quadra-o-mundo-se-move-com-ela\/"},"author":{"name":"mulheres","@id":"https:\/\/mulheresacesta.com.br\/en\/#\/schema\/person\/11ebd3af76a9fcb3d26c815924faac42"},"headline":"8 de Mar\u00e7o: quando uma menina entra em quadra, o mundo se move com ela","datePublished":"2026-03-08T11:55:40+00:00","mainEntityOfPage":{"@id":"https:\/\/mulheresacesta.com.br\/2026\/03\/8-de-marco-quando-uma-menina-entra-em-quadra-o-mundo-se-move-com-ela\/"},"wordCount":266,"commentCount":0,"publisher":{"@id":"https:\/\/mulheresacesta.com.br\/en\/#organization"},"image":{"@id":"https:\/\/mulheresacesta.com.br\/2026\/03\/8-de-marco-quando-uma-menina-entra-em-quadra-o-mundo-se-move-com-ela\/#primaryimage"},"thumbnailUrl":"https:\/\/mulheresacesta.com.br\/wp-content\/uploads\/2026\/03\/Thumb-08.03.jpg","articleSection":["Blog"],"inLanguage":"en-US","potentialAction":[{"@type":"CommentAction","name":"Comment","target":["https:\/\/mulheresacesta.com.br\/2026\/03\/8-de-marco-quando-uma-menina-entra-em-quadra-o-mundo-se-move-com-ela\/#respond"]}]},{"@type":"WebPage","@id":"https:\/\/mulheresacesta.com.br\/2026\/03\/8-de-marco-quando-uma-menina-entra-em-quadra-o-mundo-se-move-com-ela\/","url":"https:\/\/mulheresacesta.com.br\/2026\/03\/8-de-marco-quando-uma-menina-entra-em-quadra-o-mundo-se-move-com-ela\/","name":"8 de Mar\u00e7o: quando uma menina entra em quadra, o mundo se move com ela","isPartOf":{"@id":"https:\/\/mulheresacesta.com.br\/en\/#website"},"primaryImageOfPage":{"@id":"https:\/\/mulheresacesta.com.br\/2026\/03\/8-de-marco-quando-uma-menina-entra-em-quadra-o-mundo-se-move-com-ela\/#primaryimage"},"image":{"@id":"https:\/\/mulheresacesta.com.br\/2026\/03\/8-de-marco-quando-uma-menina-entra-em-quadra-o-mundo-se-move-com-ela\/#primaryimage"},"thumbnailUrl":"https:\/\/mulheresacesta.com.br\/wp-content\/uploads\/2026\/03\/Thumb-08.03.jpg","datePublished":"2026-03-08T11:55:40+00:00","description":"O Dia Internacional da Mulher n\u00e3o \u00e9 apenas uma data simb\u00f3lica. \u00c9 um marco hist\u00f3rico de luta por direitos, visibilidade e equidade. No esporte \u2014 e","breadcrumb":{"@id":"https:\/\/mulheresacesta.com.br\/2026\/03\/8-de-marco-quando-uma-menina-entra-em-quadra-o-mundo-se-move-com-ela\/#breadcrumb"},"inLanguage":"en-US","potentialAction":[{"@type":"ReadAction","target":["https:\/\/mulheresacesta.com.br\/2026\/03\/8-de-marco-quando-uma-menina-entra-em-quadra-o-mundo-se-move-com-ela\/"]}]},{"@type":"ImageObject","inLanguage":"en-US","@id":"https:\/\/mulheresacesta.com.br\/2026\/03\/8-de-marco-quando-uma-menina-entra-em-quadra-o-mundo-se-move-com-ela\/#primaryimage","url":"https:\/\/mulheresacesta.com.br\/wp-content\/uploads\/2026\/03\/Thumb-08.03.jpg","contentUrl":"https:\/\/mulheresacesta.com.br\/wp-content\/uploads\/2026\/03\/Thumb-08.03.jpg","width":1500,"height":890},{"@type":"BreadcrumbList","@id":"https:\/\/mulheresacesta.com.br\/2026\/03\/8-de-marco-quando-uma-menina-entra-em-quadra-o-mundo-se-move-com-ela\/#breadcrumb","itemListElement":[{"@type":"ListItem","position":1,"name":"In\u00edcio","item":"https:\/\/mulheresacesta.com.br\/"},{"@type":"ListItem","position":2,"name":"8 de Mar\u00e7o: quando uma menina entra em quadra, o mundo se move com ela"}]},{"@type":"WebSite","@id":"https:\/\/mulheresacesta.com.br\/en\/#website","url":"https:\/\/mulheresacesta.com.br\/en\/","name":"Mulheres \u00e0 Cesta","description":"","publisher":{"@id":"https:\/\/mulheresacesta.com.br\/en\/#organization"},"potentialAction":[{"@type":"SearchAction","target":{"@type":"EntryPoint","urlTemplate":"https:\/\/mulheresacesta.com.br\/en\/?s={search_term_string}"},"query-input":{"@type":"PropertyValueSpecification","valueRequired":true,"valueName":"search_term_string"}}],"inLanguage":"en-US"},{"@type":"Organization","@id":"https:\/\/mulheresacesta.com.br\/en\/#organization","name":"Mulheres \u00e0 Cesta","url":"https:\/\/mulheresacesta.com.br\/en\/","logo":{"@type":"ImageObject","inLanguage":"en-US","@id":"https:\/\/mulheresacesta.com.br\/en\/#\/schema\/logo\/image\/","url":"https:\/\/mulheresacesta.com.br\/wp-content\/uploads\/2020\/10\/mulheres-a-cesta.jpg","contentUrl":"https:\/\/mulheresacesta.com.br\/wp-content\/uploads\/2020\/10\/mulheres-a-cesta.jpg","width":400,"height":300,"caption":"Mulheres \u00e0 Cesta"},"image":{"@id":"https:\/\/mulheresacesta.com.br\/en\/#\/schema\/logo\/image\/"}},{"@type":"Person","@id":"https:\/\/mulheresacesta.com.br\/en\/#\/schema\/person\/11ebd3af76a9fcb3d26c815924faac42","name":"mulheres","sameAs":["http:\/\/localhost\/mulheresacesta"],"url":"https:\/\/mulheresacesta.com.br\/en\/author\/mulheres\/"}]}},"_links":{"self":[{"href":"https:\/\/mulheresacesta.com.br\/en\/wp-json\/wp\/v2\/posts\/7463","targetHints":{"allow":["GET"]}}],"collection":[{"href":"https:\/\/mulheresacesta.com.br\/en\/wp-json\/wp\/v2\/posts"}],"about":[{"href":"https:\/\/mulheresacesta.com.br\/en\/wp-json\/wp\/v2\/types\/post"}],"author":[{"embeddable":true,"href":"https:\/\/mulheresacesta.com.br\/en\/wp-json\/wp\/v2\/users\/1"}],"replies":[{"embeddable":true,"href":"https:\/\/mulheresacesta.com.br\/en\/wp-json\/wp\/v2\/comments?post=7463"}],"version-history":[{"count":2,"href":"https:\/\/mulheresacesta.com.br\/en\/wp-json\/wp\/v2\/posts\/7463\/revisions"}],"predecessor-version":[{"id":7465,"href":"https:\/\/mulheresacesta.com.br\/en\/wp-json\/wp\/v2\/posts\/7463\/revisions\/7465"}],"wp:featuredmedia":[{"embeddable":true,"href":"https:\/\/mulheresacesta.com.br\/en\/wp-json\/wp\/v2\/media\/7514"}],"wp:attachment":[{"href":"https:\/\/mulheresacesta.com.br\/en\/wp-json\/wp\/v2\/media?parent=7463"}],"wp:term":[{"taxonomy":"category","embeddable":true,"href":"https:\/\/mulheresacesta.com.br\/en\/wp-json\/wp\/v2\/categories?post=7463"},{"taxonomy":"post_tag","embeddable":true,"href":"https:\/\/mulheresacesta.com.br\/en\/wp-json\/wp\/v2\/tags?post=7463"}],"curies":[{"name":"wp","href":"https:\/\/api.w.org\/{rel}","templated":true}]}}