{"id":7605,"date":"2026-05-01T09:00:00","date_gmt":"2026-05-01T12:00:00","guid":{"rendered":"https:\/\/mulheresacesta.com.br\/?p=7605"},"modified":"2026-04-27T13:41:38","modified_gmt":"2026-04-27T16:41:38","slug":"dia-do-trabalho-quando-o-esporte-tambem-e-profissao-e-nem-sempre-e-reconhecido-como-tal","status":"publish","type":"post","link":"https:\/\/mulheresacesta.com.br\/en\/2026\/05\/dia-do-trabalho-quando-o-esporte-tambem-e-profissao-e-nem-sempre-e-reconhecido-como-tal\/","title":{"rendered":"Dia do Trabalho: quando o esporte tamb\u00e9m \u00e9 profiss\u00e3o (e nem sempre \u00e9 reconhecido como tal)"},"content":{"rendered":"\n<p>O esporte \u00e9 frequentemente associado \u00e0 paix\u00e3o. Mas, para quem est\u00e1 dentro dele, \u00e9 trabalho.<br>No basquete feminino, essa distin\u00e7\u00e3o ainda \u00e9 pouco reconhecida. Treinos di\u00e1rios, prepara\u00e7\u00e3o f\u00edsica, an\u00e1lise de jogo, viagens, concentra\u00e7\u00e3o, recupera\u00e7\u00e3o. A rotina exige disciplina, consist\u00eancia e alto n\u00edvel de exig\u00eancia. Ainda assim, muitas atletas n\u00e3o s\u00e3o vistas como profissionais no mesmo n\u00edvel de outras carreiras.<\/p>\n\n\n\n<p>O <strong>Dia do Trabalho<\/strong> escancara essa contradi\u00e7\u00e3o.<br>Enquanto outras profiss\u00f5es t\u00eam estrutura, previsibilidade e reconhecimento, o esporte feminino ainda convive com instabilidade, contratos fr\u00e1geis e a necessidade constante de provar valor. N\u00e3o pela qualidade do trabalho, mas pela legitimidade da pr\u00f3pria profiss\u00e3o.<\/p>\n\n\n\n<p>Existe uma romantiza\u00e7\u00e3o perigosa quando se fala de atletas.<br>Como se jogar fosse suficiente para justificar tudo.<\/p>\n\n\n\n<p>Mas n\u00e3o \u00e9.<br>Ser atleta \u00e9 trabalhar sob press\u00e3o constante, com cobran\u00e7a p\u00fablica, desgaste f\u00edsico e emocional, e, muitas vezes, sem as garantias b\u00e1sicas de outras \u00e1reas. \u00c9 uma carreira que exige entrega total \u2014 mas nem sempre oferece retorno proporcional.<\/p>\n\n\n\n<p>No basquete feminino, isso se torna ainda mais evidente.<br>Muitas atletas conciliam treino com estudo, outras com trabalho paralelo. N\u00e3o por escolha estrat\u00e9gica, mas por necessidade.<\/p>\n\n\n\n<p>Falar sobre o esporte como trabalho \u00e9 mudar o lugar da conversa.<br>\u00c9 sair da ideia de voca\u00e7\u00e3o e entrar na l\u00f3gica de profiss\u00e3o.<\/p>\n\n\n\n<p>Porque, no fim, n\u00e3o \u00e9 sobre amar o que faz.<br>\u00c9 sobre ter condi\u00e7\u00f5es reais de continuar fazendo.<\/p>\n","protected":false},"excerpt":{"rendered":"<p>O esporte \u00e9 frequentemente associado \u00e0 paix\u00e3o. Mas, para quem est\u00e1 dentro dele, \u00e9 trabalho.No basquete feminino, essa distin\u00e7\u00e3o ainda \u00e9 pouco reconhecida. Treinos di\u00e1rios, prepara\u00e7\u00e3o f\u00edsica, an\u00e1lise de jogo, viagens, concentra\u00e7\u00e3o, recupera\u00e7\u00e3o. A rotina exige disciplina, consist\u00eancia e alto n\u00edvel de exig\u00eancia. Ainda assim, muitas atletas n\u00e3o s\u00e3o vistas como profissionais no mesmo n\u00edvel [&hellip;]<\/p>\n","protected":false},"author":1,"featured_media":7621,"comment_status":"open","ping_status":"open","sticky":false,"template":"","format":"standard","meta":{"footnotes":""},"categories":[12],"tags":[],"class_list":["post-7605","post","type-post","status-publish","format-standard","has-post-thumbnail","hentry","category-blog"],"acf":[],"yoast_head":"<!-- This site is optimized with the Yoast SEO plugin v26.4 - https:\/\/yoast.com\/wordpress\/plugins\/seo\/ -->\n<title>Dia do Trabalho: quando o esporte tamb\u00e9m \u00e9 profiss\u00e3o (e nem sempre \u00e9 reconhecido como tal)<\/title>\n<meta name=\"description\" content=\"O esporte \u00e9 frequentemente associado \u00e0 paix\u00e3o. Mas, para quem est\u00e1 dentro dele, \u00e9 trabalho.No basquete feminino, essa distin\u00e7\u00e3o ainda \u00e9 pouco reconhecida.\" \/>\n<meta name=\"robots\" content=\"index, follow, max-snippet:-1, max-image-preview:large, max-video-preview:-1\" \/>\n<link rel=\"canonical\" href=\"https:\/\/mulheresacesta.com.br\/en\/2026\/05\/dia-do-trabalho-quando-o-esporte-tambem-e-profissao-e-nem-sempre-e-reconhecido-como-tal\/\" \/>\n<meta property=\"og:locale\" content=\"en_US\" \/>\n<meta property=\"og:locale:alternate\" content=\"pt_BR\" \/>\n<meta property=\"og:type\" content=\"article\" \/>\n<meta property=\"og:title\" content=\"Dia do Trabalho: quando o esporte tamb\u00e9m \u00e9 profiss\u00e3o (e nem sempre \u00e9 reconhecido como tal)\" \/>\n<meta property=\"og:description\" content=\"O esporte \u00e9 frequentemente associado \u00e0 paix\u00e3o. Mas, para quem est\u00e1 dentro dele, \u00e9 trabalho.No basquete feminino, essa distin\u00e7\u00e3o ainda \u00e9 pouco reconhecida.\" \/>\n<meta property=\"og:url\" content=\"https:\/\/mulheresacesta.com.br\/en\/2026\/05\/dia-do-trabalho-quando-o-esporte-tambem-e-profissao-e-nem-sempre-e-reconhecido-como-tal\/\" \/>\n<meta property=\"og:site_name\" content=\"Mulheres \u00e0 Cesta\" \/>\n<meta property=\"article:published_time\" content=\"2026-05-01T12:00:00+00:00\" \/>\n<meta property=\"og:image\" content=\"https:\/\/mulheresacesta.com.br\/wp-content\/uploads\/2026\/05\/01.05Blog.jpg\" \/>\n\t<meta property=\"og:image:width\" content=\"1500\" \/>\n\t<meta property=\"og:image:height\" content=\"890\" \/>\n\t<meta property=\"og:image:type\" content=\"image\/jpeg\" \/>\n<meta name=\"author\" content=\"mulheres\" \/>\n<meta name=\"twitter:card\" content=\"summary_large_image\" \/>\n<meta name=\"twitter:label1\" content=\"Written by\" \/>\n\t<meta name=\"twitter:data1\" content=\"mulheres\" \/>\n\t<meta name=\"twitter:label2\" content=\"Est. reading time\" \/>\n\t<meta name=\"twitter:data2\" content=\"2 minutes\" \/>\n<script type=\"application\/ld+json\" class=\"yoast-schema-graph\">{\"@context\":\"https:\/\/schema.org\",\"@graph\":[{\"@type\":\"Article\",\"@id\":\"https:\/\/mulheresacesta.com.br\/2026\/05\/dia-do-trabalho-quando-o-esporte-tambem-e-profissao-e-nem-sempre-e-reconhecido-como-tal\/#article\",\"isPartOf\":{\"@id\":\"https:\/\/mulheresacesta.com.br\/2026\/05\/dia-do-trabalho-quando-o-esporte-tambem-e-profissao-e-nem-sempre-e-reconhecido-como-tal\/\"},\"author\":{\"name\":\"mulheres\",\"@id\":\"https:\/\/mulheresacesta.com.br\/en\/#\/schema\/person\/11ebd3af76a9fcb3d26c815924faac42\"},\"headline\":\"Dia do Trabalho: quando o esporte tamb\u00e9m \u00e9 profiss\u00e3o (e nem sempre \u00e9 reconhecido como tal)\",\"datePublished\":\"2026-05-01T12:00:00+00:00\",\"mainEntityOfPage\":{\"@id\":\"https:\/\/mulheresacesta.com.br\/2026\/05\/dia-do-trabalho-quando-o-esporte-tambem-e-profissao-e-nem-sempre-e-reconhecido-como-tal\/\"},\"wordCount\":268,\"commentCount\":0,\"publisher\":{\"@id\":\"https:\/\/mulheresacesta.com.br\/en\/#organization\"},\"image\":{\"@id\":\"https:\/\/mulheresacesta.com.br\/2026\/05\/dia-do-trabalho-quando-o-esporte-tambem-e-profissao-e-nem-sempre-e-reconhecido-como-tal\/#primaryimage\"},\"thumbnailUrl\":\"https:\/\/mulheresacesta.com.br\/wp-content\/uploads\/2026\/05\/01.05Blog.jpg\",\"articleSection\":[\"Blog\"],\"inLanguage\":\"en-US\",\"potentialAction\":[{\"@type\":\"CommentAction\",\"name\":\"Comment\",\"target\":[\"https:\/\/mulheresacesta.com.br\/2026\/05\/dia-do-trabalho-quando-o-esporte-tambem-e-profissao-e-nem-sempre-e-reconhecido-como-tal\/#respond\"]}]},{\"@type\":\"WebPage\",\"@id\":\"https:\/\/mulheresacesta.com.br\/2026\/05\/dia-do-trabalho-quando-o-esporte-tambem-e-profissao-e-nem-sempre-e-reconhecido-como-tal\/\",\"url\":\"https:\/\/mulheresacesta.com.br\/2026\/05\/dia-do-trabalho-quando-o-esporte-tambem-e-profissao-e-nem-sempre-e-reconhecido-como-tal\/\",\"name\":\"Dia do Trabalho: quando o esporte tamb\u00e9m \u00e9 profiss\u00e3o (e nem sempre \u00e9 reconhecido como tal)\",\"isPartOf\":{\"@id\":\"https:\/\/mulheresacesta.com.br\/en\/#website\"},\"primaryImageOfPage\":{\"@id\":\"https:\/\/mulheresacesta.com.br\/2026\/05\/dia-do-trabalho-quando-o-esporte-tambem-e-profissao-e-nem-sempre-e-reconhecido-como-tal\/#primaryimage\"},\"image\":{\"@id\":\"https:\/\/mulheresacesta.com.br\/2026\/05\/dia-do-trabalho-quando-o-esporte-tambem-e-profissao-e-nem-sempre-e-reconhecido-como-tal\/#primaryimage\"},\"thumbnailUrl\":\"https:\/\/mulheresacesta.com.br\/wp-content\/uploads\/2026\/05\/01.05Blog.jpg\",\"datePublished\":\"2026-05-01T12:00:00+00:00\",\"description\":\"O esporte \u00e9 frequentemente associado \u00e0 paix\u00e3o. Mas, para quem est\u00e1 dentro dele, \u00e9 trabalho.No basquete feminino, essa distin\u00e7\u00e3o ainda \u00e9 pouco reconhecida.\",\"breadcrumb\":{\"@id\":\"https:\/\/mulheresacesta.com.br\/2026\/05\/dia-do-trabalho-quando-o-esporte-tambem-e-profissao-e-nem-sempre-e-reconhecido-como-tal\/#breadcrumb\"},\"inLanguage\":\"en-US\",\"potentialAction\":[{\"@type\":\"ReadAction\",\"target\":[\"https:\/\/mulheresacesta.com.br\/2026\/05\/dia-do-trabalho-quando-o-esporte-tambem-e-profissao-e-nem-sempre-e-reconhecido-como-tal\/\"]}]},{\"@type\":\"ImageObject\",\"inLanguage\":\"en-US\",\"@id\":\"https:\/\/mulheresacesta.com.br\/2026\/05\/dia-do-trabalho-quando-o-esporte-tambem-e-profissao-e-nem-sempre-e-reconhecido-como-tal\/#primaryimage\",\"url\":\"https:\/\/mulheresacesta.com.br\/wp-content\/uploads\/2026\/05\/01.05Blog.jpg\",\"contentUrl\":\"https:\/\/mulheresacesta.com.br\/wp-content\/uploads\/2026\/05\/01.05Blog.jpg\",\"width\":1500,\"height\":890},{\"@type\":\"BreadcrumbList\",\"@id\":\"https:\/\/mulheresacesta.com.br\/2026\/05\/dia-do-trabalho-quando-o-esporte-tambem-e-profissao-e-nem-sempre-e-reconhecido-como-tal\/#breadcrumb\",\"itemListElement\":[{\"@type\":\"ListItem\",\"position\":1,\"name\":\"In\u00edcio\",\"item\":\"https:\/\/mulheresacesta.com.br\/\"},{\"@type\":\"ListItem\",\"position\":2,\"name\":\"Dia do Trabalho: quando o esporte tamb\u00e9m \u00e9 profiss\u00e3o (e nem sempre \u00e9 reconhecido como tal)\"}]},{\"@type\":\"WebSite\",\"@id\":\"https:\/\/mulheresacesta.com.br\/en\/#website\",\"url\":\"https:\/\/mulheresacesta.com.br\/en\/\",\"name\":\"Mulheres \u00e0 Cesta\",\"description\":\"\",\"publisher\":{\"@id\":\"https:\/\/mulheresacesta.com.br\/en\/#organization\"},\"potentialAction\":[{\"@type\":\"SearchAction\",\"target\":{\"@type\":\"EntryPoint\",\"urlTemplate\":\"https:\/\/mulheresacesta.com.br\/en\/?s={search_term_string}\"},\"query-input\":{\"@type\":\"PropertyValueSpecification\",\"valueRequired\":true,\"valueName\":\"search_term_string\"}}],\"inLanguage\":\"en-US\"},{\"@type\":\"Organization\",\"@id\":\"https:\/\/mulheresacesta.com.br\/en\/#organization\",\"name\":\"Mulheres \u00e0 Cesta\",\"url\":\"https:\/\/mulheresacesta.com.br\/en\/\",\"logo\":{\"@type\":\"ImageObject\",\"inLanguage\":\"en-US\",\"@id\":\"https:\/\/mulheresacesta.com.br\/en\/#\/schema\/logo\/image\/\",\"url\":\"https:\/\/mulheresacesta.com.br\/wp-content\/uploads\/2020\/10\/mulheres-a-cesta.jpg\",\"contentUrl\":\"https:\/\/mulheresacesta.com.br\/wp-content\/uploads\/2020\/10\/mulheres-a-cesta.jpg\",\"width\":400,\"height\":300,\"caption\":\"Mulheres \u00e0 Cesta\"},\"image\":{\"@id\":\"https:\/\/mulheresacesta.com.br\/en\/#\/schema\/logo\/image\/\"}},{\"@type\":\"Person\",\"@id\":\"https:\/\/mulheresacesta.com.br\/en\/#\/schema\/person\/11ebd3af76a9fcb3d26c815924faac42\",\"name\":\"mulheres\",\"sameAs\":[\"http:\/\/localhost\/mulheresacesta\"],\"url\":\"https:\/\/mulheresacesta.com.br\/en\/author\/mulheres\/\"}]}<\/script>\n<!-- \/ Yoast SEO plugin. -->","yoast_head_json":{"title":"Dia do Trabalho: quando o esporte tamb\u00e9m \u00e9 profiss\u00e3o (e nem sempre \u00e9 reconhecido como tal)","description":"O esporte \u00e9 frequentemente associado \u00e0 paix\u00e3o. Mas, para quem est\u00e1 dentro dele, \u00e9 trabalho.No basquete feminino, essa distin\u00e7\u00e3o ainda \u00e9 pouco reconhecida.","robots":{"index":"index","follow":"follow","max-snippet":"max-snippet:-1","max-image-preview":"max-image-preview:large","max-video-preview":"max-video-preview:-1"},"canonical":"https:\/\/mulheresacesta.com.br\/en\/2026\/05\/dia-do-trabalho-quando-o-esporte-tambem-e-profissao-e-nem-sempre-e-reconhecido-como-tal\/","og_locale":"en_US","og_type":"article","og_title":"[:pt]Dia do Trabalho: quando o esporte tamb\u00e9m \u00e9 profiss\u00e3o (e nem sempre \u00e9 reconhecido como tal)[:] - Mulheres \u00e0 Cesta","og_description":"O esporte \u00e9 frequentemente associado \u00e0 paix\u00e3o. Mas, para quem est\u00e1 dentro dele, \u00e9 trabalho.No basquete feminino, essa distin\u00e7\u00e3o ainda \u00e9 pouco reconhecida.","og_url":"https:\/\/mulheresacesta.com.br\/en\/2026\/05\/dia-do-trabalho-quando-o-esporte-tambem-e-profissao-e-nem-sempre-e-reconhecido-como-tal\/","og_site_name":"Mulheres \u00e0 Cesta","article_published_time":"2026-05-01T12:00:00+00:00","og_image":[{"width":1500,"height":890,"url":"https:\/\/mulheresacesta.com.br\/wp-content\/uploads\/2026\/05\/01.05Blog.jpg","type":"image\/jpeg"}],"author":"mulheres","twitter_card":"summary_large_image","twitter_misc":{"Written by":"mulheres","Est. reading time":"2 minutes"},"schema":{"@context":"https:\/\/schema.org","@graph":[{"@type":"Article","@id":"https:\/\/mulheresacesta.com.br\/2026\/05\/dia-do-trabalho-quando-o-esporte-tambem-e-profissao-e-nem-sempre-e-reconhecido-como-tal\/#article","isPartOf":{"@id":"https:\/\/mulheresacesta.com.br\/2026\/05\/dia-do-trabalho-quando-o-esporte-tambem-e-profissao-e-nem-sempre-e-reconhecido-como-tal\/"},"author":{"name":"mulheres","@id":"https:\/\/mulheresacesta.com.br\/en\/#\/schema\/person\/11ebd3af76a9fcb3d26c815924faac42"},"headline":"Dia do Trabalho: quando o esporte tamb\u00e9m \u00e9 profiss\u00e3o (e nem sempre \u00e9 reconhecido como tal)","datePublished":"2026-05-01T12:00:00+00:00","mainEntityOfPage":{"@id":"https:\/\/mulheresacesta.com.br\/2026\/05\/dia-do-trabalho-quando-o-esporte-tambem-e-profissao-e-nem-sempre-e-reconhecido-como-tal\/"},"wordCount":268,"commentCount":0,"publisher":{"@id":"https:\/\/mulheresacesta.com.br\/en\/#organization"},"image":{"@id":"https:\/\/mulheresacesta.com.br\/2026\/05\/dia-do-trabalho-quando-o-esporte-tambem-e-profissao-e-nem-sempre-e-reconhecido-como-tal\/#primaryimage"},"thumbnailUrl":"https:\/\/mulheresacesta.com.br\/wp-content\/uploads\/2026\/05\/01.05Blog.jpg","articleSection":["Blog"],"inLanguage":"en-US","potentialAction":[{"@type":"CommentAction","name":"Comment","target":["https:\/\/mulheresacesta.com.br\/2026\/05\/dia-do-trabalho-quando-o-esporte-tambem-e-profissao-e-nem-sempre-e-reconhecido-como-tal\/#respond"]}]},{"@type":"WebPage","@id":"https:\/\/mulheresacesta.com.br\/2026\/05\/dia-do-trabalho-quando-o-esporte-tambem-e-profissao-e-nem-sempre-e-reconhecido-como-tal\/","url":"https:\/\/mulheresacesta.com.br\/2026\/05\/dia-do-trabalho-quando-o-esporte-tambem-e-profissao-e-nem-sempre-e-reconhecido-como-tal\/","name":"Dia do Trabalho: quando o esporte tamb\u00e9m \u00e9 profiss\u00e3o (e nem sempre \u00e9 reconhecido como tal)","isPartOf":{"@id":"https:\/\/mulheresacesta.com.br\/en\/#website"},"primaryImageOfPage":{"@id":"https:\/\/mulheresacesta.com.br\/2026\/05\/dia-do-trabalho-quando-o-esporte-tambem-e-profissao-e-nem-sempre-e-reconhecido-como-tal\/#primaryimage"},"image":{"@id":"https:\/\/mulheresacesta.com.br\/2026\/05\/dia-do-trabalho-quando-o-esporte-tambem-e-profissao-e-nem-sempre-e-reconhecido-como-tal\/#primaryimage"},"thumbnailUrl":"https:\/\/mulheresacesta.com.br\/wp-content\/uploads\/2026\/05\/01.05Blog.jpg","datePublished":"2026-05-01T12:00:00+00:00","description":"O esporte \u00e9 frequentemente associado \u00e0 paix\u00e3o. Mas, para quem est\u00e1 dentro dele, \u00e9 trabalho.No basquete feminino, essa distin\u00e7\u00e3o ainda \u00e9 pouco reconhecida.","breadcrumb":{"@id":"https:\/\/mulheresacesta.com.br\/2026\/05\/dia-do-trabalho-quando-o-esporte-tambem-e-profissao-e-nem-sempre-e-reconhecido-como-tal\/#breadcrumb"},"inLanguage":"en-US","potentialAction":[{"@type":"ReadAction","target":["https:\/\/mulheresacesta.com.br\/2026\/05\/dia-do-trabalho-quando-o-esporte-tambem-e-profissao-e-nem-sempre-e-reconhecido-como-tal\/"]}]},{"@type":"ImageObject","inLanguage":"en-US","@id":"https:\/\/mulheresacesta.com.br\/2026\/05\/dia-do-trabalho-quando-o-esporte-tambem-e-profissao-e-nem-sempre-e-reconhecido-como-tal\/#primaryimage","url":"https:\/\/mulheresacesta.com.br\/wp-content\/uploads\/2026\/05\/01.05Blog.jpg","contentUrl":"https:\/\/mulheresacesta.com.br\/wp-content\/uploads\/2026\/05\/01.05Blog.jpg","width":1500,"height":890},{"@type":"BreadcrumbList","@id":"https:\/\/mulheresacesta.com.br\/2026\/05\/dia-do-trabalho-quando-o-esporte-tambem-e-profissao-e-nem-sempre-e-reconhecido-como-tal\/#breadcrumb","itemListElement":[{"@type":"ListItem","position":1,"name":"In\u00edcio","item":"https:\/\/mulheresacesta.com.br\/"},{"@type":"ListItem","position":2,"name":"Dia do Trabalho: quando o esporte tamb\u00e9m \u00e9 profiss\u00e3o (e nem sempre \u00e9 reconhecido como tal)"}]},{"@type":"WebSite","@id":"https:\/\/mulheresacesta.com.br\/en\/#website","url":"https:\/\/mulheresacesta.com.br\/en\/","name":"Mulheres \u00e0 Cesta","description":"","publisher":{"@id":"https:\/\/mulheresacesta.com.br\/en\/#organization"},"potentialAction":[{"@type":"SearchAction","target":{"@type":"EntryPoint","urlTemplate":"https:\/\/mulheresacesta.com.br\/en\/?s={search_term_string}"},"query-input":{"@type":"PropertyValueSpecification","valueRequired":true,"valueName":"search_term_string"}}],"inLanguage":"en-US"},{"@type":"Organization","@id":"https:\/\/mulheresacesta.com.br\/en\/#organization","name":"Mulheres \u00e0 Cesta","url":"https:\/\/mulheresacesta.com.br\/en\/","logo":{"@type":"ImageObject","inLanguage":"en-US","@id":"https:\/\/mulheresacesta.com.br\/en\/#\/schema\/logo\/image\/","url":"https:\/\/mulheresacesta.com.br\/wp-content\/uploads\/2020\/10\/mulheres-a-cesta.jpg","contentUrl":"https:\/\/mulheresacesta.com.br\/wp-content\/uploads\/2020\/10\/mulheres-a-cesta.jpg","width":400,"height":300,"caption":"Mulheres \u00e0 Cesta"},"image":{"@id":"https:\/\/mulheresacesta.com.br\/en\/#\/schema\/logo\/image\/"}},{"@type":"Person","@id":"https:\/\/mulheresacesta.com.br\/en\/#\/schema\/person\/11ebd3af76a9fcb3d26c815924faac42","name":"mulheres","sameAs":["http:\/\/localhost\/mulheresacesta"],"url":"https:\/\/mulheresacesta.com.br\/en\/author\/mulheres\/"}]}},"_links":{"self":[{"href":"https:\/\/mulheresacesta.com.br\/en\/wp-json\/wp\/v2\/posts\/7605","targetHints":{"allow":["GET"]}}],"collection":[{"href":"https:\/\/mulheresacesta.com.br\/en\/wp-json\/wp\/v2\/posts"}],"about":[{"href":"https:\/\/mulheresacesta.com.br\/en\/wp-json\/wp\/v2\/types\/post"}],"author":[{"embeddable":true,"href":"https:\/\/mulheresacesta.com.br\/en\/wp-json\/wp\/v2\/users\/1"}],"replies":[{"embeddable":true,"href":"https:\/\/mulheresacesta.com.br\/en\/wp-json\/wp\/v2\/comments?post=7605"}],"version-history":[{"count":3,"href":"https:\/\/mulheresacesta.com.br\/en\/wp-json\/wp\/v2\/posts\/7605\/revisions"}],"predecessor-version":[{"id":7608,"href":"https:\/\/mulheresacesta.com.br\/en\/wp-json\/wp\/v2\/posts\/7605\/revisions\/7608"}],"wp:featuredmedia":[{"embeddable":true,"href":"https:\/\/mulheresacesta.com.br\/en\/wp-json\/wp\/v2\/media\/7621"}],"wp:attachment":[{"href":"https:\/\/mulheresacesta.com.br\/en\/wp-json\/wp\/v2\/media?parent=7605"}],"wp:term":[{"taxonomy":"category","embeddable":true,"href":"https:\/\/mulheresacesta.com.br\/en\/wp-json\/wp\/v2\/categories?post=7605"},{"taxonomy":"post_tag","embeddable":true,"href":"https:\/\/mulheresacesta.com.br\/en\/wp-json\/wp\/v2\/tags?post=7605"}],"curies":[{"name":"wp","href":"https:\/\/api.w.org\/{rel}","templated":true}]}}